{"id":268367,"date":"2019-12-28T10:49:50","date_gmt":"2019-12-28T09:49:50","guid":{"rendered":"http:\/\/kapitalis.com\/tunisie\/?p=268367"},"modified":"2019-12-28T11:12:52","modified_gmt":"2019-12-28T10:12:52","slug":"rencontre-entre-hamma-hammami-et-mohamed-abbou-deux-militants-aux-parcours-divergents","status":"publish","type":"post","link":"https:\/\/kapitalis.com\/tunisie\/2019\/12\/28\/rencontre-entre-hamma-hammami-et-mohamed-abbou-deux-militants-aux-parcours-divergents\/","title":{"rendered":"Rencontre entre Hamma Hammami et Mohamed Abbou : Deux militants aux parcours divergents"},"content":{"rendered":"\n<figure class=\"wp-block-image size-large\"><img decoding=\"async\" src=\"http:\/\/kapitalis.com\/tunisie\/wp-content\/uploads\/2019\/12\/parti-des-travailleurs-et-mohamed-abbou.jpg\" alt=\"\" class=\"wp-image-268396\"\/><\/figure>\n\n\n\n<p><strong><em>Malgr\u00e9 l&rsquo;\u00e9chec cuisant essuy\u00e9 lors des derni\u00e8res \u00e9lections l\u00e9gislatives et pr\u00e9sidentielle, le Parti des travailleurs (anciennement, Parti communiste des ouvriers de Tunisie ou Poct) demeure une force politique en Tunisie, du fait de sa l\u00e9gitimit\u00e9 historique. <\/em><\/strong> <\/p>\n\n\n\n<!--more-->\n\n\n\n<p>Cela a notamment \u00e9t\u00e9 illustr\u00e9 hier, vendredi, 27 d\u00e9cembre 2019, lorsque son secr\u00e9taire g\u00e9n\u00e9ral, Hamma Hammami, a re\u00e7u au si\u00e8ge du parti, \u00e0 Tunis, son homologue du Courant d\u00e9mocrate (Attayar), Mohamed Abbou. <\/p>\n\n\n\n<p>La rencontre, qui a \u00e9galement connu la pr\u00e9sence d&rsquo;Ammar Amroussia,  membre du comit\u00e9 ex\u00e9cutif charg\u00e9 des relations avec les partis et les organisations, et Wael Nawar, membre du comit\u00e9 central du Parti des travailleurs, a port\u00e9 sur \u00ab<em>la situation politique du pays apr\u00e8s les derni\u00e8res \u00e9lections et l&rsquo;issue des concertations sur la formation du prochain gouvernement, ainsi que les perspectives des relations entre les deux partie dans cette nouvelle phase<\/em>\u00bb, d&rsquo;apr\u00e8s la page facebook du parti communiste.<\/p>\n\n\n\n<p>Rappelons qu&rsquo;apr\u00e8s avoir r\u00e9colt\u00e9 la troisi\u00e8me position aux derni\u00e8res \u00e9lections l\u00e9gislatives et obtenu 22 si\u00e8ges au parlement, Attayar a \u00e9t\u00e9 l&rsquo;une des composantes essentielles des concertations autour de la formation du prochain gouvernement, celui de Habib Jemli, chef de gouvernement d\u00e9sign\u00e9 par Ennahdha.<\/p>\n\n\n\n<p>Faisant de la lutte contre la corruption sa priorit\u00e9 absolue, le parti social-d\u00e9mocrate a exig\u00e9 l&rsquo;obtention des minist\u00e8res de l&rsquo;Int\u00e9rieur, de la Justice et de la R\u00e9forme administrative pour int\u00e9grer le prochain gouvernement&#8230;<\/p>\n\n\n\n<p> Au final, les n\u00e9gociations ont \u00e9chou\u00e9, principalement du fait que le minist\u00e8re de l&rsquo;Int\u00e9rieur n&rsquo;a pas \u00e9t\u00e9 accord\u00e9 \u00e0 Attayar, qui n&rsquo;a pas eu non plus les garanties n\u00e9cessaires quand \u00e0 l&rsquo;engagement du prochain gouvernement \u00e0 lutter contre la corruption.<\/p>\n\n\n\n<p>De son c\u00f4t\u00e9, le Parti des travailleurs n&rsquo;a r\u00e9ussi \u00e0 obtenir aucun si\u00e8ge \u00e0 l&rsquo;Assembl\u00e9e des repr\u00e9sentants du peuple (ARP), traduisant la chute en  popularit\u00e9 de toute la gauche tunisienne. <\/p>\n\n\n\n<p>Le r\u00e9sultat de Hamma Hammami, figure embl\u00e9matique de ce courant politique, \u00e0 l&rsquo;\u00e9lection pr\u00e9sidentielle de 2019, le confirme encore plus : 15e position avec 0,69% seulement des voix observ\u00e9es ! Lui qui \u00e9tait 3e en 2014 en r\u00e9coltant pr\u00e8s de 8% des votes.<\/p>\n\n\n\n<p>Malgr\u00e9 cela, ayant longtemps milit\u00e9 contre le r\u00e9gime de l&rsquo;ancien dictateur, feu Zine El Abidine Ben Ali, M. Hammami jouit d&rsquo;une certaine l\u00e9gitimit\u00e9 historique et symbolique, lui donnant du poids politique, ce qui explique notamment ce genre de rencontres. D&rsquo;autant plus que le Parti des travailleurs et Attayar partagent bon nombres de valeurs id\u00e9ologiques et politiques.<\/p>\n\n\n\n<p>On peut affirmer que cette rencontre s&rsquo;inscrit dans le processus en cours pour reconstituer un front d&rsquo;opposition fort et uni face au tandem actuellement au pouvoir Ennahdha &#8211; Qalb Tounes.    <\/p>\n\n\n\n<p class=\"has-text-align-right\"> <strong>C. B. Y.<\/strong><\/p>\n","protected":false},"excerpt":{"rendered":"<p>Malgr\u00e9 l&rsquo;\u00e9chec cuisant essuy\u00e9 lors des derni\u00e8res \u00e9lections l\u00e9gislatives et pr\u00e9sidentielle, le Parti des travailleurs (anciennement, Parti communiste des ouvriers de Tunisie ou Poct) demeure une force politique en Tunisie, du fait de sa l\u00e9gitimit\u00e9 historique.<\/p>\n","protected":false},"author":24,"featured_media":268396,"comment_status":"open","ping_status":"open","sticky":false,"template":"","format":"standard","meta":{"footnotes":""},"categories":[997,2433],"tags":[14120,15519,140,67134,437,4416,5337],"class_list":["post-268367","post","type-post","status-publish","format-standard","has-post-thumbnail","hentry","category-politique","category-tunisie","tag-ammar-amroussia","tag-attayar","tag-ben-ali","tag-courant-democrate","tag-hamma-hammami","tag-mohamed-abbou","tag-parti-des-travailleurs"],"yoast_head":"<!-- This site is optimized with the Yoast SEO plugin v26.6 - https:\/\/yoast.com\/wordpress\/plugins\/seo\/ -->\n<title>Rencontre entre Hamma Hammami et Mohamed Abbou : Deux militants aux parcours divergents - Kapitalis<\/title>\n<meta name=\"robots\" content=\"index, follow, max-snippet:-1, max-image-preview:large, max-video-preview:-1\" \/>\n<link rel=\"canonical\" href=\"https:\/\/kapitalis.com\/tunisie\/2019\/12\/28\/rencontre-entre-hamma-hammami-et-mohamed-abbou-deux-militants-aux-parcours-divergents\/\" \/>\n<meta property=\"og:locale\" content=\"fr_FR\" \/>\n<meta property=\"og:type\" content=\"article\" \/>\n<meta property=\"og:title\" content=\"Rencontre entre Hamma Hammami et Mohamed Abbou : Deux militants aux parcours divergents - Kapitalis\" \/>\n<meta property=\"og:description\" content=\"Malgr\u00e9 l&rsquo;\u00e9chec cuisant essuy\u00e9 lors des derni\u00e8res \u00e9lections l\u00e9gislatives et pr\u00e9sidentielle, le Parti des travailleurs (anciennement, Parti communiste des ouvriers de Tunisie ou Poct) demeure une force politique en Tunisie, du fait de sa l\u00e9gitimit\u00e9 historique.\" \/>\n<meta property=\"og:url\" content=\"https:\/\/kapitalis.com\/tunisie\/2019\/12\/28\/rencontre-entre-hamma-hammami-et-mohamed-abbou-deux-militants-aux-parcours-divergents\/\" \/>\n<meta property=\"og:site_name\" content=\"Kapitalis\" \/>\n<meta property=\"article:publisher\" content=\"https:\/\/www.facebook.com\/KapitalisInfo\/\" \/>\n<meta property=\"article:published_time\" content=\"2019-12-28T09:49:50+00:00\" \/>\n<meta property=\"article:modified_time\" content=\"2019-12-28T10:12:52+00:00\" \/>\n<meta property=\"og:image\" content=\"https:\/\/kapitalis.com\/tunisie\/wp-content\/uploads\/2022\/05\/kapitalis-logo-fb.png\" \/>\n\t<meta property=\"og:image:width\" content=\"1200\" \/>\n\t<meta property=\"og:image:height\" content=\"630\" \/>\n\t<meta property=\"og:image:type\" content=\"image\/png\" \/>\n<meta name=\"author\" content=\"Cherif Benyounes\" \/>\n<meta name=\"twitter:card\" content=\"summary_large_image\" \/>\n<meta name=\"twitter:creator\" content=\"@KapitalisInfo\" \/>\n<meta name=\"twitter:site\" content=\"@KapitalisInfo\" \/>\n<meta name=\"twitter:label1\" content=\"\u00c9crit par\" \/>\n\t<meta name=\"twitter:data1\" content=\"Cherif Benyounes\" \/>\n\t<meta name=\"twitter:label2\" content=\"Dur\u00e9e de lecture estim\u00e9e\" \/>\n\t<meta name=\"twitter:data2\" content=\"2 minutes\" \/>\n<script type=\"application\/ld+json\" class=\"yoast-schema-graph\">{\"@context\":\"https:\/\/schema.org\",\"@graph\":[{\"@type\":\"Article\",\"@id\":\"https:\/\/kapitalis.com\/tunisie\/2019\/12\/28\/rencontre-entre-hamma-hammami-et-mohamed-abbou-deux-militants-aux-parcours-divergents\/#article\",\"isPartOf\":{\"@id\":\"https:\/\/kapitalis.com\/tunisie\/2019\/12\/28\/rencontre-entre-hamma-hammami-et-mohamed-abbou-deux-militants-aux-parcours-divergents\/\"},\"author\":{\"name\":\"Cherif Benyounes\",\"@id\":\"https:\/\/kapitalis.com\/tunisie\/#\/schema\/person\/b35b8d631961131107263178aeb8019e\"},\"headline\":\"Rencontre entre Hamma Hammami et Mohamed Abbou : Deux militants aux parcours divergents\",\"datePublished\":\"2019-12-28T09:49:50+00:00\",\"dateModified\":\"2019-12-28T10:12:52+00:00\",\"mainEntityOfPage\":{\"@id\":\"https:\/\/kapitalis.com\/tunisie\/2019\/12\/28\/rencontre-entre-hamma-hammami-et-mohamed-abbou-deux-militants-aux-parcours-divergents\/\"},\"wordCount\":467,\"commentCount\":5,\"publisher\":{\"@id\":\"https:\/\/kapitalis.com\/tunisie\/#organization\"},\"image\":{\"@id\":\"https:\/\/kapitalis.com\/tunisie\/2019\/12\/28\/rencontre-entre-hamma-hammami-et-mohamed-abbou-deux-militants-aux-parcours-divergents\/#primaryimage\"},\"thumbnailUrl\":\"\",\"keywords\":[\"Ammar Amroussia\",\"Attayar\",\"Ben Ali\",\"Courant d\u00e9mocrate\",\"Hamma Hammami\",\"Mohamed Abbou\",\"Parti des travailleurs\"],\"articleSection\":[\"POLITIQUE\",\"Tunisie\"],\"inLanguage\":\"fr-FR\",\"potentialAction\":[{\"@type\":\"CommentAction\",\"name\":\"Comment\",\"target\":[\"https:\/\/kapitalis.com\/tunisie\/2019\/12\/28\/rencontre-entre-hamma-hammami-et-mohamed-abbou-deux-militants-aux-parcours-divergents\/#respond\"]}]},{\"@type\":\"WebPage\",\"@id\":\"https:\/\/kapitalis.com\/tunisie\/2019\/12\/28\/rencontre-entre-hamma-hammami-et-mohamed-abbou-deux-militants-aux-parcours-divergents\/\",\"url\":\"https:\/\/kapitalis.com\/tunisie\/2019\/12\/28\/rencontre-entre-hamma-hammami-et-mohamed-abbou-deux-militants-aux-parcours-divergents\/\",\"name\":\"Rencontre entre Hamma Hammami et Mohamed Abbou : Deux militants aux parcours divergents - Kapitalis\",\"isPartOf\":{\"@id\":\"https:\/\/kapitalis.com\/tunisie\/#website\"},\"primaryImageOfPage\":{\"@id\":\"https:\/\/kapitalis.com\/tunisie\/2019\/12\/28\/rencontre-entre-hamma-hammami-et-mohamed-abbou-deux-militants-aux-parcours-divergents\/#primaryimage\"},\"image\":{\"@id\":\"https:\/\/kapitalis.com\/tunisie\/2019\/12\/28\/rencontre-entre-hamma-hammami-et-mohamed-abbou-deux-militants-aux-parcours-divergents\/#primaryimage\"},\"thumbnailUrl\":\"\",\"datePublished\":\"2019-12-28T09:49:50+00:00\",\"dateModified\":\"2019-12-28T10:12:52+00:00\",\"breadcrumb\":{\"@id\":\"https:\/\/kapitalis.com\/tunisie\/2019\/12\/28\/rencontre-entre-hamma-hammami-et-mohamed-abbou-deux-militants-aux-parcours-divergents\/#breadcrumb\"},\"inLanguage\":\"fr-FR\",\"potentialAction\":[{\"@type\":\"ReadAction\",\"target\":[\"https:\/\/kapitalis.com\/tunisie\/2019\/12\/28\/rencontre-entre-hamma-hammami-et-mohamed-abbou-deux-militants-aux-parcours-divergents\/\"]}]},{\"@type\":\"ImageObject\",\"inLanguage\":\"fr-FR\",\"@id\":\"https:\/\/kapitalis.com\/tunisie\/2019\/12\/28\/rencontre-entre-hamma-hammami-et-mohamed-abbou-deux-militants-aux-parcours-divergents\/#primaryimage\",\"url\":\"\",\"contentUrl\":\"\"},{\"@type\":\"BreadcrumbList\",\"@id\":\"https:\/\/kapitalis.com\/tunisie\/2019\/12\/28\/rencontre-entre-hamma-hammami-et-mohamed-abbou-deux-militants-aux-parcours-divergents\/#breadcrumb\",\"itemListElement\":[{\"@type\":\"ListItem\",\"position\":1,\"name\":\"Accueil\",\"item\":\"https:\/\/kapitalis.com\/tunisie\/\"},{\"@type\":\"ListItem\",\"position\":2,\"name\":\"Rencontre entre Hamma Hammami et Mohamed Abbou : Deux militants aux parcours divergents\"}]},{\"@type\":\"WebSite\",\"@id\":\"https:\/\/kapitalis.com\/tunisie\/#website\",\"url\":\"https:\/\/kapitalis.com\/tunisie\/\",\"name\":\"Kapitalis\",\"description\":\"L&#039;actualit\u00e9 en Tunisie et dans le monde\",\"publisher\":{\"@id\":\"https:\/\/kapitalis.com\/tunisie\/#organization\"},\"potentialAction\":[{\"@type\":\"SearchAction\",\"target\":{\"@type\":\"EntryPoint\",\"urlTemplate\":\"https:\/\/kapitalis.com\/tunisie\/?s={search_term_string}\"},\"query-input\":{\"@type\":\"PropertyValueSpecification\",\"valueRequired\":true,\"valueName\":\"search_term_string\"}}],\"inLanguage\":\"fr-FR\"},{\"@type\":\"Organization\",\"@id\":\"https:\/\/kapitalis.com\/tunisie\/#organization\",\"name\":\"Kapitalis\",\"url\":\"https:\/\/kapitalis.com\/tunisie\/\",\"logo\":{\"@type\":\"ImageObject\",\"inLanguage\":\"fr-FR\",\"@id\":\"https:\/\/kapitalis.com\/tunisie\/#\/schema\/logo\/image\/\",\"url\":\"https:\/\/kapitalis.com\/tunisie\/wp-content\/uploads\/2022\/05\/Kapitalis-big-size.png\",\"contentUrl\":\"https:\/\/kapitalis.com\/tunisie\/wp-content\/uploads\/2022\/05\/Kapitalis-big-size.png\",\"width\":5000,\"height\":1500,\"caption\":\"Kapitalis\"},\"image\":{\"@id\":\"https:\/\/kapitalis.com\/tunisie\/#\/schema\/logo\/image\/\"},\"sameAs\":[\"https:\/\/www.facebook.com\/KapitalisInfo\/\",\"https:\/\/x.com\/KapitalisInfo\",\"https:\/\/www.youtube.com\/channel\/UC-yDYrHyfFBWWZaOw3FPg9Q\"]},{\"@type\":\"Person\",\"@id\":\"https:\/\/kapitalis.com\/tunisie\/#\/schema\/person\/b35b8d631961131107263178aeb8019e\",\"name\":\"Cherif Benyounes\",\"url\":\"https:\/\/kapitalis.com\/tunisie\/author\/cherif\/\"}]}<\/script>\n<!-- \/ Yoast SEO plugin. -->","yoast_head_json":{"title":"Rencontre entre Hamma Hammami et Mohamed Abbou : Deux militants aux parcours divergents - Kapitalis","robots":{"index":"index","follow":"follow","max-snippet":"max-snippet:-1","max-image-preview":"max-image-preview:large","max-video-preview":"max-video-preview:-1"},"canonical":"https:\/\/kapitalis.com\/tunisie\/2019\/12\/28\/rencontre-entre-hamma-hammami-et-mohamed-abbou-deux-militants-aux-parcours-divergents\/","og_locale":"fr_FR","og_type":"article","og_title":"Rencontre entre Hamma Hammami et Mohamed Abbou : Deux militants aux parcours divergents - Kapitalis","og_description":"Malgr\u00e9 l&rsquo;\u00e9chec cuisant essuy\u00e9 lors des derni\u00e8res \u00e9lections l\u00e9gislatives et pr\u00e9sidentielle, le Parti des travailleurs (anciennement, Parti communiste des ouvriers de Tunisie ou Poct) demeure une force politique en Tunisie, du fait de sa l\u00e9gitimit\u00e9 historique.","og_url":"https:\/\/kapitalis.com\/tunisie\/2019\/12\/28\/rencontre-entre-hamma-hammami-et-mohamed-abbou-deux-militants-aux-parcours-divergents\/","og_site_name":"Kapitalis","article_publisher":"https:\/\/www.facebook.com\/KapitalisInfo\/","article_published_time":"2019-12-28T09:49:50+00:00","article_modified_time":"2019-12-28T10:12:52+00:00","og_image":[{"width":1200,"height":630,"url":"https:\/\/kapitalis.com\/tunisie\/wp-content\/uploads\/2022\/05\/kapitalis-logo-fb.png","type":"image\/png"}],"author":"Cherif Benyounes","twitter_card":"summary_large_image","twitter_creator":"@KapitalisInfo","twitter_site":"@KapitalisInfo","twitter_misc":{"\u00c9crit par":"Cherif Benyounes","Dur\u00e9e de lecture estim\u00e9e":"2 minutes"},"schema":{"@context":"https:\/\/schema.org","@graph":[{"@type":"Article","@id":"https:\/\/kapitalis.com\/tunisie\/2019\/12\/28\/rencontre-entre-hamma-hammami-et-mohamed-abbou-deux-militants-aux-parcours-divergents\/#article","isPartOf":{"@id":"https:\/\/kapitalis.com\/tunisie\/2019\/12\/28\/rencontre-entre-hamma-hammami-et-mohamed-abbou-deux-militants-aux-parcours-divergents\/"},"author":{"name":"Cherif Benyounes","@id":"https:\/\/kapitalis.com\/tunisie\/#\/schema\/person\/b35b8d631961131107263178aeb8019e"},"headline":"Rencontre entre Hamma Hammami et Mohamed Abbou : Deux militants aux parcours divergents","datePublished":"2019-12-28T09:49:50+00:00","dateModified":"2019-12-28T10:12:52+00:00","mainEntityOfPage":{"@id":"https:\/\/kapitalis.com\/tunisie\/2019\/12\/28\/rencontre-entre-hamma-hammami-et-mohamed-abbou-deux-militants-aux-parcours-divergents\/"},"wordCount":467,"commentCount":5,"publisher":{"@id":"https:\/\/kapitalis.com\/tunisie\/#organization"},"image":{"@id":"https:\/\/kapitalis.com\/tunisie\/2019\/12\/28\/rencontre-entre-hamma-hammami-et-mohamed-abbou-deux-militants-aux-parcours-divergents\/#primaryimage"},"thumbnailUrl":"","keywords":["Ammar Amroussia","Attayar","Ben Ali","Courant d\u00e9mocrate","Hamma Hammami","Mohamed Abbou","Parti des travailleurs"],"articleSection":["POLITIQUE","Tunisie"],"inLanguage":"fr-FR","potentialAction":[{"@type":"CommentAction","name":"Comment","target":["https:\/\/kapitalis.com\/tunisie\/2019\/12\/28\/rencontre-entre-hamma-hammami-et-mohamed-abbou-deux-militants-aux-parcours-divergents\/#respond"]}]},{"@type":"WebPage","@id":"https:\/\/kapitalis.com\/tunisie\/2019\/12\/28\/rencontre-entre-hamma-hammami-et-mohamed-abbou-deux-militants-aux-parcours-divergents\/","url":"https:\/\/kapitalis.com\/tunisie\/2019\/12\/28\/rencontre-entre-hamma-hammami-et-mohamed-abbou-deux-militants-aux-parcours-divergents\/","name":"Rencontre entre Hamma Hammami et Mohamed Abbou : Deux militants aux parcours divergents - Kapitalis","isPartOf":{"@id":"https:\/\/kapitalis.com\/tunisie\/#website"},"primaryImageOfPage":{"@id":"https:\/\/kapitalis.com\/tunisie\/2019\/12\/28\/rencontre-entre-hamma-hammami-et-mohamed-abbou-deux-militants-aux-parcours-divergents\/#primaryimage"},"image":{"@id":"https:\/\/kapitalis.com\/tunisie\/2019\/12\/28\/rencontre-entre-hamma-hammami-et-mohamed-abbou-deux-militants-aux-parcours-divergents\/#primaryimage"},"thumbnailUrl":"","datePublished":"2019-12-28T09:49:50+00:00","dateModified":"2019-12-28T10:12:52+00:00","breadcrumb":{"@id":"https:\/\/kapitalis.com\/tunisie\/2019\/12\/28\/rencontre-entre-hamma-hammami-et-mohamed-abbou-deux-militants-aux-parcours-divergents\/#breadcrumb"},"inLanguage":"fr-FR","potentialAction":[{"@type":"ReadAction","target":["https:\/\/kapitalis.com\/tunisie\/2019\/12\/28\/rencontre-entre-hamma-hammami-et-mohamed-abbou-deux-militants-aux-parcours-divergents\/"]}]},{"@type":"ImageObject","inLanguage":"fr-FR","@id":"https:\/\/kapitalis.com\/tunisie\/2019\/12\/28\/rencontre-entre-hamma-hammami-et-mohamed-abbou-deux-militants-aux-parcours-divergents\/#primaryimage","url":"","contentUrl":""},{"@type":"BreadcrumbList","@id":"https:\/\/kapitalis.com\/tunisie\/2019\/12\/28\/rencontre-entre-hamma-hammami-et-mohamed-abbou-deux-militants-aux-parcours-divergents\/#breadcrumb","itemListElement":[{"@type":"ListItem","position":1,"name":"Accueil","item":"https:\/\/kapitalis.com\/tunisie\/"},{"@type":"ListItem","position":2,"name":"Rencontre entre Hamma Hammami et Mohamed Abbou : Deux militants aux parcours divergents"}]},{"@type":"WebSite","@id":"https:\/\/kapitalis.com\/tunisie\/#website","url":"https:\/\/kapitalis.com\/tunisie\/","name":"Kapitalis","description":"L&#039;actualit\u00e9 en Tunisie et dans le monde","publisher":{"@id":"https:\/\/kapitalis.com\/tunisie\/#organization"},"potentialAction":[{"@type":"SearchAction","target":{"@type":"EntryPoint","urlTemplate":"https:\/\/kapitalis.com\/tunisie\/?s={search_term_string}"},"query-input":{"@type":"PropertyValueSpecification","valueRequired":true,"valueName":"search_term_string"}}],"inLanguage":"fr-FR"},{"@type":"Organization","@id":"https:\/\/kapitalis.com\/tunisie\/#organization","name":"Kapitalis","url":"https:\/\/kapitalis.com\/tunisie\/","logo":{"@type":"ImageObject","inLanguage":"fr-FR","@id":"https:\/\/kapitalis.com\/tunisie\/#\/schema\/logo\/image\/","url":"https:\/\/kapitalis.com\/tunisie\/wp-content\/uploads\/2022\/05\/Kapitalis-big-size.png","contentUrl":"https:\/\/kapitalis.com\/tunisie\/wp-content\/uploads\/2022\/05\/Kapitalis-big-size.png","width":5000,"height":1500,"caption":"Kapitalis"},"image":{"@id":"https:\/\/kapitalis.com\/tunisie\/#\/schema\/logo\/image\/"},"sameAs":["https:\/\/www.facebook.com\/KapitalisInfo\/","https:\/\/x.com\/KapitalisInfo","https:\/\/www.youtube.com\/channel\/UC-yDYrHyfFBWWZaOw3FPg9Q"]},{"@type":"Person","@id":"https:\/\/kapitalis.com\/tunisie\/#\/schema\/person\/b35b8d631961131107263178aeb8019e","name":"Cherif Benyounes","url":"https:\/\/kapitalis.com\/tunisie\/author\/cherif\/"}]}},"_links":{"self":[{"href":"https:\/\/kapitalis.com\/tunisie\/wp-json\/wp\/v2\/posts\/268367","targetHints":{"allow":["GET"]}}],"collection":[{"href":"https:\/\/kapitalis.com\/tunisie\/wp-json\/wp\/v2\/posts"}],"about":[{"href":"https:\/\/kapitalis.com\/tunisie\/wp-json\/wp\/v2\/types\/post"}],"author":[{"embeddable":true,"href":"https:\/\/kapitalis.com\/tunisie\/wp-json\/wp\/v2\/users\/24"}],"replies":[{"embeddable":true,"href":"https:\/\/kapitalis.com\/tunisie\/wp-json\/wp\/v2\/comments?post=268367"}],"version-history":[{"count":0,"href":"https:\/\/kapitalis.com\/tunisie\/wp-json\/wp\/v2\/posts\/268367\/revisions"}],"wp:featuredmedia":[{"embeddable":true,"href":"https:\/\/kapitalis.com\/tunisie\/wp-json\/wp\/v2\/media\/268396"}],"wp:attachment":[{"href":"https:\/\/kapitalis.com\/tunisie\/wp-json\/wp\/v2\/media?parent=268367"}],"wp:term":[{"taxonomy":"category","embeddable":true,"href":"https:\/\/kapitalis.com\/tunisie\/wp-json\/wp\/v2\/categories?post=268367"},{"taxonomy":"post_tag","embeddable":true,"href":"https:\/\/kapitalis.com\/tunisie\/wp-json\/wp\/v2\/tags?post=268367"}],"curies":[{"name":"wp","href":"https:\/\/api.w.org\/{rel}","templated":true}]}}