{"id":2688680,"date":"2022-08-01T12:15:23","date_gmt":"2022-08-01T11:15:23","guid":{"rendered":"https:\/\/kapitalis.com\/tunisie\/?p=2688680"},"modified":"2022-08-02T09:34:47","modified_gmt":"2022-08-02T08:34:47","slug":"abdelmajid-tebboune-considere-que-saied-represente-la-legitimite-en-tunisie","status":"publish","type":"post","link":"https:\/\/kapitalis.com\/tunisie\/2022\/08\/01\/abdelmajid-tebboune-considere-que-saied-represente-la-legitimite-en-tunisie\/","title":{"rendered":"Abdelmajid Tebboune consid\u00e8re que \u00abSa\u00efed repr\u00e9sente la l\u00e9gitimit\u00e9 en Tunisie\u00bb"},"content":{"rendered":"\n<p><strong><em>Dans une d\u00e9claration accord\u00e9e aux m\u00e9dias locaux, le pr\u00e9sident de la r\u00e9publique alg\u00e9rien, Abdelmajid Tebboune, a affirm\u00e9 que son pays traite avec la l\u00e9gitimit\u00e9 que repr\u00e9sente le pr\u00e9sident Ka\u00efs Sa\u00efed en Tunisie, et ce, en tant que pr\u00e9sident \u00e9lu par le peuple tunisien.<\/em><\/strong><\/p>\n\n\n\n<!--more-->\n\n\n\n<p>Lors de son entretien p\u00e9riodique avec la presse nationale, diffus\u00e9 dimanche 31 juillet 2022 sur les cha\u00eenes de radio et de t\u00e9l\u00e9vision nationales, Tebboune a ajout\u00e9 que l&rsquo;Alg\u00e9rie continuera \u00e0 soutenir son pays voisin, la Tunisie.<\/p>\n\n\n\n<p>\u00ab<em>L&rsquo;Alg\u00e9rie se tient du c\u00f4t\u00e9 de la l\u00e9gitimit\u00e9, et Ka\u00efs Sa\u00efed a \u00e9t\u00e9 \u00e9lu l\u00e9gitimement par le peuple. Il est normal donc de traiter avec le pr\u00e9sident en plus de la nature de la relation d\u2019amiti\u00e9 qui nous lie en tant que personnes<\/em>\u00bb, a-t-il lanc\u00e9.<\/p>\n\n\n\n<p>Une d\u00e9claration qui intervient quelques jours apr\u00e8s l&rsquo;annonce des r\u00e9sultats du r\u00e9f\u00e9rendum &#8211; dont la l\u00e9gitimit\u00e9 est grandement mise en doute en Tunisie &#8211; portant sur le projet de constitution propos\u00e9 par Ka\u00efs Sa\u00efed (94,6% de \u00ab\u00a0oui\u00a0\u00bb).<\/p>\n\n\n\n<p>Tebboune est \u00e9galement revenu sur la rencontre entre Sa\u00efed et le pr\u00e9sident de l&rsquo;Union g\u00e9n\u00e9rale tunisienne du travail (UGTT), Noureddine Taboubi, r\u00e9cemment en Alg\u00e9rie, \u00e0 l&rsquo;occasion des festivit\u00e9s c\u00e9l\u00e9brant le 60e anniversaire de l&rsquo;ind\u00e9pendance de son pays&#8230;<\/p>\n\n\n\n<p>Pour lui, \u00e7a a \u00e9t\u00e9 une occasion pour les deux parties de se rencontrer, niant la participation de l&rsquo;Alg\u00e9rie \u00e0 une quelconque m\u00e9diation entre les deux parties.<\/p>\n\n\n\n<p class=\"has-text-align-right\"><strong>C. B. Y.<\/strong><\/p>\n","protected":false},"excerpt":{"rendered":"<p>Dans une d\u00e9claration accord\u00e9e aux m\u00e9dias locaux, le pr\u00e9sident de la r\u00e9publique alg\u00e9rien, Abdelmajid Tebboune, a affirm\u00e9 que son pays traite avec la l\u00e9gitimit\u00e9 que repr\u00e9sente le pr\u00e9sident Ka\u00efs Sa\u00efed en Tunisie, et ce, en tant que pr\u00e9sident \u00e9lu par le peuple tunisien.<\/p>\n","protected":false},"author":24,"featured_media":2412135,"comment_status":"open","ping_status":"open","sticky":false,"template":"","format":"standard","meta":{"footnotes":""},"categories":[997,2433],"tags":[70748,64,76012,21897,2889,62643,936],"class_list":["post-2688680","post","type-post","status-publish","format-standard","has-post-thumbnail","hentry","category-politique","category-tunisie","tag-abdelmajid-tebboune","tag-algerie","tag-kais-saied-2","tag-noureddine-taboubi","tag-referendum","tag-tunisie","tag-ugtt"],"yoast_head":"<!-- This site is optimized with the Yoast SEO plugin v26.6 - https:\/\/yoast.com\/wordpress\/plugins\/seo\/ -->\n<title>Abdelmajid Tebboune consid\u00e8re que \u00abSa\u00efed repr\u00e9sente la l\u00e9gitimit\u00e9 en Tunisie\u00bb - Kapitalis<\/title>\n<meta name=\"robots\" content=\"index, follow, max-snippet:-1, max-image-preview:large, max-video-preview:-1\" \/>\n<link rel=\"canonical\" href=\"https:\/\/kapitalis.com\/tunisie\/2022\/08\/01\/abdelmajid-tebboune-considere-que-saied-represente-la-legitimite-en-tunisie\/\" \/>\n<meta property=\"og:locale\" content=\"fr_FR\" \/>\n<meta property=\"og:type\" content=\"article\" \/>\n<meta property=\"og:title\" content=\"Abdelmajid Tebboune consid\u00e8re que \u00abSa\u00efed repr\u00e9sente la l\u00e9gitimit\u00e9 en Tunisie\u00bb - Kapitalis\" \/>\n<meta property=\"og:description\" content=\"Dans une d\u00e9claration accord\u00e9e aux m\u00e9dias locaux, le pr\u00e9sident de la r\u00e9publique alg\u00e9rien, Abdelmajid Tebboune, a affirm\u00e9 que son pays traite avec la l\u00e9gitimit\u00e9 que repr\u00e9sente le pr\u00e9sident Ka\u00efs Sa\u00efed en Tunisie, et ce, en tant que pr\u00e9sident \u00e9lu par le peuple tunisien.\" \/>\n<meta property=\"og:url\" content=\"https:\/\/kapitalis.com\/tunisie\/2022\/08\/01\/abdelmajid-tebboune-considere-que-saied-represente-la-legitimite-en-tunisie\/\" \/>\n<meta property=\"og:site_name\" content=\"Kapitalis\" \/>\n<meta property=\"article:publisher\" content=\"https:\/\/www.facebook.com\/KapitalisInfo\/\" \/>\n<meta property=\"article:published_time\" content=\"2022-08-01T11:15:23+00:00\" \/>\n<meta property=\"article:modified_time\" content=\"2022-08-02T08:34:47+00:00\" \/>\n<meta property=\"og:image\" content=\"https:\/\/kapitalis.com\/tunisie\/wp-content\/uploads\/2022\/07\/Kais-Saied-Abdelmadjid-Tebboune.jpg\" \/>\n\t<meta property=\"og:image:width\" content=\"1200\" \/>\n\t<meta property=\"og:image:height\" content=\"630\" \/>\n\t<meta property=\"og:image:type\" content=\"image\/jpeg\" \/>\n<meta name=\"author\" content=\"Cherif Benyounes\" \/>\n<meta name=\"twitter:card\" content=\"summary_large_image\" \/>\n<meta name=\"twitter:creator\" content=\"@KapitalisInfo\" \/>\n<meta name=\"twitter:site\" content=\"@KapitalisInfo\" \/>\n<meta name=\"twitter:label1\" content=\"\u00c9crit par\" \/>\n\t<meta name=\"twitter:data1\" content=\"Cherif Benyounes\" \/>\n\t<meta name=\"twitter:label2\" content=\"Dur\u00e9e de lecture estim\u00e9e\" \/>\n\t<meta name=\"twitter:data2\" content=\"2 minutes\" \/>\n<script type=\"application\/ld+json\" class=\"yoast-schema-graph\">{\"@context\":\"https:\/\/schema.org\",\"@graph\":[{\"@type\":\"Article\",\"@id\":\"https:\/\/kapitalis.com\/tunisie\/2022\/08\/01\/abdelmajid-tebboune-considere-que-saied-represente-la-legitimite-en-tunisie\/#article\",\"isPartOf\":{\"@id\":\"https:\/\/kapitalis.com\/tunisie\/2022\/08\/01\/abdelmajid-tebboune-considere-que-saied-represente-la-legitimite-en-tunisie\/\"},\"author\":{\"name\":\"Cherif Benyounes\",\"@id\":\"https:\/\/kapitalis.com\/tunisie\/#\/schema\/person\/b35b8d631961131107263178aeb8019e\"},\"headline\":\"Abdelmajid Tebboune consid\u00e8re que \u00abSa\u00efed repr\u00e9sente la l\u00e9gitimit\u00e9 en Tunisie\u00bb\",\"datePublished\":\"2022-08-01T11:15:23+00:00\",\"dateModified\":\"2022-08-02T08:34:47+00:00\",\"mainEntityOfPage\":{\"@id\":\"https:\/\/kapitalis.com\/tunisie\/2022\/08\/01\/abdelmajid-tebboune-considere-que-saied-represente-la-legitimite-en-tunisie\/\"},\"wordCount\":281,\"commentCount\":2,\"publisher\":{\"@id\":\"https:\/\/kapitalis.com\/tunisie\/#organization\"},\"image\":{\"@id\":\"https:\/\/kapitalis.com\/tunisie\/2022\/08\/01\/abdelmajid-tebboune-considere-que-saied-represente-la-legitimite-en-tunisie\/#primaryimage\"},\"thumbnailUrl\":\"https:\/\/kapitalis.com\/tunisie\/wp-content\/uploads\/2022\/07\/Kais-Saied-Abdelmadjid-Tebboune.jpg\",\"keywords\":[\"Abdelmajid Tebboune\",\"Alg\u00e9rie\",\"Ka\u00efs Sa\u00efed\",\"Noureddine Taboubi\",\"r\u00e9f\u00e9rendum\",\"Tunisie\",\"UGTT\"],\"articleSection\":[\"POLITIQUE\",\"Tunisie\"],\"inLanguage\":\"fr-FR\",\"potentialAction\":[{\"@type\":\"CommentAction\",\"name\":\"Comment\",\"target\":[\"https:\/\/kapitalis.com\/tunisie\/2022\/08\/01\/abdelmajid-tebboune-considere-que-saied-represente-la-legitimite-en-tunisie\/#respond\"]}]},{\"@type\":\"WebPage\",\"@id\":\"https:\/\/kapitalis.com\/tunisie\/2022\/08\/01\/abdelmajid-tebboune-considere-que-saied-represente-la-legitimite-en-tunisie\/\",\"url\":\"https:\/\/kapitalis.com\/tunisie\/2022\/08\/01\/abdelmajid-tebboune-considere-que-saied-represente-la-legitimite-en-tunisie\/\",\"name\":\"Abdelmajid Tebboune consid\u00e8re que \u00abSa\u00efed repr\u00e9sente la l\u00e9gitimit\u00e9 en Tunisie\u00bb - Kapitalis\",\"isPartOf\":{\"@id\":\"https:\/\/kapitalis.com\/tunisie\/#website\"},\"primaryImageOfPage\":{\"@id\":\"https:\/\/kapitalis.com\/tunisie\/2022\/08\/01\/abdelmajid-tebboune-considere-que-saied-represente-la-legitimite-en-tunisie\/#primaryimage\"},\"image\":{\"@id\":\"https:\/\/kapitalis.com\/tunisie\/2022\/08\/01\/abdelmajid-tebboune-considere-que-saied-represente-la-legitimite-en-tunisie\/#primaryimage\"},\"thumbnailUrl\":\"https:\/\/kapitalis.com\/tunisie\/wp-content\/uploads\/2022\/07\/Kais-Saied-Abdelmadjid-Tebboune.jpg\",\"datePublished\":\"2022-08-01T11:15:23+00:00\",\"dateModified\":\"2022-08-02T08:34:47+00:00\",\"breadcrumb\":{\"@id\":\"https:\/\/kapitalis.com\/tunisie\/2022\/08\/01\/abdelmajid-tebboune-considere-que-saied-represente-la-legitimite-en-tunisie\/#breadcrumb\"},\"inLanguage\":\"fr-FR\",\"potentialAction\":[{\"@type\":\"ReadAction\",\"target\":[\"https:\/\/kapitalis.com\/tunisie\/2022\/08\/01\/abdelmajid-tebboune-considere-que-saied-represente-la-legitimite-en-tunisie\/\"]}]},{\"@type\":\"ImageObject\",\"inLanguage\":\"fr-FR\",\"@id\":\"https:\/\/kapitalis.com\/tunisie\/2022\/08\/01\/abdelmajid-tebboune-considere-que-saied-represente-la-legitimite-en-tunisie\/#primaryimage\",\"url\":\"https:\/\/kapitalis.com\/tunisie\/wp-content\/uploads\/2022\/07\/Kais-Saied-Abdelmadjid-Tebboune.jpg\",\"contentUrl\":\"https:\/\/kapitalis.com\/tunisie\/wp-content\/uploads\/2022\/07\/Kais-Saied-Abdelmadjid-Tebboune.jpg\",\"width\":1200,\"height\":630},{\"@type\":\"BreadcrumbList\",\"@id\":\"https:\/\/kapitalis.com\/tunisie\/2022\/08\/01\/abdelmajid-tebboune-considere-que-saied-represente-la-legitimite-en-tunisie\/#breadcrumb\",\"itemListElement\":[{\"@type\":\"ListItem\",\"position\":1,\"name\":\"Accueil\",\"item\":\"https:\/\/kapitalis.com\/tunisie\/\"},{\"@type\":\"ListItem\",\"position\":2,\"name\":\"Abdelmajid Tebboune consid\u00e8re que \u00abSa\u00efed repr\u00e9sente la l\u00e9gitimit\u00e9 en Tunisie\u00bb\"}]},{\"@type\":\"WebSite\",\"@id\":\"https:\/\/kapitalis.com\/tunisie\/#website\",\"url\":\"https:\/\/kapitalis.com\/tunisie\/\",\"name\":\"Kapitalis\",\"description\":\"L&#039;actualit\u00e9 en Tunisie et dans le monde\",\"publisher\":{\"@id\":\"https:\/\/kapitalis.com\/tunisie\/#organization\"},\"potentialAction\":[{\"@type\":\"SearchAction\",\"target\":{\"@type\":\"EntryPoint\",\"urlTemplate\":\"https:\/\/kapitalis.com\/tunisie\/?s={search_term_string}\"},\"query-input\":{\"@type\":\"PropertyValueSpecification\",\"valueRequired\":true,\"valueName\":\"search_term_string\"}}],\"inLanguage\":\"fr-FR\"},{\"@type\":\"Organization\",\"@id\":\"https:\/\/kapitalis.com\/tunisie\/#organization\",\"name\":\"Kapitalis\",\"url\":\"https:\/\/kapitalis.com\/tunisie\/\",\"logo\":{\"@type\":\"ImageObject\",\"inLanguage\":\"fr-FR\",\"@id\":\"https:\/\/kapitalis.com\/tunisie\/#\/schema\/logo\/image\/\",\"url\":\"https:\/\/kapitalis.com\/tunisie\/wp-content\/uploads\/2022\/05\/Kapitalis-big-size.png\",\"contentUrl\":\"https:\/\/kapitalis.com\/tunisie\/wp-content\/uploads\/2022\/05\/Kapitalis-big-size.png\",\"width\":5000,\"height\":1500,\"caption\":\"Kapitalis\"},\"image\":{\"@id\":\"https:\/\/kapitalis.com\/tunisie\/#\/schema\/logo\/image\/\"},\"sameAs\":[\"https:\/\/www.facebook.com\/KapitalisInfo\/\",\"https:\/\/x.com\/KapitalisInfo\",\"https:\/\/www.youtube.com\/channel\/UC-yDYrHyfFBWWZaOw3FPg9Q\"]},{\"@type\":\"Person\",\"@id\":\"https:\/\/kapitalis.com\/tunisie\/#\/schema\/person\/b35b8d631961131107263178aeb8019e\",\"name\":\"Cherif Benyounes\",\"url\":\"https:\/\/kapitalis.com\/tunisie\/author\/cherif\/\"}]}<\/script>\n<!-- \/ Yoast SEO plugin. -->","yoast_head_json":{"title":"Abdelmajid Tebboune consid\u00e8re que \u00abSa\u00efed repr\u00e9sente la l\u00e9gitimit\u00e9 en Tunisie\u00bb - Kapitalis","robots":{"index":"index","follow":"follow","max-snippet":"max-snippet:-1","max-image-preview":"max-image-preview:large","max-video-preview":"max-video-preview:-1"},"canonical":"https:\/\/kapitalis.com\/tunisie\/2022\/08\/01\/abdelmajid-tebboune-considere-que-saied-represente-la-legitimite-en-tunisie\/","og_locale":"fr_FR","og_type":"article","og_title":"Abdelmajid Tebboune consid\u00e8re que \u00abSa\u00efed repr\u00e9sente la l\u00e9gitimit\u00e9 en Tunisie\u00bb - Kapitalis","og_description":"Dans une d\u00e9claration accord\u00e9e aux m\u00e9dias locaux, le pr\u00e9sident de la r\u00e9publique alg\u00e9rien, Abdelmajid Tebboune, a affirm\u00e9 que son pays traite avec la l\u00e9gitimit\u00e9 que repr\u00e9sente le pr\u00e9sident Ka\u00efs Sa\u00efed en Tunisie, et ce, en tant que pr\u00e9sident \u00e9lu par le peuple tunisien.","og_url":"https:\/\/kapitalis.com\/tunisie\/2022\/08\/01\/abdelmajid-tebboune-considere-que-saied-represente-la-legitimite-en-tunisie\/","og_site_name":"Kapitalis","article_publisher":"https:\/\/www.facebook.com\/KapitalisInfo\/","article_published_time":"2022-08-01T11:15:23+00:00","article_modified_time":"2022-08-02T08:34:47+00:00","og_image":[{"width":1200,"height":630,"url":"https:\/\/kapitalis.com\/tunisie\/wp-content\/uploads\/2022\/07\/Kais-Saied-Abdelmadjid-Tebboune.jpg","type":"image\/jpeg"}],"author":"Cherif Benyounes","twitter_card":"summary_large_image","twitter_creator":"@KapitalisInfo","twitter_site":"@KapitalisInfo","twitter_misc":{"\u00c9crit par":"Cherif Benyounes","Dur\u00e9e de lecture estim\u00e9e":"2 minutes"},"schema":{"@context":"https:\/\/schema.org","@graph":[{"@type":"Article","@id":"https:\/\/kapitalis.com\/tunisie\/2022\/08\/01\/abdelmajid-tebboune-considere-que-saied-represente-la-legitimite-en-tunisie\/#article","isPartOf":{"@id":"https:\/\/kapitalis.com\/tunisie\/2022\/08\/01\/abdelmajid-tebboune-considere-que-saied-represente-la-legitimite-en-tunisie\/"},"author":{"name":"Cherif Benyounes","@id":"https:\/\/kapitalis.com\/tunisie\/#\/schema\/person\/b35b8d631961131107263178aeb8019e"},"headline":"Abdelmajid Tebboune consid\u00e8re que \u00abSa\u00efed repr\u00e9sente la l\u00e9gitimit\u00e9 en Tunisie\u00bb","datePublished":"2022-08-01T11:15:23+00:00","dateModified":"2022-08-02T08:34:47+00:00","mainEntityOfPage":{"@id":"https:\/\/kapitalis.com\/tunisie\/2022\/08\/01\/abdelmajid-tebboune-considere-que-saied-represente-la-legitimite-en-tunisie\/"},"wordCount":281,"commentCount":2,"publisher":{"@id":"https:\/\/kapitalis.com\/tunisie\/#organization"},"image":{"@id":"https:\/\/kapitalis.com\/tunisie\/2022\/08\/01\/abdelmajid-tebboune-considere-que-saied-represente-la-legitimite-en-tunisie\/#primaryimage"},"thumbnailUrl":"https:\/\/kapitalis.com\/tunisie\/wp-content\/uploads\/2022\/07\/Kais-Saied-Abdelmadjid-Tebboune.jpg","keywords":["Abdelmajid Tebboune","Alg\u00e9rie","Ka\u00efs Sa\u00efed","Noureddine Taboubi","r\u00e9f\u00e9rendum","Tunisie","UGTT"],"articleSection":["POLITIQUE","Tunisie"],"inLanguage":"fr-FR","potentialAction":[{"@type":"CommentAction","name":"Comment","target":["https:\/\/kapitalis.com\/tunisie\/2022\/08\/01\/abdelmajid-tebboune-considere-que-saied-represente-la-legitimite-en-tunisie\/#respond"]}]},{"@type":"WebPage","@id":"https:\/\/kapitalis.com\/tunisie\/2022\/08\/01\/abdelmajid-tebboune-considere-que-saied-represente-la-legitimite-en-tunisie\/","url":"https:\/\/kapitalis.com\/tunisie\/2022\/08\/01\/abdelmajid-tebboune-considere-que-saied-represente-la-legitimite-en-tunisie\/","name":"Abdelmajid Tebboune consid\u00e8re que \u00abSa\u00efed repr\u00e9sente la l\u00e9gitimit\u00e9 en Tunisie\u00bb - Kapitalis","isPartOf":{"@id":"https:\/\/kapitalis.com\/tunisie\/#website"},"primaryImageOfPage":{"@id":"https:\/\/kapitalis.com\/tunisie\/2022\/08\/01\/abdelmajid-tebboune-considere-que-saied-represente-la-legitimite-en-tunisie\/#primaryimage"},"image":{"@id":"https:\/\/kapitalis.com\/tunisie\/2022\/08\/01\/abdelmajid-tebboune-considere-que-saied-represente-la-legitimite-en-tunisie\/#primaryimage"},"thumbnailUrl":"https:\/\/kapitalis.com\/tunisie\/wp-content\/uploads\/2022\/07\/Kais-Saied-Abdelmadjid-Tebboune.jpg","datePublished":"2022-08-01T11:15:23+00:00","dateModified":"2022-08-02T08:34:47+00:00","breadcrumb":{"@id":"https:\/\/kapitalis.com\/tunisie\/2022\/08\/01\/abdelmajid-tebboune-considere-que-saied-represente-la-legitimite-en-tunisie\/#breadcrumb"},"inLanguage":"fr-FR","potentialAction":[{"@type":"ReadAction","target":["https:\/\/kapitalis.com\/tunisie\/2022\/08\/01\/abdelmajid-tebboune-considere-que-saied-represente-la-legitimite-en-tunisie\/"]}]},{"@type":"ImageObject","inLanguage":"fr-FR","@id":"https:\/\/kapitalis.com\/tunisie\/2022\/08\/01\/abdelmajid-tebboune-considere-que-saied-represente-la-legitimite-en-tunisie\/#primaryimage","url":"https:\/\/kapitalis.com\/tunisie\/wp-content\/uploads\/2022\/07\/Kais-Saied-Abdelmadjid-Tebboune.jpg","contentUrl":"https:\/\/kapitalis.com\/tunisie\/wp-content\/uploads\/2022\/07\/Kais-Saied-Abdelmadjid-Tebboune.jpg","width":1200,"height":630},{"@type":"BreadcrumbList","@id":"https:\/\/kapitalis.com\/tunisie\/2022\/08\/01\/abdelmajid-tebboune-considere-que-saied-represente-la-legitimite-en-tunisie\/#breadcrumb","itemListElement":[{"@type":"ListItem","position":1,"name":"Accueil","item":"https:\/\/kapitalis.com\/tunisie\/"},{"@type":"ListItem","position":2,"name":"Abdelmajid Tebboune consid\u00e8re que \u00abSa\u00efed repr\u00e9sente la l\u00e9gitimit\u00e9 en Tunisie\u00bb"}]},{"@type":"WebSite","@id":"https:\/\/kapitalis.com\/tunisie\/#website","url":"https:\/\/kapitalis.com\/tunisie\/","name":"Kapitalis","description":"L&#039;actualit\u00e9 en Tunisie et dans le monde","publisher":{"@id":"https:\/\/kapitalis.com\/tunisie\/#organization"},"potentialAction":[{"@type":"SearchAction","target":{"@type":"EntryPoint","urlTemplate":"https:\/\/kapitalis.com\/tunisie\/?s={search_term_string}"},"query-input":{"@type":"PropertyValueSpecification","valueRequired":true,"valueName":"search_term_string"}}],"inLanguage":"fr-FR"},{"@type":"Organization","@id":"https:\/\/kapitalis.com\/tunisie\/#organization","name":"Kapitalis","url":"https:\/\/kapitalis.com\/tunisie\/","logo":{"@type":"ImageObject","inLanguage":"fr-FR","@id":"https:\/\/kapitalis.com\/tunisie\/#\/schema\/logo\/image\/","url":"https:\/\/kapitalis.com\/tunisie\/wp-content\/uploads\/2022\/05\/Kapitalis-big-size.png","contentUrl":"https:\/\/kapitalis.com\/tunisie\/wp-content\/uploads\/2022\/05\/Kapitalis-big-size.png","width":5000,"height":1500,"caption":"Kapitalis"},"image":{"@id":"https:\/\/kapitalis.com\/tunisie\/#\/schema\/logo\/image\/"},"sameAs":["https:\/\/www.facebook.com\/KapitalisInfo\/","https:\/\/x.com\/KapitalisInfo","https:\/\/www.youtube.com\/channel\/UC-yDYrHyfFBWWZaOw3FPg9Q"]},{"@type":"Person","@id":"https:\/\/kapitalis.com\/tunisie\/#\/schema\/person\/b35b8d631961131107263178aeb8019e","name":"Cherif Benyounes","url":"https:\/\/kapitalis.com\/tunisie\/author\/cherif\/"}]}},"_links":{"self":[{"href":"https:\/\/kapitalis.com\/tunisie\/wp-json\/wp\/v2\/posts\/2688680","targetHints":{"allow":["GET"]}}],"collection":[{"href":"https:\/\/kapitalis.com\/tunisie\/wp-json\/wp\/v2\/posts"}],"about":[{"href":"https:\/\/kapitalis.com\/tunisie\/wp-json\/wp\/v2\/types\/post"}],"author":[{"embeddable":true,"href":"https:\/\/kapitalis.com\/tunisie\/wp-json\/wp\/v2\/users\/24"}],"replies":[{"embeddable":true,"href":"https:\/\/kapitalis.com\/tunisie\/wp-json\/wp\/v2\/comments?post=2688680"}],"version-history":[{"count":0,"href":"https:\/\/kapitalis.com\/tunisie\/wp-json\/wp\/v2\/posts\/2688680\/revisions"}],"wp:featuredmedia":[{"embeddable":true,"href":"https:\/\/kapitalis.com\/tunisie\/wp-json\/wp\/v2\/media\/2412135"}],"wp:attachment":[{"href":"https:\/\/kapitalis.com\/tunisie\/wp-json\/wp\/v2\/media?parent=2688680"}],"wp:term":[{"taxonomy":"category","embeddable":true,"href":"https:\/\/kapitalis.com\/tunisie\/wp-json\/wp\/v2\/categories?post=2688680"},{"taxonomy":"post_tag","embeddable":true,"href":"https:\/\/kapitalis.com\/tunisie\/wp-json\/wp\/v2\/tags?post=2688680"}],"curies":[{"name":"wp","href":"https:\/\/api.w.org\/{rel}","templated":true}]}}