{"id":269427,"date":"2020-01-02T13:07:09","date_gmt":"2020-01-02T12:07:09","guid":{"rendered":"http:\/\/kapitalis.com\/tunisie\/?p=269427"},"modified":"2020-01-02T13:08:40","modified_gmt":"2020-01-02T12:08:40","slug":"le-tunisien-tarek-jani-appele-a-la-rescousse-de-lequipe-ghaneenne-des-hearts-of-oak","status":"publish","type":"post","link":"https:\/\/kapitalis.com\/tunisie\/2020\/01\/02\/le-tunisien-tarek-jani-appele-a-la-rescousse-de-lequipe-ghaneenne-des-hearts-of-oak\/","title":{"rendered":"Le Tunisien Tarek Jani appel\u00e9 \u00e0 la rescousse de l\u2019\u00e9quipe ghan\u00e9enne des Hearts of Oak"},"content":{"rendered":"\n<figure class=\"wp-block-image size-large\"><img decoding=\"async\" src=\"http:\/\/kapitalis.com\/tunisie\/wp-content\/uploads\/2020\/01\/Tarek-Jani.jpg\" alt=\"\" class=\"wp-image-269453\"\/><\/figure>\n\n\n\n<p><strong><em>L\u2019ancien coach de l\u2019\u00e9quipe ivoirienne du FC San Pedro<\/em><\/strong>, <strong><em>le Tunisiens Tarek Jani, a exprim\u00e9 \u00abun tr\u00e8s grand int\u00e9r\u00eat\u00bb \u00e0 assumer la direction technique du club ghan\u00e9en Hearts of Oak, qui traverse actuellement une mauvaise passe. Les n\u00e9gociations de cette prise en charge seraient bien avanc\u00e9es\u2026<\/em><\/strong><\/p>\n\n\n\n<!--more-->\n\n\n\n<p>C\u2019est ce qu\u2019a rapport\u00e9 aujourd\u2019hui, jeudi 2 janvier 2020, le site d\u2019information ghan\u00e9en <em><strong><a href=\"https:\/\/www.modernghana.com\/sports\/976611\/tunisias-jani-tarek-expresses-huge-interest-in.html\">\u2018Modern Ghana\u2019\u2019<\/a><\/strong><\/em>  qui, relayant l\u2019avis des sp\u00e9cialistes du pays, estime que le s\u00e9lectionneur tunisien, \u00ab<em>\u00e2g\u00e9 de 40 ans, est parmi les personnes les plus aptes \u00e0 faire remonter la pente aux Phobians<\/em> [surnom des Hearts of Oak, ndlr]<em> qui n\u2019ont plus brill\u00e9 au niveau national et continental depuis une bonne dizaine d\u2019ann\u00e9es.<\/em>\u00bb<\/p>\n\n\n\n<p>Tarek Jani a confi\u00e9 \u00e0 <em>\u2018\u2018Modern Ghana\u2019\u2019<\/em> que les pourparlers avec les dirigeants du club d\u2019Accra ont bien progress\u00e9 et qu\u2019il est optimiste quant \u00e0 l\u2019issue tr\u00e8s proche des tractations.<\/p>\n\n\n\n<p>Pour rappel, le coach tunisien, de formation acad\u00e9mique fran\u00e7aise, compte parmi ses r\u00e9centes r\u00e9ussites la victoire de ses prot\u00e9g\u00e9s du FC San Pedro, le 3 novembre dernier, face au club ghan\u00e9en de l\u2019Asante Kotoko et l\u2019\u00e9limination de ce dernier de la Coupe de la Conf\u00e9d\u00e9ration africaine de football (CAF).<\/p>\n\n\n\n<p class=\"has-text-align-right\"><strong>M. Ch.<\/strong><\/p>\n","protected":false},"excerpt":{"rendered":"<p>L\u2019ancien coach de l\u2019\u00e9quipe ivoirienne du FC San Pedro, le Tunisiens Tarek Jani, a exprim\u00e9 \u00abun tr\u00e8s grand int\u00e9r\u00eat\u00bb \u00e0 assumer la direction technique du club ghan\u00e9en Hearts of Oak, qui traverse actuellement une mauvaise passe. Les n\u00e9gociations de cette prise en charge seraient bien avanc\u00e9es\u2026<\/p>\n","protected":false},"author":25,"featured_media":269453,"comment_status":"open","ping_status":"open","sticky":false,"template":"","format":"standard","meta":{"footnotes":""},"categories":[999,2433],"tags":[64375,176],"class_list":["post-269427","post","type-post","status-publish","format-standard","has-post-thumbnail","hentry","category-sport","category-tunisie","tag-asante-kotoko","tag-caf"],"yoast_head":"<!-- This site is optimized with the Yoast SEO plugin v26.6 - https:\/\/yoast.com\/wordpress\/plugins\/seo\/ -->\n<title>Le Tunisien Tarek Jani appel\u00e9 \u00e0 la rescousse de l\u2019\u00e9quipe ghan\u00e9enne des Hearts of Oak - Kapitalis<\/title>\n<meta name=\"robots\" content=\"index, follow, max-snippet:-1, max-image-preview:large, max-video-preview:-1\" \/>\n<link rel=\"canonical\" href=\"https:\/\/kapitalis.com\/tunisie\/2020\/01\/02\/le-tunisien-tarek-jani-appele-a-la-rescousse-de-lequipe-ghaneenne-des-hearts-of-oak\/\" \/>\n<meta property=\"og:locale\" content=\"fr_FR\" \/>\n<meta property=\"og:type\" content=\"article\" \/>\n<meta property=\"og:title\" content=\"Le Tunisien Tarek Jani appel\u00e9 \u00e0 la rescousse de l\u2019\u00e9quipe ghan\u00e9enne des Hearts of Oak - Kapitalis\" \/>\n<meta property=\"og:description\" content=\"L\u2019ancien coach de l\u2019\u00e9quipe ivoirienne du FC San Pedro, le Tunisiens Tarek Jani, a exprim\u00e9 \u00abun tr\u00e8s grand int\u00e9r\u00eat\u00bb \u00e0 assumer la direction technique du club ghan\u00e9en Hearts of Oak, qui traverse actuellement une mauvaise passe. Les n\u00e9gociations de cette prise en charge seraient bien avanc\u00e9es\u2026\" \/>\n<meta property=\"og:url\" content=\"https:\/\/kapitalis.com\/tunisie\/2020\/01\/02\/le-tunisien-tarek-jani-appele-a-la-rescousse-de-lequipe-ghaneenne-des-hearts-of-oak\/\" \/>\n<meta property=\"og:site_name\" content=\"Kapitalis\" \/>\n<meta property=\"article:publisher\" content=\"https:\/\/www.facebook.com\/KapitalisInfo\/\" \/>\n<meta property=\"article:published_time\" content=\"2020-01-02T12:07:09+00:00\" \/>\n<meta property=\"article:modified_time\" content=\"2020-01-02T12:08:40+00:00\" \/>\n<meta property=\"og:image\" content=\"https:\/\/kapitalis.com\/tunisie\/wp-content\/uploads\/2022\/05\/kapitalis-logo-fb.png\" \/>\n\t<meta property=\"og:image:width\" content=\"1200\" \/>\n\t<meta property=\"og:image:height\" content=\"630\" \/>\n\t<meta property=\"og:image:type\" content=\"image\/png\" \/>\n<meta name=\"author\" content=\"Moncef Dhambri\" \/>\n<meta name=\"twitter:card\" content=\"summary_large_image\" \/>\n<meta name=\"twitter:creator\" content=\"@KapitalisInfo\" \/>\n<meta name=\"twitter:site\" content=\"@KapitalisInfo\" \/>\n<meta name=\"twitter:label1\" content=\"\u00c9crit par\" \/>\n\t<meta name=\"twitter:data1\" content=\"Moncef Dhambri\" \/>\n\t<meta name=\"twitter:label2\" content=\"Dur\u00e9e de lecture estim\u00e9e\" \/>\n\t<meta name=\"twitter:data2\" content=\"1 minute\" \/>\n<script type=\"application\/ld+json\" class=\"yoast-schema-graph\">{\"@context\":\"https:\/\/schema.org\",\"@graph\":[{\"@type\":\"Article\",\"@id\":\"https:\/\/kapitalis.com\/tunisie\/2020\/01\/02\/le-tunisien-tarek-jani-appele-a-la-rescousse-de-lequipe-ghaneenne-des-hearts-of-oak\/#article\",\"isPartOf\":{\"@id\":\"https:\/\/kapitalis.com\/tunisie\/2020\/01\/02\/le-tunisien-tarek-jani-appele-a-la-rescousse-de-lequipe-ghaneenne-des-hearts-of-oak\/\"},\"author\":{\"name\":\"Moncef Dhambri\",\"@id\":\"https:\/\/kapitalis.com\/tunisie\/#\/schema\/person\/48fdbea283a929dd284e69d21e31a3d1\"},\"headline\":\"Le Tunisien Tarek Jani appel\u00e9 \u00e0 la rescousse de l\u2019\u00e9quipe ghan\u00e9enne des Hearts of Oak\",\"datePublished\":\"2020-01-02T12:07:09+00:00\",\"dateModified\":\"2020-01-02T12:08:40+00:00\",\"mainEntityOfPage\":{\"@id\":\"https:\/\/kapitalis.com\/tunisie\/2020\/01\/02\/le-tunisien-tarek-jani-appele-a-la-rescousse-de-lequipe-ghaneenne-des-hearts-of-oak\/\"},\"wordCount\":234,\"commentCount\":0,\"publisher\":{\"@id\":\"https:\/\/kapitalis.com\/tunisie\/#organization\"},\"image\":{\"@id\":\"https:\/\/kapitalis.com\/tunisie\/2020\/01\/02\/le-tunisien-tarek-jani-appele-a-la-rescousse-de-lequipe-ghaneenne-des-hearts-of-oak\/#primaryimage\"},\"thumbnailUrl\":\"\",\"keywords\":[\"Asante Kotoko\",\"CAF\"],\"articleSection\":[\"SPORT\",\"Tunisie\"],\"inLanguage\":\"fr-FR\",\"potentialAction\":[{\"@type\":\"CommentAction\",\"name\":\"Comment\",\"target\":[\"https:\/\/kapitalis.com\/tunisie\/2020\/01\/02\/le-tunisien-tarek-jani-appele-a-la-rescousse-de-lequipe-ghaneenne-des-hearts-of-oak\/#respond\"]}]},{\"@type\":\"WebPage\",\"@id\":\"https:\/\/kapitalis.com\/tunisie\/2020\/01\/02\/le-tunisien-tarek-jani-appele-a-la-rescousse-de-lequipe-ghaneenne-des-hearts-of-oak\/\",\"url\":\"https:\/\/kapitalis.com\/tunisie\/2020\/01\/02\/le-tunisien-tarek-jani-appele-a-la-rescousse-de-lequipe-ghaneenne-des-hearts-of-oak\/\",\"name\":\"Le Tunisien Tarek Jani appel\u00e9 \u00e0 la rescousse de l\u2019\u00e9quipe ghan\u00e9enne des Hearts of Oak - Kapitalis\",\"isPartOf\":{\"@id\":\"https:\/\/kapitalis.com\/tunisie\/#website\"},\"primaryImageOfPage\":{\"@id\":\"https:\/\/kapitalis.com\/tunisie\/2020\/01\/02\/le-tunisien-tarek-jani-appele-a-la-rescousse-de-lequipe-ghaneenne-des-hearts-of-oak\/#primaryimage\"},\"image\":{\"@id\":\"https:\/\/kapitalis.com\/tunisie\/2020\/01\/02\/le-tunisien-tarek-jani-appele-a-la-rescousse-de-lequipe-ghaneenne-des-hearts-of-oak\/#primaryimage\"},\"thumbnailUrl\":\"\",\"datePublished\":\"2020-01-02T12:07:09+00:00\",\"dateModified\":\"2020-01-02T12:08:40+00:00\",\"breadcrumb\":{\"@id\":\"https:\/\/kapitalis.com\/tunisie\/2020\/01\/02\/le-tunisien-tarek-jani-appele-a-la-rescousse-de-lequipe-ghaneenne-des-hearts-of-oak\/#breadcrumb\"},\"inLanguage\":\"fr-FR\",\"potentialAction\":[{\"@type\":\"ReadAction\",\"target\":[\"https:\/\/kapitalis.com\/tunisie\/2020\/01\/02\/le-tunisien-tarek-jani-appele-a-la-rescousse-de-lequipe-ghaneenne-des-hearts-of-oak\/\"]}]},{\"@type\":\"ImageObject\",\"inLanguage\":\"fr-FR\",\"@id\":\"https:\/\/kapitalis.com\/tunisie\/2020\/01\/02\/le-tunisien-tarek-jani-appele-a-la-rescousse-de-lequipe-ghaneenne-des-hearts-of-oak\/#primaryimage\",\"url\":\"\",\"contentUrl\":\"\"},{\"@type\":\"BreadcrumbList\",\"@id\":\"https:\/\/kapitalis.com\/tunisie\/2020\/01\/02\/le-tunisien-tarek-jani-appele-a-la-rescousse-de-lequipe-ghaneenne-des-hearts-of-oak\/#breadcrumb\",\"itemListElement\":[{\"@type\":\"ListItem\",\"position\":1,\"name\":\"Accueil\",\"item\":\"https:\/\/kapitalis.com\/tunisie\/\"},{\"@type\":\"ListItem\",\"position\":2,\"name\":\"Le Tunisien Tarek Jani appel\u00e9 \u00e0 la rescousse de l\u2019\u00e9quipe ghan\u00e9enne des Hearts of Oak\"}]},{\"@type\":\"WebSite\",\"@id\":\"https:\/\/kapitalis.com\/tunisie\/#website\",\"url\":\"https:\/\/kapitalis.com\/tunisie\/\",\"name\":\"Kapitalis\",\"description\":\"L&#039;actualit\u00e9 en Tunisie et dans le monde\",\"publisher\":{\"@id\":\"https:\/\/kapitalis.com\/tunisie\/#organization\"},\"potentialAction\":[{\"@type\":\"SearchAction\",\"target\":{\"@type\":\"EntryPoint\",\"urlTemplate\":\"https:\/\/kapitalis.com\/tunisie\/?s={search_term_string}\"},\"query-input\":{\"@type\":\"PropertyValueSpecification\",\"valueRequired\":true,\"valueName\":\"search_term_string\"}}],\"inLanguage\":\"fr-FR\"},{\"@type\":\"Organization\",\"@id\":\"https:\/\/kapitalis.com\/tunisie\/#organization\",\"name\":\"Kapitalis\",\"url\":\"https:\/\/kapitalis.com\/tunisie\/\",\"logo\":{\"@type\":\"ImageObject\",\"inLanguage\":\"fr-FR\",\"@id\":\"https:\/\/kapitalis.com\/tunisie\/#\/schema\/logo\/image\/\",\"url\":\"https:\/\/kapitalis.com\/tunisie\/wp-content\/uploads\/2022\/05\/Kapitalis-big-size.png\",\"contentUrl\":\"https:\/\/kapitalis.com\/tunisie\/wp-content\/uploads\/2022\/05\/Kapitalis-big-size.png\",\"width\":5000,\"height\":1500,\"caption\":\"Kapitalis\"},\"image\":{\"@id\":\"https:\/\/kapitalis.com\/tunisie\/#\/schema\/logo\/image\/\"},\"sameAs\":[\"https:\/\/www.facebook.com\/KapitalisInfo\/\",\"https:\/\/x.com\/KapitalisInfo\",\"https:\/\/www.youtube.com\/channel\/UC-yDYrHyfFBWWZaOw3FPg9Q\"]},{\"@type\":\"Person\",\"@id\":\"https:\/\/kapitalis.com\/tunisie\/#\/schema\/person\/48fdbea283a929dd284e69d21e31a3d1\",\"name\":\"Moncef Dhambri\",\"url\":\"https:\/\/kapitalis.com\/tunisie\/author\/moncef\/\"}]}<\/script>\n<!-- \/ Yoast SEO plugin. -->","yoast_head_json":{"title":"Le Tunisien Tarek Jani appel\u00e9 \u00e0 la rescousse de l\u2019\u00e9quipe ghan\u00e9enne des Hearts of Oak - Kapitalis","robots":{"index":"index","follow":"follow","max-snippet":"max-snippet:-1","max-image-preview":"max-image-preview:large","max-video-preview":"max-video-preview:-1"},"canonical":"https:\/\/kapitalis.com\/tunisie\/2020\/01\/02\/le-tunisien-tarek-jani-appele-a-la-rescousse-de-lequipe-ghaneenne-des-hearts-of-oak\/","og_locale":"fr_FR","og_type":"article","og_title":"Le Tunisien Tarek Jani appel\u00e9 \u00e0 la rescousse de l\u2019\u00e9quipe ghan\u00e9enne des Hearts of Oak - Kapitalis","og_description":"L\u2019ancien coach de l\u2019\u00e9quipe ivoirienne du FC San Pedro, le Tunisiens Tarek Jani, a exprim\u00e9 \u00abun tr\u00e8s grand int\u00e9r\u00eat\u00bb \u00e0 assumer la direction technique du club ghan\u00e9en Hearts of Oak, qui traverse actuellement une mauvaise passe. Les n\u00e9gociations de cette prise en charge seraient bien avanc\u00e9es\u2026","og_url":"https:\/\/kapitalis.com\/tunisie\/2020\/01\/02\/le-tunisien-tarek-jani-appele-a-la-rescousse-de-lequipe-ghaneenne-des-hearts-of-oak\/","og_site_name":"Kapitalis","article_publisher":"https:\/\/www.facebook.com\/KapitalisInfo\/","article_published_time":"2020-01-02T12:07:09+00:00","article_modified_time":"2020-01-02T12:08:40+00:00","og_image":[{"width":1200,"height":630,"url":"https:\/\/kapitalis.com\/tunisie\/wp-content\/uploads\/2022\/05\/kapitalis-logo-fb.png","type":"image\/png"}],"author":"Moncef Dhambri","twitter_card":"summary_large_image","twitter_creator":"@KapitalisInfo","twitter_site":"@KapitalisInfo","twitter_misc":{"\u00c9crit par":"Moncef Dhambri","Dur\u00e9e de lecture estim\u00e9e":"1 minute"},"schema":{"@context":"https:\/\/schema.org","@graph":[{"@type":"Article","@id":"https:\/\/kapitalis.com\/tunisie\/2020\/01\/02\/le-tunisien-tarek-jani-appele-a-la-rescousse-de-lequipe-ghaneenne-des-hearts-of-oak\/#article","isPartOf":{"@id":"https:\/\/kapitalis.com\/tunisie\/2020\/01\/02\/le-tunisien-tarek-jani-appele-a-la-rescousse-de-lequipe-ghaneenne-des-hearts-of-oak\/"},"author":{"name":"Moncef Dhambri","@id":"https:\/\/kapitalis.com\/tunisie\/#\/schema\/person\/48fdbea283a929dd284e69d21e31a3d1"},"headline":"Le Tunisien Tarek Jani appel\u00e9 \u00e0 la rescousse de l\u2019\u00e9quipe ghan\u00e9enne des Hearts of Oak","datePublished":"2020-01-02T12:07:09+00:00","dateModified":"2020-01-02T12:08:40+00:00","mainEntityOfPage":{"@id":"https:\/\/kapitalis.com\/tunisie\/2020\/01\/02\/le-tunisien-tarek-jani-appele-a-la-rescousse-de-lequipe-ghaneenne-des-hearts-of-oak\/"},"wordCount":234,"commentCount":0,"publisher":{"@id":"https:\/\/kapitalis.com\/tunisie\/#organization"},"image":{"@id":"https:\/\/kapitalis.com\/tunisie\/2020\/01\/02\/le-tunisien-tarek-jani-appele-a-la-rescousse-de-lequipe-ghaneenne-des-hearts-of-oak\/#primaryimage"},"thumbnailUrl":"","keywords":["Asante Kotoko","CAF"],"articleSection":["SPORT","Tunisie"],"inLanguage":"fr-FR","potentialAction":[{"@type":"CommentAction","name":"Comment","target":["https:\/\/kapitalis.com\/tunisie\/2020\/01\/02\/le-tunisien-tarek-jani-appele-a-la-rescousse-de-lequipe-ghaneenne-des-hearts-of-oak\/#respond"]}]},{"@type":"WebPage","@id":"https:\/\/kapitalis.com\/tunisie\/2020\/01\/02\/le-tunisien-tarek-jani-appele-a-la-rescousse-de-lequipe-ghaneenne-des-hearts-of-oak\/","url":"https:\/\/kapitalis.com\/tunisie\/2020\/01\/02\/le-tunisien-tarek-jani-appele-a-la-rescousse-de-lequipe-ghaneenne-des-hearts-of-oak\/","name":"Le Tunisien Tarek Jani appel\u00e9 \u00e0 la rescousse de l\u2019\u00e9quipe ghan\u00e9enne des Hearts of Oak - Kapitalis","isPartOf":{"@id":"https:\/\/kapitalis.com\/tunisie\/#website"},"primaryImageOfPage":{"@id":"https:\/\/kapitalis.com\/tunisie\/2020\/01\/02\/le-tunisien-tarek-jani-appele-a-la-rescousse-de-lequipe-ghaneenne-des-hearts-of-oak\/#primaryimage"},"image":{"@id":"https:\/\/kapitalis.com\/tunisie\/2020\/01\/02\/le-tunisien-tarek-jani-appele-a-la-rescousse-de-lequipe-ghaneenne-des-hearts-of-oak\/#primaryimage"},"thumbnailUrl":"","datePublished":"2020-01-02T12:07:09+00:00","dateModified":"2020-01-02T12:08:40+00:00","breadcrumb":{"@id":"https:\/\/kapitalis.com\/tunisie\/2020\/01\/02\/le-tunisien-tarek-jani-appele-a-la-rescousse-de-lequipe-ghaneenne-des-hearts-of-oak\/#breadcrumb"},"inLanguage":"fr-FR","potentialAction":[{"@type":"ReadAction","target":["https:\/\/kapitalis.com\/tunisie\/2020\/01\/02\/le-tunisien-tarek-jani-appele-a-la-rescousse-de-lequipe-ghaneenne-des-hearts-of-oak\/"]}]},{"@type":"ImageObject","inLanguage":"fr-FR","@id":"https:\/\/kapitalis.com\/tunisie\/2020\/01\/02\/le-tunisien-tarek-jani-appele-a-la-rescousse-de-lequipe-ghaneenne-des-hearts-of-oak\/#primaryimage","url":"","contentUrl":""},{"@type":"BreadcrumbList","@id":"https:\/\/kapitalis.com\/tunisie\/2020\/01\/02\/le-tunisien-tarek-jani-appele-a-la-rescousse-de-lequipe-ghaneenne-des-hearts-of-oak\/#breadcrumb","itemListElement":[{"@type":"ListItem","position":1,"name":"Accueil","item":"https:\/\/kapitalis.com\/tunisie\/"},{"@type":"ListItem","position":2,"name":"Le Tunisien Tarek Jani appel\u00e9 \u00e0 la rescousse de l\u2019\u00e9quipe ghan\u00e9enne des Hearts of Oak"}]},{"@type":"WebSite","@id":"https:\/\/kapitalis.com\/tunisie\/#website","url":"https:\/\/kapitalis.com\/tunisie\/","name":"Kapitalis","description":"L&#039;actualit\u00e9 en Tunisie et dans le monde","publisher":{"@id":"https:\/\/kapitalis.com\/tunisie\/#organization"},"potentialAction":[{"@type":"SearchAction","target":{"@type":"EntryPoint","urlTemplate":"https:\/\/kapitalis.com\/tunisie\/?s={search_term_string}"},"query-input":{"@type":"PropertyValueSpecification","valueRequired":true,"valueName":"search_term_string"}}],"inLanguage":"fr-FR"},{"@type":"Organization","@id":"https:\/\/kapitalis.com\/tunisie\/#organization","name":"Kapitalis","url":"https:\/\/kapitalis.com\/tunisie\/","logo":{"@type":"ImageObject","inLanguage":"fr-FR","@id":"https:\/\/kapitalis.com\/tunisie\/#\/schema\/logo\/image\/","url":"https:\/\/kapitalis.com\/tunisie\/wp-content\/uploads\/2022\/05\/Kapitalis-big-size.png","contentUrl":"https:\/\/kapitalis.com\/tunisie\/wp-content\/uploads\/2022\/05\/Kapitalis-big-size.png","width":5000,"height":1500,"caption":"Kapitalis"},"image":{"@id":"https:\/\/kapitalis.com\/tunisie\/#\/schema\/logo\/image\/"},"sameAs":["https:\/\/www.facebook.com\/KapitalisInfo\/","https:\/\/x.com\/KapitalisInfo","https:\/\/www.youtube.com\/channel\/UC-yDYrHyfFBWWZaOw3FPg9Q"]},{"@type":"Person","@id":"https:\/\/kapitalis.com\/tunisie\/#\/schema\/person\/48fdbea283a929dd284e69d21e31a3d1","name":"Moncef Dhambri","url":"https:\/\/kapitalis.com\/tunisie\/author\/moncef\/"}]}},"_links":{"self":[{"href":"https:\/\/kapitalis.com\/tunisie\/wp-json\/wp\/v2\/posts\/269427","targetHints":{"allow":["GET"]}}],"collection":[{"href":"https:\/\/kapitalis.com\/tunisie\/wp-json\/wp\/v2\/posts"}],"about":[{"href":"https:\/\/kapitalis.com\/tunisie\/wp-json\/wp\/v2\/types\/post"}],"author":[{"embeddable":true,"href":"https:\/\/kapitalis.com\/tunisie\/wp-json\/wp\/v2\/users\/25"}],"replies":[{"embeddable":true,"href":"https:\/\/kapitalis.com\/tunisie\/wp-json\/wp\/v2\/comments?post=269427"}],"version-history":[{"count":0,"href":"https:\/\/kapitalis.com\/tunisie\/wp-json\/wp\/v2\/posts\/269427\/revisions"}],"wp:featuredmedia":[{"embeddable":true,"href":"https:\/\/kapitalis.com\/tunisie\/wp-json\/wp\/v2\/media\/269453"}],"wp:attachment":[{"href":"https:\/\/kapitalis.com\/tunisie\/wp-json\/wp\/v2\/media?parent=269427"}],"wp:term":[{"taxonomy":"category","embeddable":true,"href":"https:\/\/kapitalis.com\/tunisie\/wp-json\/wp\/v2\/categories?post=269427"},{"taxonomy":"post_tag","embeddable":true,"href":"https:\/\/kapitalis.com\/tunisie\/wp-json\/wp\/v2\/tags?post=269427"}],"curies":[{"name":"wp","href":"https:\/\/api.w.org\/{rel}","templated":true}]}}