{"id":2701328,"date":"2022-08-01T17:40:13","date_gmt":"2022-08-01T16:40:13","guid":{"rendered":"https:\/\/kapitalis.com\/tunisie\/?p=2701328"},"modified":"2022-08-01T17:46:05","modified_gmt":"2022-08-01T16:46:05","slug":"djerba-la-protection-civile-et-la-garde-maritime-poursuivent-les-recherches-pour-retrouver-lhomme-tombe-du-ferry","status":"publish","type":"post","link":"https:\/\/kapitalis.com\/tunisie\/2022\/08\/01\/djerba-la-protection-civile-et-la-garde-maritime-poursuivent-les-recherches-pour-retrouver-lhomme-tombe-du-ferry\/","title":{"rendered":"Djerba : La protection civile et la garde maritime poursuivent les recherches pour retrouver l&rsquo;homme tomb\u00e9 du ferry"},"content":{"rendered":"\n<p><strong><em>La protection civile aid\u00e9e par les \u00e9quipes de plong\u00e9e de la garde maritime de M\u00e9denine poursuivent les recherches, ce lundi 1er ao\u00fbt 2022, pour retrouver l&rsquo;homme tomb\u00e9 en mer, hier, lors du trajet en ferry vers l\u2019\u00eele de Djerba.<\/em><\/strong><\/p>\n\n\n\n<!--more-->\n\n\n\n<p>C&rsquo;est ce qu&rsquo;a indiqu\u00e9 la Direction g\u00e9n\u00e9rale de la protection civile, en pr\u00e9cisant que les circonstances de la chute du jeune \u00e2g\u00e9 d\u2019une vingtaine d\u2019ann\u00e9es, sont pour l&rsquo;heure, m\u00e9connues.<\/p>\n\n\n\n<p>Rappelons que le trafic des ferries a \u00e9t\u00e9 bloqu\u00e9 pendant des heures, hier matin, et n&rsquo;a finalement repris qu&rsquo;\u00e0 13 heures, sachant que trois bacs suppl\u00e9mentaires ont \u00e9t\u00e9 mis \u00e0 disposition des automobilistes \u00e0 leur arriv\u00e9e \u00e0 Djerba.<\/p>\n\n\n\n<p class=\"has-text-align-right\"><strong>Y. N.<\/strong><\/p>\n","protected":false},"excerpt":{"rendered":"<p>Djerba : La protection civile et la garde maritime poursuivent les recherches pour retrouver l&rsquo;homme tomb\u00e9 du ferry<\/p>\n","protected":false},"author":6,"featured_media":2701652,"comment_status":"open","ping_status":"open","sticky":false,"template":"","format":"standard","meta":{"footnotes":""},"categories":[998,2433],"tags":[284,409,78056,101760,754,62643],"class_list":["post-2701328","post","type-post","status-publish","format-standard","has-post-thumbnail","hentry","category-societe","category-tunisie","tag-djerba","tag-garde-maritime","tag-medenine-2","tag-plongeurs","tag-protection-civile","tag-tunisie"],"yoast_head":"<!-- This site is optimized with the Yoast SEO plugin v26.6 - https:\/\/yoast.com\/wordpress\/plugins\/seo\/ -->\n<title>Djerba : La protection civile et la garde maritime poursuivent les recherches pour retrouver l&#039;homme tomb\u00e9 du ferry - Kapitalis<\/title>\n<meta name=\"description\" content=\"La protection civile aid\u00e9e par les \u00e9quipes de plong\u00e9e de la garde maritime de M\u00e9denine poursuivent les recherches, ce lundi 1er ao\u00fbt 2022, pour retrouver l&#039;homme tomb\u00e9 en mer, hier, lors du trajet en ferry vers l\u2019\u00eele de Djerba.\" \/>\n<meta name=\"robots\" content=\"index, follow, max-snippet:-1, max-image-preview:large, max-video-preview:-1\" \/>\n<link rel=\"canonical\" href=\"https:\/\/kapitalis.com\/tunisie\/2022\/08\/01\/djerba-la-protection-civile-et-la-garde-maritime-poursuivent-les-recherches-pour-retrouver-lhomme-tombe-du-ferry\/\" \/>\n<meta property=\"og:locale\" content=\"fr_FR\" \/>\n<meta property=\"og:type\" content=\"article\" \/>\n<meta property=\"og:title\" content=\"Djerba : La protection civile et la garde maritime poursuivent les recherches pour retrouver l&#039;homme tomb\u00e9 du ferry - Kapitalis\" \/>\n<meta property=\"og:description\" content=\"La protection civile aid\u00e9e par les \u00e9quipes de plong\u00e9e de la garde maritime de M\u00e9denine poursuivent les recherches, ce lundi 1er ao\u00fbt 2022, pour retrouver l&#039;homme tomb\u00e9 en mer, hier, lors du trajet en ferry vers l\u2019\u00eele de Djerba.\" \/>\n<meta property=\"og:url\" content=\"https:\/\/kapitalis.com\/tunisie\/2022\/08\/01\/djerba-la-protection-civile-et-la-garde-maritime-poursuivent-les-recherches-pour-retrouver-lhomme-tombe-du-ferry\/\" \/>\n<meta property=\"og:site_name\" content=\"Kapitalis\" \/>\n<meta property=\"article:publisher\" content=\"https:\/\/www.facebook.com\/KapitalisInfo\/\" \/>\n<meta property=\"article:published_time\" content=\"2022-08-01T16:40:13+00:00\" \/>\n<meta property=\"article:modified_time\" content=\"2022-08-01T16:46:05+00:00\" \/>\n<meta property=\"og:image\" content=\"https:\/\/kapitalis.com\/tunisie\/wp-content\/uploads\/2022\/08\/homme-tombe-mer-ferry.jpg\" \/>\n\t<meta property=\"og:image:width\" content=\"1200\" \/>\n\t<meta property=\"og:image:height\" content=\"630\" \/>\n\t<meta property=\"og:image:type\" content=\"image\/jpeg\" \/>\n<meta name=\"author\" content=\"Yusra NY\" \/>\n<meta name=\"twitter:card\" content=\"summary_large_image\" \/>\n<meta name=\"twitter:creator\" content=\"@KapitalisInfo\" \/>\n<meta name=\"twitter:site\" content=\"@KapitalisInfo\" \/>\n<meta name=\"twitter:label1\" content=\"\u00c9crit par\" \/>\n\t<meta name=\"twitter:data1\" content=\"Yusra NY\" \/>\n\t<meta name=\"twitter:label2\" content=\"Dur\u00e9e de lecture estim\u00e9e\" \/>\n\t<meta name=\"twitter:data2\" content=\"1 minute\" \/>\n<script type=\"application\/ld+json\" class=\"yoast-schema-graph\">{\"@context\":\"https:\/\/schema.org\",\"@graph\":[{\"@type\":\"Article\",\"@id\":\"https:\/\/kapitalis.com\/tunisie\/2022\/08\/01\/djerba-la-protection-civile-et-la-garde-maritime-poursuivent-les-recherches-pour-retrouver-lhomme-tombe-du-ferry\/#article\",\"isPartOf\":{\"@id\":\"https:\/\/kapitalis.com\/tunisie\/2022\/08\/01\/djerba-la-protection-civile-et-la-garde-maritime-poursuivent-les-recherches-pour-retrouver-lhomme-tombe-du-ferry\/\"},\"author\":{\"name\":\"Yusra NY\",\"@id\":\"https:\/\/kapitalis.com\/tunisie\/#\/schema\/person\/74bbde0154d49d790a92aaeac5bc01d5\"},\"headline\":\"Djerba : La protection civile et la garde maritime poursuivent les recherches pour retrouver l&rsquo;homme tomb\u00e9 du ferry\",\"datePublished\":\"2022-08-01T16:40:13+00:00\",\"dateModified\":\"2022-08-01T16:46:05+00:00\",\"mainEntityOfPage\":{\"@id\":\"https:\/\/kapitalis.com\/tunisie\/2022\/08\/01\/djerba-la-protection-civile-et-la-garde-maritime-poursuivent-les-recherches-pour-retrouver-lhomme-tombe-du-ferry\/\"},\"wordCount\":134,\"commentCount\":0,\"publisher\":{\"@id\":\"https:\/\/kapitalis.com\/tunisie\/#organization\"},\"image\":{\"@id\":\"https:\/\/kapitalis.com\/tunisie\/2022\/08\/01\/djerba-la-protection-civile-et-la-garde-maritime-poursuivent-les-recherches-pour-retrouver-lhomme-tombe-du-ferry\/#primaryimage\"},\"thumbnailUrl\":\"https:\/\/kapitalis.com\/tunisie\/wp-content\/uploads\/2022\/08\/homme-tombe-mer-ferry.jpg\",\"keywords\":[\"Djerba\",\"garde maritime\",\"M\u00e9denine\",\"plongeurs\",\"protection civile\",\"Tunisie\"],\"articleSection\":[\"SOCIETE\",\"Tunisie\"],\"inLanguage\":\"fr-FR\",\"potentialAction\":[{\"@type\":\"CommentAction\",\"name\":\"Comment\",\"target\":[\"https:\/\/kapitalis.com\/tunisie\/2022\/08\/01\/djerba-la-protection-civile-et-la-garde-maritime-poursuivent-les-recherches-pour-retrouver-lhomme-tombe-du-ferry\/#respond\"]}]},{\"@type\":\"WebPage\",\"@id\":\"https:\/\/kapitalis.com\/tunisie\/2022\/08\/01\/djerba-la-protection-civile-et-la-garde-maritime-poursuivent-les-recherches-pour-retrouver-lhomme-tombe-du-ferry\/\",\"url\":\"https:\/\/kapitalis.com\/tunisie\/2022\/08\/01\/djerba-la-protection-civile-et-la-garde-maritime-poursuivent-les-recherches-pour-retrouver-lhomme-tombe-du-ferry\/\",\"name\":\"Djerba : La protection civile et la garde maritime poursuivent les recherches pour retrouver l'homme tomb\u00e9 du ferry - Kapitalis\",\"isPartOf\":{\"@id\":\"https:\/\/kapitalis.com\/tunisie\/#website\"},\"primaryImageOfPage\":{\"@id\":\"https:\/\/kapitalis.com\/tunisie\/2022\/08\/01\/djerba-la-protection-civile-et-la-garde-maritime-poursuivent-les-recherches-pour-retrouver-lhomme-tombe-du-ferry\/#primaryimage\"},\"image\":{\"@id\":\"https:\/\/kapitalis.com\/tunisie\/2022\/08\/01\/djerba-la-protection-civile-et-la-garde-maritime-poursuivent-les-recherches-pour-retrouver-lhomme-tombe-du-ferry\/#primaryimage\"},\"thumbnailUrl\":\"https:\/\/kapitalis.com\/tunisie\/wp-content\/uploads\/2022\/08\/homme-tombe-mer-ferry.jpg\",\"datePublished\":\"2022-08-01T16:40:13+00:00\",\"dateModified\":\"2022-08-01T16:46:05+00:00\",\"description\":\"La protection civile aid\u00e9e par les \u00e9quipes de plong\u00e9e de la garde maritime de M\u00e9denine poursuivent les recherches, ce lundi 1er ao\u00fbt 2022, pour retrouver l'homme tomb\u00e9 en mer, hier, lors du trajet en ferry vers l\u2019\u00eele de Djerba.\",\"breadcrumb\":{\"@id\":\"https:\/\/kapitalis.com\/tunisie\/2022\/08\/01\/djerba-la-protection-civile-et-la-garde-maritime-poursuivent-les-recherches-pour-retrouver-lhomme-tombe-du-ferry\/#breadcrumb\"},\"inLanguage\":\"fr-FR\",\"potentialAction\":[{\"@type\":\"ReadAction\",\"target\":[\"https:\/\/kapitalis.com\/tunisie\/2022\/08\/01\/djerba-la-protection-civile-et-la-garde-maritime-poursuivent-les-recherches-pour-retrouver-lhomme-tombe-du-ferry\/\"]}]},{\"@type\":\"ImageObject\",\"inLanguage\":\"fr-FR\",\"@id\":\"https:\/\/kapitalis.com\/tunisie\/2022\/08\/01\/djerba-la-protection-civile-et-la-garde-maritime-poursuivent-les-recherches-pour-retrouver-lhomme-tombe-du-ferry\/#primaryimage\",\"url\":\"https:\/\/kapitalis.com\/tunisie\/wp-content\/uploads\/2022\/08\/homme-tombe-mer-ferry.jpg\",\"contentUrl\":\"https:\/\/kapitalis.com\/tunisie\/wp-content\/uploads\/2022\/08\/homme-tombe-mer-ferry.jpg\",\"width\":1200,\"height\":630},{\"@type\":\"BreadcrumbList\",\"@id\":\"https:\/\/kapitalis.com\/tunisie\/2022\/08\/01\/djerba-la-protection-civile-et-la-garde-maritime-poursuivent-les-recherches-pour-retrouver-lhomme-tombe-du-ferry\/#breadcrumb\",\"itemListElement\":[{\"@type\":\"ListItem\",\"position\":1,\"name\":\"Accueil\",\"item\":\"https:\/\/kapitalis.com\/tunisie\/\"},{\"@type\":\"ListItem\",\"position\":2,\"name\":\"Djerba : La protection civile et la garde maritime poursuivent les recherches pour retrouver l&rsquo;homme tomb\u00e9 du ferry\"}]},{\"@type\":\"WebSite\",\"@id\":\"https:\/\/kapitalis.com\/tunisie\/#website\",\"url\":\"https:\/\/kapitalis.com\/tunisie\/\",\"name\":\"Kapitalis\",\"description\":\"L&#039;actualit\u00e9 en Tunisie et dans le monde\",\"publisher\":{\"@id\":\"https:\/\/kapitalis.com\/tunisie\/#organization\"},\"potentialAction\":[{\"@type\":\"SearchAction\",\"target\":{\"@type\":\"EntryPoint\",\"urlTemplate\":\"https:\/\/kapitalis.com\/tunisie\/?s={search_term_string}\"},\"query-input\":{\"@type\":\"PropertyValueSpecification\",\"valueRequired\":true,\"valueName\":\"search_term_string\"}}],\"inLanguage\":\"fr-FR\"},{\"@type\":\"Organization\",\"@id\":\"https:\/\/kapitalis.com\/tunisie\/#organization\",\"name\":\"Kapitalis\",\"url\":\"https:\/\/kapitalis.com\/tunisie\/\",\"logo\":{\"@type\":\"ImageObject\",\"inLanguage\":\"fr-FR\",\"@id\":\"https:\/\/kapitalis.com\/tunisie\/#\/schema\/logo\/image\/\",\"url\":\"https:\/\/kapitalis.com\/tunisie\/wp-content\/uploads\/2022\/05\/Kapitalis-big-size.png\",\"contentUrl\":\"https:\/\/kapitalis.com\/tunisie\/wp-content\/uploads\/2022\/05\/Kapitalis-big-size.png\",\"width\":5000,\"height\":1500,\"caption\":\"Kapitalis\"},\"image\":{\"@id\":\"https:\/\/kapitalis.com\/tunisie\/#\/schema\/logo\/image\/\"},\"sameAs\":[\"https:\/\/www.facebook.com\/KapitalisInfo\/\",\"https:\/\/x.com\/KapitalisInfo\",\"https:\/\/www.youtube.com\/channel\/UC-yDYrHyfFBWWZaOw3FPg9Q\"]},{\"@type\":\"Person\",\"@id\":\"https:\/\/kapitalis.com\/tunisie\/#\/schema\/person\/74bbde0154d49d790a92aaeac5bc01d5\",\"name\":\"Yusra NY\",\"url\":\"https:\/\/kapitalis.com\/tunisie\/author\/yuza_adam\/\"}]}<\/script>\n<!-- \/ Yoast SEO plugin. -->","yoast_head_json":{"title":"Djerba : La protection civile et la garde maritime poursuivent les recherches pour retrouver l'homme tomb\u00e9 du ferry - Kapitalis","description":"La protection civile aid\u00e9e par les \u00e9quipes de plong\u00e9e de la garde maritime de M\u00e9denine poursuivent les recherches, ce lundi 1er ao\u00fbt 2022, pour retrouver l'homme tomb\u00e9 en mer, hier, lors du trajet en ferry vers l\u2019\u00eele de Djerba.","robots":{"index":"index","follow":"follow","max-snippet":"max-snippet:-1","max-image-preview":"max-image-preview:large","max-video-preview":"max-video-preview:-1"},"canonical":"https:\/\/kapitalis.com\/tunisie\/2022\/08\/01\/djerba-la-protection-civile-et-la-garde-maritime-poursuivent-les-recherches-pour-retrouver-lhomme-tombe-du-ferry\/","og_locale":"fr_FR","og_type":"article","og_title":"Djerba : La protection civile et la garde maritime poursuivent les recherches pour retrouver l'homme tomb\u00e9 du ferry - Kapitalis","og_description":"La protection civile aid\u00e9e par les \u00e9quipes de plong\u00e9e de la garde maritime de M\u00e9denine poursuivent les recherches, ce lundi 1er ao\u00fbt 2022, pour retrouver l'homme tomb\u00e9 en mer, hier, lors du trajet en ferry vers l\u2019\u00eele de Djerba.","og_url":"https:\/\/kapitalis.com\/tunisie\/2022\/08\/01\/djerba-la-protection-civile-et-la-garde-maritime-poursuivent-les-recherches-pour-retrouver-lhomme-tombe-du-ferry\/","og_site_name":"Kapitalis","article_publisher":"https:\/\/www.facebook.com\/KapitalisInfo\/","article_published_time":"2022-08-01T16:40:13+00:00","article_modified_time":"2022-08-01T16:46:05+00:00","og_image":[{"width":1200,"height":630,"url":"https:\/\/kapitalis.com\/tunisie\/wp-content\/uploads\/2022\/08\/homme-tombe-mer-ferry.jpg","type":"image\/jpeg"}],"author":"Yusra NY","twitter_card":"summary_large_image","twitter_creator":"@KapitalisInfo","twitter_site":"@KapitalisInfo","twitter_misc":{"\u00c9crit par":"Yusra NY","Dur\u00e9e de lecture estim\u00e9e":"1 minute"},"schema":{"@context":"https:\/\/schema.org","@graph":[{"@type":"Article","@id":"https:\/\/kapitalis.com\/tunisie\/2022\/08\/01\/djerba-la-protection-civile-et-la-garde-maritime-poursuivent-les-recherches-pour-retrouver-lhomme-tombe-du-ferry\/#article","isPartOf":{"@id":"https:\/\/kapitalis.com\/tunisie\/2022\/08\/01\/djerba-la-protection-civile-et-la-garde-maritime-poursuivent-les-recherches-pour-retrouver-lhomme-tombe-du-ferry\/"},"author":{"name":"Yusra NY","@id":"https:\/\/kapitalis.com\/tunisie\/#\/schema\/person\/74bbde0154d49d790a92aaeac5bc01d5"},"headline":"Djerba : La protection civile et la garde maritime poursuivent les recherches pour retrouver l&rsquo;homme tomb\u00e9 du ferry","datePublished":"2022-08-01T16:40:13+00:00","dateModified":"2022-08-01T16:46:05+00:00","mainEntityOfPage":{"@id":"https:\/\/kapitalis.com\/tunisie\/2022\/08\/01\/djerba-la-protection-civile-et-la-garde-maritime-poursuivent-les-recherches-pour-retrouver-lhomme-tombe-du-ferry\/"},"wordCount":134,"commentCount":0,"publisher":{"@id":"https:\/\/kapitalis.com\/tunisie\/#organization"},"image":{"@id":"https:\/\/kapitalis.com\/tunisie\/2022\/08\/01\/djerba-la-protection-civile-et-la-garde-maritime-poursuivent-les-recherches-pour-retrouver-lhomme-tombe-du-ferry\/#primaryimage"},"thumbnailUrl":"https:\/\/kapitalis.com\/tunisie\/wp-content\/uploads\/2022\/08\/homme-tombe-mer-ferry.jpg","keywords":["Djerba","garde maritime","M\u00e9denine","plongeurs","protection civile","Tunisie"],"articleSection":["SOCIETE","Tunisie"],"inLanguage":"fr-FR","potentialAction":[{"@type":"CommentAction","name":"Comment","target":["https:\/\/kapitalis.com\/tunisie\/2022\/08\/01\/djerba-la-protection-civile-et-la-garde-maritime-poursuivent-les-recherches-pour-retrouver-lhomme-tombe-du-ferry\/#respond"]}]},{"@type":"WebPage","@id":"https:\/\/kapitalis.com\/tunisie\/2022\/08\/01\/djerba-la-protection-civile-et-la-garde-maritime-poursuivent-les-recherches-pour-retrouver-lhomme-tombe-du-ferry\/","url":"https:\/\/kapitalis.com\/tunisie\/2022\/08\/01\/djerba-la-protection-civile-et-la-garde-maritime-poursuivent-les-recherches-pour-retrouver-lhomme-tombe-du-ferry\/","name":"Djerba : La protection civile et la garde maritime poursuivent les recherches pour retrouver l'homme tomb\u00e9 du ferry - Kapitalis","isPartOf":{"@id":"https:\/\/kapitalis.com\/tunisie\/#website"},"primaryImageOfPage":{"@id":"https:\/\/kapitalis.com\/tunisie\/2022\/08\/01\/djerba-la-protection-civile-et-la-garde-maritime-poursuivent-les-recherches-pour-retrouver-lhomme-tombe-du-ferry\/#primaryimage"},"image":{"@id":"https:\/\/kapitalis.com\/tunisie\/2022\/08\/01\/djerba-la-protection-civile-et-la-garde-maritime-poursuivent-les-recherches-pour-retrouver-lhomme-tombe-du-ferry\/#primaryimage"},"thumbnailUrl":"https:\/\/kapitalis.com\/tunisie\/wp-content\/uploads\/2022\/08\/homme-tombe-mer-ferry.jpg","datePublished":"2022-08-01T16:40:13+00:00","dateModified":"2022-08-01T16:46:05+00:00","description":"La protection civile aid\u00e9e par les \u00e9quipes de plong\u00e9e de la garde maritime de M\u00e9denine poursuivent les recherches, ce lundi 1er ao\u00fbt 2022, pour retrouver l'homme tomb\u00e9 en mer, hier, lors du trajet en ferry vers l\u2019\u00eele de Djerba.","breadcrumb":{"@id":"https:\/\/kapitalis.com\/tunisie\/2022\/08\/01\/djerba-la-protection-civile-et-la-garde-maritime-poursuivent-les-recherches-pour-retrouver-lhomme-tombe-du-ferry\/#breadcrumb"},"inLanguage":"fr-FR","potentialAction":[{"@type":"ReadAction","target":["https:\/\/kapitalis.com\/tunisie\/2022\/08\/01\/djerba-la-protection-civile-et-la-garde-maritime-poursuivent-les-recherches-pour-retrouver-lhomme-tombe-du-ferry\/"]}]},{"@type":"ImageObject","inLanguage":"fr-FR","@id":"https:\/\/kapitalis.com\/tunisie\/2022\/08\/01\/djerba-la-protection-civile-et-la-garde-maritime-poursuivent-les-recherches-pour-retrouver-lhomme-tombe-du-ferry\/#primaryimage","url":"https:\/\/kapitalis.com\/tunisie\/wp-content\/uploads\/2022\/08\/homme-tombe-mer-ferry.jpg","contentUrl":"https:\/\/kapitalis.com\/tunisie\/wp-content\/uploads\/2022\/08\/homme-tombe-mer-ferry.jpg","width":1200,"height":630},{"@type":"BreadcrumbList","@id":"https:\/\/kapitalis.com\/tunisie\/2022\/08\/01\/djerba-la-protection-civile-et-la-garde-maritime-poursuivent-les-recherches-pour-retrouver-lhomme-tombe-du-ferry\/#breadcrumb","itemListElement":[{"@type":"ListItem","position":1,"name":"Accueil","item":"https:\/\/kapitalis.com\/tunisie\/"},{"@type":"ListItem","position":2,"name":"Djerba : La protection civile et la garde maritime poursuivent les recherches pour retrouver l&rsquo;homme tomb\u00e9 du ferry"}]},{"@type":"WebSite","@id":"https:\/\/kapitalis.com\/tunisie\/#website","url":"https:\/\/kapitalis.com\/tunisie\/","name":"Kapitalis","description":"L&#039;actualit\u00e9 en Tunisie et dans le monde","publisher":{"@id":"https:\/\/kapitalis.com\/tunisie\/#organization"},"potentialAction":[{"@type":"SearchAction","target":{"@type":"EntryPoint","urlTemplate":"https:\/\/kapitalis.com\/tunisie\/?s={search_term_string}"},"query-input":{"@type":"PropertyValueSpecification","valueRequired":true,"valueName":"search_term_string"}}],"inLanguage":"fr-FR"},{"@type":"Organization","@id":"https:\/\/kapitalis.com\/tunisie\/#organization","name":"Kapitalis","url":"https:\/\/kapitalis.com\/tunisie\/","logo":{"@type":"ImageObject","inLanguage":"fr-FR","@id":"https:\/\/kapitalis.com\/tunisie\/#\/schema\/logo\/image\/","url":"https:\/\/kapitalis.com\/tunisie\/wp-content\/uploads\/2022\/05\/Kapitalis-big-size.png","contentUrl":"https:\/\/kapitalis.com\/tunisie\/wp-content\/uploads\/2022\/05\/Kapitalis-big-size.png","width":5000,"height":1500,"caption":"Kapitalis"},"image":{"@id":"https:\/\/kapitalis.com\/tunisie\/#\/schema\/logo\/image\/"},"sameAs":["https:\/\/www.facebook.com\/KapitalisInfo\/","https:\/\/x.com\/KapitalisInfo","https:\/\/www.youtube.com\/channel\/UC-yDYrHyfFBWWZaOw3FPg9Q"]},{"@type":"Person","@id":"https:\/\/kapitalis.com\/tunisie\/#\/schema\/person\/74bbde0154d49d790a92aaeac5bc01d5","name":"Yusra NY","url":"https:\/\/kapitalis.com\/tunisie\/author\/yuza_adam\/"}]}},"_links":{"self":[{"href":"https:\/\/kapitalis.com\/tunisie\/wp-json\/wp\/v2\/posts\/2701328","targetHints":{"allow":["GET"]}}],"collection":[{"href":"https:\/\/kapitalis.com\/tunisie\/wp-json\/wp\/v2\/posts"}],"about":[{"href":"https:\/\/kapitalis.com\/tunisie\/wp-json\/wp\/v2\/types\/post"}],"author":[{"embeddable":true,"href":"https:\/\/kapitalis.com\/tunisie\/wp-json\/wp\/v2\/users\/6"}],"replies":[{"embeddable":true,"href":"https:\/\/kapitalis.com\/tunisie\/wp-json\/wp\/v2\/comments?post=2701328"}],"version-history":[{"count":0,"href":"https:\/\/kapitalis.com\/tunisie\/wp-json\/wp\/v2\/posts\/2701328\/revisions"}],"wp:featuredmedia":[{"embeddable":true,"href":"https:\/\/kapitalis.com\/tunisie\/wp-json\/wp\/v2\/media\/2701652"}],"wp:attachment":[{"href":"https:\/\/kapitalis.com\/tunisie\/wp-json\/wp\/v2\/media?parent=2701328"}],"wp:term":[{"taxonomy":"category","embeddable":true,"href":"https:\/\/kapitalis.com\/tunisie\/wp-json\/wp\/v2\/categories?post=2701328"},{"taxonomy":"post_tag","embeddable":true,"href":"https:\/\/kapitalis.com\/tunisie\/wp-json\/wp\/v2\/tags?post=2701328"}],"curies":[{"name":"wp","href":"https:\/\/api.w.org\/{rel}","templated":true}]}}