{"id":270241,"date":"2020-01-05T10:38:06","date_gmt":"2020-01-05T09:38:06","guid":{"rendered":"http:\/\/kapitalis.com\/tunisie\/?p=270241"},"modified":"2020-01-05T10:51:56","modified_gmt":"2020-01-05T09:51:56","slug":"ben-guerdane-arrestation-de-7-etrangers-pour-franchissement-irregulier-de-la-frontiere-tuniso-libyenne","status":"publish","type":"post","link":"https:\/\/kapitalis.com\/tunisie\/2020\/01\/05\/ben-guerdane-arrestation-de-7-etrangers-pour-franchissement-irregulier-de-la-frontiere-tuniso-libyenne\/","title":{"rendered":"Ben Guerdane : Arrestation de 7 \u00e9trangers pour franchissement irr\u00e9gulier de la fronti\u00e8re tuniso-libyenne"},"content":{"rendered":"\n<figure class=\"wp-block-image size-large\"><img decoding=\"async\" src=\"http:\/\/kapitalis.com\/tunisie\/wp-content\/uploads\/2015\/10\/BEN-GUERDANE1.jpg\" alt=\"\" class=\"wp-image-18059\"\/><\/figure>\n\n\n\n<p><strong><em>Le minist\u00e8re de l&rsquo;Int\u00e9rieur a annonc\u00e9 hier, samedi, 4 janvier 2020, via un communiqu\u00e9, l&rsquo;arrestation de 7 \u00e9trangers ayant tent\u00e9 de franchir clandestinement la fronti\u00e8re terrestre tuniso-libyenne.<\/em><\/strong><\/p>\n\n\n\n<!--more-->\n\n\n\n<p>Les 7 individus sont de diff\u00e9rentes nationalit\u00e9s africaines et ont \u00e9t\u00e9 interpell\u00e9s vendredi  par une patrouille de l\u2019unit\u00e9 de la Garde nationale des fronti\u00e8res terrestres \u00e0 Ben Guerdane (gouvernorat de M\u00e9denine).<\/p>\n\n\n\n<p>Le parquet a donc ordonn\u00e9 la garde \u00e0 vue de ces migrants clandestins et l\u2019engagement d&rsquo;une action en justice \u00e0 leur encontre pour  \u00ab<em>entr\u00e9e ill\u00e9gale sur le territoire tunisien<\/em>\u00bb.<\/p>\n\n\n\n<p>Notons que la patrouille de la Garde nationale avait arr\u00eat\u00e9, jeudi dernier, 7 autres \u00e9trangers ayant commis le m\u00eame d\u00e9lit.<\/p>\n\n\n\n<p>Rappelons que la Libye conna\u00eet actuellement une guerre civile opposant principalement le Gouvernement d&rsquo;entente nationale (GEN), pr\u00e9sid\u00e9 par Fayez Sarraj, et l&rsquo;Arm\u00e9e nationale libyenne (ANL), command\u00e9e par le g\u00e9n\u00e9ral Khalifa Haftar. Les violences en cours \u00e0 l&rsquo;ouest du pays poussent beaucoup d&rsquo;\u00e9trangers en situation irr\u00e9guli\u00e8re de fuir le pays vers la Tunisie voisine.  <\/p>\n\n\n\n<p class=\"has-text-align-right\"><strong>C. B. Y.<\/strong><\/p>\n\n\n\n<figure class=\"wp-block-embed-wordpress wp-block-embed is-type-wp-embed is-provider-kapitalis\"><div class=\"wp-block-embed__wrapper\">\n<blockquote class=\"wp-embedded-content\" data-secret=\"1aBTJ30oQC\"><a href=\"https:\/\/kapitalis.com\/tunisie\/2019\/12\/28\/guerre-en-libye-des-dizaines-de-milliers-de-refugies-devraient-debarquer-a-la-frontiere-tuniso-libyenne\/\">Guerre en Libye : Des dizaines de milliers de r\u00e9fugi\u00e9s devraient d\u00e9barquer \u00e0 la fronti\u00e8re tuniso-libyenne<\/a><\/blockquote><iframe loading=\"lazy\" class=\"wp-embedded-content\" sandbox=\"allow-scripts\" security=\"restricted\" style=\"position: absolute; clip: rect(1px, 1px, 1px, 1px);\" title=\"\u00ab\u00a0Guerre en Libye : Des dizaines de milliers de r\u00e9fugi\u00e9s devraient d\u00e9barquer \u00e0 la fronti\u00e8re tuniso-libyenne\u00a0\u00bb &#8212; Kapitalis\" src=\"https:\/\/kapitalis.com\/tunisie\/2019\/12\/28\/guerre-en-libye-des-dizaines-de-milliers-de-refugies-devraient-debarquer-a-la-frontiere-tuniso-libyenne\/embed\/#?secret=YIlz5qu8Rp#?secret=1aBTJ30oQC\" data-secret=\"1aBTJ30oQC\" width=\"600\" height=\"338\" frameborder=\"0\" marginwidth=\"0\" marginheight=\"0\" scrolling=\"no\"><\/iframe>\n<\/div><\/figure>\n","protected":false},"excerpt":{"rendered":"<p>Le minist\u00e8re de l&rsquo;Int\u00e9rieur a annonc\u00e9 hier, samedi, 4 janvier 2020, via un communiqu\u00e9, l&rsquo;arrestation de 7 \u00e9trangers ayant tent\u00e9 de franchir clandestinement la fronti\u00e8re terrestre tuniso-libyenne.<\/p>\n","protected":false},"author":24,"featured_media":0,"comment_status":"open","ping_status":"open","sticky":false,"template":"","format":"standard","meta":{"footnotes":""},"categories":[998,2433],"tags":[1818,72137,72138,72136],"class_list":["post-270241","post","type-post","status-publish","format-standard","hentry","category-societe","category-tunisie","tag-ben-guerdane","tag-entree-cladestine","tag-entree-illegale","tag-franchissement-irregulier-des-frontieres"],"yoast_head":"<!-- This site is optimized with the Yoast SEO plugin v26.6 - https:\/\/yoast.com\/wordpress\/plugins\/seo\/ -->\n<title>Ben Guerdane : Arrestation de 7 \u00e9trangers pour franchissement irr\u00e9gulier de la fronti\u00e8re tuniso-libyenne - Kapitalis<\/title>\n<meta name=\"robots\" content=\"index, follow, max-snippet:-1, max-image-preview:large, max-video-preview:-1\" \/>\n<link rel=\"canonical\" href=\"https:\/\/kapitalis.com\/tunisie\/2020\/01\/05\/ben-guerdane-arrestation-de-7-etrangers-pour-franchissement-irregulier-de-la-frontiere-tuniso-libyenne\/\" \/>\n<meta property=\"og:locale\" content=\"fr_FR\" \/>\n<meta property=\"og:type\" content=\"article\" \/>\n<meta property=\"og:title\" content=\"Ben Guerdane : Arrestation de 7 \u00e9trangers pour franchissement irr\u00e9gulier de la fronti\u00e8re tuniso-libyenne - Kapitalis\" \/>\n<meta property=\"og:description\" content=\"Le minist\u00e8re de l&rsquo;Int\u00e9rieur a annonc\u00e9 hier, samedi, 4 janvier 2020, via un communiqu\u00e9, l&rsquo;arrestation de 7 \u00e9trangers ayant tent\u00e9 de franchir clandestinement la fronti\u00e8re terrestre tuniso-libyenne.\" \/>\n<meta property=\"og:url\" content=\"https:\/\/kapitalis.com\/tunisie\/2020\/01\/05\/ben-guerdane-arrestation-de-7-etrangers-pour-franchissement-irregulier-de-la-frontiere-tuniso-libyenne\/\" \/>\n<meta property=\"og:site_name\" content=\"Kapitalis\" \/>\n<meta property=\"article:publisher\" content=\"https:\/\/www.facebook.com\/KapitalisInfo\/\" \/>\n<meta property=\"article:published_time\" content=\"2020-01-05T09:38:06+00:00\" \/>\n<meta property=\"article:modified_time\" content=\"2020-01-05T09:51:56+00:00\" \/>\n<meta property=\"og:image\" content=\"http:\/\/kapitalis.com\/tunisie\/wp-content\/uploads\/2015\/10\/BEN-GUERDANE1.jpg\" \/>\n<meta name=\"author\" content=\"Cherif Benyounes\" \/>\n<meta name=\"twitter:card\" content=\"summary_large_image\" \/>\n<meta name=\"twitter:creator\" content=\"@KapitalisInfo\" \/>\n<meta name=\"twitter:site\" content=\"@KapitalisInfo\" \/>\n<meta name=\"twitter:label1\" content=\"\u00c9crit par\" \/>\n\t<meta name=\"twitter:data1\" content=\"Cherif Benyounes\" \/>\n\t<meta name=\"twitter:label2\" content=\"Dur\u00e9e de lecture estim\u00e9e\" \/>\n\t<meta name=\"twitter:data2\" content=\"1 minute\" \/>\n<script type=\"application\/ld+json\" class=\"yoast-schema-graph\">{\"@context\":\"https:\/\/schema.org\",\"@graph\":[{\"@type\":\"Article\",\"@id\":\"https:\/\/kapitalis.com\/tunisie\/2020\/01\/05\/ben-guerdane-arrestation-de-7-etrangers-pour-franchissement-irregulier-de-la-frontiere-tuniso-libyenne\/#article\",\"isPartOf\":{\"@id\":\"https:\/\/kapitalis.com\/tunisie\/2020\/01\/05\/ben-guerdane-arrestation-de-7-etrangers-pour-franchissement-irregulier-de-la-frontiere-tuniso-libyenne\/\"},\"author\":{\"name\":\"Cherif Benyounes\",\"@id\":\"https:\/\/kapitalis.com\/tunisie\/#\/schema\/person\/b35b8d631961131107263178aeb8019e\"},\"headline\":\"Ben Guerdane : Arrestation de 7 \u00e9trangers pour franchissement irr\u00e9gulier de la fronti\u00e8re tuniso-libyenne\",\"datePublished\":\"2020-01-05T09:38:06+00:00\",\"dateModified\":\"2020-01-05T09:51:56+00:00\",\"mainEntityOfPage\":{\"@id\":\"https:\/\/kapitalis.com\/tunisie\/2020\/01\/05\/ben-guerdane-arrestation-de-7-etrangers-pour-franchissement-irregulier-de-la-frontiere-tuniso-libyenne\/\"},\"wordCount\":197,\"commentCount\":0,\"publisher\":{\"@id\":\"https:\/\/kapitalis.com\/tunisie\/#organization\"},\"image\":{\"@id\":\"https:\/\/kapitalis.com\/tunisie\/2020\/01\/05\/ben-guerdane-arrestation-de-7-etrangers-pour-franchissement-irregulier-de-la-frontiere-tuniso-libyenne\/#primaryimage\"},\"thumbnailUrl\":\"http:\/\/kapitalis.com\/tunisie\/wp-content\/uploads\/2015\/10\/BEN-GUERDANE1.jpg\",\"keywords\":[\"Ben Guerdane\",\"entr\u00e9e cladestine\",\"entr\u00e9e ill\u00e9gale\",\"franchissement irr\u00e9gulier des fronti\u00e8res\"],\"articleSection\":[\"SOCIETE\",\"Tunisie\"],\"inLanguage\":\"fr-FR\",\"potentialAction\":[{\"@type\":\"CommentAction\",\"name\":\"Comment\",\"target\":[\"https:\/\/kapitalis.com\/tunisie\/2020\/01\/05\/ben-guerdane-arrestation-de-7-etrangers-pour-franchissement-irregulier-de-la-frontiere-tuniso-libyenne\/#respond\"]}]},{\"@type\":\"WebPage\",\"@id\":\"https:\/\/kapitalis.com\/tunisie\/2020\/01\/05\/ben-guerdane-arrestation-de-7-etrangers-pour-franchissement-irregulier-de-la-frontiere-tuniso-libyenne\/\",\"url\":\"https:\/\/kapitalis.com\/tunisie\/2020\/01\/05\/ben-guerdane-arrestation-de-7-etrangers-pour-franchissement-irregulier-de-la-frontiere-tuniso-libyenne\/\",\"name\":\"Ben Guerdane : Arrestation de 7 \u00e9trangers pour franchissement irr\u00e9gulier de la fronti\u00e8re tuniso-libyenne - Kapitalis\",\"isPartOf\":{\"@id\":\"https:\/\/kapitalis.com\/tunisie\/#website\"},\"primaryImageOfPage\":{\"@id\":\"https:\/\/kapitalis.com\/tunisie\/2020\/01\/05\/ben-guerdane-arrestation-de-7-etrangers-pour-franchissement-irregulier-de-la-frontiere-tuniso-libyenne\/#primaryimage\"},\"image\":{\"@id\":\"https:\/\/kapitalis.com\/tunisie\/2020\/01\/05\/ben-guerdane-arrestation-de-7-etrangers-pour-franchissement-irregulier-de-la-frontiere-tuniso-libyenne\/#primaryimage\"},\"thumbnailUrl\":\"http:\/\/kapitalis.com\/tunisie\/wp-content\/uploads\/2015\/10\/BEN-GUERDANE1.jpg\",\"datePublished\":\"2020-01-05T09:38:06+00:00\",\"dateModified\":\"2020-01-05T09:51:56+00:00\",\"breadcrumb\":{\"@id\":\"https:\/\/kapitalis.com\/tunisie\/2020\/01\/05\/ben-guerdane-arrestation-de-7-etrangers-pour-franchissement-irregulier-de-la-frontiere-tuniso-libyenne\/#breadcrumb\"},\"inLanguage\":\"fr-FR\",\"potentialAction\":[{\"@type\":\"ReadAction\",\"target\":[\"https:\/\/kapitalis.com\/tunisie\/2020\/01\/05\/ben-guerdane-arrestation-de-7-etrangers-pour-franchissement-irregulier-de-la-frontiere-tuniso-libyenne\/\"]}]},{\"@type\":\"ImageObject\",\"inLanguage\":\"fr-FR\",\"@id\":\"https:\/\/kapitalis.com\/tunisie\/2020\/01\/05\/ben-guerdane-arrestation-de-7-etrangers-pour-franchissement-irregulier-de-la-frontiere-tuniso-libyenne\/#primaryimage\",\"url\":\"http:\/\/kapitalis.com\/tunisie\/wp-content\/uploads\/2015\/10\/BEN-GUERDANE1.jpg\",\"contentUrl\":\"http:\/\/kapitalis.com\/tunisie\/wp-content\/uploads\/2015\/10\/BEN-GUERDANE1.jpg\"},{\"@type\":\"BreadcrumbList\",\"@id\":\"https:\/\/kapitalis.com\/tunisie\/2020\/01\/05\/ben-guerdane-arrestation-de-7-etrangers-pour-franchissement-irregulier-de-la-frontiere-tuniso-libyenne\/#breadcrumb\",\"itemListElement\":[{\"@type\":\"ListItem\",\"position\":1,\"name\":\"Accueil\",\"item\":\"https:\/\/kapitalis.com\/tunisie\/\"},{\"@type\":\"ListItem\",\"position\":2,\"name\":\"Ben Guerdane : Arrestation de 7 \u00e9trangers pour franchissement irr\u00e9gulier de la fronti\u00e8re tuniso-libyenne\"}]},{\"@type\":\"WebSite\",\"@id\":\"https:\/\/kapitalis.com\/tunisie\/#website\",\"url\":\"https:\/\/kapitalis.com\/tunisie\/\",\"name\":\"Kapitalis\",\"description\":\"L&#039;actualit\u00e9 en Tunisie et dans le monde\",\"publisher\":{\"@id\":\"https:\/\/kapitalis.com\/tunisie\/#organization\"},\"potentialAction\":[{\"@type\":\"SearchAction\",\"target\":{\"@type\":\"EntryPoint\",\"urlTemplate\":\"https:\/\/kapitalis.com\/tunisie\/?s={search_term_string}\"},\"query-input\":{\"@type\":\"PropertyValueSpecification\",\"valueRequired\":true,\"valueName\":\"search_term_string\"}}],\"inLanguage\":\"fr-FR\"},{\"@type\":\"Organization\",\"@id\":\"https:\/\/kapitalis.com\/tunisie\/#organization\",\"name\":\"Kapitalis\",\"url\":\"https:\/\/kapitalis.com\/tunisie\/\",\"logo\":{\"@type\":\"ImageObject\",\"inLanguage\":\"fr-FR\",\"@id\":\"https:\/\/kapitalis.com\/tunisie\/#\/schema\/logo\/image\/\",\"url\":\"https:\/\/kapitalis.com\/tunisie\/wp-content\/uploads\/2022\/05\/Kapitalis-big-size.png\",\"contentUrl\":\"https:\/\/kapitalis.com\/tunisie\/wp-content\/uploads\/2022\/05\/Kapitalis-big-size.png\",\"width\":5000,\"height\":1500,\"caption\":\"Kapitalis\"},\"image\":{\"@id\":\"https:\/\/kapitalis.com\/tunisie\/#\/schema\/logo\/image\/\"},\"sameAs\":[\"https:\/\/www.facebook.com\/KapitalisInfo\/\",\"https:\/\/x.com\/KapitalisInfo\",\"https:\/\/www.youtube.com\/channel\/UC-yDYrHyfFBWWZaOw3FPg9Q\"]},{\"@type\":\"Person\",\"@id\":\"https:\/\/kapitalis.com\/tunisie\/#\/schema\/person\/b35b8d631961131107263178aeb8019e\",\"name\":\"Cherif Benyounes\",\"url\":\"https:\/\/kapitalis.com\/tunisie\/author\/cherif\/\"}]}<\/script>\n<!-- \/ Yoast SEO plugin. -->","yoast_head_json":{"title":"Ben Guerdane : Arrestation de 7 \u00e9trangers pour franchissement irr\u00e9gulier de la fronti\u00e8re tuniso-libyenne - Kapitalis","robots":{"index":"index","follow":"follow","max-snippet":"max-snippet:-1","max-image-preview":"max-image-preview:large","max-video-preview":"max-video-preview:-1"},"canonical":"https:\/\/kapitalis.com\/tunisie\/2020\/01\/05\/ben-guerdane-arrestation-de-7-etrangers-pour-franchissement-irregulier-de-la-frontiere-tuniso-libyenne\/","og_locale":"fr_FR","og_type":"article","og_title":"Ben Guerdane : Arrestation de 7 \u00e9trangers pour franchissement irr\u00e9gulier de la fronti\u00e8re tuniso-libyenne - Kapitalis","og_description":"Le minist\u00e8re de l&rsquo;Int\u00e9rieur a annonc\u00e9 hier, samedi, 4 janvier 2020, via un communiqu\u00e9, l&rsquo;arrestation de 7 \u00e9trangers ayant tent\u00e9 de franchir clandestinement la fronti\u00e8re terrestre tuniso-libyenne.","og_url":"https:\/\/kapitalis.com\/tunisie\/2020\/01\/05\/ben-guerdane-arrestation-de-7-etrangers-pour-franchissement-irregulier-de-la-frontiere-tuniso-libyenne\/","og_site_name":"Kapitalis","article_publisher":"https:\/\/www.facebook.com\/KapitalisInfo\/","article_published_time":"2020-01-05T09:38:06+00:00","article_modified_time":"2020-01-05T09:51:56+00:00","og_image":[{"url":"http:\/\/kapitalis.com\/tunisie\/wp-content\/uploads\/2015\/10\/BEN-GUERDANE1.jpg","type":"","width":"","height":""}],"author":"Cherif Benyounes","twitter_card":"summary_large_image","twitter_creator":"@KapitalisInfo","twitter_site":"@KapitalisInfo","twitter_misc":{"\u00c9crit par":"Cherif Benyounes","Dur\u00e9e de lecture estim\u00e9e":"1 minute"},"schema":{"@context":"https:\/\/schema.org","@graph":[{"@type":"Article","@id":"https:\/\/kapitalis.com\/tunisie\/2020\/01\/05\/ben-guerdane-arrestation-de-7-etrangers-pour-franchissement-irregulier-de-la-frontiere-tuniso-libyenne\/#article","isPartOf":{"@id":"https:\/\/kapitalis.com\/tunisie\/2020\/01\/05\/ben-guerdane-arrestation-de-7-etrangers-pour-franchissement-irregulier-de-la-frontiere-tuniso-libyenne\/"},"author":{"name":"Cherif Benyounes","@id":"https:\/\/kapitalis.com\/tunisie\/#\/schema\/person\/b35b8d631961131107263178aeb8019e"},"headline":"Ben Guerdane : Arrestation de 7 \u00e9trangers pour franchissement irr\u00e9gulier de la fronti\u00e8re tuniso-libyenne","datePublished":"2020-01-05T09:38:06+00:00","dateModified":"2020-01-05T09:51:56+00:00","mainEntityOfPage":{"@id":"https:\/\/kapitalis.com\/tunisie\/2020\/01\/05\/ben-guerdane-arrestation-de-7-etrangers-pour-franchissement-irregulier-de-la-frontiere-tuniso-libyenne\/"},"wordCount":197,"commentCount":0,"publisher":{"@id":"https:\/\/kapitalis.com\/tunisie\/#organization"},"image":{"@id":"https:\/\/kapitalis.com\/tunisie\/2020\/01\/05\/ben-guerdane-arrestation-de-7-etrangers-pour-franchissement-irregulier-de-la-frontiere-tuniso-libyenne\/#primaryimage"},"thumbnailUrl":"http:\/\/kapitalis.com\/tunisie\/wp-content\/uploads\/2015\/10\/BEN-GUERDANE1.jpg","keywords":["Ben Guerdane","entr\u00e9e cladestine","entr\u00e9e ill\u00e9gale","franchissement irr\u00e9gulier des fronti\u00e8res"],"articleSection":["SOCIETE","Tunisie"],"inLanguage":"fr-FR","potentialAction":[{"@type":"CommentAction","name":"Comment","target":["https:\/\/kapitalis.com\/tunisie\/2020\/01\/05\/ben-guerdane-arrestation-de-7-etrangers-pour-franchissement-irregulier-de-la-frontiere-tuniso-libyenne\/#respond"]}]},{"@type":"WebPage","@id":"https:\/\/kapitalis.com\/tunisie\/2020\/01\/05\/ben-guerdane-arrestation-de-7-etrangers-pour-franchissement-irregulier-de-la-frontiere-tuniso-libyenne\/","url":"https:\/\/kapitalis.com\/tunisie\/2020\/01\/05\/ben-guerdane-arrestation-de-7-etrangers-pour-franchissement-irregulier-de-la-frontiere-tuniso-libyenne\/","name":"Ben Guerdane : Arrestation de 7 \u00e9trangers pour franchissement irr\u00e9gulier de la fronti\u00e8re tuniso-libyenne - Kapitalis","isPartOf":{"@id":"https:\/\/kapitalis.com\/tunisie\/#website"},"primaryImageOfPage":{"@id":"https:\/\/kapitalis.com\/tunisie\/2020\/01\/05\/ben-guerdane-arrestation-de-7-etrangers-pour-franchissement-irregulier-de-la-frontiere-tuniso-libyenne\/#primaryimage"},"image":{"@id":"https:\/\/kapitalis.com\/tunisie\/2020\/01\/05\/ben-guerdane-arrestation-de-7-etrangers-pour-franchissement-irregulier-de-la-frontiere-tuniso-libyenne\/#primaryimage"},"thumbnailUrl":"http:\/\/kapitalis.com\/tunisie\/wp-content\/uploads\/2015\/10\/BEN-GUERDANE1.jpg","datePublished":"2020-01-05T09:38:06+00:00","dateModified":"2020-01-05T09:51:56+00:00","breadcrumb":{"@id":"https:\/\/kapitalis.com\/tunisie\/2020\/01\/05\/ben-guerdane-arrestation-de-7-etrangers-pour-franchissement-irregulier-de-la-frontiere-tuniso-libyenne\/#breadcrumb"},"inLanguage":"fr-FR","potentialAction":[{"@type":"ReadAction","target":["https:\/\/kapitalis.com\/tunisie\/2020\/01\/05\/ben-guerdane-arrestation-de-7-etrangers-pour-franchissement-irregulier-de-la-frontiere-tuniso-libyenne\/"]}]},{"@type":"ImageObject","inLanguage":"fr-FR","@id":"https:\/\/kapitalis.com\/tunisie\/2020\/01\/05\/ben-guerdane-arrestation-de-7-etrangers-pour-franchissement-irregulier-de-la-frontiere-tuniso-libyenne\/#primaryimage","url":"http:\/\/kapitalis.com\/tunisie\/wp-content\/uploads\/2015\/10\/BEN-GUERDANE1.jpg","contentUrl":"http:\/\/kapitalis.com\/tunisie\/wp-content\/uploads\/2015\/10\/BEN-GUERDANE1.jpg"},{"@type":"BreadcrumbList","@id":"https:\/\/kapitalis.com\/tunisie\/2020\/01\/05\/ben-guerdane-arrestation-de-7-etrangers-pour-franchissement-irregulier-de-la-frontiere-tuniso-libyenne\/#breadcrumb","itemListElement":[{"@type":"ListItem","position":1,"name":"Accueil","item":"https:\/\/kapitalis.com\/tunisie\/"},{"@type":"ListItem","position":2,"name":"Ben Guerdane : Arrestation de 7 \u00e9trangers pour franchissement irr\u00e9gulier de la fronti\u00e8re tuniso-libyenne"}]},{"@type":"WebSite","@id":"https:\/\/kapitalis.com\/tunisie\/#website","url":"https:\/\/kapitalis.com\/tunisie\/","name":"Kapitalis","description":"L&#039;actualit\u00e9 en Tunisie et dans le monde","publisher":{"@id":"https:\/\/kapitalis.com\/tunisie\/#organization"},"potentialAction":[{"@type":"SearchAction","target":{"@type":"EntryPoint","urlTemplate":"https:\/\/kapitalis.com\/tunisie\/?s={search_term_string}"},"query-input":{"@type":"PropertyValueSpecification","valueRequired":true,"valueName":"search_term_string"}}],"inLanguage":"fr-FR"},{"@type":"Organization","@id":"https:\/\/kapitalis.com\/tunisie\/#organization","name":"Kapitalis","url":"https:\/\/kapitalis.com\/tunisie\/","logo":{"@type":"ImageObject","inLanguage":"fr-FR","@id":"https:\/\/kapitalis.com\/tunisie\/#\/schema\/logo\/image\/","url":"https:\/\/kapitalis.com\/tunisie\/wp-content\/uploads\/2022\/05\/Kapitalis-big-size.png","contentUrl":"https:\/\/kapitalis.com\/tunisie\/wp-content\/uploads\/2022\/05\/Kapitalis-big-size.png","width":5000,"height":1500,"caption":"Kapitalis"},"image":{"@id":"https:\/\/kapitalis.com\/tunisie\/#\/schema\/logo\/image\/"},"sameAs":["https:\/\/www.facebook.com\/KapitalisInfo\/","https:\/\/x.com\/KapitalisInfo","https:\/\/www.youtube.com\/channel\/UC-yDYrHyfFBWWZaOw3FPg9Q"]},{"@type":"Person","@id":"https:\/\/kapitalis.com\/tunisie\/#\/schema\/person\/b35b8d631961131107263178aeb8019e","name":"Cherif Benyounes","url":"https:\/\/kapitalis.com\/tunisie\/author\/cherif\/"}]}},"_links":{"self":[{"href":"https:\/\/kapitalis.com\/tunisie\/wp-json\/wp\/v2\/posts\/270241","targetHints":{"allow":["GET"]}}],"collection":[{"href":"https:\/\/kapitalis.com\/tunisie\/wp-json\/wp\/v2\/posts"}],"about":[{"href":"https:\/\/kapitalis.com\/tunisie\/wp-json\/wp\/v2\/types\/post"}],"author":[{"embeddable":true,"href":"https:\/\/kapitalis.com\/tunisie\/wp-json\/wp\/v2\/users\/24"}],"replies":[{"embeddable":true,"href":"https:\/\/kapitalis.com\/tunisie\/wp-json\/wp\/v2\/comments?post=270241"}],"version-history":[{"count":0,"href":"https:\/\/kapitalis.com\/tunisie\/wp-json\/wp\/v2\/posts\/270241\/revisions"}],"wp:attachment":[{"href":"https:\/\/kapitalis.com\/tunisie\/wp-json\/wp\/v2\/media?parent=270241"}],"wp:term":[{"taxonomy":"category","embeddable":true,"href":"https:\/\/kapitalis.com\/tunisie\/wp-json\/wp\/v2\/categories?post=270241"},{"taxonomy":"post_tag","embeddable":true,"href":"https:\/\/kapitalis.com\/tunisie\/wp-json\/wp\/v2\/tags?post=270241"}],"curies":[{"name":"wp","href":"https:\/\/api.w.org\/{rel}","templated":true}]}}