{"id":270282,"date":"2020-01-06T07:46:54","date_gmt":"2020-01-06T06:46:54","guid":{"rendered":"http:\/\/kapitalis.com\/tunisie\/?p=270282"},"modified":"2020-01-06T08:01:57","modified_gmt":"2020-01-06T07:01:57","slug":"defense-la-tunisie-se-procure-9-vehicules-blindes-aupres-de-lentreprise-turque-bmc","status":"publish","type":"post","link":"https:\/\/kapitalis.com\/tunisie\/2020\/01\/06\/defense-la-tunisie-se-procure-9-vehicules-blindes-aupres-de-lentreprise-turque-bmc\/","title":{"rendered":"D\u00e9fense: La Tunisie se procure 9 v\u00e9hicules blind\u00e9s aupr\u00e8s de l\u2019entreprise turque BMC"},"content":{"rendered":"\n<figure class=\"wp-block-image size-large\"><img decoding=\"async\" src=\"http:\/\/kapitalis.com\/tunisie\/wp-content\/uploads\/2020\/01\/Blindes-turcs.jpg\" alt=\"\" class=\"wp-image-270292\"\/><\/figure>\n\n\n\n<p><strong><em>Le quotidien turc anglophone \u00ab\u00a0Daily Sabah\u00a0\u00bb a rapport\u00e9 hier, dimanche 5 janvier 2020, que le minist\u00e8re de l\u2019Int\u00e9rieur tunisien a conclu un accord avec le g\u00e9ant turc de l\u2019industrie militaire pour l\u2019achat de 9 v\u00e9hicules blind\u00e9s polyvalents (MPAV) de type Vuran.<\/em><\/strong><\/p>\n\n\n\n<!--more-->\n\n\n\n<p>Ce contrat de vente a \u00e9t\u00e9 remport\u00e9 par l\u2019entreprise turque BMC, bas\u00e9e \u00e0 Izmir, \u00e0 la suite d\u2019un \u00ab<em>appel d\u2019offres international pour l\u2019acquisition de v\u00e9hicules blind\u00e9s<\/em>\u00bb lanc\u00e9 par le minist\u00e8re de l\u2019Int\u00e9rieur et auquel ont particip\u00e9 des constructeurs fran\u00e7ais, am\u00e9ricains, allemands et finlandais&#8230;<\/p>\n\n\n\n<p>Selon les termes du contrat conclu, ces neuf v\u00e9hicules blind\u00e9s tout-terrain et \u00e0 quatre roues motrices (4&#215;4) seront produits \u00e0 la demande du minist\u00e8re tunisien de l\u2019Int\u00e9rieur et la soci\u00e9t\u00e9 BMC se chargera de l\u2019appui logistique une fois les v\u00e9hicules livr\u00e9s. <\/p>\n\n\n\n<p>D&rsquo;apr\u00e8s le site turc ind\u00e9pendant <strong><em><a href=\"https:\/\/ahvalnews.com\/bmc\/tunisia-purchase-armoured-vehicles-turkeys-bmc\">Ahval<\/a><\/em><\/strong>, BMC a ainsi d\u00e9croch\u00e9 le premier march\u00e9 international pour ses v\u00e9hicules blind\u00e9s moyens &#8211; des engins qui sont actuellement utilis\u00e9s par l\u2019arm\u00e9e turque.<br><\/p>\n\n\n\n<p><em>Ahval<\/em> rappelle \u00e9galement que la soci\u00e9t\u00e9 BMC, qui est constructeur de camions, de bus et de v\u00e9hicules militaires, est \u00e0 49,9% qatarie. Les 50,1% des actions restantes sont contr\u00f4l\u00e9es par la famille turque Ozturk et l\u2019homme d\u2019affaires turc Ethem Sancak, dont \u00ab<em>les liens \u00e9troits<\/em>\u00bb avec le pr\u00e9sident turc Recep Tayyip Erdogan sont de notori\u00e9t\u00e9 publique. <\/p>\n\n\n\n<p>D\u2019ailleurs, en janvier dernier, cette amiti\u00e9 Erdogan-Sancak s\u2019est concr\u00e9tis\u00e9e sous la forme d\u2019une faveur accord\u00e9e par le pr\u00e9sident turc \u00e0 l\u2019homme d\u2019affaires de pouvoir utiliser pendant 25 ans une usine de tanks appartenant \u00e0 l\u2019Etat turc, d\u2019une valeur de 20 milliards de dollars, sans qu\u2019il y ait recours \u00e0 un appel d\u2019offres\u2026 Le d\u00e9cret pr\u00e9sidentiel y a suffi&#8230;<\/p>\n\n\n\n<p>D\u00e9sormais, donc, pour ce qui concerne la Tunisie, il n\u2019y aura plus que les importations de glibettes qui p\u00e8seront lourd dans le d\u00e9s\u00e9quilibre de la balance commerciale de la Tunisie avec la Turquie &#8211; qui est, bien \u00e9videmment, en faveur de cette derni\u00e8re. <\/p>\n\n\n\n<p>Pour rappel, fin septembre 2019, ce d\u00e9ficit se montait \u00e0 1,81 milliard de dinars&nbsp;!<\/p>\n\n\n\n<p>Par ailleurs, nous nous permettrons pas de faire le lien entre cette vente de blind\u00e9s turcs \u00e0 notre pays, la visite surprise du pr\u00e9sident Erdogan en Tunisie, il y a une semaine, et la volont\u00e9 tr\u00e8s prononc\u00e9e de ce dernier d&rsquo;appliquer la solution militaire \u00e0 la crise en Libye&#8230; Certains font ce lien et ils n&rsquo;ont pas tout \u00e0 fait tort, car, selon la sagesse populaire, quand on fabrique des armes, on les vend et on provoque si possible des guerres pour en vendre encore plus.<\/p>\n\n\n\n<p>C&rsquo;est une simple question de \u00ab<em>bon<\/em> <em>sens<\/em>\u00bb commercial. <\/p>\n\n\n\n<p class=\"has-text-align-right\"><strong>M. Ch.<\/strong> <\/p>\n\n\n\n<p>  <\/p>\n","protected":false},"excerpt":{"rendered":"<p>Le quotidien turc anglophone \u00ab\u00a0Daily Sabah\u00a0\u00bb a rapport\u00e9 hier, dimanche 5 janvier 2020, que le minist\u00e8re de l\u2019Int\u00e9rieur tunisien a conclu un accord avec le g\u00e9ant turc de l\u2019industrie militaire pour l\u2019achat de 9 v\u00e9hicules blind\u00e9s polyvalents (MPAV) de type Vuran.<\/p>\n","protected":false},"author":25,"featured_media":270292,"comment_status":"open","ping_status":"open","sticky":false,"template":"","format":"standard","meta":{"footnotes":""},"categories":[997,2433],"tags":[72149,72151,72146,72150,266,1857,72147,72148],"class_list":["post-270282","post","type-post","status-publish","format-standard","has-post-thumbnail","hentry","category-politique","category-tunisie","tag-ahval","tag-blindes-vuran-mpav","tag-bmc","tag-daily-sabah","tag-defense","tag-erdogan","tag-ethem-sancak","tag-ozturk"],"yoast_head":"<!-- This site is optimized with the Yoast SEO plugin v26.6 - https:\/\/yoast.com\/wordpress\/plugins\/seo\/ -->\n<title>D\u00e9fense: La Tunisie se procure 9 v\u00e9hicules blind\u00e9s aupr\u00e8s de l\u2019entreprise turque BMC - Kapitalis<\/title>\n<meta name=\"robots\" content=\"index, follow, max-snippet:-1, max-image-preview:large, max-video-preview:-1\" \/>\n<link rel=\"canonical\" href=\"https:\/\/kapitalis.com\/tunisie\/2020\/01\/06\/defense-la-tunisie-se-procure-9-vehicules-blindes-aupres-de-lentreprise-turque-bmc\/\" \/>\n<meta property=\"og:locale\" content=\"fr_FR\" \/>\n<meta property=\"og:type\" content=\"article\" \/>\n<meta property=\"og:title\" content=\"D\u00e9fense: La Tunisie se procure 9 v\u00e9hicules blind\u00e9s aupr\u00e8s de l\u2019entreprise turque BMC - Kapitalis\" \/>\n<meta property=\"og:description\" content=\"Le quotidien turc anglophone \u00ab\u00a0Daily Sabah\u00a0\u00bb a rapport\u00e9 hier, dimanche 5 janvier 2020, que le minist\u00e8re de l\u2019Int\u00e9rieur tunisien a conclu un accord avec le g\u00e9ant turc de l\u2019industrie militaire pour l\u2019achat de 9 v\u00e9hicules blind\u00e9s polyvalents (MPAV) de type Vuran.\" \/>\n<meta property=\"og:url\" content=\"https:\/\/kapitalis.com\/tunisie\/2020\/01\/06\/defense-la-tunisie-se-procure-9-vehicules-blindes-aupres-de-lentreprise-turque-bmc\/\" \/>\n<meta property=\"og:site_name\" content=\"Kapitalis\" \/>\n<meta property=\"article:publisher\" content=\"https:\/\/www.facebook.com\/KapitalisInfo\/\" \/>\n<meta property=\"article:published_time\" content=\"2020-01-06T06:46:54+00:00\" \/>\n<meta property=\"article:modified_time\" content=\"2020-01-06T07:01:57+00:00\" \/>\n<meta property=\"og:image\" content=\"https:\/\/kapitalis.com\/tunisie\/wp-content\/uploads\/2022\/05\/kapitalis-logo-fb.png\" \/>\n\t<meta property=\"og:image:width\" content=\"1200\" \/>\n\t<meta property=\"og:image:height\" content=\"630\" \/>\n\t<meta property=\"og:image:type\" content=\"image\/png\" \/>\n<meta name=\"author\" content=\"Moncef Dhambri\" \/>\n<meta name=\"twitter:card\" content=\"summary_large_image\" \/>\n<meta name=\"twitter:creator\" content=\"@KapitalisInfo\" \/>\n<meta name=\"twitter:site\" content=\"@KapitalisInfo\" \/>\n<meta name=\"twitter:label1\" content=\"\u00c9crit par\" \/>\n\t<meta name=\"twitter:data1\" content=\"Moncef Dhambri\" \/>\n\t<meta name=\"twitter:label2\" content=\"Dur\u00e9e de lecture estim\u00e9e\" \/>\n\t<meta name=\"twitter:data2\" content=\"2 minutes\" \/>\n<script type=\"application\/ld+json\" class=\"yoast-schema-graph\">{\"@context\":\"https:\/\/schema.org\",\"@graph\":[{\"@type\":\"Article\",\"@id\":\"https:\/\/kapitalis.com\/tunisie\/2020\/01\/06\/defense-la-tunisie-se-procure-9-vehicules-blindes-aupres-de-lentreprise-turque-bmc\/#article\",\"isPartOf\":{\"@id\":\"https:\/\/kapitalis.com\/tunisie\/2020\/01\/06\/defense-la-tunisie-se-procure-9-vehicules-blindes-aupres-de-lentreprise-turque-bmc\/\"},\"author\":{\"name\":\"Moncef Dhambri\",\"@id\":\"https:\/\/kapitalis.com\/tunisie\/#\/schema\/person\/48fdbea283a929dd284e69d21e31a3d1\"},\"headline\":\"D\u00e9fense: La Tunisie se procure 9 v\u00e9hicules blind\u00e9s aupr\u00e8s de l\u2019entreprise turque BMC\",\"datePublished\":\"2020-01-06T06:46:54+00:00\",\"dateModified\":\"2020-01-06T07:01:57+00:00\",\"mainEntityOfPage\":{\"@id\":\"https:\/\/kapitalis.com\/tunisie\/2020\/01\/06\/defense-la-tunisie-se-procure-9-vehicules-blindes-aupres-de-lentreprise-turque-bmc\/\"},\"wordCount\":488,\"commentCount\":19,\"publisher\":{\"@id\":\"https:\/\/kapitalis.com\/tunisie\/#organization\"},\"image\":{\"@id\":\"https:\/\/kapitalis.com\/tunisie\/2020\/01\/06\/defense-la-tunisie-se-procure-9-vehicules-blindes-aupres-de-lentreprise-turque-bmc\/#primaryimage\"},\"thumbnailUrl\":\"\",\"keywords\":[\"Ahval\",\"Blind\u00e9s Vuran MPAV\",\"BMC\",\"Daily Sabah\",\"d\u00e9fense\",\"Erdogan\",\"Ethem Sancak\",\"Ozturk\"],\"articleSection\":[\"POLITIQUE\",\"Tunisie\"],\"inLanguage\":\"fr-FR\",\"potentialAction\":[{\"@type\":\"CommentAction\",\"name\":\"Comment\",\"target\":[\"https:\/\/kapitalis.com\/tunisie\/2020\/01\/06\/defense-la-tunisie-se-procure-9-vehicules-blindes-aupres-de-lentreprise-turque-bmc\/#respond\"]}]},{\"@type\":\"WebPage\",\"@id\":\"https:\/\/kapitalis.com\/tunisie\/2020\/01\/06\/defense-la-tunisie-se-procure-9-vehicules-blindes-aupres-de-lentreprise-turque-bmc\/\",\"url\":\"https:\/\/kapitalis.com\/tunisie\/2020\/01\/06\/defense-la-tunisie-se-procure-9-vehicules-blindes-aupres-de-lentreprise-turque-bmc\/\",\"name\":\"D\u00e9fense: La Tunisie se procure 9 v\u00e9hicules blind\u00e9s aupr\u00e8s de l\u2019entreprise turque BMC - Kapitalis\",\"isPartOf\":{\"@id\":\"https:\/\/kapitalis.com\/tunisie\/#website\"},\"primaryImageOfPage\":{\"@id\":\"https:\/\/kapitalis.com\/tunisie\/2020\/01\/06\/defense-la-tunisie-se-procure-9-vehicules-blindes-aupres-de-lentreprise-turque-bmc\/#primaryimage\"},\"image\":{\"@id\":\"https:\/\/kapitalis.com\/tunisie\/2020\/01\/06\/defense-la-tunisie-se-procure-9-vehicules-blindes-aupres-de-lentreprise-turque-bmc\/#primaryimage\"},\"thumbnailUrl\":\"\",\"datePublished\":\"2020-01-06T06:46:54+00:00\",\"dateModified\":\"2020-01-06T07:01:57+00:00\",\"breadcrumb\":{\"@id\":\"https:\/\/kapitalis.com\/tunisie\/2020\/01\/06\/defense-la-tunisie-se-procure-9-vehicules-blindes-aupres-de-lentreprise-turque-bmc\/#breadcrumb\"},\"inLanguage\":\"fr-FR\",\"potentialAction\":[{\"@type\":\"ReadAction\",\"target\":[\"https:\/\/kapitalis.com\/tunisie\/2020\/01\/06\/defense-la-tunisie-se-procure-9-vehicules-blindes-aupres-de-lentreprise-turque-bmc\/\"]}]},{\"@type\":\"ImageObject\",\"inLanguage\":\"fr-FR\",\"@id\":\"https:\/\/kapitalis.com\/tunisie\/2020\/01\/06\/defense-la-tunisie-se-procure-9-vehicules-blindes-aupres-de-lentreprise-turque-bmc\/#primaryimage\",\"url\":\"\",\"contentUrl\":\"\"},{\"@type\":\"BreadcrumbList\",\"@id\":\"https:\/\/kapitalis.com\/tunisie\/2020\/01\/06\/defense-la-tunisie-se-procure-9-vehicules-blindes-aupres-de-lentreprise-turque-bmc\/#breadcrumb\",\"itemListElement\":[{\"@type\":\"ListItem\",\"position\":1,\"name\":\"Accueil\",\"item\":\"https:\/\/kapitalis.com\/tunisie\/\"},{\"@type\":\"ListItem\",\"position\":2,\"name\":\"D\u00e9fense: La Tunisie se procure 9 v\u00e9hicules blind\u00e9s aupr\u00e8s de l\u2019entreprise turque BMC\"}]},{\"@type\":\"WebSite\",\"@id\":\"https:\/\/kapitalis.com\/tunisie\/#website\",\"url\":\"https:\/\/kapitalis.com\/tunisie\/\",\"name\":\"Kapitalis\",\"description\":\"L&#039;actualit\u00e9 en Tunisie et dans le monde\",\"publisher\":{\"@id\":\"https:\/\/kapitalis.com\/tunisie\/#organization\"},\"potentialAction\":[{\"@type\":\"SearchAction\",\"target\":{\"@type\":\"EntryPoint\",\"urlTemplate\":\"https:\/\/kapitalis.com\/tunisie\/?s={search_term_string}\"},\"query-input\":{\"@type\":\"PropertyValueSpecification\",\"valueRequired\":true,\"valueName\":\"search_term_string\"}}],\"inLanguage\":\"fr-FR\"},{\"@type\":\"Organization\",\"@id\":\"https:\/\/kapitalis.com\/tunisie\/#organization\",\"name\":\"Kapitalis\",\"url\":\"https:\/\/kapitalis.com\/tunisie\/\",\"logo\":{\"@type\":\"ImageObject\",\"inLanguage\":\"fr-FR\",\"@id\":\"https:\/\/kapitalis.com\/tunisie\/#\/schema\/logo\/image\/\",\"url\":\"https:\/\/kapitalis.com\/tunisie\/wp-content\/uploads\/2022\/05\/Kapitalis-big-size.png\",\"contentUrl\":\"https:\/\/kapitalis.com\/tunisie\/wp-content\/uploads\/2022\/05\/Kapitalis-big-size.png\",\"width\":5000,\"height\":1500,\"caption\":\"Kapitalis\"},\"image\":{\"@id\":\"https:\/\/kapitalis.com\/tunisie\/#\/schema\/logo\/image\/\"},\"sameAs\":[\"https:\/\/www.facebook.com\/KapitalisInfo\/\",\"https:\/\/x.com\/KapitalisInfo\",\"https:\/\/www.youtube.com\/channel\/UC-yDYrHyfFBWWZaOw3FPg9Q\"]},{\"@type\":\"Person\",\"@id\":\"https:\/\/kapitalis.com\/tunisie\/#\/schema\/person\/48fdbea283a929dd284e69d21e31a3d1\",\"name\":\"Moncef Dhambri\",\"url\":\"https:\/\/kapitalis.com\/tunisie\/author\/moncef\/\"}]}<\/script>\n<!-- \/ Yoast SEO plugin. -->","yoast_head_json":{"title":"D\u00e9fense: La Tunisie se procure 9 v\u00e9hicules blind\u00e9s aupr\u00e8s de l\u2019entreprise turque BMC - Kapitalis","robots":{"index":"index","follow":"follow","max-snippet":"max-snippet:-1","max-image-preview":"max-image-preview:large","max-video-preview":"max-video-preview:-1"},"canonical":"https:\/\/kapitalis.com\/tunisie\/2020\/01\/06\/defense-la-tunisie-se-procure-9-vehicules-blindes-aupres-de-lentreprise-turque-bmc\/","og_locale":"fr_FR","og_type":"article","og_title":"D\u00e9fense: La Tunisie se procure 9 v\u00e9hicules blind\u00e9s aupr\u00e8s de l\u2019entreprise turque BMC - Kapitalis","og_description":"Le quotidien turc anglophone \u00ab\u00a0Daily Sabah\u00a0\u00bb a rapport\u00e9 hier, dimanche 5 janvier 2020, que le minist\u00e8re de l\u2019Int\u00e9rieur tunisien a conclu un accord avec le g\u00e9ant turc de l\u2019industrie militaire pour l\u2019achat de 9 v\u00e9hicules blind\u00e9s polyvalents (MPAV) de type Vuran.","og_url":"https:\/\/kapitalis.com\/tunisie\/2020\/01\/06\/defense-la-tunisie-se-procure-9-vehicules-blindes-aupres-de-lentreprise-turque-bmc\/","og_site_name":"Kapitalis","article_publisher":"https:\/\/www.facebook.com\/KapitalisInfo\/","article_published_time":"2020-01-06T06:46:54+00:00","article_modified_time":"2020-01-06T07:01:57+00:00","og_image":[{"width":1200,"height":630,"url":"https:\/\/kapitalis.com\/tunisie\/wp-content\/uploads\/2022\/05\/kapitalis-logo-fb.png","type":"image\/png"}],"author":"Moncef Dhambri","twitter_card":"summary_large_image","twitter_creator":"@KapitalisInfo","twitter_site":"@KapitalisInfo","twitter_misc":{"\u00c9crit par":"Moncef Dhambri","Dur\u00e9e de lecture estim\u00e9e":"2 minutes"},"schema":{"@context":"https:\/\/schema.org","@graph":[{"@type":"Article","@id":"https:\/\/kapitalis.com\/tunisie\/2020\/01\/06\/defense-la-tunisie-se-procure-9-vehicules-blindes-aupres-de-lentreprise-turque-bmc\/#article","isPartOf":{"@id":"https:\/\/kapitalis.com\/tunisie\/2020\/01\/06\/defense-la-tunisie-se-procure-9-vehicules-blindes-aupres-de-lentreprise-turque-bmc\/"},"author":{"name":"Moncef Dhambri","@id":"https:\/\/kapitalis.com\/tunisie\/#\/schema\/person\/48fdbea283a929dd284e69d21e31a3d1"},"headline":"D\u00e9fense: La Tunisie se procure 9 v\u00e9hicules blind\u00e9s aupr\u00e8s de l\u2019entreprise turque BMC","datePublished":"2020-01-06T06:46:54+00:00","dateModified":"2020-01-06T07:01:57+00:00","mainEntityOfPage":{"@id":"https:\/\/kapitalis.com\/tunisie\/2020\/01\/06\/defense-la-tunisie-se-procure-9-vehicules-blindes-aupres-de-lentreprise-turque-bmc\/"},"wordCount":488,"commentCount":19,"publisher":{"@id":"https:\/\/kapitalis.com\/tunisie\/#organization"},"image":{"@id":"https:\/\/kapitalis.com\/tunisie\/2020\/01\/06\/defense-la-tunisie-se-procure-9-vehicules-blindes-aupres-de-lentreprise-turque-bmc\/#primaryimage"},"thumbnailUrl":"","keywords":["Ahval","Blind\u00e9s Vuran MPAV","BMC","Daily Sabah","d\u00e9fense","Erdogan","Ethem Sancak","Ozturk"],"articleSection":["POLITIQUE","Tunisie"],"inLanguage":"fr-FR","potentialAction":[{"@type":"CommentAction","name":"Comment","target":["https:\/\/kapitalis.com\/tunisie\/2020\/01\/06\/defense-la-tunisie-se-procure-9-vehicules-blindes-aupres-de-lentreprise-turque-bmc\/#respond"]}]},{"@type":"WebPage","@id":"https:\/\/kapitalis.com\/tunisie\/2020\/01\/06\/defense-la-tunisie-se-procure-9-vehicules-blindes-aupres-de-lentreprise-turque-bmc\/","url":"https:\/\/kapitalis.com\/tunisie\/2020\/01\/06\/defense-la-tunisie-se-procure-9-vehicules-blindes-aupres-de-lentreprise-turque-bmc\/","name":"D\u00e9fense: La Tunisie se procure 9 v\u00e9hicules blind\u00e9s aupr\u00e8s de l\u2019entreprise turque BMC - Kapitalis","isPartOf":{"@id":"https:\/\/kapitalis.com\/tunisie\/#website"},"primaryImageOfPage":{"@id":"https:\/\/kapitalis.com\/tunisie\/2020\/01\/06\/defense-la-tunisie-se-procure-9-vehicules-blindes-aupres-de-lentreprise-turque-bmc\/#primaryimage"},"image":{"@id":"https:\/\/kapitalis.com\/tunisie\/2020\/01\/06\/defense-la-tunisie-se-procure-9-vehicules-blindes-aupres-de-lentreprise-turque-bmc\/#primaryimage"},"thumbnailUrl":"","datePublished":"2020-01-06T06:46:54+00:00","dateModified":"2020-01-06T07:01:57+00:00","breadcrumb":{"@id":"https:\/\/kapitalis.com\/tunisie\/2020\/01\/06\/defense-la-tunisie-se-procure-9-vehicules-blindes-aupres-de-lentreprise-turque-bmc\/#breadcrumb"},"inLanguage":"fr-FR","potentialAction":[{"@type":"ReadAction","target":["https:\/\/kapitalis.com\/tunisie\/2020\/01\/06\/defense-la-tunisie-se-procure-9-vehicules-blindes-aupres-de-lentreprise-turque-bmc\/"]}]},{"@type":"ImageObject","inLanguage":"fr-FR","@id":"https:\/\/kapitalis.com\/tunisie\/2020\/01\/06\/defense-la-tunisie-se-procure-9-vehicules-blindes-aupres-de-lentreprise-turque-bmc\/#primaryimage","url":"","contentUrl":""},{"@type":"BreadcrumbList","@id":"https:\/\/kapitalis.com\/tunisie\/2020\/01\/06\/defense-la-tunisie-se-procure-9-vehicules-blindes-aupres-de-lentreprise-turque-bmc\/#breadcrumb","itemListElement":[{"@type":"ListItem","position":1,"name":"Accueil","item":"https:\/\/kapitalis.com\/tunisie\/"},{"@type":"ListItem","position":2,"name":"D\u00e9fense: La Tunisie se procure 9 v\u00e9hicules blind\u00e9s aupr\u00e8s de l\u2019entreprise turque BMC"}]},{"@type":"WebSite","@id":"https:\/\/kapitalis.com\/tunisie\/#website","url":"https:\/\/kapitalis.com\/tunisie\/","name":"Kapitalis","description":"L&#039;actualit\u00e9 en Tunisie et dans le monde","publisher":{"@id":"https:\/\/kapitalis.com\/tunisie\/#organization"},"potentialAction":[{"@type":"SearchAction","target":{"@type":"EntryPoint","urlTemplate":"https:\/\/kapitalis.com\/tunisie\/?s={search_term_string}"},"query-input":{"@type":"PropertyValueSpecification","valueRequired":true,"valueName":"search_term_string"}}],"inLanguage":"fr-FR"},{"@type":"Organization","@id":"https:\/\/kapitalis.com\/tunisie\/#organization","name":"Kapitalis","url":"https:\/\/kapitalis.com\/tunisie\/","logo":{"@type":"ImageObject","inLanguage":"fr-FR","@id":"https:\/\/kapitalis.com\/tunisie\/#\/schema\/logo\/image\/","url":"https:\/\/kapitalis.com\/tunisie\/wp-content\/uploads\/2022\/05\/Kapitalis-big-size.png","contentUrl":"https:\/\/kapitalis.com\/tunisie\/wp-content\/uploads\/2022\/05\/Kapitalis-big-size.png","width":5000,"height":1500,"caption":"Kapitalis"},"image":{"@id":"https:\/\/kapitalis.com\/tunisie\/#\/schema\/logo\/image\/"},"sameAs":["https:\/\/www.facebook.com\/KapitalisInfo\/","https:\/\/x.com\/KapitalisInfo","https:\/\/www.youtube.com\/channel\/UC-yDYrHyfFBWWZaOw3FPg9Q"]},{"@type":"Person","@id":"https:\/\/kapitalis.com\/tunisie\/#\/schema\/person\/48fdbea283a929dd284e69d21e31a3d1","name":"Moncef Dhambri","url":"https:\/\/kapitalis.com\/tunisie\/author\/moncef\/"}]}},"_links":{"self":[{"href":"https:\/\/kapitalis.com\/tunisie\/wp-json\/wp\/v2\/posts\/270282","targetHints":{"allow":["GET"]}}],"collection":[{"href":"https:\/\/kapitalis.com\/tunisie\/wp-json\/wp\/v2\/posts"}],"about":[{"href":"https:\/\/kapitalis.com\/tunisie\/wp-json\/wp\/v2\/types\/post"}],"author":[{"embeddable":true,"href":"https:\/\/kapitalis.com\/tunisie\/wp-json\/wp\/v2\/users\/25"}],"replies":[{"embeddable":true,"href":"https:\/\/kapitalis.com\/tunisie\/wp-json\/wp\/v2\/comments?post=270282"}],"version-history":[{"count":0,"href":"https:\/\/kapitalis.com\/tunisie\/wp-json\/wp\/v2\/posts\/270282\/revisions"}],"wp:featuredmedia":[{"embeddable":true,"href":"https:\/\/kapitalis.com\/tunisie\/wp-json\/wp\/v2\/media\/270292"}],"wp:attachment":[{"href":"https:\/\/kapitalis.com\/tunisie\/wp-json\/wp\/v2\/media?parent=270282"}],"wp:term":[{"taxonomy":"category","embeddable":true,"href":"https:\/\/kapitalis.com\/tunisie\/wp-json\/wp\/v2\/categories?post=270282"},{"taxonomy":"post_tag","embeddable":true,"href":"https:\/\/kapitalis.com\/tunisie\/wp-json\/wp\/v2\/tags?post=270282"}],"curies":[{"name":"wp","href":"https:\/\/api.w.org\/{rel}","templated":true}]}}