{"id":270468,"date":"2020-01-06T15:28:50","date_gmt":"2020-01-06T14:28:50","guid":{"rendered":"http:\/\/kapitalis.com\/tunisie\/?p=270468"},"modified":"2020-01-06T16:47:56","modified_gmt":"2020-01-06T15:47:56","slug":"refus-de-lacces-a-linformation-la-presidence-du-gouvernement-et-le-ministere-de-leducation-en-tete","status":"publish","type":"post","link":"https:\/\/kapitalis.com\/tunisie\/2020\/01\/06\/refus-de-lacces-a-linformation-la-presidence-du-gouvernement-et-le-ministere-de-leducation-en-tete\/","title":{"rendered":"Refus de l&rsquo;acc\u00e8s \u00e0 l&rsquo;information : la pr\u00e9sidence du gouvernement et le minist\u00e8re de l&rsquo;Education en t\u00eate"},"content":{"rendered":"\n<figure class=\"wp-block-image size-large\"><img decoding=\"async\" src=\"http:\/\/kapitalis.com\/tunisie\/wp-content\/uploads\/2020\/01\/minist\u00e8ere-de-l\u00e9ducation-et-pr\u00e9sidence-du-gouvernement.jpg\" alt=\"\" class=\"wp-image-270473\"\/><\/figure>\n\n\n\n<p><strong><em> Le rapport annuel de l\u2019Instance nationale de l\u2019acc\u00e8s \u00e0 l\u2019information (Inai) pour l&rsquo;ann\u00e9e 2018 a\u00a0r\u00e9v\u00e9l\u00e9 que la pr\u00e9sidence du gouvernement et le minist\u00e8re de l\u2019Education sont les d\u00e9partements qui respectent le moins les dispositions de la loi organique n\u00b022 de 2016, qui concerne l\u2019acc\u00e8s \u00e0 l\u2019information. <\/em><\/strong><\/p>\n\n\n\n<!--more-->\n\n\n\n<p>En effet, le nombre de plaintes d\u00e9pos\u00e9es aupr\u00e8s de l\u2019Inai contre le minist\u00e8re de l\u2019Education est de 23 sur un total de 220 affaires enregistr\u00e9es contre les autres minist\u00e8res, parmi 593 plaintes en 2018. <\/p>\n\n\n\n<p> Le rapport souligne, par ailleurs, que le minist\u00e8re de l\u2019Education, le minist\u00e8re du Commerce, le minist\u00e8re des Affaires locales et de l\u2019Environnement ainsi que le minist\u00e8re charg\u00e9 des Relations avec les instances constitutionnelles, la soci\u00e9t\u00e9 civile et les droits de l\u2019homme n\u2019ont, quant \u00e0 eux, pas fourni leurs rapports annuels sur l\u2019acc\u00e8s \u00e0 l\u2019information. <\/p>\n\n\n\n<p>L&rsquo;information demand\u00e9e est relative \u00e0 des donn\u00e9es statistiques, \u00e0 des r\u00e9sultats de concours, \u00e0 des documents administratifs concernant les recrutements ou \u00e0 l\u2019obtention des cahiers de charges et d\u2019informations relatives aux budgets. <\/p>\n\n\n\n<p>Les organismes soumis aux dispositions de la loi organique n\u00b022 de 2016, sont tenus de publier, d\u2019actualiser et de mettre p\u00e9riodiquement, \u00e0 la disposition du public, les informations en lien avec leurs d\u00e9partements sur un site web.<\/p>\n\n\n\n<p> Parmi les informations qui doivent \u00eatre publi\u00e9es par ces organismes, celles qui concernent les politiques et programmes en lien avec le public \u00e0 l&rsquo;instar de la liste d\u00e9taill\u00e9e des prestations qui lui sont fournies, les certificats d\u00e9livr\u00e9s aux citoyens et les pi\u00e8ces n\u00e9cessaires pour leurs obtentions, les conditions, les d\u00e9lais, les proc\u00e9dures, les parties et les \u00e9tapes de leurs prestations, outre la liste nominative des charg\u00e9s d\u2019acc\u00e8s \u00e0 l\u2019information.  <\/p>\n\n\n\n<p>Notons que la loi dispose, d&rsquo;autre part, qu&rsquo;une amende allant de 500 dinars jusqu\u2019\u00e0 5.000 dinars doit \u00eatre pay\u00e9e par toute personne entravant intentionnellement l\u2019acc\u00e8s \u00e0 l\u2019information au sein des organismes  assujettis&nbsp;aux dispositions de la m\u00eame loi. <\/p>\n\n\n\n<p class=\"has-text-align-right\"><strong>C. B. Y.<\/strong><\/p>\n","protected":false},"excerpt":{"rendered":"<p>Le rapport annuel de l\u2019Instance nationale de l\u2019acc\u00e8s \u00e0 l\u2019information (Inai) pour l&rsquo;ann\u00e9e 2018 a\u00a0r\u00e9v\u00e9l\u00e9 que la pr\u00e9sidence du gouvernement et le minist\u00e8re de l\u2019Education sont les d\u00e9partements qui respectent le moins les dispositions de la loi organique n\u00b022 de 2016, qui concerne l\u2019acc\u00e8s \u00e0 l\u2019information.<\/p>\n","protected":false},"author":24,"featured_media":270473,"comment_status":"open","ping_status":"open","sticky":false,"template":"","format":"standard","meta":{"footnotes":""},"categories":[996,997,998,2433],"tags":[5134,4792],"class_list":["post-270468","post","type-post","status-publish","format-standard","has-post-thumbnail","hentry","category-media","category-politique","category-societe","category-tunisie","tag-ministere-de-leducation","tag-presidence-du-gouvernement"],"yoast_head":"<!-- This site is optimized with the Yoast SEO plugin v26.6 - https:\/\/yoast.com\/wordpress\/plugins\/seo\/ -->\n<title>Refus de l&#039;acc\u00e8s \u00e0 l&#039;information : la pr\u00e9sidence du gouvernement et le minist\u00e8re de l&#039;Education en t\u00eate - Kapitalis<\/title>\n<meta name=\"robots\" content=\"index, follow, max-snippet:-1, max-image-preview:large, max-video-preview:-1\" \/>\n<link rel=\"canonical\" href=\"https:\/\/kapitalis.com\/tunisie\/2020\/01\/06\/refus-de-lacces-a-linformation-la-presidence-du-gouvernement-et-le-ministere-de-leducation-en-tete\/\" \/>\n<meta property=\"og:locale\" content=\"fr_FR\" \/>\n<meta property=\"og:type\" content=\"article\" \/>\n<meta property=\"og:title\" content=\"Refus de l&#039;acc\u00e8s \u00e0 l&#039;information : la pr\u00e9sidence du gouvernement et le minist\u00e8re de l&#039;Education en t\u00eate - Kapitalis\" \/>\n<meta property=\"og:description\" content=\"Le rapport annuel de l\u2019Instance nationale de l\u2019acc\u00e8s \u00e0 l\u2019information (Inai) pour l&rsquo;ann\u00e9e 2018 a\u00a0r\u00e9v\u00e9l\u00e9 que la pr\u00e9sidence du gouvernement et le minist\u00e8re de l\u2019Education sont les d\u00e9partements qui respectent le moins les dispositions de la loi organique n\u00b022 de 2016, qui concerne l\u2019acc\u00e8s \u00e0 l\u2019information.\" \/>\n<meta property=\"og:url\" content=\"https:\/\/kapitalis.com\/tunisie\/2020\/01\/06\/refus-de-lacces-a-linformation-la-presidence-du-gouvernement-et-le-ministere-de-leducation-en-tete\/\" \/>\n<meta property=\"og:site_name\" content=\"Kapitalis\" \/>\n<meta property=\"article:publisher\" content=\"https:\/\/www.facebook.com\/KapitalisInfo\/\" \/>\n<meta property=\"article:published_time\" content=\"2020-01-06T14:28:50+00:00\" \/>\n<meta property=\"article:modified_time\" content=\"2020-01-06T15:47:56+00:00\" \/>\n<meta property=\"og:image\" content=\"https:\/\/kapitalis.com\/tunisie\/wp-content\/uploads\/2022\/05\/kapitalis-logo-fb.png\" \/>\n\t<meta property=\"og:image:width\" content=\"1200\" \/>\n\t<meta property=\"og:image:height\" content=\"630\" \/>\n\t<meta property=\"og:image:type\" content=\"image\/png\" \/>\n<meta name=\"author\" content=\"Cherif Benyounes\" \/>\n<meta name=\"twitter:card\" content=\"summary_large_image\" \/>\n<meta name=\"twitter:creator\" content=\"@KapitalisInfo\" \/>\n<meta name=\"twitter:site\" content=\"@KapitalisInfo\" \/>\n<meta name=\"twitter:label1\" content=\"\u00c9crit par\" \/>\n\t<meta name=\"twitter:data1\" content=\"Cherif Benyounes\" \/>\n\t<meta name=\"twitter:label2\" content=\"Dur\u00e9e de lecture estim\u00e9e\" \/>\n\t<meta name=\"twitter:data2\" content=\"2 minutes\" \/>\n<script type=\"application\/ld+json\" class=\"yoast-schema-graph\">{\"@context\":\"https:\/\/schema.org\",\"@graph\":[{\"@type\":\"Article\",\"@id\":\"https:\/\/kapitalis.com\/tunisie\/2020\/01\/06\/refus-de-lacces-a-linformation-la-presidence-du-gouvernement-et-le-ministere-de-leducation-en-tete\/#article\",\"isPartOf\":{\"@id\":\"https:\/\/kapitalis.com\/tunisie\/2020\/01\/06\/refus-de-lacces-a-linformation-la-presidence-du-gouvernement-et-le-ministere-de-leducation-en-tete\/\"},\"author\":{\"name\":\"Cherif Benyounes\",\"@id\":\"https:\/\/kapitalis.com\/tunisie\/#\/schema\/person\/b35b8d631961131107263178aeb8019e\"},\"headline\":\"Refus de l&rsquo;acc\u00e8s \u00e0 l&rsquo;information : la pr\u00e9sidence du gouvernement et le minist\u00e8re de l&rsquo;Education en t\u00eate\",\"datePublished\":\"2020-01-06T14:28:50+00:00\",\"dateModified\":\"2020-01-06T15:47:56+00:00\",\"mainEntityOfPage\":{\"@id\":\"https:\/\/kapitalis.com\/tunisie\/2020\/01\/06\/refus-de-lacces-a-linformation-la-presidence-du-gouvernement-et-le-ministere-de-leducation-en-tete\/\"},\"wordCount\":373,\"commentCount\":0,\"publisher\":{\"@id\":\"https:\/\/kapitalis.com\/tunisie\/#organization\"},\"image\":{\"@id\":\"https:\/\/kapitalis.com\/tunisie\/2020\/01\/06\/refus-de-lacces-a-linformation-la-presidence-du-gouvernement-et-le-ministere-de-leducation-en-tete\/#primaryimage\"},\"thumbnailUrl\":\"\",\"keywords\":[\"minist\u00e8re de l'Education\",\"pr\u00e9sidence du gouvernement\"],\"articleSection\":[\"MEDIA\",\"POLITIQUE\",\"SOCIETE\",\"Tunisie\"],\"inLanguage\":\"fr-FR\",\"potentialAction\":[{\"@type\":\"CommentAction\",\"name\":\"Comment\",\"target\":[\"https:\/\/kapitalis.com\/tunisie\/2020\/01\/06\/refus-de-lacces-a-linformation-la-presidence-du-gouvernement-et-le-ministere-de-leducation-en-tete\/#respond\"]}]},{\"@type\":\"WebPage\",\"@id\":\"https:\/\/kapitalis.com\/tunisie\/2020\/01\/06\/refus-de-lacces-a-linformation-la-presidence-du-gouvernement-et-le-ministere-de-leducation-en-tete\/\",\"url\":\"https:\/\/kapitalis.com\/tunisie\/2020\/01\/06\/refus-de-lacces-a-linformation-la-presidence-du-gouvernement-et-le-ministere-de-leducation-en-tete\/\",\"name\":\"Refus de l'acc\u00e8s \u00e0 l'information : la pr\u00e9sidence du gouvernement et le minist\u00e8re de l'Education en t\u00eate - Kapitalis\",\"isPartOf\":{\"@id\":\"https:\/\/kapitalis.com\/tunisie\/#website\"},\"primaryImageOfPage\":{\"@id\":\"https:\/\/kapitalis.com\/tunisie\/2020\/01\/06\/refus-de-lacces-a-linformation-la-presidence-du-gouvernement-et-le-ministere-de-leducation-en-tete\/#primaryimage\"},\"image\":{\"@id\":\"https:\/\/kapitalis.com\/tunisie\/2020\/01\/06\/refus-de-lacces-a-linformation-la-presidence-du-gouvernement-et-le-ministere-de-leducation-en-tete\/#primaryimage\"},\"thumbnailUrl\":\"\",\"datePublished\":\"2020-01-06T14:28:50+00:00\",\"dateModified\":\"2020-01-06T15:47:56+00:00\",\"breadcrumb\":{\"@id\":\"https:\/\/kapitalis.com\/tunisie\/2020\/01\/06\/refus-de-lacces-a-linformation-la-presidence-du-gouvernement-et-le-ministere-de-leducation-en-tete\/#breadcrumb\"},\"inLanguage\":\"fr-FR\",\"potentialAction\":[{\"@type\":\"ReadAction\",\"target\":[\"https:\/\/kapitalis.com\/tunisie\/2020\/01\/06\/refus-de-lacces-a-linformation-la-presidence-du-gouvernement-et-le-ministere-de-leducation-en-tete\/\"]}]},{\"@type\":\"ImageObject\",\"inLanguage\":\"fr-FR\",\"@id\":\"https:\/\/kapitalis.com\/tunisie\/2020\/01\/06\/refus-de-lacces-a-linformation-la-presidence-du-gouvernement-et-le-ministere-de-leducation-en-tete\/#primaryimage\",\"url\":\"\",\"contentUrl\":\"\"},{\"@type\":\"BreadcrumbList\",\"@id\":\"https:\/\/kapitalis.com\/tunisie\/2020\/01\/06\/refus-de-lacces-a-linformation-la-presidence-du-gouvernement-et-le-ministere-de-leducation-en-tete\/#breadcrumb\",\"itemListElement\":[{\"@type\":\"ListItem\",\"position\":1,\"name\":\"Accueil\",\"item\":\"https:\/\/kapitalis.com\/tunisie\/\"},{\"@type\":\"ListItem\",\"position\":2,\"name\":\"Refus de l&rsquo;acc\u00e8s \u00e0 l&rsquo;information : la pr\u00e9sidence du gouvernement et le minist\u00e8re de l&rsquo;Education en t\u00eate\"}]},{\"@type\":\"WebSite\",\"@id\":\"https:\/\/kapitalis.com\/tunisie\/#website\",\"url\":\"https:\/\/kapitalis.com\/tunisie\/\",\"name\":\"Kapitalis\",\"description\":\"L&#039;actualit\u00e9 en Tunisie et dans le monde\",\"publisher\":{\"@id\":\"https:\/\/kapitalis.com\/tunisie\/#organization\"},\"potentialAction\":[{\"@type\":\"SearchAction\",\"target\":{\"@type\":\"EntryPoint\",\"urlTemplate\":\"https:\/\/kapitalis.com\/tunisie\/?s={search_term_string}\"},\"query-input\":{\"@type\":\"PropertyValueSpecification\",\"valueRequired\":true,\"valueName\":\"search_term_string\"}}],\"inLanguage\":\"fr-FR\"},{\"@type\":\"Organization\",\"@id\":\"https:\/\/kapitalis.com\/tunisie\/#organization\",\"name\":\"Kapitalis\",\"url\":\"https:\/\/kapitalis.com\/tunisie\/\",\"logo\":{\"@type\":\"ImageObject\",\"inLanguage\":\"fr-FR\",\"@id\":\"https:\/\/kapitalis.com\/tunisie\/#\/schema\/logo\/image\/\",\"url\":\"https:\/\/kapitalis.com\/tunisie\/wp-content\/uploads\/2022\/05\/Kapitalis-big-size.png\",\"contentUrl\":\"https:\/\/kapitalis.com\/tunisie\/wp-content\/uploads\/2022\/05\/Kapitalis-big-size.png\",\"width\":5000,\"height\":1500,\"caption\":\"Kapitalis\"},\"image\":{\"@id\":\"https:\/\/kapitalis.com\/tunisie\/#\/schema\/logo\/image\/\"},\"sameAs\":[\"https:\/\/www.facebook.com\/KapitalisInfo\/\",\"https:\/\/x.com\/KapitalisInfo\",\"https:\/\/www.youtube.com\/channel\/UC-yDYrHyfFBWWZaOw3FPg9Q\"]},{\"@type\":\"Person\",\"@id\":\"https:\/\/kapitalis.com\/tunisie\/#\/schema\/person\/b35b8d631961131107263178aeb8019e\",\"name\":\"Cherif Benyounes\",\"url\":\"https:\/\/kapitalis.com\/tunisie\/author\/cherif\/\"}]}<\/script>\n<!-- \/ Yoast SEO plugin. -->","yoast_head_json":{"title":"Refus de l'acc\u00e8s \u00e0 l'information : la pr\u00e9sidence du gouvernement et le minist\u00e8re de l'Education en t\u00eate - Kapitalis","robots":{"index":"index","follow":"follow","max-snippet":"max-snippet:-1","max-image-preview":"max-image-preview:large","max-video-preview":"max-video-preview:-1"},"canonical":"https:\/\/kapitalis.com\/tunisie\/2020\/01\/06\/refus-de-lacces-a-linformation-la-presidence-du-gouvernement-et-le-ministere-de-leducation-en-tete\/","og_locale":"fr_FR","og_type":"article","og_title":"Refus de l'acc\u00e8s \u00e0 l'information : la pr\u00e9sidence du gouvernement et le minist\u00e8re de l'Education en t\u00eate - Kapitalis","og_description":"Le rapport annuel de l\u2019Instance nationale de l\u2019acc\u00e8s \u00e0 l\u2019information (Inai) pour l&rsquo;ann\u00e9e 2018 a\u00a0r\u00e9v\u00e9l\u00e9 que la pr\u00e9sidence du gouvernement et le minist\u00e8re de l\u2019Education sont les d\u00e9partements qui respectent le moins les dispositions de la loi organique n\u00b022 de 2016, qui concerne l\u2019acc\u00e8s \u00e0 l\u2019information.","og_url":"https:\/\/kapitalis.com\/tunisie\/2020\/01\/06\/refus-de-lacces-a-linformation-la-presidence-du-gouvernement-et-le-ministere-de-leducation-en-tete\/","og_site_name":"Kapitalis","article_publisher":"https:\/\/www.facebook.com\/KapitalisInfo\/","article_published_time":"2020-01-06T14:28:50+00:00","article_modified_time":"2020-01-06T15:47:56+00:00","og_image":[{"width":1200,"height":630,"url":"https:\/\/kapitalis.com\/tunisie\/wp-content\/uploads\/2022\/05\/kapitalis-logo-fb.png","type":"image\/png"}],"author":"Cherif Benyounes","twitter_card":"summary_large_image","twitter_creator":"@KapitalisInfo","twitter_site":"@KapitalisInfo","twitter_misc":{"\u00c9crit par":"Cherif Benyounes","Dur\u00e9e de lecture estim\u00e9e":"2 minutes"},"schema":{"@context":"https:\/\/schema.org","@graph":[{"@type":"Article","@id":"https:\/\/kapitalis.com\/tunisie\/2020\/01\/06\/refus-de-lacces-a-linformation-la-presidence-du-gouvernement-et-le-ministere-de-leducation-en-tete\/#article","isPartOf":{"@id":"https:\/\/kapitalis.com\/tunisie\/2020\/01\/06\/refus-de-lacces-a-linformation-la-presidence-du-gouvernement-et-le-ministere-de-leducation-en-tete\/"},"author":{"name":"Cherif Benyounes","@id":"https:\/\/kapitalis.com\/tunisie\/#\/schema\/person\/b35b8d631961131107263178aeb8019e"},"headline":"Refus de l&rsquo;acc\u00e8s \u00e0 l&rsquo;information : la pr\u00e9sidence du gouvernement et le minist\u00e8re de l&rsquo;Education en t\u00eate","datePublished":"2020-01-06T14:28:50+00:00","dateModified":"2020-01-06T15:47:56+00:00","mainEntityOfPage":{"@id":"https:\/\/kapitalis.com\/tunisie\/2020\/01\/06\/refus-de-lacces-a-linformation-la-presidence-du-gouvernement-et-le-ministere-de-leducation-en-tete\/"},"wordCount":373,"commentCount":0,"publisher":{"@id":"https:\/\/kapitalis.com\/tunisie\/#organization"},"image":{"@id":"https:\/\/kapitalis.com\/tunisie\/2020\/01\/06\/refus-de-lacces-a-linformation-la-presidence-du-gouvernement-et-le-ministere-de-leducation-en-tete\/#primaryimage"},"thumbnailUrl":"","keywords":["minist\u00e8re de l'Education","pr\u00e9sidence du gouvernement"],"articleSection":["MEDIA","POLITIQUE","SOCIETE","Tunisie"],"inLanguage":"fr-FR","potentialAction":[{"@type":"CommentAction","name":"Comment","target":["https:\/\/kapitalis.com\/tunisie\/2020\/01\/06\/refus-de-lacces-a-linformation-la-presidence-du-gouvernement-et-le-ministere-de-leducation-en-tete\/#respond"]}]},{"@type":"WebPage","@id":"https:\/\/kapitalis.com\/tunisie\/2020\/01\/06\/refus-de-lacces-a-linformation-la-presidence-du-gouvernement-et-le-ministere-de-leducation-en-tete\/","url":"https:\/\/kapitalis.com\/tunisie\/2020\/01\/06\/refus-de-lacces-a-linformation-la-presidence-du-gouvernement-et-le-ministere-de-leducation-en-tete\/","name":"Refus de l'acc\u00e8s \u00e0 l'information : la pr\u00e9sidence du gouvernement et le minist\u00e8re de l'Education en t\u00eate - Kapitalis","isPartOf":{"@id":"https:\/\/kapitalis.com\/tunisie\/#website"},"primaryImageOfPage":{"@id":"https:\/\/kapitalis.com\/tunisie\/2020\/01\/06\/refus-de-lacces-a-linformation-la-presidence-du-gouvernement-et-le-ministere-de-leducation-en-tete\/#primaryimage"},"image":{"@id":"https:\/\/kapitalis.com\/tunisie\/2020\/01\/06\/refus-de-lacces-a-linformation-la-presidence-du-gouvernement-et-le-ministere-de-leducation-en-tete\/#primaryimage"},"thumbnailUrl":"","datePublished":"2020-01-06T14:28:50+00:00","dateModified":"2020-01-06T15:47:56+00:00","breadcrumb":{"@id":"https:\/\/kapitalis.com\/tunisie\/2020\/01\/06\/refus-de-lacces-a-linformation-la-presidence-du-gouvernement-et-le-ministere-de-leducation-en-tete\/#breadcrumb"},"inLanguage":"fr-FR","potentialAction":[{"@type":"ReadAction","target":["https:\/\/kapitalis.com\/tunisie\/2020\/01\/06\/refus-de-lacces-a-linformation-la-presidence-du-gouvernement-et-le-ministere-de-leducation-en-tete\/"]}]},{"@type":"ImageObject","inLanguage":"fr-FR","@id":"https:\/\/kapitalis.com\/tunisie\/2020\/01\/06\/refus-de-lacces-a-linformation-la-presidence-du-gouvernement-et-le-ministere-de-leducation-en-tete\/#primaryimage","url":"","contentUrl":""},{"@type":"BreadcrumbList","@id":"https:\/\/kapitalis.com\/tunisie\/2020\/01\/06\/refus-de-lacces-a-linformation-la-presidence-du-gouvernement-et-le-ministere-de-leducation-en-tete\/#breadcrumb","itemListElement":[{"@type":"ListItem","position":1,"name":"Accueil","item":"https:\/\/kapitalis.com\/tunisie\/"},{"@type":"ListItem","position":2,"name":"Refus de l&rsquo;acc\u00e8s \u00e0 l&rsquo;information : la pr\u00e9sidence du gouvernement et le minist\u00e8re de l&rsquo;Education en t\u00eate"}]},{"@type":"WebSite","@id":"https:\/\/kapitalis.com\/tunisie\/#website","url":"https:\/\/kapitalis.com\/tunisie\/","name":"Kapitalis","description":"L&#039;actualit\u00e9 en Tunisie et dans le monde","publisher":{"@id":"https:\/\/kapitalis.com\/tunisie\/#organization"},"potentialAction":[{"@type":"SearchAction","target":{"@type":"EntryPoint","urlTemplate":"https:\/\/kapitalis.com\/tunisie\/?s={search_term_string}"},"query-input":{"@type":"PropertyValueSpecification","valueRequired":true,"valueName":"search_term_string"}}],"inLanguage":"fr-FR"},{"@type":"Organization","@id":"https:\/\/kapitalis.com\/tunisie\/#organization","name":"Kapitalis","url":"https:\/\/kapitalis.com\/tunisie\/","logo":{"@type":"ImageObject","inLanguage":"fr-FR","@id":"https:\/\/kapitalis.com\/tunisie\/#\/schema\/logo\/image\/","url":"https:\/\/kapitalis.com\/tunisie\/wp-content\/uploads\/2022\/05\/Kapitalis-big-size.png","contentUrl":"https:\/\/kapitalis.com\/tunisie\/wp-content\/uploads\/2022\/05\/Kapitalis-big-size.png","width":5000,"height":1500,"caption":"Kapitalis"},"image":{"@id":"https:\/\/kapitalis.com\/tunisie\/#\/schema\/logo\/image\/"},"sameAs":["https:\/\/www.facebook.com\/KapitalisInfo\/","https:\/\/x.com\/KapitalisInfo","https:\/\/www.youtube.com\/channel\/UC-yDYrHyfFBWWZaOw3FPg9Q"]},{"@type":"Person","@id":"https:\/\/kapitalis.com\/tunisie\/#\/schema\/person\/b35b8d631961131107263178aeb8019e","name":"Cherif Benyounes","url":"https:\/\/kapitalis.com\/tunisie\/author\/cherif\/"}]}},"_links":{"self":[{"href":"https:\/\/kapitalis.com\/tunisie\/wp-json\/wp\/v2\/posts\/270468","targetHints":{"allow":["GET"]}}],"collection":[{"href":"https:\/\/kapitalis.com\/tunisie\/wp-json\/wp\/v2\/posts"}],"about":[{"href":"https:\/\/kapitalis.com\/tunisie\/wp-json\/wp\/v2\/types\/post"}],"author":[{"embeddable":true,"href":"https:\/\/kapitalis.com\/tunisie\/wp-json\/wp\/v2\/users\/24"}],"replies":[{"embeddable":true,"href":"https:\/\/kapitalis.com\/tunisie\/wp-json\/wp\/v2\/comments?post=270468"}],"version-history":[{"count":0,"href":"https:\/\/kapitalis.com\/tunisie\/wp-json\/wp\/v2\/posts\/270468\/revisions"}],"wp:featuredmedia":[{"embeddable":true,"href":"https:\/\/kapitalis.com\/tunisie\/wp-json\/wp\/v2\/media\/270473"}],"wp:attachment":[{"href":"https:\/\/kapitalis.com\/tunisie\/wp-json\/wp\/v2\/media?parent=270468"}],"wp:term":[{"taxonomy":"category","embeddable":true,"href":"https:\/\/kapitalis.com\/tunisie\/wp-json\/wp\/v2\/categories?post=270468"},{"taxonomy":"post_tag","embeddable":true,"href":"https:\/\/kapitalis.com\/tunisie\/wp-json\/wp\/v2\/tags?post=270468"}],"curies":[{"name":"wp","href":"https:\/\/api.w.org\/{rel}","templated":true}]}}