{"id":2708523,"date":"2022-08-01T21:49:08","date_gmt":"2022-08-01T20:49:08","guid":{"rendered":"https:\/\/kapitalis.com\/tunisie\/?p=2708523"},"modified":"2022-08-01T21:51:02","modified_gmt":"2022-08-01T20:51:02","slug":"lotfi-abdelli-commente-laffaire-de-lamine-nahdi-si-cela-marrivait-je-pourrais-avoir-une-depression","status":"publish","type":"post","link":"https:\/\/kapitalis.com\/tunisie\/2022\/08\/01\/lotfi-abdelli-commente-laffaire-de-lamine-nahdi-si-cela-marrivait-je-pourrais-avoir-une-depression\/","title":{"rendered":"Lotfi Abdelli\u00a0commente l\u2019affaire de Lamine Nahdi : \u00ab\u00a0Si cela m\u2019arrivait, je pourrais avoir une d\u00e9pression \u00bb"},"content":{"rendered":"\n<p><em><strong>L\u2019acteur Lotfi Abdelli a r\u00e9agi, sur les ondes de la radio IFM, sur la pol\u00e9mique autour du dernier spectacle de Lamine Nahdi \u00e0 Carthage. \u00ab&nbsp;Ce qui lui est arriv\u00e9 m\u2019a affect\u00e9, et je ne souhaite que cela arrive \u00e0 aucun artiste&nbsp;!&nbsp;\u00bb, avait-il comment\u00e9 l\u2019affaire.<\/strong><\/em><\/p>\n\n\n\n<!--more-->\n\n\n\n<p>Interrog\u00e9 sur l\u2019affaire du dernier spectacle de Lamine Nahdi \u00ab<em>&nbsp;Nmout Alik<\/em>&nbsp;\u00bb qui avait fortement d\u00e9\u00e7u le public de Carthage au point de quitter le th\u00e9\u00e2tre au milieu du spectacle, l\u2019acteur et humoriste Lotfi Abdelli a d\u2019abord pr\u00e9cis\u00e9 que si on \u00e9voquait la question sur le plan humain, ce qui est arriv\u00e9 \u00e0 Lamine Nahdi l\u2019avait beaucoup affect\u00e9.&nbsp; \u00ab&nbsp;<em>Ce qui est arriv\u00e9 \u00e0 Carthage, je ne le souhaite \u00e0 aucun autre artiste. (\u2026) Si cela m\u2019\u00e9tait arriv\u00e9, je ne sortirais plus de chez moi, je pourrais m\u00eame avoir une d\u00e9pression&nbsp;!<\/em>&nbsp;\u00bb, a-t-il confi\u00e9.<\/p>\n\n\n\n<p>Lamine Nahdi et toute l\u2019\u00e9quipe qui a travaill\u00e9 sur ce spectacle doivent toutefois assumer leur enti\u00e8re responsabilit\u00e9, selon Lotfi Abdelli. Le public a tout \u00e0 fait le droit de quitter le th\u00e9\u00e2tre et d\u2019exprimer sa d\u00e9ception si le spectacle n\u2019est pas \u00e0 la hauteur de ses attentes, \u00ab&nbsp;<em>Plus le public t\u2019aime, plus il sera dur dans son jugement<\/em>&nbsp;\u00bb, a-t-il indiqu\u00e9.<\/p>\n\n\n\n<p class=\"has-text-align-right\"><strong>F.B<\/strong><\/p>\n","protected":false},"excerpt":{"rendered":"<p>L\u2019acteur Lotfi Abdelli a r\u00e9agi, sur les ondes de la radio IFM, sur la pol\u00e9mique autour du dernier spectacle de Lamine Nahdi \u00e0 Carthage. \u00ab&nbsp;Ce qui lui est arriv\u00e9 m\u2019a affect\u00e9, et je ne souhaite que cela arrive \u00e0 aucun artiste&nbsp;!&nbsp;\u00bb, avait-il comment\u00e9 l\u2019affaire.<\/p>\n","protected":false},"author":26,"featured_media":2710340,"comment_status":"open","ping_status":"open","sticky":false,"template":"","format":"standard","meta":{"footnotes":""},"categories":[994,2433],"tags":[101765,14465,11199,101703,62643],"class_list":["post-2708523","post","type-post","status-publish","format-standard","has-post-thumbnail","hentry","category-culture","category-tunisie","tag-humour-tunisien","tag-lamine-nahdi","tag-lotfi-abdelli","tag-spectacle-nmout-alik","tag-tunisie"],"yoast_head":"<!-- This site is optimized with the Yoast SEO plugin v26.6 - https:\/\/yoast.com\/wordpress\/plugins\/seo\/ -->\n<title>Lotfi Abdelli\u00a0commente l\u2019affaire de Lamine Nahdi : \u00ab\u00a0Si cela m\u2019arrivait, je pourrais avoir une d\u00e9pression \u00bb - Kapitalis<\/title>\n<meta name=\"robots\" content=\"index, follow, max-snippet:-1, max-image-preview:large, max-video-preview:-1\" \/>\n<link rel=\"canonical\" href=\"https:\/\/kapitalis.com\/tunisie\/2022\/08\/01\/lotfi-abdelli-commente-laffaire-de-lamine-nahdi-si-cela-marrivait-je-pourrais-avoir-une-depression\/\" \/>\n<meta property=\"og:locale\" content=\"fr_FR\" \/>\n<meta property=\"og:type\" content=\"article\" \/>\n<meta property=\"og:title\" content=\"Lotfi Abdelli\u00a0commente l\u2019affaire de Lamine Nahdi : \u00ab\u00a0Si cela m\u2019arrivait, je pourrais avoir une d\u00e9pression \u00bb - Kapitalis\" \/>\n<meta property=\"og:description\" content=\"L\u2019acteur Lotfi Abdelli a r\u00e9agi, sur les ondes de la radio IFM, sur la pol\u00e9mique autour du dernier spectacle de Lamine Nahdi \u00e0 Carthage. \u00ab&nbsp;Ce qui lui est arriv\u00e9 m\u2019a affect\u00e9, et je ne souhaite que cela arrive \u00e0 aucun artiste&nbsp;!&nbsp;\u00bb, avait-il comment\u00e9 l\u2019affaire.\" \/>\n<meta property=\"og:url\" content=\"https:\/\/kapitalis.com\/tunisie\/2022\/08\/01\/lotfi-abdelli-commente-laffaire-de-lamine-nahdi-si-cela-marrivait-je-pourrais-avoir-une-depression\/\" \/>\n<meta property=\"og:site_name\" content=\"Kapitalis\" \/>\n<meta property=\"article:publisher\" content=\"https:\/\/www.facebook.com\/KapitalisInfo\/\" \/>\n<meta property=\"article:published_time\" content=\"2022-08-01T20:49:08+00:00\" \/>\n<meta property=\"article:modified_time\" content=\"2022-08-01T20:51:02+00:00\" \/>\n<meta property=\"og:image\" content=\"https:\/\/kapitalis.com\/tunisie\/wp-content\/uploads\/2022\/08\/Abdelli-_-Nahdi.jpg\" \/>\n\t<meta property=\"og:image:width\" content=\"1200\" \/>\n\t<meta property=\"og:image:height\" content=\"630\" \/>\n\t<meta property=\"og:image:type\" content=\"image\/jpeg\" \/>\n<meta name=\"author\" content=\"Fawz BenAli\" \/>\n<meta name=\"twitter:card\" content=\"summary_large_image\" \/>\n<meta name=\"twitter:creator\" content=\"@KapitalisInfo\" \/>\n<meta name=\"twitter:site\" content=\"@KapitalisInfo\" \/>\n<meta name=\"twitter:label1\" content=\"\u00c9crit par\" \/>\n\t<meta name=\"twitter:data1\" content=\"Fawz BenAli\" \/>\n\t<meta name=\"twitter:label2\" content=\"Dur\u00e9e de lecture estim\u00e9e\" \/>\n\t<meta name=\"twitter:data2\" content=\"1 minute\" \/>\n<script type=\"application\/ld+json\" class=\"yoast-schema-graph\">{\"@context\":\"https:\/\/schema.org\",\"@graph\":[{\"@type\":\"Article\",\"@id\":\"https:\/\/kapitalis.com\/tunisie\/2022\/08\/01\/lotfi-abdelli-commente-laffaire-de-lamine-nahdi-si-cela-marrivait-je-pourrais-avoir-une-depression\/#article\",\"isPartOf\":{\"@id\":\"https:\/\/kapitalis.com\/tunisie\/2022\/08\/01\/lotfi-abdelli-commente-laffaire-de-lamine-nahdi-si-cela-marrivait-je-pourrais-avoir-une-depression\/\"},\"author\":{\"name\":\"Fawz BenAli\",\"@id\":\"https:\/\/kapitalis.com\/tunisie\/#\/schema\/person\/73a5ecc1f6ae540c6ed91342eadca948\"},\"headline\":\"Lotfi Abdelli\u00a0commente l\u2019affaire de Lamine Nahdi : \u00ab\u00a0Si cela m\u2019arrivait, je pourrais avoir une d\u00e9pression \u00bb\",\"datePublished\":\"2022-08-01T20:49:08+00:00\",\"dateModified\":\"2022-08-01T20:51:02+00:00\",\"mainEntityOfPage\":{\"@id\":\"https:\/\/kapitalis.com\/tunisie\/2022\/08\/01\/lotfi-abdelli-commente-laffaire-de-lamine-nahdi-si-cela-marrivait-je-pourrais-avoir-une-depression\/\"},\"wordCount\":240,\"commentCount\":2,\"publisher\":{\"@id\":\"https:\/\/kapitalis.com\/tunisie\/#organization\"},\"image\":{\"@id\":\"https:\/\/kapitalis.com\/tunisie\/2022\/08\/01\/lotfi-abdelli-commente-laffaire-de-lamine-nahdi-si-cela-marrivait-je-pourrais-avoir-une-depression\/#primaryimage\"},\"thumbnailUrl\":\"https:\/\/kapitalis.com\/tunisie\/wp-content\/uploads\/2022\/08\/Abdelli-_-Nahdi.jpg\",\"keywords\":[\"humour tunisien\",\"Lamine Nahdi\",\"Lotfi Abdelli\",\"spectacle Nmout Alik\",\"Tunisie\"],\"articleSection\":[\"CULTURE\",\"Tunisie\"],\"inLanguage\":\"fr-FR\",\"potentialAction\":[{\"@type\":\"CommentAction\",\"name\":\"Comment\",\"target\":[\"https:\/\/kapitalis.com\/tunisie\/2022\/08\/01\/lotfi-abdelli-commente-laffaire-de-lamine-nahdi-si-cela-marrivait-je-pourrais-avoir-une-depression\/#respond\"]}]},{\"@type\":\"WebPage\",\"@id\":\"https:\/\/kapitalis.com\/tunisie\/2022\/08\/01\/lotfi-abdelli-commente-laffaire-de-lamine-nahdi-si-cela-marrivait-je-pourrais-avoir-une-depression\/\",\"url\":\"https:\/\/kapitalis.com\/tunisie\/2022\/08\/01\/lotfi-abdelli-commente-laffaire-de-lamine-nahdi-si-cela-marrivait-je-pourrais-avoir-une-depression\/\",\"name\":\"Lotfi Abdelli\u00a0commente l\u2019affaire de Lamine Nahdi : \u00ab\u00a0Si cela m\u2019arrivait, je pourrais avoir une d\u00e9pression \u00bb - Kapitalis\",\"isPartOf\":{\"@id\":\"https:\/\/kapitalis.com\/tunisie\/#website\"},\"primaryImageOfPage\":{\"@id\":\"https:\/\/kapitalis.com\/tunisie\/2022\/08\/01\/lotfi-abdelli-commente-laffaire-de-lamine-nahdi-si-cela-marrivait-je-pourrais-avoir-une-depression\/#primaryimage\"},\"image\":{\"@id\":\"https:\/\/kapitalis.com\/tunisie\/2022\/08\/01\/lotfi-abdelli-commente-laffaire-de-lamine-nahdi-si-cela-marrivait-je-pourrais-avoir-une-depression\/#primaryimage\"},\"thumbnailUrl\":\"https:\/\/kapitalis.com\/tunisie\/wp-content\/uploads\/2022\/08\/Abdelli-_-Nahdi.jpg\",\"datePublished\":\"2022-08-01T20:49:08+00:00\",\"dateModified\":\"2022-08-01T20:51:02+00:00\",\"breadcrumb\":{\"@id\":\"https:\/\/kapitalis.com\/tunisie\/2022\/08\/01\/lotfi-abdelli-commente-laffaire-de-lamine-nahdi-si-cela-marrivait-je-pourrais-avoir-une-depression\/#breadcrumb\"},\"inLanguage\":\"fr-FR\",\"potentialAction\":[{\"@type\":\"ReadAction\",\"target\":[\"https:\/\/kapitalis.com\/tunisie\/2022\/08\/01\/lotfi-abdelli-commente-laffaire-de-lamine-nahdi-si-cela-marrivait-je-pourrais-avoir-une-depression\/\"]}]},{\"@type\":\"ImageObject\",\"inLanguage\":\"fr-FR\",\"@id\":\"https:\/\/kapitalis.com\/tunisie\/2022\/08\/01\/lotfi-abdelli-commente-laffaire-de-lamine-nahdi-si-cela-marrivait-je-pourrais-avoir-une-depression\/#primaryimage\",\"url\":\"https:\/\/kapitalis.com\/tunisie\/wp-content\/uploads\/2022\/08\/Abdelli-_-Nahdi.jpg\",\"contentUrl\":\"https:\/\/kapitalis.com\/tunisie\/wp-content\/uploads\/2022\/08\/Abdelli-_-Nahdi.jpg\",\"width\":1200,\"height\":630},{\"@type\":\"BreadcrumbList\",\"@id\":\"https:\/\/kapitalis.com\/tunisie\/2022\/08\/01\/lotfi-abdelli-commente-laffaire-de-lamine-nahdi-si-cela-marrivait-je-pourrais-avoir-une-depression\/#breadcrumb\",\"itemListElement\":[{\"@type\":\"ListItem\",\"position\":1,\"name\":\"Accueil\",\"item\":\"https:\/\/kapitalis.com\/tunisie\/\"},{\"@type\":\"ListItem\",\"position\":2,\"name\":\"Lotfi Abdelli\u00a0commente l\u2019affaire de Lamine Nahdi : \u00ab\u00a0Si cela m\u2019arrivait, je pourrais avoir une d\u00e9pression \u00bb\"}]},{\"@type\":\"WebSite\",\"@id\":\"https:\/\/kapitalis.com\/tunisie\/#website\",\"url\":\"https:\/\/kapitalis.com\/tunisie\/\",\"name\":\"Kapitalis\",\"description\":\"L&#039;actualit\u00e9 en Tunisie et dans le monde\",\"publisher\":{\"@id\":\"https:\/\/kapitalis.com\/tunisie\/#organization\"},\"potentialAction\":[{\"@type\":\"SearchAction\",\"target\":{\"@type\":\"EntryPoint\",\"urlTemplate\":\"https:\/\/kapitalis.com\/tunisie\/?s={search_term_string}\"},\"query-input\":{\"@type\":\"PropertyValueSpecification\",\"valueRequired\":true,\"valueName\":\"search_term_string\"}}],\"inLanguage\":\"fr-FR\"},{\"@type\":\"Organization\",\"@id\":\"https:\/\/kapitalis.com\/tunisie\/#organization\",\"name\":\"Kapitalis\",\"url\":\"https:\/\/kapitalis.com\/tunisie\/\",\"logo\":{\"@type\":\"ImageObject\",\"inLanguage\":\"fr-FR\",\"@id\":\"https:\/\/kapitalis.com\/tunisie\/#\/schema\/logo\/image\/\",\"url\":\"https:\/\/kapitalis.com\/tunisie\/wp-content\/uploads\/2022\/05\/Kapitalis-big-size.png\",\"contentUrl\":\"https:\/\/kapitalis.com\/tunisie\/wp-content\/uploads\/2022\/05\/Kapitalis-big-size.png\",\"width\":5000,\"height\":1500,\"caption\":\"Kapitalis\"},\"image\":{\"@id\":\"https:\/\/kapitalis.com\/tunisie\/#\/schema\/logo\/image\/\"},\"sameAs\":[\"https:\/\/www.facebook.com\/KapitalisInfo\/\",\"https:\/\/x.com\/KapitalisInfo\",\"https:\/\/www.youtube.com\/channel\/UC-yDYrHyfFBWWZaOw3FPg9Q\"]},{\"@type\":\"Person\",\"@id\":\"https:\/\/kapitalis.com\/tunisie\/#\/schema\/person\/73a5ecc1f6ae540c6ed91342eadca948\",\"name\":\"Fawz BenAli\",\"url\":\"https:\/\/kapitalis.com\/tunisie\/author\/fawz\/\"}]}<\/script>\n<!-- \/ Yoast SEO plugin. -->","yoast_head_json":{"title":"Lotfi Abdelli\u00a0commente l\u2019affaire de Lamine Nahdi : \u00ab\u00a0Si cela m\u2019arrivait, je pourrais avoir une d\u00e9pression \u00bb - Kapitalis","robots":{"index":"index","follow":"follow","max-snippet":"max-snippet:-1","max-image-preview":"max-image-preview:large","max-video-preview":"max-video-preview:-1"},"canonical":"https:\/\/kapitalis.com\/tunisie\/2022\/08\/01\/lotfi-abdelli-commente-laffaire-de-lamine-nahdi-si-cela-marrivait-je-pourrais-avoir-une-depression\/","og_locale":"fr_FR","og_type":"article","og_title":"Lotfi Abdelli\u00a0commente l\u2019affaire de Lamine Nahdi : \u00ab\u00a0Si cela m\u2019arrivait, je pourrais avoir une d\u00e9pression \u00bb - Kapitalis","og_description":"L\u2019acteur Lotfi Abdelli a r\u00e9agi, sur les ondes de la radio IFM, sur la pol\u00e9mique autour du dernier spectacle de Lamine Nahdi \u00e0 Carthage. \u00ab&nbsp;Ce qui lui est arriv\u00e9 m\u2019a affect\u00e9, et je ne souhaite que cela arrive \u00e0 aucun artiste&nbsp;!&nbsp;\u00bb, avait-il comment\u00e9 l\u2019affaire.","og_url":"https:\/\/kapitalis.com\/tunisie\/2022\/08\/01\/lotfi-abdelli-commente-laffaire-de-lamine-nahdi-si-cela-marrivait-je-pourrais-avoir-une-depression\/","og_site_name":"Kapitalis","article_publisher":"https:\/\/www.facebook.com\/KapitalisInfo\/","article_published_time":"2022-08-01T20:49:08+00:00","article_modified_time":"2022-08-01T20:51:02+00:00","og_image":[{"width":1200,"height":630,"url":"https:\/\/kapitalis.com\/tunisie\/wp-content\/uploads\/2022\/08\/Abdelli-_-Nahdi.jpg","type":"image\/jpeg"}],"author":"Fawz BenAli","twitter_card":"summary_large_image","twitter_creator":"@KapitalisInfo","twitter_site":"@KapitalisInfo","twitter_misc":{"\u00c9crit par":"Fawz BenAli","Dur\u00e9e de lecture estim\u00e9e":"1 minute"},"schema":{"@context":"https:\/\/schema.org","@graph":[{"@type":"Article","@id":"https:\/\/kapitalis.com\/tunisie\/2022\/08\/01\/lotfi-abdelli-commente-laffaire-de-lamine-nahdi-si-cela-marrivait-je-pourrais-avoir-une-depression\/#article","isPartOf":{"@id":"https:\/\/kapitalis.com\/tunisie\/2022\/08\/01\/lotfi-abdelli-commente-laffaire-de-lamine-nahdi-si-cela-marrivait-je-pourrais-avoir-une-depression\/"},"author":{"name":"Fawz BenAli","@id":"https:\/\/kapitalis.com\/tunisie\/#\/schema\/person\/73a5ecc1f6ae540c6ed91342eadca948"},"headline":"Lotfi Abdelli\u00a0commente l\u2019affaire de Lamine Nahdi : \u00ab\u00a0Si cela m\u2019arrivait, je pourrais avoir une d\u00e9pression \u00bb","datePublished":"2022-08-01T20:49:08+00:00","dateModified":"2022-08-01T20:51:02+00:00","mainEntityOfPage":{"@id":"https:\/\/kapitalis.com\/tunisie\/2022\/08\/01\/lotfi-abdelli-commente-laffaire-de-lamine-nahdi-si-cela-marrivait-je-pourrais-avoir-une-depression\/"},"wordCount":240,"commentCount":2,"publisher":{"@id":"https:\/\/kapitalis.com\/tunisie\/#organization"},"image":{"@id":"https:\/\/kapitalis.com\/tunisie\/2022\/08\/01\/lotfi-abdelli-commente-laffaire-de-lamine-nahdi-si-cela-marrivait-je-pourrais-avoir-une-depression\/#primaryimage"},"thumbnailUrl":"https:\/\/kapitalis.com\/tunisie\/wp-content\/uploads\/2022\/08\/Abdelli-_-Nahdi.jpg","keywords":["humour tunisien","Lamine Nahdi","Lotfi Abdelli","spectacle Nmout Alik","Tunisie"],"articleSection":["CULTURE","Tunisie"],"inLanguage":"fr-FR","potentialAction":[{"@type":"CommentAction","name":"Comment","target":["https:\/\/kapitalis.com\/tunisie\/2022\/08\/01\/lotfi-abdelli-commente-laffaire-de-lamine-nahdi-si-cela-marrivait-je-pourrais-avoir-une-depression\/#respond"]}]},{"@type":"WebPage","@id":"https:\/\/kapitalis.com\/tunisie\/2022\/08\/01\/lotfi-abdelli-commente-laffaire-de-lamine-nahdi-si-cela-marrivait-je-pourrais-avoir-une-depression\/","url":"https:\/\/kapitalis.com\/tunisie\/2022\/08\/01\/lotfi-abdelli-commente-laffaire-de-lamine-nahdi-si-cela-marrivait-je-pourrais-avoir-une-depression\/","name":"Lotfi Abdelli\u00a0commente l\u2019affaire de Lamine Nahdi : \u00ab\u00a0Si cela m\u2019arrivait, je pourrais avoir une d\u00e9pression \u00bb - Kapitalis","isPartOf":{"@id":"https:\/\/kapitalis.com\/tunisie\/#website"},"primaryImageOfPage":{"@id":"https:\/\/kapitalis.com\/tunisie\/2022\/08\/01\/lotfi-abdelli-commente-laffaire-de-lamine-nahdi-si-cela-marrivait-je-pourrais-avoir-une-depression\/#primaryimage"},"image":{"@id":"https:\/\/kapitalis.com\/tunisie\/2022\/08\/01\/lotfi-abdelli-commente-laffaire-de-lamine-nahdi-si-cela-marrivait-je-pourrais-avoir-une-depression\/#primaryimage"},"thumbnailUrl":"https:\/\/kapitalis.com\/tunisie\/wp-content\/uploads\/2022\/08\/Abdelli-_-Nahdi.jpg","datePublished":"2022-08-01T20:49:08+00:00","dateModified":"2022-08-01T20:51:02+00:00","breadcrumb":{"@id":"https:\/\/kapitalis.com\/tunisie\/2022\/08\/01\/lotfi-abdelli-commente-laffaire-de-lamine-nahdi-si-cela-marrivait-je-pourrais-avoir-une-depression\/#breadcrumb"},"inLanguage":"fr-FR","potentialAction":[{"@type":"ReadAction","target":["https:\/\/kapitalis.com\/tunisie\/2022\/08\/01\/lotfi-abdelli-commente-laffaire-de-lamine-nahdi-si-cela-marrivait-je-pourrais-avoir-une-depression\/"]}]},{"@type":"ImageObject","inLanguage":"fr-FR","@id":"https:\/\/kapitalis.com\/tunisie\/2022\/08\/01\/lotfi-abdelli-commente-laffaire-de-lamine-nahdi-si-cela-marrivait-je-pourrais-avoir-une-depression\/#primaryimage","url":"https:\/\/kapitalis.com\/tunisie\/wp-content\/uploads\/2022\/08\/Abdelli-_-Nahdi.jpg","contentUrl":"https:\/\/kapitalis.com\/tunisie\/wp-content\/uploads\/2022\/08\/Abdelli-_-Nahdi.jpg","width":1200,"height":630},{"@type":"BreadcrumbList","@id":"https:\/\/kapitalis.com\/tunisie\/2022\/08\/01\/lotfi-abdelli-commente-laffaire-de-lamine-nahdi-si-cela-marrivait-je-pourrais-avoir-une-depression\/#breadcrumb","itemListElement":[{"@type":"ListItem","position":1,"name":"Accueil","item":"https:\/\/kapitalis.com\/tunisie\/"},{"@type":"ListItem","position":2,"name":"Lotfi Abdelli\u00a0commente l\u2019affaire de Lamine Nahdi : \u00ab\u00a0Si cela m\u2019arrivait, je pourrais avoir une d\u00e9pression \u00bb"}]},{"@type":"WebSite","@id":"https:\/\/kapitalis.com\/tunisie\/#website","url":"https:\/\/kapitalis.com\/tunisie\/","name":"Kapitalis","description":"L&#039;actualit\u00e9 en Tunisie et dans le monde","publisher":{"@id":"https:\/\/kapitalis.com\/tunisie\/#organization"},"potentialAction":[{"@type":"SearchAction","target":{"@type":"EntryPoint","urlTemplate":"https:\/\/kapitalis.com\/tunisie\/?s={search_term_string}"},"query-input":{"@type":"PropertyValueSpecification","valueRequired":true,"valueName":"search_term_string"}}],"inLanguage":"fr-FR"},{"@type":"Organization","@id":"https:\/\/kapitalis.com\/tunisie\/#organization","name":"Kapitalis","url":"https:\/\/kapitalis.com\/tunisie\/","logo":{"@type":"ImageObject","inLanguage":"fr-FR","@id":"https:\/\/kapitalis.com\/tunisie\/#\/schema\/logo\/image\/","url":"https:\/\/kapitalis.com\/tunisie\/wp-content\/uploads\/2022\/05\/Kapitalis-big-size.png","contentUrl":"https:\/\/kapitalis.com\/tunisie\/wp-content\/uploads\/2022\/05\/Kapitalis-big-size.png","width":5000,"height":1500,"caption":"Kapitalis"},"image":{"@id":"https:\/\/kapitalis.com\/tunisie\/#\/schema\/logo\/image\/"},"sameAs":["https:\/\/www.facebook.com\/KapitalisInfo\/","https:\/\/x.com\/KapitalisInfo","https:\/\/www.youtube.com\/channel\/UC-yDYrHyfFBWWZaOw3FPg9Q"]},{"@type":"Person","@id":"https:\/\/kapitalis.com\/tunisie\/#\/schema\/person\/73a5ecc1f6ae540c6ed91342eadca948","name":"Fawz BenAli","url":"https:\/\/kapitalis.com\/tunisie\/author\/fawz\/"}]}},"_links":{"self":[{"href":"https:\/\/kapitalis.com\/tunisie\/wp-json\/wp\/v2\/posts\/2708523","targetHints":{"allow":["GET"]}}],"collection":[{"href":"https:\/\/kapitalis.com\/tunisie\/wp-json\/wp\/v2\/posts"}],"about":[{"href":"https:\/\/kapitalis.com\/tunisie\/wp-json\/wp\/v2\/types\/post"}],"author":[{"embeddable":true,"href":"https:\/\/kapitalis.com\/tunisie\/wp-json\/wp\/v2\/users\/26"}],"replies":[{"embeddable":true,"href":"https:\/\/kapitalis.com\/tunisie\/wp-json\/wp\/v2\/comments?post=2708523"}],"version-history":[{"count":0,"href":"https:\/\/kapitalis.com\/tunisie\/wp-json\/wp\/v2\/posts\/2708523\/revisions"}],"wp:featuredmedia":[{"embeddable":true,"href":"https:\/\/kapitalis.com\/tunisie\/wp-json\/wp\/v2\/media\/2710340"}],"wp:attachment":[{"href":"https:\/\/kapitalis.com\/tunisie\/wp-json\/wp\/v2\/media?parent=2708523"}],"wp:term":[{"taxonomy":"category","embeddable":true,"href":"https:\/\/kapitalis.com\/tunisie\/wp-json\/wp\/v2\/categories?post=2708523"},{"taxonomy":"post_tag","embeddable":true,"href":"https:\/\/kapitalis.com\/tunisie\/wp-json\/wp\/v2\/tags?post=2708523"}],"curies":[{"name":"wp","href":"https:\/\/api.w.org\/{rel}","templated":true}]}}