{"id":270984,"date":"2020-01-08T11:00:02","date_gmt":"2020-01-08T10:00:02","guid":{"rendered":"http:\/\/kapitalis.com\/tunisie\/?p=270984"},"modified":"2020-01-08T11:15:39","modified_gmt":"2020-01-08T10:15:39","slug":"le-consultant-international-andersen-global-signe-un-accord-de-collaboration-avec-le-tunisien-jelil-bouraoui-co","status":"publish","type":"post","link":"https:\/\/kapitalis.com\/tunisie\/2020\/01\/08\/le-consultant-international-andersen-global-signe-un-accord-de-collaboration-avec-le-tunisien-jelil-bouraoui-co\/","title":{"rendered":"Le consultant international Andersen Global signe un accord de collaboration avec le Tunisien Jelil Bouraoui &#038; Co"},"content":{"rendered":"\n<figure class=\"wp-block-image size-large\"><img decoding=\"async\" src=\"http:\/\/kapitalis.com\/tunisie\/wp-content\/uploads\/2020\/01\/Jelil-Bouraoui-Abderson.jpg\" alt=\"\" class=\"wp-image-271025\"\/><\/figure>\n\n\n\n<p><strong><em>La Andersen Global, compagnie de conseils juridiques et fiscaux, initialement am\u00e9ricaine mais devenue &nbsp;internationale, a \u00e9lu domicile en Tunisie en \u00e9tablissant des liens collaboration avec la Jelil Bouraoui &amp; Co, un cabinet tunisien d\u2019experts comptables et de consultants. Le g\u00e9ant poursuit sa conqu\u00eate du monde. <\/em><\/strong><\/p>\n\n\n\n<!--more-->\n\n\n\n<p>C&rsquo;est le site <strong><a href=\"https:\/\/www.businesswire.com\/news\/home\/20200107005006\/en\/Andersen-Global-Continues-Expansion-Africa-Debut-Tunisian\">Business Wire<\/a><\/strong> qui a rapport\u00e9 hier, mardi 7 janvier 2020, la nouvelle de ce partenariat entre le mastodonte de la consultation juridique et fiscale mondiale et le modeste cabinet tunisien d&rsquo;une quarantaine d&rsquo;experts comptables. L&rsquo;un est d\u00e9j\u00e0 bien \u00e9tabli \u00e0 l&rsquo;\u00e9chelle internationale, avec un r\u00e9seau regroupant plus de 5000 professionnels, plus de 600 partenaires \u00e0 travers le monde et une pr\u00e9sence r\u00e9elle avec 167 bureaux aux Am\u00e9riques, en Europe, en Afrique et au Moyen-Orient.<\/p>\n\n\n\n<p>Le partenaire tunisien met sur la table de cette association son exp\u00e9rience de consultations, depuis 1981, et les services qu&rsquo;il a fournis \u00e0 un \u00e9ventail d&rsquo;activit\u00e9s tr\u00e8s \u00e9tendu &#8211; notamment dans les domaines du p\u00e9trole et du gaz, l&rsquo;industrie manufacturi\u00e8re, la finance, l&rsquo;agriculture, la sant\u00e9, l&rsquo;exploitation mini\u00e8re&#8230;<\/p>\n\n\n\n<p> \u00ab<em>Nous sommes fermement engag\u00e9s \u00e0 ce que nos services donnent enti\u00e8re satisfaction \u00e0 nos clients. Personnellement, j\u2019ai pass\u00e9 une bonne partie de ma carri\u00e8re professionnelle avec la Andersen Global, il y a de cela plus d\u2019une trentaine d\u2019ann\u00e9es. Donc, c\u2019est une compagnie que je connais bien, qui m\u2019a beaucoup appris et avec laquelle nous partageons une vision commune. Nous aussi, nous souhaitons renforcer notre pr\u00e9sence \u00e0 l&rsquo;\u00e9chelle africaine et, pourquoi, par cette collaboration avec la Andersen Global, cela nous ouvrira des perspectives mondiales<\/em>\u00bb, a d\u00e9clar\u00e9 Jelil Bouraoui.<\/p>\n\n\n\n<p>Mark Vorsatz, pr\u00e9sident de la Andersen Global et Pdg de la Andersen, se r\u00e9jouit de cette association car, explique-t-il, \u00ab<em>Jelil Bouraoui et son \u00e9quipe ont depuis longtemps donn\u00e9 la preuve de leur grande expertise et  ils partagent avec nous nombre de valeurs qui sont importantes \u00e0 nos yeux<\/em>.\u00bb  <\/p>\n\n\n\n<p class=\"has-text-align-right\"><strong>M. Ch.<\/strong>    <\/p>\n","protected":false},"excerpt":{"rendered":"<p>La Andersen Global, compagnie de conseils juridiques et fiscaux, initialement am\u00e9ricaine mais devenue &nbsp;internationale, a \u00e9lu domicile en Tunisie en \u00e9tablissant des liens collaboration avec la Jelil Bouraoui &amp; Co, un cabinet tunisien d\u2019experts comptables et de consultants. Le g\u00e9ant poursuit sa conqu\u00eate du monde.<\/p>\n","protected":false},"author":25,"featured_media":271025,"comment_status":"open","ping_status":"open","sticky":false,"template":"","format":"standard","meta":{"footnotes":""},"categories":[995,2433],"tags":[],"class_list":["post-270984","post","type-post","status-publish","format-standard","has-post-thumbnail","hentry","category-economie","category-tunisie"],"yoast_head":"<!-- This site is optimized with the Yoast SEO plugin v26.6 - https:\/\/yoast.com\/wordpress\/plugins\/seo\/ -->\n<title>Le consultant international Andersen Global signe un accord de collaboration avec le Tunisien Jelil Bouraoui &amp; Co - Kapitalis<\/title>\n<meta name=\"robots\" content=\"index, follow, max-snippet:-1, max-image-preview:large, max-video-preview:-1\" \/>\n<link rel=\"canonical\" href=\"https:\/\/kapitalis.com\/tunisie\/2020\/01\/08\/le-consultant-international-andersen-global-signe-un-accord-de-collaboration-avec-le-tunisien-jelil-bouraoui-co\/\" \/>\n<meta property=\"og:locale\" content=\"fr_FR\" \/>\n<meta property=\"og:type\" content=\"article\" \/>\n<meta property=\"og:title\" content=\"Le consultant international Andersen Global signe un accord de collaboration avec le Tunisien Jelil Bouraoui &amp; Co - Kapitalis\" \/>\n<meta property=\"og:description\" content=\"La Andersen Global, compagnie de conseils juridiques et fiscaux, initialement am\u00e9ricaine mais devenue &nbsp;internationale, a \u00e9lu domicile en Tunisie en \u00e9tablissant des liens collaboration avec la Jelil Bouraoui &amp; Co, un cabinet tunisien d\u2019experts comptables et de consultants. Le g\u00e9ant poursuit sa conqu\u00eate du monde.\" \/>\n<meta property=\"og:url\" content=\"https:\/\/kapitalis.com\/tunisie\/2020\/01\/08\/le-consultant-international-andersen-global-signe-un-accord-de-collaboration-avec-le-tunisien-jelil-bouraoui-co\/\" \/>\n<meta property=\"og:site_name\" content=\"Kapitalis\" \/>\n<meta property=\"article:publisher\" content=\"https:\/\/www.facebook.com\/KapitalisInfo\/\" \/>\n<meta property=\"article:published_time\" content=\"2020-01-08T10:00:02+00:00\" \/>\n<meta property=\"article:modified_time\" content=\"2020-01-08T10:15:39+00:00\" \/>\n<meta property=\"og:image\" content=\"https:\/\/kapitalis.com\/tunisie\/wp-content\/uploads\/2022\/05\/kapitalis-logo-fb.png\" \/>\n\t<meta property=\"og:image:width\" content=\"1200\" \/>\n\t<meta property=\"og:image:height\" content=\"630\" \/>\n\t<meta property=\"og:image:type\" content=\"image\/png\" \/>\n<meta name=\"author\" content=\"Moncef Dhambri\" \/>\n<meta name=\"twitter:card\" content=\"summary_large_image\" \/>\n<meta name=\"twitter:creator\" content=\"@KapitalisInfo\" \/>\n<meta name=\"twitter:site\" content=\"@KapitalisInfo\" \/>\n<meta name=\"twitter:label1\" content=\"\u00c9crit par\" \/>\n\t<meta name=\"twitter:data1\" content=\"Moncef Dhambri\" \/>\n\t<meta name=\"twitter:label2\" content=\"Dur\u00e9e de lecture estim\u00e9e\" \/>\n\t<meta name=\"twitter:data2\" content=\"2 minutes\" \/>\n<script type=\"application\/ld+json\" class=\"yoast-schema-graph\">{\"@context\":\"https:\/\/schema.org\",\"@graph\":[{\"@type\":\"Article\",\"@id\":\"https:\/\/kapitalis.com\/tunisie\/2020\/01\/08\/le-consultant-international-andersen-global-signe-un-accord-de-collaboration-avec-le-tunisien-jelil-bouraoui-co\/#article\",\"isPartOf\":{\"@id\":\"https:\/\/kapitalis.com\/tunisie\/2020\/01\/08\/le-consultant-international-andersen-global-signe-un-accord-de-collaboration-avec-le-tunisien-jelil-bouraoui-co\/\"},\"author\":{\"name\":\"Moncef Dhambri\",\"@id\":\"https:\/\/kapitalis.com\/tunisie\/#\/schema\/person\/48fdbea283a929dd284e69d21e31a3d1\"},\"headline\":\"Le consultant international Andersen Global signe un accord de collaboration avec le Tunisien Jelil Bouraoui &#038; Co\",\"datePublished\":\"2020-01-08T10:00:02+00:00\",\"dateModified\":\"2020-01-08T10:15:39+00:00\",\"mainEntityOfPage\":{\"@id\":\"https:\/\/kapitalis.com\/tunisie\/2020\/01\/08\/le-consultant-international-andersen-global-signe-un-accord-de-collaboration-avec-le-tunisien-jelil-bouraoui-co\/\"},\"wordCount\":340,\"commentCount\":1,\"publisher\":{\"@id\":\"https:\/\/kapitalis.com\/tunisie\/#organization\"},\"image\":{\"@id\":\"https:\/\/kapitalis.com\/tunisie\/2020\/01\/08\/le-consultant-international-andersen-global-signe-un-accord-de-collaboration-avec-le-tunisien-jelil-bouraoui-co\/#primaryimage\"},\"thumbnailUrl\":\"\",\"articleSection\":[\"ECONOMIE\",\"Tunisie\"],\"inLanguage\":\"fr-FR\",\"potentialAction\":[{\"@type\":\"CommentAction\",\"name\":\"Comment\",\"target\":[\"https:\/\/kapitalis.com\/tunisie\/2020\/01\/08\/le-consultant-international-andersen-global-signe-un-accord-de-collaboration-avec-le-tunisien-jelil-bouraoui-co\/#respond\"]}]},{\"@type\":\"WebPage\",\"@id\":\"https:\/\/kapitalis.com\/tunisie\/2020\/01\/08\/le-consultant-international-andersen-global-signe-un-accord-de-collaboration-avec-le-tunisien-jelil-bouraoui-co\/\",\"url\":\"https:\/\/kapitalis.com\/tunisie\/2020\/01\/08\/le-consultant-international-andersen-global-signe-un-accord-de-collaboration-avec-le-tunisien-jelil-bouraoui-co\/\",\"name\":\"Le consultant international Andersen Global signe un accord de collaboration avec le Tunisien Jelil Bouraoui & Co - Kapitalis\",\"isPartOf\":{\"@id\":\"https:\/\/kapitalis.com\/tunisie\/#website\"},\"primaryImageOfPage\":{\"@id\":\"https:\/\/kapitalis.com\/tunisie\/2020\/01\/08\/le-consultant-international-andersen-global-signe-un-accord-de-collaboration-avec-le-tunisien-jelil-bouraoui-co\/#primaryimage\"},\"image\":{\"@id\":\"https:\/\/kapitalis.com\/tunisie\/2020\/01\/08\/le-consultant-international-andersen-global-signe-un-accord-de-collaboration-avec-le-tunisien-jelil-bouraoui-co\/#primaryimage\"},\"thumbnailUrl\":\"\",\"datePublished\":\"2020-01-08T10:00:02+00:00\",\"dateModified\":\"2020-01-08T10:15:39+00:00\",\"breadcrumb\":{\"@id\":\"https:\/\/kapitalis.com\/tunisie\/2020\/01\/08\/le-consultant-international-andersen-global-signe-un-accord-de-collaboration-avec-le-tunisien-jelil-bouraoui-co\/#breadcrumb\"},\"inLanguage\":\"fr-FR\",\"potentialAction\":[{\"@type\":\"ReadAction\",\"target\":[\"https:\/\/kapitalis.com\/tunisie\/2020\/01\/08\/le-consultant-international-andersen-global-signe-un-accord-de-collaboration-avec-le-tunisien-jelil-bouraoui-co\/\"]}]},{\"@type\":\"ImageObject\",\"inLanguage\":\"fr-FR\",\"@id\":\"https:\/\/kapitalis.com\/tunisie\/2020\/01\/08\/le-consultant-international-andersen-global-signe-un-accord-de-collaboration-avec-le-tunisien-jelil-bouraoui-co\/#primaryimage\",\"url\":\"\",\"contentUrl\":\"\"},{\"@type\":\"BreadcrumbList\",\"@id\":\"https:\/\/kapitalis.com\/tunisie\/2020\/01\/08\/le-consultant-international-andersen-global-signe-un-accord-de-collaboration-avec-le-tunisien-jelil-bouraoui-co\/#breadcrumb\",\"itemListElement\":[{\"@type\":\"ListItem\",\"position\":1,\"name\":\"Accueil\",\"item\":\"https:\/\/kapitalis.com\/tunisie\/\"},{\"@type\":\"ListItem\",\"position\":2,\"name\":\"Le consultant international Andersen Global signe un accord de collaboration avec le Tunisien Jelil Bouraoui &#038; Co\"}]},{\"@type\":\"WebSite\",\"@id\":\"https:\/\/kapitalis.com\/tunisie\/#website\",\"url\":\"https:\/\/kapitalis.com\/tunisie\/\",\"name\":\"Kapitalis\",\"description\":\"L&#039;actualit\u00e9 en Tunisie et dans le monde\",\"publisher\":{\"@id\":\"https:\/\/kapitalis.com\/tunisie\/#organization\"},\"potentialAction\":[{\"@type\":\"SearchAction\",\"target\":{\"@type\":\"EntryPoint\",\"urlTemplate\":\"https:\/\/kapitalis.com\/tunisie\/?s={search_term_string}\"},\"query-input\":{\"@type\":\"PropertyValueSpecification\",\"valueRequired\":true,\"valueName\":\"search_term_string\"}}],\"inLanguage\":\"fr-FR\"},{\"@type\":\"Organization\",\"@id\":\"https:\/\/kapitalis.com\/tunisie\/#organization\",\"name\":\"Kapitalis\",\"url\":\"https:\/\/kapitalis.com\/tunisie\/\",\"logo\":{\"@type\":\"ImageObject\",\"inLanguage\":\"fr-FR\",\"@id\":\"https:\/\/kapitalis.com\/tunisie\/#\/schema\/logo\/image\/\",\"url\":\"https:\/\/kapitalis.com\/tunisie\/wp-content\/uploads\/2022\/05\/Kapitalis-big-size.png\",\"contentUrl\":\"https:\/\/kapitalis.com\/tunisie\/wp-content\/uploads\/2022\/05\/Kapitalis-big-size.png\",\"width\":5000,\"height\":1500,\"caption\":\"Kapitalis\"},\"image\":{\"@id\":\"https:\/\/kapitalis.com\/tunisie\/#\/schema\/logo\/image\/\"},\"sameAs\":[\"https:\/\/www.facebook.com\/KapitalisInfo\/\",\"https:\/\/x.com\/KapitalisInfo\",\"https:\/\/www.youtube.com\/channel\/UC-yDYrHyfFBWWZaOw3FPg9Q\"]},{\"@type\":\"Person\",\"@id\":\"https:\/\/kapitalis.com\/tunisie\/#\/schema\/person\/48fdbea283a929dd284e69d21e31a3d1\",\"name\":\"Moncef Dhambri\",\"url\":\"https:\/\/kapitalis.com\/tunisie\/author\/moncef\/\"}]}<\/script>\n<!-- \/ Yoast SEO plugin. -->","yoast_head_json":{"title":"Le consultant international Andersen Global signe un accord de collaboration avec le Tunisien Jelil Bouraoui & Co - Kapitalis","robots":{"index":"index","follow":"follow","max-snippet":"max-snippet:-1","max-image-preview":"max-image-preview:large","max-video-preview":"max-video-preview:-1"},"canonical":"https:\/\/kapitalis.com\/tunisie\/2020\/01\/08\/le-consultant-international-andersen-global-signe-un-accord-de-collaboration-avec-le-tunisien-jelil-bouraoui-co\/","og_locale":"fr_FR","og_type":"article","og_title":"Le consultant international Andersen Global signe un accord de collaboration avec le Tunisien Jelil Bouraoui & Co - Kapitalis","og_description":"La Andersen Global, compagnie de conseils juridiques et fiscaux, initialement am\u00e9ricaine mais devenue &nbsp;internationale, a \u00e9lu domicile en Tunisie en \u00e9tablissant des liens collaboration avec la Jelil Bouraoui &amp; Co, un cabinet tunisien d\u2019experts comptables et de consultants. Le g\u00e9ant poursuit sa conqu\u00eate du monde.","og_url":"https:\/\/kapitalis.com\/tunisie\/2020\/01\/08\/le-consultant-international-andersen-global-signe-un-accord-de-collaboration-avec-le-tunisien-jelil-bouraoui-co\/","og_site_name":"Kapitalis","article_publisher":"https:\/\/www.facebook.com\/KapitalisInfo\/","article_published_time":"2020-01-08T10:00:02+00:00","article_modified_time":"2020-01-08T10:15:39+00:00","og_image":[{"width":1200,"height":630,"url":"https:\/\/kapitalis.com\/tunisie\/wp-content\/uploads\/2022\/05\/kapitalis-logo-fb.png","type":"image\/png"}],"author":"Moncef Dhambri","twitter_card":"summary_large_image","twitter_creator":"@KapitalisInfo","twitter_site":"@KapitalisInfo","twitter_misc":{"\u00c9crit par":"Moncef Dhambri","Dur\u00e9e de lecture estim\u00e9e":"2 minutes"},"schema":{"@context":"https:\/\/schema.org","@graph":[{"@type":"Article","@id":"https:\/\/kapitalis.com\/tunisie\/2020\/01\/08\/le-consultant-international-andersen-global-signe-un-accord-de-collaboration-avec-le-tunisien-jelil-bouraoui-co\/#article","isPartOf":{"@id":"https:\/\/kapitalis.com\/tunisie\/2020\/01\/08\/le-consultant-international-andersen-global-signe-un-accord-de-collaboration-avec-le-tunisien-jelil-bouraoui-co\/"},"author":{"name":"Moncef Dhambri","@id":"https:\/\/kapitalis.com\/tunisie\/#\/schema\/person\/48fdbea283a929dd284e69d21e31a3d1"},"headline":"Le consultant international Andersen Global signe un accord de collaboration avec le Tunisien Jelil Bouraoui &#038; Co","datePublished":"2020-01-08T10:00:02+00:00","dateModified":"2020-01-08T10:15:39+00:00","mainEntityOfPage":{"@id":"https:\/\/kapitalis.com\/tunisie\/2020\/01\/08\/le-consultant-international-andersen-global-signe-un-accord-de-collaboration-avec-le-tunisien-jelil-bouraoui-co\/"},"wordCount":340,"commentCount":1,"publisher":{"@id":"https:\/\/kapitalis.com\/tunisie\/#organization"},"image":{"@id":"https:\/\/kapitalis.com\/tunisie\/2020\/01\/08\/le-consultant-international-andersen-global-signe-un-accord-de-collaboration-avec-le-tunisien-jelil-bouraoui-co\/#primaryimage"},"thumbnailUrl":"","articleSection":["ECONOMIE","Tunisie"],"inLanguage":"fr-FR","potentialAction":[{"@type":"CommentAction","name":"Comment","target":["https:\/\/kapitalis.com\/tunisie\/2020\/01\/08\/le-consultant-international-andersen-global-signe-un-accord-de-collaboration-avec-le-tunisien-jelil-bouraoui-co\/#respond"]}]},{"@type":"WebPage","@id":"https:\/\/kapitalis.com\/tunisie\/2020\/01\/08\/le-consultant-international-andersen-global-signe-un-accord-de-collaboration-avec-le-tunisien-jelil-bouraoui-co\/","url":"https:\/\/kapitalis.com\/tunisie\/2020\/01\/08\/le-consultant-international-andersen-global-signe-un-accord-de-collaboration-avec-le-tunisien-jelil-bouraoui-co\/","name":"Le consultant international Andersen Global signe un accord de collaboration avec le Tunisien Jelil Bouraoui & Co - Kapitalis","isPartOf":{"@id":"https:\/\/kapitalis.com\/tunisie\/#website"},"primaryImageOfPage":{"@id":"https:\/\/kapitalis.com\/tunisie\/2020\/01\/08\/le-consultant-international-andersen-global-signe-un-accord-de-collaboration-avec-le-tunisien-jelil-bouraoui-co\/#primaryimage"},"image":{"@id":"https:\/\/kapitalis.com\/tunisie\/2020\/01\/08\/le-consultant-international-andersen-global-signe-un-accord-de-collaboration-avec-le-tunisien-jelil-bouraoui-co\/#primaryimage"},"thumbnailUrl":"","datePublished":"2020-01-08T10:00:02+00:00","dateModified":"2020-01-08T10:15:39+00:00","breadcrumb":{"@id":"https:\/\/kapitalis.com\/tunisie\/2020\/01\/08\/le-consultant-international-andersen-global-signe-un-accord-de-collaboration-avec-le-tunisien-jelil-bouraoui-co\/#breadcrumb"},"inLanguage":"fr-FR","potentialAction":[{"@type":"ReadAction","target":["https:\/\/kapitalis.com\/tunisie\/2020\/01\/08\/le-consultant-international-andersen-global-signe-un-accord-de-collaboration-avec-le-tunisien-jelil-bouraoui-co\/"]}]},{"@type":"ImageObject","inLanguage":"fr-FR","@id":"https:\/\/kapitalis.com\/tunisie\/2020\/01\/08\/le-consultant-international-andersen-global-signe-un-accord-de-collaboration-avec-le-tunisien-jelil-bouraoui-co\/#primaryimage","url":"","contentUrl":""},{"@type":"BreadcrumbList","@id":"https:\/\/kapitalis.com\/tunisie\/2020\/01\/08\/le-consultant-international-andersen-global-signe-un-accord-de-collaboration-avec-le-tunisien-jelil-bouraoui-co\/#breadcrumb","itemListElement":[{"@type":"ListItem","position":1,"name":"Accueil","item":"https:\/\/kapitalis.com\/tunisie\/"},{"@type":"ListItem","position":2,"name":"Le consultant international Andersen Global signe un accord de collaboration avec le Tunisien Jelil Bouraoui &#038; Co"}]},{"@type":"WebSite","@id":"https:\/\/kapitalis.com\/tunisie\/#website","url":"https:\/\/kapitalis.com\/tunisie\/","name":"Kapitalis","description":"L&#039;actualit\u00e9 en Tunisie et dans le monde","publisher":{"@id":"https:\/\/kapitalis.com\/tunisie\/#organization"},"potentialAction":[{"@type":"SearchAction","target":{"@type":"EntryPoint","urlTemplate":"https:\/\/kapitalis.com\/tunisie\/?s={search_term_string}"},"query-input":{"@type":"PropertyValueSpecification","valueRequired":true,"valueName":"search_term_string"}}],"inLanguage":"fr-FR"},{"@type":"Organization","@id":"https:\/\/kapitalis.com\/tunisie\/#organization","name":"Kapitalis","url":"https:\/\/kapitalis.com\/tunisie\/","logo":{"@type":"ImageObject","inLanguage":"fr-FR","@id":"https:\/\/kapitalis.com\/tunisie\/#\/schema\/logo\/image\/","url":"https:\/\/kapitalis.com\/tunisie\/wp-content\/uploads\/2022\/05\/Kapitalis-big-size.png","contentUrl":"https:\/\/kapitalis.com\/tunisie\/wp-content\/uploads\/2022\/05\/Kapitalis-big-size.png","width":5000,"height":1500,"caption":"Kapitalis"},"image":{"@id":"https:\/\/kapitalis.com\/tunisie\/#\/schema\/logo\/image\/"},"sameAs":["https:\/\/www.facebook.com\/KapitalisInfo\/","https:\/\/x.com\/KapitalisInfo","https:\/\/www.youtube.com\/channel\/UC-yDYrHyfFBWWZaOw3FPg9Q"]},{"@type":"Person","@id":"https:\/\/kapitalis.com\/tunisie\/#\/schema\/person\/48fdbea283a929dd284e69d21e31a3d1","name":"Moncef Dhambri","url":"https:\/\/kapitalis.com\/tunisie\/author\/moncef\/"}]}},"_links":{"self":[{"href":"https:\/\/kapitalis.com\/tunisie\/wp-json\/wp\/v2\/posts\/270984","targetHints":{"allow":["GET"]}}],"collection":[{"href":"https:\/\/kapitalis.com\/tunisie\/wp-json\/wp\/v2\/posts"}],"about":[{"href":"https:\/\/kapitalis.com\/tunisie\/wp-json\/wp\/v2\/types\/post"}],"author":[{"embeddable":true,"href":"https:\/\/kapitalis.com\/tunisie\/wp-json\/wp\/v2\/users\/25"}],"replies":[{"embeddable":true,"href":"https:\/\/kapitalis.com\/tunisie\/wp-json\/wp\/v2\/comments?post=270984"}],"version-history":[{"count":0,"href":"https:\/\/kapitalis.com\/tunisie\/wp-json\/wp\/v2\/posts\/270984\/revisions"}],"wp:featuredmedia":[{"embeddable":true,"href":"https:\/\/kapitalis.com\/tunisie\/wp-json\/wp\/v2\/media\/271025"}],"wp:attachment":[{"href":"https:\/\/kapitalis.com\/tunisie\/wp-json\/wp\/v2\/media?parent=270984"}],"wp:term":[{"taxonomy":"category","embeddable":true,"href":"https:\/\/kapitalis.com\/tunisie\/wp-json\/wp\/v2\/categories?post=270984"},{"taxonomy":"post_tag","embeddable":true,"href":"https:\/\/kapitalis.com\/tunisie\/wp-json\/wp\/v2\/tags?post=270984"}],"curies":[{"name":"wp","href":"https:\/\/api.w.org\/{rel}","templated":true}]}}