{"id":271134,"date":"2020-01-08T15:47:24","date_gmt":"2020-01-08T14:47:24","guid":{"rendered":"http:\/\/kapitalis.com\/tunisie\/?p=271134"},"modified":"2020-01-08T17:37:09","modified_gmt":"2020-01-08T16:37:09","slug":"le-sociologue-et-chercheur-abdelwaheb-mahjoub-nest-plus","status":"publish","type":"post","link":"https:\/\/kapitalis.com\/tunisie\/2020\/01\/08\/le-sociologue-et-chercheur-abdelwaheb-mahjoub-nest-plus\/","title":{"rendered":"Le sociologue et chercheur Abdelwaheb Mahjoub n&rsquo;est plus"},"content":{"rendered":"\n<figure class=\"wp-block-image size-large\"><img decoding=\"async\" src=\"http:\/\/kapitalis.com\/tunisie\/wp-content\/uploads\/2020\/01\/Abdelwaheb-Mahjoub..jpg\" alt=\"\" class=\"wp-image-271145\"\/><\/figure>\n\n\n\n<p><strong><em>Abdelwaheb Mahjoub, sociologue et chercheur, l&rsquo;un des piliers des recherches en sciences humaines \u00e0 l&rsquo;universit\u00e9 de Tunis, est mort \u00e0 Tebourba, au nord de Tunis, ce mercredi 8 janvier 2020 \u00e0 l&rsquo;\u00e2ge de 67 ans.<\/em><\/strong><\/p>\n\n\n\n<!--more-->\n\n\n\n<p>Feu Abdelwaheb Mahjoub, n\u00e9 le 25 novembre 1953 T\u00e9bourba, \u00e9tait le pr\u00e9sident d&rsquo;une soci\u00e9t\u00e9 familiale op\u00e9rationnelle depuis 130 ans, dans la production d&rsquo;huile d&rsquo;olive dans sa r\u00e9gion natale. <\/p>\n\n\n\n<p>Un h\u00e9ritage familial qui a continu\u00e9 de prosp\u00e9rer sous sa direction, aussi bien dans le secteur de l&rsquo;huilerie de diff\u00e9rentes vari\u00e9t\u00e9s que de la production d&rsquo;olives biologiques.<\/p>\n\n\n\n<p>Par ailleurs, Abdelwaheb Mahjoub \u00e9tait pr\u00e9sident de l\u2019Association de sauvegarde de la M\u00e9dina de Tebourba, directeur de la F\u00eate de l\u2019olivier, et avait enseign\u00e9 la psychologie sociale \u00e0 la Facult\u00e9 des sciences humaines et sociales de Tunis.<\/p>\n\n\n\n<p>Puisse Dieu l&rsquo;accueillir dans son infinie mis\u00e9ricorde.<\/p>\n\n\n\n<p>Les fun\u00e9railles auront lieu demain, jeudi 9 janvier 2020, au cimeti\u00e8re de Tebourba. <\/p>\n\n\n\n<p class=\"has-text-align-right\"><strong>A. M.<\/strong><\/p>\n\n\n\n<figure class=\"wp-block-embed-wordpress wp-block-embed is-type-wp-embed is-provider-kapitalis\"><div class=\"wp-block-embed__wrapper\">\n<blockquote class=\"wp-embedded-content\" data-secret=\"gJktKWSLLp\"><a href=\"https:\/\/kapitalis.com\/tunisie\/2019\/10\/29\/les-moulins-mahjoub-la-qualite-est-dans-la-tradition\/\">Les Moulins Mahjoub : la qualit\u00e9 est dans la tradition<\/a><\/blockquote><iframe loading=\"lazy\" class=\"wp-embedded-content\" sandbox=\"allow-scripts\" security=\"restricted\" style=\"position: absolute; clip: rect(1px, 1px, 1px, 1px);\" title=\"\u00ab\u00a0Les Moulins Mahjoub : la qualit\u00e9 est dans la tradition\u00a0\u00bb &#8212; Kapitalis\" src=\"https:\/\/kapitalis.com\/tunisie\/2019\/10\/29\/les-moulins-mahjoub-la-qualite-est-dans-la-tradition\/embed\/#?secret=QeCJ8JtvRD#?secret=gJktKWSLLp\" data-secret=\"gJktKWSLLp\" width=\"600\" height=\"338\" frameborder=\"0\" marginwidth=\"0\" marginheight=\"0\" scrolling=\"no\"><\/iframe>\n<\/div><\/figure>\n","protected":false},"excerpt":{"rendered":"<p>Abdelwaheb Mahjoub, sociologue et chercheur, l&rsquo;un des piliers des recherches en sciences humaines \u00e0 l&rsquo;universit\u00e9 de Tunis, est mort \u00e0 Tebourba, au nord de Tunis, ce mercredi 8 janvier 2020 \u00e0 l&rsquo;\u00e2ge de 67 ans.<\/p>\n","protected":false},"author":22,"featured_media":271145,"comment_status":"open","ping_status":"open","sticky":false,"template":"","format":"standard","meta":{"footnotes":""},"categories":[998,2433],"tags":[70746,884],"class_list":["post-271134","post","type-post","status-publish","format-standard","has-post-thumbnail","hentry","category-societe","category-tunisie","tag-gouvernorat-de-manouba","tag-tebourba"],"yoast_head":"<!-- This site is optimized with the Yoast SEO plugin v26.6 - https:\/\/yoast.com\/wordpress\/plugins\/seo\/ -->\n<title>Le sociologue et chercheur Abdelwaheb Mahjoub n&#039;est plus - Kapitalis<\/title>\n<meta name=\"robots\" content=\"index, follow, max-snippet:-1, max-image-preview:large, max-video-preview:-1\" \/>\n<link rel=\"canonical\" href=\"https:\/\/kapitalis.com\/tunisie\/2020\/01\/08\/le-sociologue-et-chercheur-abdelwaheb-mahjoub-nest-plus\/\" \/>\n<meta property=\"og:locale\" content=\"fr_FR\" \/>\n<meta property=\"og:type\" content=\"article\" \/>\n<meta property=\"og:title\" content=\"Le sociologue et chercheur Abdelwaheb Mahjoub n&#039;est plus - Kapitalis\" \/>\n<meta property=\"og:description\" content=\"Abdelwaheb Mahjoub, sociologue et chercheur, l&rsquo;un des piliers des recherches en sciences humaines \u00e0 l&rsquo;universit\u00e9 de Tunis, est mort \u00e0 Tebourba, au nord de Tunis, ce mercredi 8 janvier 2020 \u00e0 l&rsquo;\u00e2ge de 67 ans.\" \/>\n<meta property=\"og:url\" content=\"https:\/\/kapitalis.com\/tunisie\/2020\/01\/08\/le-sociologue-et-chercheur-abdelwaheb-mahjoub-nest-plus\/\" \/>\n<meta property=\"og:site_name\" content=\"Kapitalis\" \/>\n<meta property=\"article:publisher\" content=\"https:\/\/www.facebook.com\/KapitalisInfo\/\" \/>\n<meta property=\"article:published_time\" content=\"2020-01-08T14:47:24+00:00\" \/>\n<meta property=\"article:modified_time\" content=\"2020-01-08T16:37:09+00:00\" \/>\n<meta property=\"og:image\" content=\"https:\/\/kapitalis.com\/tunisie\/wp-content\/uploads\/2022\/05\/kapitalis-logo-fb.png\" \/>\n\t<meta property=\"og:image:width\" content=\"1200\" \/>\n\t<meta property=\"og:image:height\" content=\"630\" \/>\n\t<meta property=\"og:image:type\" content=\"image\/png\" \/>\n<meta name=\"author\" content=\"Amina Mkada\" \/>\n<meta name=\"twitter:card\" content=\"summary_large_image\" \/>\n<meta name=\"twitter:creator\" content=\"@KapitalisInfo\" \/>\n<meta name=\"twitter:site\" content=\"@KapitalisInfo\" \/>\n<meta name=\"twitter:label1\" content=\"\u00c9crit par\" \/>\n\t<meta name=\"twitter:data1\" content=\"Amina Mkada\" \/>\n\t<meta name=\"twitter:label2\" content=\"Dur\u00e9e de lecture estim\u00e9e\" \/>\n\t<meta name=\"twitter:data2\" content=\"1 minute\" \/>\n<script type=\"application\/ld+json\" class=\"yoast-schema-graph\">{\"@context\":\"https:\/\/schema.org\",\"@graph\":[{\"@type\":\"Article\",\"@id\":\"https:\/\/kapitalis.com\/tunisie\/2020\/01\/08\/le-sociologue-et-chercheur-abdelwaheb-mahjoub-nest-plus\/#article\",\"isPartOf\":{\"@id\":\"https:\/\/kapitalis.com\/tunisie\/2020\/01\/08\/le-sociologue-et-chercheur-abdelwaheb-mahjoub-nest-plus\/\"},\"author\":{\"name\":\"Amina Mkada\",\"@id\":\"https:\/\/kapitalis.com\/tunisie\/#\/schema\/person\/093913313d3017554cb3ad077fff3fbd\"},\"headline\":\"Le sociologue et chercheur Abdelwaheb Mahjoub n&rsquo;est plus\",\"datePublished\":\"2020-01-08T14:47:24+00:00\",\"dateModified\":\"2020-01-08T16:37:09+00:00\",\"mainEntityOfPage\":{\"@id\":\"https:\/\/kapitalis.com\/tunisie\/2020\/01\/08\/le-sociologue-et-chercheur-abdelwaheb-mahjoub-nest-plus\/\"},\"wordCount\":169,\"commentCount\":1,\"publisher\":{\"@id\":\"https:\/\/kapitalis.com\/tunisie\/#organization\"},\"image\":{\"@id\":\"https:\/\/kapitalis.com\/tunisie\/2020\/01\/08\/le-sociologue-et-chercheur-abdelwaheb-mahjoub-nest-plus\/#primaryimage\"},\"thumbnailUrl\":\"\",\"keywords\":[\"Gouvernorat de Manouba\",\"Tebourba\"],\"articleSection\":[\"SOCIETE\",\"Tunisie\"],\"inLanguage\":\"fr-FR\",\"potentialAction\":[{\"@type\":\"CommentAction\",\"name\":\"Comment\",\"target\":[\"https:\/\/kapitalis.com\/tunisie\/2020\/01\/08\/le-sociologue-et-chercheur-abdelwaheb-mahjoub-nest-plus\/#respond\"]}]},{\"@type\":\"WebPage\",\"@id\":\"https:\/\/kapitalis.com\/tunisie\/2020\/01\/08\/le-sociologue-et-chercheur-abdelwaheb-mahjoub-nest-plus\/\",\"url\":\"https:\/\/kapitalis.com\/tunisie\/2020\/01\/08\/le-sociologue-et-chercheur-abdelwaheb-mahjoub-nest-plus\/\",\"name\":\"Le sociologue et chercheur Abdelwaheb Mahjoub n'est plus - Kapitalis\",\"isPartOf\":{\"@id\":\"https:\/\/kapitalis.com\/tunisie\/#website\"},\"primaryImageOfPage\":{\"@id\":\"https:\/\/kapitalis.com\/tunisie\/2020\/01\/08\/le-sociologue-et-chercheur-abdelwaheb-mahjoub-nest-plus\/#primaryimage\"},\"image\":{\"@id\":\"https:\/\/kapitalis.com\/tunisie\/2020\/01\/08\/le-sociologue-et-chercheur-abdelwaheb-mahjoub-nest-plus\/#primaryimage\"},\"thumbnailUrl\":\"\",\"datePublished\":\"2020-01-08T14:47:24+00:00\",\"dateModified\":\"2020-01-08T16:37:09+00:00\",\"breadcrumb\":{\"@id\":\"https:\/\/kapitalis.com\/tunisie\/2020\/01\/08\/le-sociologue-et-chercheur-abdelwaheb-mahjoub-nest-plus\/#breadcrumb\"},\"inLanguage\":\"fr-FR\",\"potentialAction\":[{\"@type\":\"ReadAction\",\"target\":[\"https:\/\/kapitalis.com\/tunisie\/2020\/01\/08\/le-sociologue-et-chercheur-abdelwaheb-mahjoub-nest-plus\/\"]}]},{\"@type\":\"ImageObject\",\"inLanguage\":\"fr-FR\",\"@id\":\"https:\/\/kapitalis.com\/tunisie\/2020\/01\/08\/le-sociologue-et-chercheur-abdelwaheb-mahjoub-nest-plus\/#primaryimage\",\"url\":\"\",\"contentUrl\":\"\"},{\"@type\":\"BreadcrumbList\",\"@id\":\"https:\/\/kapitalis.com\/tunisie\/2020\/01\/08\/le-sociologue-et-chercheur-abdelwaheb-mahjoub-nest-plus\/#breadcrumb\",\"itemListElement\":[{\"@type\":\"ListItem\",\"position\":1,\"name\":\"Accueil\",\"item\":\"https:\/\/kapitalis.com\/tunisie\/\"},{\"@type\":\"ListItem\",\"position\":2,\"name\":\"Le sociologue et chercheur Abdelwaheb Mahjoub n&rsquo;est plus\"}]},{\"@type\":\"WebSite\",\"@id\":\"https:\/\/kapitalis.com\/tunisie\/#website\",\"url\":\"https:\/\/kapitalis.com\/tunisie\/\",\"name\":\"Kapitalis\",\"description\":\"L&#039;actualit\u00e9 en Tunisie et dans le monde\",\"publisher\":{\"@id\":\"https:\/\/kapitalis.com\/tunisie\/#organization\"},\"potentialAction\":[{\"@type\":\"SearchAction\",\"target\":{\"@type\":\"EntryPoint\",\"urlTemplate\":\"https:\/\/kapitalis.com\/tunisie\/?s={search_term_string}\"},\"query-input\":{\"@type\":\"PropertyValueSpecification\",\"valueRequired\":true,\"valueName\":\"search_term_string\"}}],\"inLanguage\":\"fr-FR\"},{\"@type\":\"Organization\",\"@id\":\"https:\/\/kapitalis.com\/tunisie\/#organization\",\"name\":\"Kapitalis\",\"url\":\"https:\/\/kapitalis.com\/tunisie\/\",\"logo\":{\"@type\":\"ImageObject\",\"inLanguage\":\"fr-FR\",\"@id\":\"https:\/\/kapitalis.com\/tunisie\/#\/schema\/logo\/image\/\",\"url\":\"https:\/\/kapitalis.com\/tunisie\/wp-content\/uploads\/2022\/05\/Kapitalis-big-size.png\",\"contentUrl\":\"https:\/\/kapitalis.com\/tunisie\/wp-content\/uploads\/2022\/05\/Kapitalis-big-size.png\",\"width\":5000,\"height\":1500,\"caption\":\"Kapitalis\"},\"image\":{\"@id\":\"https:\/\/kapitalis.com\/tunisie\/#\/schema\/logo\/image\/\"},\"sameAs\":[\"https:\/\/www.facebook.com\/KapitalisInfo\/\",\"https:\/\/x.com\/KapitalisInfo\",\"https:\/\/www.youtube.com\/channel\/UC-yDYrHyfFBWWZaOw3FPg9Q\"]},{\"@type\":\"Person\",\"@id\":\"https:\/\/kapitalis.com\/tunisie\/#\/schema\/person\/093913313d3017554cb3ad077fff3fbd\",\"name\":\"Amina Mkada\",\"url\":\"https:\/\/kapitalis.com\/tunisie\/author\/amina\/\"}]}<\/script>\n<!-- \/ Yoast SEO plugin. -->","yoast_head_json":{"title":"Le sociologue et chercheur Abdelwaheb Mahjoub n'est plus - Kapitalis","robots":{"index":"index","follow":"follow","max-snippet":"max-snippet:-1","max-image-preview":"max-image-preview:large","max-video-preview":"max-video-preview:-1"},"canonical":"https:\/\/kapitalis.com\/tunisie\/2020\/01\/08\/le-sociologue-et-chercheur-abdelwaheb-mahjoub-nest-plus\/","og_locale":"fr_FR","og_type":"article","og_title":"Le sociologue et chercheur Abdelwaheb Mahjoub n'est plus - Kapitalis","og_description":"Abdelwaheb Mahjoub, sociologue et chercheur, l&rsquo;un des piliers des recherches en sciences humaines \u00e0 l&rsquo;universit\u00e9 de Tunis, est mort \u00e0 Tebourba, au nord de Tunis, ce mercredi 8 janvier 2020 \u00e0 l&rsquo;\u00e2ge de 67 ans.","og_url":"https:\/\/kapitalis.com\/tunisie\/2020\/01\/08\/le-sociologue-et-chercheur-abdelwaheb-mahjoub-nest-plus\/","og_site_name":"Kapitalis","article_publisher":"https:\/\/www.facebook.com\/KapitalisInfo\/","article_published_time":"2020-01-08T14:47:24+00:00","article_modified_time":"2020-01-08T16:37:09+00:00","og_image":[{"width":1200,"height":630,"url":"https:\/\/kapitalis.com\/tunisie\/wp-content\/uploads\/2022\/05\/kapitalis-logo-fb.png","type":"image\/png"}],"author":"Amina Mkada","twitter_card":"summary_large_image","twitter_creator":"@KapitalisInfo","twitter_site":"@KapitalisInfo","twitter_misc":{"\u00c9crit par":"Amina Mkada","Dur\u00e9e de lecture estim\u00e9e":"1 minute"},"schema":{"@context":"https:\/\/schema.org","@graph":[{"@type":"Article","@id":"https:\/\/kapitalis.com\/tunisie\/2020\/01\/08\/le-sociologue-et-chercheur-abdelwaheb-mahjoub-nest-plus\/#article","isPartOf":{"@id":"https:\/\/kapitalis.com\/tunisie\/2020\/01\/08\/le-sociologue-et-chercheur-abdelwaheb-mahjoub-nest-plus\/"},"author":{"name":"Amina Mkada","@id":"https:\/\/kapitalis.com\/tunisie\/#\/schema\/person\/093913313d3017554cb3ad077fff3fbd"},"headline":"Le sociologue et chercheur Abdelwaheb Mahjoub n&rsquo;est plus","datePublished":"2020-01-08T14:47:24+00:00","dateModified":"2020-01-08T16:37:09+00:00","mainEntityOfPage":{"@id":"https:\/\/kapitalis.com\/tunisie\/2020\/01\/08\/le-sociologue-et-chercheur-abdelwaheb-mahjoub-nest-plus\/"},"wordCount":169,"commentCount":1,"publisher":{"@id":"https:\/\/kapitalis.com\/tunisie\/#organization"},"image":{"@id":"https:\/\/kapitalis.com\/tunisie\/2020\/01\/08\/le-sociologue-et-chercheur-abdelwaheb-mahjoub-nest-plus\/#primaryimage"},"thumbnailUrl":"","keywords":["Gouvernorat de Manouba","Tebourba"],"articleSection":["SOCIETE","Tunisie"],"inLanguage":"fr-FR","potentialAction":[{"@type":"CommentAction","name":"Comment","target":["https:\/\/kapitalis.com\/tunisie\/2020\/01\/08\/le-sociologue-et-chercheur-abdelwaheb-mahjoub-nest-plus\/#respond"]}]},{"@type":"WebPage","@id":"https:\/\/kapitalis.com\/tunisie\/2020\/01\/08\/le-sociologue-et-chercheur-abdelwaheb-mahjoub-nest-plus\/","url":"https:\/\/kapitalis.com\/tunisie\/2020\/01\/08\/le-sociologue-et-chercheur-abdelwaheb-mahjoub-nest-plus\/","name":"Le sociologue et chercheur Abdelwaheb Mahjoub n'est plus - Kapitalis","isPartOf":{"@id":"https:\/\/kapitalis.com\/tunisie\/#website"},"primaryImageOfPage":{"@id":"https:\/\/kapitalis.com\/tunisie\/2020\/01\/08\/le-sociologue-et-chercheur-abdelwaheb-mahjoub-nest-plus\/#primaryimage"},"image":{"@id":"https:\/\/kapitalis.com\/tunisie\/2020\/01\/08\/le-sociologue-et-chercheur-abdelwaheb-mahjoub-nest-plus\/#primaryimage"},"thumbnailUrl":"","datePublished":"2020-01-08T14:47:24+00:00","dateModified":"2020-01-08T16:37:09+00:00","breadcrumb":{"@id":"https:\/\/kapitalis.com\/tunisie\/2020\/01\/08\/le-sociologue-et-chercheur-abdelwaheb-mahjoub-nest-plus\/#breadcrumb"},"inLanguage":"fr-FR","potentialAction":[{"@type":"ReadAction","target":["https:\/\/kapitalis.com\/tunisie\/2020\/01\/08\/le-sociologue-et-chercheur-abdelwaheb-mahjoub-nest-plus\/"]}]},{"@type":"ImageObject","inLanguage":"fr-FR","@id":"https:\/\/kapitalis.com\/tunisie\/2020\/01\/08\/le-sociologue-et-chercheur-abdelwaheb-mahjoub-nest-plus\/#primaryimage","url":"","contentUrl":""},{"@type":"BreadcrumbList","@id":"https:\/\/kapitalis.com\/tunisie\/2020\/01\/08\/le-sociologue-et-chercheur-abdelwaheb-mahjoub-nest-plus\/#breadcrumb","itemListElement":[{"@type":"ListItem","position":1,"name":"Accueil","item":"https:\/\/kapitalis.com\/tunisie\/"},{"@type":"ListItem","position":2,"name":"Le sociologue et chercheur Abdelwaheb Mahjoub n&rsquo;est plus"}]},{"@type":"WebSite","@id":"https:\/\/kapitalis.com\/tunisie\/#website","url":"https:\/\/kapitalis.com\/tunisie\/","name":"Kapitalis","description":"L&#039;actualit\u00e9 en Tunisie et dans le monde","publisher":{"@id":"https:\/\/kapitalis.com\/tunisie\/#organization"},"potentialAction":[{"@type":"SearchAction","target":{"@type":"EntryPoint","urlTemplate":"https:\/\/kapitalis.com\/tunisie\/?s={search_term_string}"},"query-input":{"@type":"PropertyValueSpecification","valueRequired":true,"valueName":"search_term_string"}}],"inLanguage":"fr-FR"},{"@type":"Organization","@id":"https:\/\/kapitalis.com\/tunisie\/#organization","name":"Kapitalis","url":"https:\/\/kapitalis.com\/tunisie\/","logo":{"@type":"ImageObject","inLanguage":"fr-FR","@id":"https:\/\/kapitalis.com\/tunisie\/#\/schema\/logo\/image\/","url":"https:\/\/kapitalis.com\/tunisie\/wp-content\/uploads\/2022\/05\/Kapitalis-big-size.png","contentUrl":"https:\/\/kapitalis.com\/tunisie\/wp-content\/uploads\/2022\/05\/Kapitalis-big-size.png","width":5000,"height":1500,"caption":"Kapitalis"},"image":{"@id":"https:\/\/kapitalis.com\/tunisie\/#\/schema\/logo\/image\/"},"sameAs":["https:\/\/www.facebook.com\/KapitalisInfo\/","https:\/\/x.com\/KapitalisInfo","https:\/\/www.youtube.com\/channel\/UC-yDYrHyfFBWWZaOw3FPg9Q"]},{"@type":"Person","@id":"https:\/\/kapitalis.com\/tunisie\/#\/schema\/person\/093913313d3017554cb3ad077fff3fbd","name":"Amina Mkada","url":"https:\/\/kapitalis.com\/tunisie\/author\/amina\/"}]}},"_links":{"self":[{"href":"https:\/\/kapitalis.com\/tunisie\/wp-json\/wp\/v2\/posts\/271134","targetHints":{"allow":["GET"]}}],"collection":[{"href":"https:\/\/kapitalis.com\/tunisie\/wp-json\/wp\/v2\/posts"}],"about":[{"href":"https:\/\/kapitalis.com\/tunisie\/wp-json\/wp\/v2\/types\/post"}],"author":[{"embeddable":true,"href":"https:\/\/kapitalis.com\/tunisie\/wp-json\/wp\/v2\/users\/22"}],"replies":[{"embeddable":true,"href":"https:\/\/kapitalis.com\/tunisie\/wp-json\/wp\/v2\/comments?post=271134"}],"version-history":[{"count":0,"href":"https:\/\/kapitalis.com\/tunisie\/wp-json\/wp\/v2\/posts\/271134\/revisions"}],"wp:featuredmedia":[{"embeddable":true,"href":"https:\/\/kapitalis.com\/tunisie\/wp-json\/wp\/v2\/media\/271145"}],"wp:attachment":[{"href":"https:\/\/kapitalis.com\/tunisie\/wp-json\/wp\/v2\/media?parent=271134"}],"wp:term":[{"taxonomy":"category","embeddable":true,"href":"https:\/\/kapitalis.com\/tunisie\/wp-json\/wp\/v2\/categories?post=271134"},{"taxonomy":"post_tag","embeddable":true,"href":"https:\/\/kapitalis.com\/tunisie\/wp-json\/wp\/v2\/tags?post=271134"}],"curies":[{"name":"wp","href":"https:\/\/api.w.org\/{rel}","templated":true}]}}