{"id":271146,"date":"2020-01-08T16:23:56","date_gmt":"2020-01-08T15:23:56","guid":{"rendered":"http:\/\/kapitalis.com\/tunisie\/?p=271146"},"modified":"2020-01-08T16:47:37","modified_gmt":"2020-01-08T15:47:37","slug":"mohamed-abbou-le-gouvernement-jemli-nobtiendra-aucun-vote-dattayar","status":"publish","type":"post","link":"https:\/\/kapitalis.com\/tunisie\/2020\/01\/08\/mohamed-abbou-le-gouvernement-jemli-nobtiendra-aucun-vote-dattayar\/","title":{"rendered":"Mohamed Abbou : \u00abNous voulons un Etat de droit et Ennahdha n&rsquo;en veut pas\u00bb"},"content":{"rendered":"\n<figure class=\"wp-block-image size-large\"><img decoding=\"async\" src=\"http:\/\/kapitalis.com\/tunisie\/wp-content\/uploads\/2020\/01\/mohamed-abbou.jpg\" alt=\"\" class=\"wp-image-271176\"\/><\/figure>\n\n\n\n<p><strong><em>A l&rsquo;annonce des r\u00e9sultats des l\u00e9gislatives, en octobre dernier, certains dirigeants d&rsquo;Attayar, dont son secr\u00e9taire g\u00e9n\u00e9ral, Mohamed Abbou, avaient \u00e9voqu\u00e9 la possibilit\u00e9 de soutenir le gouvernement d&rsquo;Ennahdha, sans pour autant y participer, en lui accordant partiellement la confiance du bloc parlementaire du parti, et ce afin de ne pas constituer un obstacle \u00e0 la continuit\u00e9 de l&rsquo;Etat. Cette possibilit\u00e9 n&rsquo;est plus d&rsquo;actualit\u00e9 aujourd&rsquo;hui.<\/em><\/strong><\/p>\n\n\n\n<!--more-->\n\n\n\n<p>C&rsquo;est ce qui a \u00e9t\u00e9 affirm\u00e9 par Mohamed Abbou, ce mercredi 8 janvier 2020, sur les ondes de Mosa\u00efque FM, et ce malgr\u00e9 la rencontre qui le r\u00e9unira, ce soir, avec Habib Jemli, chef du gouvernement d\u00e9sign\u00e9 par Ennahdha.<\/p>\n\n\n\n<p>Cette hypoth\u00e8se entrait dans le cadre de \u00ab<em>l&rsquo;instauration de la d\u00e9mocratie<\/em>\u00bb et avait pour objectif d&rsquo;\u00e9viter de faire perdre du temps au pays, a expliqu\u00e9 le politicien, assurant que 2 mois plus tard, la question n&rsquo;a plus lieu d&rsquo;\u00eatre, \u00ab<em>parce qu&rsquo;ils <\/em>[les Nahdhaouis] <em>ont finalement gaspill\u00e9 le temps, eux-m\u00eames<\/em>&#8230;<em> En plus des r\u00e9serves qu&rsquo;on \u00e9prouve vis-\u00e0-vis de ce gouvernement, qui a d\u00e9pass\u00e9 toutes les attentes en termes de m\u00e9diocrit\u00e9<\/em>\u00bb, a-t-il d\u00e9plor\u00e9.<\/p>\n\n\n\n<p> Mohamed Abbou a, par ailleurs, indiqu\u00e9, que pour lui, il est pr\u00e9f\u00e9rable que le gouvernement ne passe pas, estimant qu&rsquo;il y a certaines personnalit\u00e9s minist\u00e9rielles propos\u00e9es (qu&rsquo;il s&rsquo;est abstenu de nommer) qui \u00ab<em>n&rsquo;ont aucun rapport avec l&rsquo;int\u00e9r\u00eat g\u00e9n\u00e9ral du pays<\/em>\u00bb et dont la nomination vise plut\u00f4t \u00e0  \u00ab<em>assurer certains int\u00e9r\u00eats personnels<\/em>\u00bb.<\/p>\n\n\n\n<p>L&rsquo;avocat a pr\u00e9cis\u00e9, sur un autre plan, que, selon ses propres informations, le pr\u00e9sident de la r\u00e9publique, Ka\u00efs Sa\u00efed, voulait que le gouvernement Jemli passe et qu&rsquo;il n&rsquo;avait, jusque-l\u00e0, pas sp\u00e9cialement la volont\u00e9 d&rsquo;en arriver au  \u00ab<em>gouvernement du pr\u00e9sident<\/em>\u00bb, une hypoth\u00e8se devenue aujourd&rsquo;hui assez probable au vu des difficult\u00e9s que trouve Ennahdha \u00e0 convaincre les diff\u00e9rents blocs parlementaires d&rsquo;accorder leur confiance au gouvernement Jemli.<\/p>\n\n\n\n<p>Revenant sur les accusations des dirigeants du mouvement islamiste, selon lesquelles Attayar a \u00e9t\u00e9 d\u00e9cevant et qu&rsquo;il a entrav\u00e9 le processus de formation du gouvernement, Mohamed Abbou a soulign\u00e9 qu&rsquo;Ennahdha<em> <\/em> \u00ab<em>doit arr\u00eater d\u2019induire les gens en erreur<\/em>\u00bb<em>, <\/em>assurant que ce parti voulait une personne ob\u00e9issante \u00e0 la t\u00eate du minist\u00e8re de l\u2019Int\u00e9rieur&#8230; <em> <\/em><\/p>\n\n\n\n<p>\u00ab<em>Nous avons refus\u00e9 cela, parce que pour nous, il s&rsquo;agit d&rsquo;une ligne rouge, et apr\u00e8s tout, nous ne sommes engag\u00e9s sur rien avec ce parti. Nous voulons un Etat de droit et Ennahdha ne veut pas de cela<\/em>\u00bb, a-t-il poursuivi,&nbsp;estimant, d&rsquo;autre part que ce mouvement veut impliquer Attayar dans ses conflits internes.<\/p>\n\n\n\n<p>Rappelons que la pl\u00e9ni\u00e8re consacr\u00e9e au vote de confiance au gouvernement de Habib Jemli aura lieu ce vendredi, 10 janvier.<\/p>\n\n\n\n<p class=\"has-text-align-right\"><strong>C. B. Y. <\/strong><\/p>\n","protected":false},"excerpt":{"rendered":"<p>A l&rsquo;annonce des r\u00e9sultats des l\u00e9gislatives, en octobre dernier, certains dirigeants d&rsquo;Attayar, dont son secr\u00e9taire g\u00e9n\u00e9ral, Mohamed Abbou, avaient \u00e9voqu\u00e9 la possibilit\u00e9 de soutenir le gouvernement d&rsquo;Ennahdha, sans pour autant y participer, en lui accordant partiellement la confiance du bloc parlementaire du parti, et ce afin de ne pas constituer un obstacle \u00e0 la continuit\u00e9&#8230;<\/p>\n","protected":false},"author":24,"featured_media":271176,"comment_status":"open","ping_status":"open","sticky":false,"template":"","format":"standard","meta":{"footnotes":""},"categories":[997,2433],"tags":[15519,49543,12235,4416],"class_list":["post-271146","post","type-post","status-publish","format-standard","has-post-thumbnail","hentry","category-politique","category-tunisie","tag-attayar","tag-ennahdha","tag-kais-saied","tag-mohamed-abbou"],"yoast_head":"<!-- This site is optimized with the Yoast SEO plugin v26.6 - https:\/\/yoast.com\/wordpress\/plugins\/seo\/ -->\n<title>Mohamed Abbou : \u00abNous voulons un Etat de droit et Ennahdha n&#039;en veut pas\u00bb - Kapitalis<\/title>\n<meta name=\"robots\" content=\"index, follow, max-snippet:-1, max-image-preview:large, max-video-preview:-1\" \/>\n<link rel=\"canonical\" href=\"https:\/\/kapitalis.com\/tunisie\/2020\/01\/08\/mohamed-abbou-le-gouvernement-jemli-nobtiendra-aucun-vote-dattayar\/\" \/>\n<meta property=\"og:locale\" content=\"fr_FR\" \/>\n<meta property=\"og:type\" content=\"article\" \/>\n<meta property=\"og:title\" content=\"Mohamed Abbou : \u00abNous voulons un Etat de droit et Ennahdha n&#039;en veut pas\u00bb - Kapitalis\" \/>\n<meta property=\"og:description\" content=\"A l&rsquo;annonce des r\u00e9sultats des l\u00e9gislatives, en octobre dernier, certains dirigeants d&rsquo;Attayar, dont son secr\u00e9taire g\u00e9n\u00e9ral, Mohamed Abbou, avaient \u00e9voqu\u00e9 la possibilit\u00e9 de soutenir le gouvernement d&rsquo;Ennahdha, sans pour autant y participer, en lui accordant partiellement la confiance du bloc parlementaire du parti, et ce afin de ne pas constituer un obstacle \u00e0 la continuit\u00e9...\" \/>\n<meta property=\"og:url\" content=\"https:\/\/kapitalis.com\/tunisie\/2020\/01\/08\/mohamed-abbou-le-gouvernement-jemli-nobtiendra-aucun-vote-dattayar\/\" \/>\n<meta property=\"og:site_name\" content=\"Kapitalis\" \/>\n<meta property=\"article:publisher\" content=\"https:\/\/www.facebook.com\/KapitalisInfo\/\" \/>\n<meta property=\"article:published_time\" content=\"2020-01-08T15:23:56+00:00\" \/>\n<meta property=\"article:modified_time\" content=\"2020-01-08T15:47:37+00:00\" \/>\n<meta property=\"og:image\" content=\"https:\/\/kapitalis.com\/tunisie\/wp-content\/uploads\/2022\/05\/kapitalis-logo-fb.png\" \/>\n\t<meta property=\"og:image:width\" content=\"1200\" \/>\n\t<meta property=\"og:image:height\" content=\"630\" \/>\n\t<meta property=\"og:image:type\" content=\"image\/png\" \/>\n<meta name=\"author\" content=\"Cherif Benyounes\" \/>\n<meta name=\"twitter:card\" content=\"summary_large_image\" \/>\n<meta name=\"twitter:creator\" content=\"@KapitalisInfo\" \/>\n<meta name=\"twitter:site\" content=\"@KapitalisInfo\" \/>\n<meta name=\"twitter:label1\" content=\"\u00c9crit par\" \/>\n\t<meta name=\"twitter:data1\" content=\"Cherif Benyounes\" \/>\n\t<meta name=\"twitter:label2\" content=\"Dur\u00e9e de lecture estim\u00e9e\" \/>\n\t<meta name=\"twitter:data2\" content=\"2 minutes\" \/>\n<script type=\"application\/ld+json\" class=\"yoast-schema-graph\">{\"@context\":\"https:\/\/schema.org\",\"@graph\":[{\"@type\":\"Article\",\"@id\":\"https:\/\/kapitalis.com\/tunisie\/2020\/01\/08\/mohamed-abbou-le-gouvernement-jemli-nobtiendra-aucun-vote-dattayar\/#article\",\"isPartOf\":{\"@id\":\"https:\/\/kapitalis.com\/tunisie\/2020\/01\/08\/mohamed-abbou-le-gouvernement-jemli-nobtiendra-aucun-vote-dattayar\/\"},\"author\":{\"name\":\"Cherif Benyounes\",\"@id\":\"https:\/\/kapitalis.com\/tunisie\/#\/schema\/person\/b35b8d631961131107263178aeb8019e\"},\"headline\":\"Mohamed Abbou : \u00abNous voulons un Etat de droit et Ennahdha n&rsquo;en veut pas\u00bb\",\"datePublished\":\"2020-01-08T15:23:56+00:00\",\"dateModified\":\"2020-01-08T15:47:37+00:00\",\"mainEntityOfPage\":{\"@id\":\"https:\/\/kapitalis.com\/tunisie\/2020\/01\/08\/mohamed-abbou-le-gouvernement-jemli-nobtiendra-aucun-vote-dattayar\/\"},\"wordCount\":475,\"commentCount\":3,\"publisher\":{\"@id\":\"https:\/\/kapitalis.com\/tunisie\/#organization\"},\"image\":{\"@id\":\"https:\/\/kapitalis.com\/tunisie\/2020\/01\/08\/mohamed-abbou-le-gouvernement-jemli-nobtiendra-aucun-vote-dattayar\/#primaryimage\"},\"thumbnailUrl\":\"\",\"keywords\":[\"Attayar\",\"Ennahdha\",\"Ka\u00efs Saied\",\"Mohamed Abbou\"],\"articleSection\":[\"POLITIQUE\",\"Tunisie\"],\"inLanguage\":\"fr-FR\",\"potentialAction\":[{\"@type\":\"CommentAction\",\"name\":\"Comment\",\"target\":[\"https:\/\/kapitalis.com\/tunisie\/2020\/01\/08\/mohamed-abbou-le-gouvernement-jemli-nobtiendra-aucun-vote-dattayar\/#respond\"]}]},{\"@type\":\"WebPage\",\"@id\":\"https:\/\/kapitalis.com\/tunisie\/2020\/01\/08\/mohamed-abbou-le-gouvernement-jemli-nobtiendra-aucun-vote-dattayar\/\",\"url\":\"https:\/\/kapitalis.com\/tunisie\/2020\/01\/08\/mohamed-abbou-le-gouvernement-jemli-nobtiendra-aucun-vote-dattayar\/\",\"name\":\"Mohamed Abbou : \u00abNous voulons un Etat de droit et Ennahdha n'en veut pas\u00bb - Kapitalis\",\"isPartOf\":{\"@id\":\"https:\/\/kapitalis.com\/tunisie\/#website\"},\"primaryImageOfPage\":{\"@id\":\"https:\/\/kapitalis.com\/tunisie\/2020\/01\/08\/mohamed-abbou-le-gouvernement-jemli-nobtiendra-aucun-vote-dattayar\/#primaryimage\"},\"image\":{\"@id\":\"https:\/\/kapitalis.com\/tunisie\/2020\/01\/08\/mohamed-abbou-le-gouvernement-jemli-nobtiendra-aucun-vote-dattayar\/#primaryimage\"},\"thumbnailUrl\":\"\",\"datePublished\":\"2020-01-08T15:23:56+00:00\",\"dateModified\":\"2020-01-08T15:47:37+00:00\",\"breadcrumb\":{\"@id\":\"https:\/\/kapitalis.com\/tunisie\/2020\/01\/08\/mohamed-abbou-le-gouvernement-jemli-nobtiendra-aucun-vote-dattayar\/#breadcrumb\"},\"inLanguage\":\"fr-FR\",\"potentialAction\":[{\"@type\":\"ReadAction\",\"target\":[\"https:\/\/kapitalis.com\/tunisie\/2020\/01\/08\/mohamed-abbou-le-gouvernement-jemli-nobtiendra-aucun-vote-dattayar\/\"]}]},{\"@type\":\"ImageObject\",\"inLanguage\":\"fr-FR\",\"@id\":\"https:\/\/kapitalis.com\/tunisie\/2020\/01\/08\/mohamed-abbou-le-gouvernement-jemli-nobtiendra-aucun-vote-dattayar\/#primaryimage\",\"url\":\"\",\"contentUrl\":\"\"},{\"@type\":\"BreadcrumbList\",\"@id\":\"https:\/\/kapitalis.com\/tunisie\/2020\/01\/08\/mohamed-abbou-le-gouvernement-jemli-nobtiendra-aucun-vote-dattayar\/#breadcrumb\",\"itemListElement\":[{\"@type\":\"ListItem\",\"position\":1,\"name\":\"Accueil\",\"item\":\"https:\/\/kapitalis.com\/tunisie\/\"},{\"@type\":\"ListItem\",\"position\":2,\"name\":\"Mohamed Abbou : \u00abNous voulons un Etat de droit et Ennahdha n&rsquo;en veut pas\u00bb\"}]},{\"@type\":\"WebSite\",\"@id\":\"https:\/\/kapitalis.com\/tunisie\/#website\",\"url\":\"https:\/\/kapitalis.com\/tunisie\/\",\"name\":\"Kapitalis\",\"description\":\"L&#039;actualit\u00e9 en Tunisie et dans le monde\",\"publisher\":{\"@id\":\"https:\/\/kapitalis.com\/tunisie\/#organization\"},\"potentialAction\":[{\"@type\":\"SearchAction\",\"target\":{\"@type\":\"EntryPoint\",\"urlTemplate\":\"https:\/\/kapitalis.com\/tunisie\/?s={search_term_string}\"},\"query-input\":{\"@type\":\"PropertyValueSpecification\",\"valueRequired\":true,\"valueName\":\"search_term_string\"}}],\"inLanguage\":\"fr-FR\"},{\"@type\":\"Organization\",\"@id\":\"https:\/\/kapitalis.com\/tunisie\/#organization\",\"name\":\"Kapitalis\",\"url\":\"https:\/\/kapitalis.com\/tunisie\/\",\"logo\":{\"@type\":\"ImageObject\",\"inLanguage\":\"fr-FR\",\"@id\":\"https:\/\/kapitalis.com\/tunisie\/#\/schema\/logo\/image\/\",\"url\":\"https:\/\/kapitalis.com\/tunisie\/wp-content\/uploads\/2022\/05\/Kapitalis-big-size.png\",\"contentUrl\":\"https:\/\/kapitalis.com\/tunisie\/wp-content\/uploads\/2022\/05\/Kapitalis-big-size.png\",\"width\":5000,\"height\":1500,\"caption\":\"Kapitalis\"},\"image\":{\"@id\":\"https:\/\/kapitalis.com\/tunisie\/#\/schema\/logo\/image\/\"},\"sameAs\":[\"https:\/\/www.facebook.com\/KapitalisInfo\/\",\"https:\/\/x.com\/KapitalisInfo\",\"https:\/\/www.youtube.com\/channel\/UC-yDYrHyfFBWWZaOw3FPg9Q\"]},{\"@type\":\"Person\",\"@id\":\"https:\/\/kapitalis.com\/tunisie\/#\/schema\/person\/b35b8d631961131107263178aeb8019e\",\"name\":\"Cherif Benyounes\",\"url\":\"https:\/\/kapitalis.com\/tunisie\/author\/cherif\/\"}]}<\/script>\n<!-- \/ Yoast SEO plugin. -->","yoast_head_json":{"title":"Mohamed Abbou : \u00abNous voulons un Etat de droit et Ennahdha n'en veut pas\u00bb - Kapitalis","robots":{"index":"index","follow":"follow","max-snippet":"max-snippet:-1","max-image-preview":"max-image-preview:large","max-video-preview":"max-video-preview:-1"},"canonical":"https:\/\/kapitalis.com\/tunisie\/2020\/01\/08\/mohamed-abbou-le-gouvernement-jemli-nobtiendra-aucun-vote-dattayar\/","og_locale":"fr_FR","og_type":"article","og_title":"Mohamed Abbou : \u00abNous voulons un Etat de droit et Ennahdha n'en veut pas\u00bb - Kapitalis","og_description":"A l&rsquo;annonce des r\u00e9sultats des l\u00e9gislatives, en octobre dernier, certains dirigeants d&rsquo;Attayar, dont son secr\u00e9taire g\u00e9n\u00e9ral, Mohamed Abbou, avaient \u00e9voqu\u00e9 la possibilit\u00e9 de soutenir le gouvernement d&rsquo;Ennahdha, sans pour autant y participer, en lui accordant partiellement la confiance du bloc parlementaire du parti, et ce afin de ne pas constituer un obstacle \u00e0 la continuit\u00e9...","og_url":"https:\/\/kapitalis.com\/tunisie\/2020\/01\/08\/mohamed-abbou-le-gouvernement-jemli-nobtiendra-aucun-vote-dattayar\/","og_site_name":"Kapitalis","article_publisher":"https:\/\/www.facebook.com\/KapitalisInfo\/","article_published_time":"2020-01-08T15:23:56+00:00","article_modified_time":"2020-01-08T15:47:37+00:00","og_image":[{"width":1200,"height":630,"url":"https:\/\/kapitalis.com\/tunisie\/wp-content\/uploads\/2022\/05\/kapitalis-logo-fb.png","type":"image\/png"}],"author":"Cherif Benyounes","twitter_card":"summary_large_image","twitter_creator":"@KapitalisInfo","twitter_site":"@KapitalisInfo","twitter_misc":{"\u00c9crit par":"Cherif Benyounes","Dur\u00e9e de lecture estim\u00e9e":"2 minutes"},"schema":{"@context":"https:\/\/schema.org","@graph":[{"@type":"Article","@id":"https:\/\/kapitalis.com\/tunisie\/2020\/01\/08\/mohamed-abbou-le-gouvernement-jemli-nobtiendra-aucun-vote-dattayar\/#article","isPartOf":{"@id":"https:\/\/kapitalis.com\/tunisie\/2020\/01\/08\/mohamed-abbou-le-gouvernement-jemli-nobtiendra-aucun-vote-dattayar\/"},"author":{"name":"Cherif Benyounes","@id":"https:\/\/kapitalis.com\/tunisie\/#\/schema\/person\/b35b8d631961131107263178aeb8019e"},"headline":"Mohamed Abbou : \u00abNous voulons un Etat de droit et Ennahdha n&rsquo;en veut pas\u00bb","datePublished":"2020-01-08T15:23:56+00:00","dateModified":"2020-01-08T15:47:37+00:00","mainEntityOfPage":{"@id":"https:\/\/kapitalis.com\/tunisie\/2020\/01\/08\/mohamed-abbou-le-gouvernement-jemli-nobtiendra-aucun-vote-dattayar\/"},"wordCount":475,"commentCount":3,"publisher":{"@id":"https:\/\/kapitalis.com\/tunisie\/#organization"},"image":{"@id":"https:\/\/kapitalis.com\/tunisie\/2020\/01\/08\/mohamed-abbou-le-gouvernement-jemli-nobtiendra-aucun-vote-dattayar\/#primaryimage"},"thumbnailUrl":"","keywords":["Attayar","Ennahdha","Ka\u00efs Saied","Mohamed Abbou"],"articleSection":["POLITIQUE","Tunisie"],"inLanguage":"fr-FR","potentialAction":[{"@type":"CommentAction","name":"Comment","target":["https:\/\/kapitalis.com\/tunisie\/2020\/01\/08\/mohamed-abbou-le-gouvernement-jemli-nobtiendra-aucun-vote-dattayar\/#respond"]}]},{"@type":"WebPage","@id":"https:\/\/kapitalis.com\/tunisie\/2020\/01\/08\/mohamed-abbou-le-gouvernement-jemli-nobtiendra-aucun-vote-dattayar\/","url":"https:\/\/kapitalis.com\/tunisie\/2020\/01\/08\/mohamed-abbou-le-gouvernement-jemli-nobtiendra-aucun-vote-dattayar\/","name":"Mohamed Abbou : \u00abNous voulons un Etat de droit et Ennahdha n'en veut pas\u00bb - Kapitalis","isPartOf":{"@id":"https:\/\/kapitalis.com\/tunisie\/#website"},"primaryImageOfPage":{"@id":"https:\/\/kapitalis.com\/tunisie\/2020\/01\/08\/mohamed-abbou-le-gouvernement-jemli-nobtiendra-aucun-vote-dattayar\/#primaryimage"},"image":{"@id":"https:\/\/kapitalis.com\/tunisie\/2020\/01\/08\/mohamed-abbou-le-gouvernement-jemli-nobtiendra-aucun-vote-dattayar\/#primaryimage"},"thumbnailUrl":"","datePublished":"2020-01-08T15:23:56+00:00","dateModified":"2020-01-08T15:47:37+00:00","breadcrumb":{"@id":"https:\/\/kapitalis.com\/tunisie\/2020\/01\/08\/mohamed-abbou-le-gouvernement-jemli-nobtiendra-aucun-vote-dattayar\/#breadcrumb"},"inLanguage":"fr-FR","potentialAction":[{"@type":"ReadAction","target":["https:\/\/kapitalis.com\/tunisie\/2020\/01\/08\/mohamed-abbou-le-gouvernement-jemli-nobtiendra-aucun-vote-dattayar\/"]}]},{"@type":"ImageObject","inLanguage":"fr-FR","@id":"https:\/\/kapitalis.com\/tunisie\/2020\/01\/08\/mohamed-abbou-le-gouvernement-jemli-nobtiendra-aucun-vote-dattayar\/#primaryimage","url":"","contentUrl":""},{"@type":"BreadcrumbList","@id":"https:\/\/kapitalis.com\/tunisie\/2020\/01\/08\/mohamed-abbou-le-gouvernement-jemli-nobtiendra-aucun-vote-dattayar\/#breadcrumb","itemListElement":[{"@type":"ListItem","position":1,"name":"Accueil","item":"https:\/\/kapitalis.com\/tunisie\/"},{"@type":"ListItem","position":2,"name":"Mohamed Abbou : \u00abNous voulons un Etat de droit et Ennahdha n&rsquo;en veut pas\u00bb"}]},{"@type":"WebSite","@id":"https:\/\/kapitalis.com\/tunisie\/#website","url":"https:\/\/kapitalis.com\/tunisie\/","name":"Kapitalis","description":"L&#039;actualit\u00e9 en Tunisie et dans le monde","publisher":{"@id":"https:\/\/kapitalis.com\/tunisie\/#organization"},"potentialAction":[{"@type":"SearchAction","target":{"@type":"EntryPoint","urlTemplate":"https:\/\/kapitalis.com\/tunisie\/?s={search_term_string}"},"query-input":{"@type":"PropertyValueSpecification","valueRequired":true,"valueName":"search_term_string"}}],"inLanguage":"fr-FR"},{"@type":"Organization","@id":"https:\/\/kapitalis.com\/tunisie\/#organization","name":"Kapitalis","url":"https:\/\/kapitalis.com\/tunisie\/","logo":{"@type":"ImageObject","inLanguage":"fr-FR","@id":"https:\/\/kapitalis.com\/tunisie\/#\/schema\/logo\/image\/","url":"https:\/\/kapitalis.com\/tunisie\/wp-content\/uploads\/2022\/05\/Kapitalis-big-size.png","contentUrl":"https:\/\/kapitalis.com\/tunisie\/wp-content\/uploads\/2022\/05\/Kapitalis-big-size.png","width":5000,"height":1500,"caption":"Kapitalis"},"image":{"@id":"https:\/\/kapitalis.com\/tunisie\/#\/schema\/logo\/image\/"},"sameAs":["https:\/\/www.facebook.com\/KapitalisInfo\/","https:\/\/x.com\/KapitalisInfo","https:\/\/www.youtube.com\/channel\/UC-yDYrHyfFBWWZaOw3FPg9Q"]},{"@type":"Person","@id":"https:\/\/kapitalis.com\/tunisie\/#\/schema\/person\/b35b8d631961131107263178aeb8019e","name":"Cherif Benyounes","url":"https:\/\/kapitalis.com\/tunisie\/author\/cherif\/"}]}},"_links":{"self":[{"href":"https:\/\/kapitalis.com\/tunisie\/wp-json\/wp\/v2\/posts\/271146","targetHints":{"allow":["GET"]}}],"collection":[{"href":"https:\/\/kapitalis.com\/tunisie\/wp-json\/wp\/v2\/posts"}],"about":[{"href":"https:\/\/kapitalis.com\/tunisie\/wp-json\/wp\/v2\/types\/post"}],"author":[{"embeddable":true,"href":"https:\/\/kapitalis.com\/tunisie\/wp-json\/wp\/v2\/users\/24"}],"replies":[{"embeddable":true,"href":"https:\/\/kapitalis.com\/tunisie\/wp-json\/wp\/v2\/comments?post=271146"}],"version-history":[{"count":0,"href":"https:\/\/kapitalis.com\/tunisie\/wp-json\/wp\/v2\/posts\/271146\/revisions"}],"wp:featuredmedia":[{"embeddable":true,"href":"https:\/\/kapitalis.com\/tunisie\/wp-json\/wp\/v2\/media\/271176"}],"wp:attachment":[{"href":"https:\/\/kapitalis.com\/tunisie\/wp-json\/wp\/v2\/media?parent=271146"}],"wp:term":[{"taxonomy":"category","embeddable":true,"href":"https:\/\/kapitalis.com\/tunisie\/wp-json\/wp\/v2\/categories?post=271146"},{"taxonomy":"post_tag","embeddable":true,"href":"https:\/\/kapitalis.com\/tunisie\/wp-json\/wp\/v2\/tags?post=271146"}],"curies":[{"name":"wp","href":"https:\/\/api.w.org\/{rel}","templated":true}]}}