{"id":27178,"date":"2015-11-25T14:36:05","date_gmt":"2015-11-25T13:36:05","guid":{"rendered":"http:\/\/kapitalis.com\/tunisie\/?p=27178"},"modified":"2015-11-25T15:35:01","modified_gmt":"2015-11-25T14:35:01","slug":"les-internautes-fetant-lattaque-de-tunis-denonces-a-la-police","status":"publish","type":"post","link":"https:\/\/kapitalis.com\/tunisie\/2015\/11\/25\/les-internautes-fetant-lattaque-de-tunis-denonces-a-la-police\/","title":{"rendered":"Les internautes f\u00eatant l\u2019attaque de Tunis d\u00e9nonc\u00e9s \u00e0 la police"},"content":{"rendered":"<p><img loading=\"lazy\" decoding=\"async\" class=\"alignnone size-full wp-image-26918 aligncenter\" src=\"http:\/\/kapitalis.com\/tunisie\/wp-content\/uploads\/2015\/11\/Bus-explosion.jpg\" alt=\"Bus-explosion\" width=\"626\" height=\"380\" \/><\/p>\n<p><em><strong>Les internautes tunisiens se lancent dans la chasse aux extr\u00e9mistes religieux qui se r\u00e9jouissent de l\u2019attaque terroriste, hier \u00e0 Tunis.<\/strong><\/em><!--more--><\/p>\n<p>Apr\u00e8s l\u2019attaque meurtri\u00e8re dans un bus de la garde pr\u00e9sidentielle, perp\u00e9tr\u00e9 hier au centre-ville de Tunis, des extr\u00e9mistes religieux ont laiss\u00e9 \u00e9clater leur joie, \u00e0 travers les r\u00e9seaux sociaux, face \u00e0 cet acte cruel et barbare. Des internautes tunisiens se sont donn\u00e9 pour mission de d\u00e9noncer ces \u00e9cervel\u00e9s.<\/p>\n<p>Les liens des comptes Facebook et des imprim\u2019 \u00e9cran des posts sont envoy\u00e9s \u00e0 la <a href=\"https:\/\/www.facebook.com\/%D9%86%D9%82%D8%A7%D8%A8%D8%A9-%D9%82%D9%88%D8%A7%D8%AA-%D8%A7%D9%84%D8%A7%D9%85%D9%86-%D8%A7%D9%84%D8%AF%D8%A7%D8%AE%D9%84%D9%8A_Syndicat-FSI-172771476098965\/?fref=nf\" target=\"_blank\">page du syndicat de la s\u00fbret\u00e9<\/a> pour que leurs auteurs soient poursuivis.<\/p>\n<p><img loading=\"lazy\" decoding=\"async\" class=\"alignnone size-full wp-image-27194 aligncenter\" src=\"http:\/\/kapitalis.com\/tunisie\/wp-content\/uploads\/2015\/11\/terroristes-1.jpg\" alt=\"terroristes-1\" width=\"500\" height=\"300\" \/><\/p>\n<p>Ainsi toute personne \u00e9pingl\u00e9e devra, selon la loi tunisienne, compara\u00eetre devant le juge, dans le cadre de la lutte contre le terrorisme. Encore faut-il identifier les administrateurs qui se cachent derri\u00e8re ces comptes facebook. Et c&rsquo;est le boulot des limiers de la police.<\/p>\n<p>L\u2019attaque perp\u00e9tr\u00e9e, hier, au c\u0153ur du centre-ville de la capitale a fait 12 martyrs dans le rang des agents de la garde pr\u00e9sidentielle, ainsi que 20 bless\u00e9s dont 4 civils.<\/p>\n<p style=\"text-align: right;\"><strong>Y. N.<\/strong><\/p>\n","protected":false},"excerpt":{"rendered":"<p>Les internautes tunisiens se lancent dans la chasse aux extr\u00e9mistes religieux qui se r\u00e9jouissent de l\u2019attaque terroriste, hier \u00e0 Tunis.<\/p>\n","protected":false},"author":11,"featured_media":27194,"comment_status":"open","ping_status":"open","sticky":false,"template":"","format":"standard","meta":{"footnotes":""},"categories":[996,2433],"tags":[10349,1499,3500,5126,2661,6112],"class_list":["post-27178","post","type-post","status-publish","format-standard","has-post-thumbnail","hentry","category-media","category-tunisie","tag-denoncer","tag-extremistes-religieux","tag-facebook","tag-internautes","tag-reseaux-sociaux","tag-syndicat-police"],"yoast_head":"<!-- This site is optimized with the Yoast SEO plugin v26.6 - https:\/\/yoast.com\/wordpress\/plugins\/seo\/ -->\n<title>Les internautes f\u00eatant l\u2019attaque de Tunis d\u00e9nonc\u00e9s \u00e0 la police - Kapitalis<\/title>\n<meta name=\"robots\" content=\"index, follow, max-snippet:-1, max-image-preview:large, max-video-preview:-1\" \/>\n<link rel=\"canonical\" href=\"https:\/\/kapitalis.com\/tunisie\/2015\/11\/25\/les-internautes-fetant-lattaque-de-tunis-denonces-a-la-police\/\" \/>\n<meta property=\"og:locale\" content=\"fr_FR\" \/>\n<meta property=\"og:type\" content=\"article\" \/>\n<meta property=\"og:title\" content=\"Les internautes f\u00eatant l\u2019attaque de Tunis d\u00e9nonc\u00e9s \u00e0 la police - Kapitalis\" \/>\n<meta property=\"og:description\" content=\"Les internautes tunisiens se lancent dans la chasse aux extr\u00e9mistes religieux qui se r\u00e9jouissent de l\u2019attaque terroriste, hier \u00e0 Tunis.\" \/>\n<meta property=\"og:url\" content=\"https:\/\/kapitalis.com\/tunisie\/2015\/11\/25\/les-internautes-fetant-lattaque-de-tunis-denonces-a-la-police\/\" \/>\n<meta property=\"og:site_name\" content=\"Kapitalis\" \/>\n<meta property=\"article:publisher\" content=\"https:\/\/www.facebook.com\/KapitalisInfo\/\" \/>\n<meta property=\"article:published_time\" content=\"2015-11-25T13:36:05+00:00\" \/>\n<meta property=\"article:modified_time\" content=\"2015-11-25T14:35:01+00:00\" \/>\n<meta property=\"og:image\" content=\"https:\/\/kapitalis.com\/tunisie\/wp-content\/uploads\/2022\/05\/kapitalis-logo-fb.png\" \/>\n\t<meta property=\"og:image:width\" content=\"1200\" \/>\n\t<meta property=\"og:image:height\" content=\"630\" \/>\n\t<meta property=\"og:image:type\" content=\"image\/png\" \/>\n<meta name=\"author\" content=\"benmansour3 benmansour\" \/>\n<meta name=\"twitter:card\" content=\"summary_large_image\" \/>\n<meta name=\"twitter:creator\" content=\"@KapitalisInfo\" \/>\n<meta name=\"twitter:site\" content=\"@KapitalisInfo\" \/>\n<meta name=\"twitter:label1\" content=\"\u00c9crit par\" \/>\n\t<meta name=\"twitter:data1\" content=\"benmansour3 benmansour\" \/>\n\t<meta name=\"twitter:label2\" content=\"Dur\u00e9e de lecture estim\u00e9e\" \/>\n\t<meta name=\"twitter:data2\" content=\"1 minute\" \/>\n<script type=\"application\/ld+json\" class=\"yoast-schema-graph\">{\"@context\":\"https:\/\/schema.org\",\"@graph\":[{\"@type\":\"Article\",\"@id\":\"https:\/\/kapitalis.com\/tunisie\/2015\/11\/25\/les-internautes-fetant-lattaque-de-tunis-denonces-a-la-police\/#article\",\"isPartOf\":{\"@id\":\"https:\/\/kapitalis.com\/tunisie\/2015\/11\/25\/les-internautes-fetant-lattaque-de-tunis-denonces-a-la-police\/\"},\"author\":{\"name\":\"benmansour3 benmansour\",\"@id\":\"https:\/\/kapitalis.com\/tunisie\/#\/schema\/person\/035372e645ad321edc01006468cd4c8b\"},\"headline\":\"Les internautes f\u00eatant l\u2019attaque de Tunis d\u00e9nonc\u00e9s \u00e0 la police\",\"datePublished\":\"2015-11-25T13:36:05+00:00\",\"dateModified\":\"2015-11-25T14:35:01+00:00\",\"mainEntityOfPage\":{\"@id\":\"https:\/\/kapitalis.com\/tunisie\/2015\/11\/25\/les-internautes-fetant-lattaque-de-tunis-denonces-a-la-police\/\"},\"wordCount\":199,\"commentCount\":0,\"publisher\":{\"@id\":\"https:\/\/kapitalis.com\/tunisie\/#organization\"},\"image\":{\"@id\":\"https:\/\/kapitalis.com\/tunisie\/2015\/11\/25\/les-internautes-fetant-lattaque-de-tunis-denonces-a-la-police\/#primaryimage\"},\"thumbnailUrl\":\"\",\"keywords\":[\"d\u00e9noncer\",\"extr\u00e9mistes religieux\",\"Facebook\",\"internautes\",\"r\u00e9seaux sociaux\",\"Syndicat police\"],\"articleSection\":[\"MEDIA\",\"Tunisie\"],\"inLanguage\":\"fr-FR\",\"potentialAction\":[{\"@type\":\"CommentAction\",\"name\":\"Comment\",\"target\":[\"https:\/\/kapitalis.com\/tunisie\/2015\/11\/25\/les-internautes-fetant-lattaque-de-tunis-denonces-a-la-police\/#respond\"]}]},{\"@type\":\"WebPage\",\"@id\":\"https:\/\/kapitalis.com\/tunisie\/2015\/11\/25\/les-internautes-fetant-lattaque-de-tunis-denonces-a-la-police\/\",\"url\":\"https:\/\/kapitalis.com\/tunisie\/2015\/11\/25\/les-internautes-fetant-lattaque-de-tunis-denonces-a-la-police\/\",\"name\":\"Les internautes f\u00eatant l\u2019attaque de Tunis d\u00e9nonc\u00e9s \u00e0 la police - Kapitalis\",\"isPartOf\":{\"@id\":\"https:\/\/kapitalis.com\/tunisie\/#website\"},\"primaryImageOfPage\":{\"@id\":\"https:\/\/kapitalis.com\/tunisie\/2015\/11\/25\/les-internautes-fetant-lattaque-de-tunis-denonces-a-la-police\/#primaryimage\"},\"image\":{\"@id\":\"https:\/\/kapitalis.com\/tunisie\/2015\/11\/25\/les-internautes-fetant-lattaque-de-tunis-denonces-a-la-police\/#primaryimage\"},\"thumbnailUrl\":\"\",\"datePublished\":\"2015-11-25T13:36:05+00:00\",\"dateModified\":\"2015-11-25T14:35:01+00:00\",\"breadcrumb\":{\"@id\":\"https:\/\/kapitalis.com\/tunisie\/2015\/11\/25\/les-internautes-fetant-lattaque-de-tunis-denonces-a-la-police\/#breadcrumb\"},\"inLanguage\":\"fr-FR\",\"potentialAction\":[{\"@type\":\"ReadAction\",\"target\":[\"https:\/\/kapitalis.com\/tunisie\/2015\/11\/25\/les-internautes-fetant-lattaque-de-tunis-denonces-a-la-police\/\"]}]},{\"@type\":\"ImageObject\",\"inLanguage\":\"fr-FR\",\"@id\":\"https:\/\/kapitalis.com\/tunisie\/2015\/11\/25\/les-internautes-fetant-lattaque-de-tunis-denonces-a-la-police\/#primaryimage\",\"url\":\"\",\"contentUrl\":\"\"},{\"@type\":\"BreadcrumbList\",\"@id\":\"https:\/\/kapitalis.com\/tunisie\/2015\/11\/25\/les-internautes-fetant-lattaque-de-tunis-denonces-a-la-police\/#breadcrumb\",\"itemListElement\":[{\"@type\":\"ListItem\",\"position\":1,\"name\":\"Accueil\",\"item\":\"https:\/\/kapitalis.com\/tunisie\/\"},{\"@type\":\"ListItem\",\"position\":2,\"name\":\"Les internautes f\u00eatant l\u2019attaque de Tunis d\u00e9nonc\u00e9s \u00e0 la police\"}]},{\"@type\":\"WebSite\",\"@id\":\"https:\/\/kapitalis.com\/tunisie\/#website\",\"url\":\"https:\/\/kapitalis.com\/tunisie\/\",\"name\":\"Kapitalis\",\"description\":\"L&#039;actualit\u00e9 en Tunisie et dans le monde\",\"publisher\":{\"@id\":\"https:\/\/kapitalis.com\/tunisie\/#organization\"},\"potentialAction\":[{\"@type\":\"SearchAction\",\"target\":{\"@type\":\"EntryPoint\",\"urlTemplate\":\"https:\/\/kapitalis.com\/tunisie\/?s={search_term_string}\"},\"query-input\":{\"@type\":\"PropertyValueSpecification\",\"valueRequired\":true,\"valueName\":\"search_term_string\"}}],\"inLanguage\":\"fr-FR\"},{\"@type\":\"Organization\",\"@id\":\"https:\/\/kapitalis.com\/tunisie\/#organization\",\"name\":\"Kapitalis\",\"url\":\"https:\/\/kapitalis.com\/tunisie\/\",\"logo\":{\"@type\":\"ImageObject\",\"inLanguage\":\"fr-FR\",\"@id\":\"https:\/\/kapitalis.com\/tunisie\/#\/schema\/logo\/image\/\",\"url\":\"https:\/\/kapitalis.com\/tunisie\/wp-content\/uploads\/2022\/05\/Kapitalis-big-size.png\",\"contentUrl\":\"https:\/\/kapitalis.com\/tunisie\/wp-content\/uploads\/2022\/05\/Kapitalis-big-size.png\",\"width\":5000,\"height\":1500,\"caption\":\"Kapitalis\"},\"image\":{\"@id\":\"https:\/\/kapitalis.com\/tunisie\/#\/schema\/logo\/image\/\"},\"sameAs\":[\"https:\/\/www.facebook.com\/KapitalisInfo\/\",\"https:\/\/x.com\/KapitalisInfo\",\"https:\/\/www.youtube.com\/channel\/UC-yDYrHyfFBWWZaOw3FPg9Q\"]},{\"@type\":\"Person\",\"@id\":\"https:\/\/kapitalis.com\/tunisie\/#\/schema\/person\/035372e645ad321edc01006468cd4c8b\",\"name\":\"benmansour3 benmansour\",\"url\":\"https:\/\/kapitalis.com\/tunisie\/author\/benmansour3\/\"}]}<\/script>\n<!-- \/ Yoast SEO plugin. -->","yoast_head_json":{"title":"Les internautes f\u00eatant l\u2019attaque de Tunis d\u00e9nonc\u00e9s \u00e0 la police - Kapitalis","robots":{"index":"index","follow":"follow","max-snippet":"max-snippet:-1","max-image-preview":"max-image-preview:large","max-video-preview":"max-video-preview:-1"},"canonical":"https:\/\/kapitalis.com\/tunisie\/2015\/11\/25\/les-internautes-fetant-lattaque-de-tunis-denonces-a-la-police\/","og_locale":"fr_FR","og_type":"article","og_title":"Les internautes f\u00eatant l\u2019attaque de Tunis d\u00e9nonc\u00e9s \u00e0 la police - Kapitalis","og_description":"Les internautes tunisiens se lancent dans la chasse aux extr\u00e9mistes religieux qui se r\u00e9jouissent de l\u2019attaque terroriste, hier \u00e0 Tunis.","og_url":"https:\/\/kapitalis.com\/tunisie\/2015\/11\/25\/les-internautes-fetant-lattaque-de-tunis-denonces-a-la-police\/","og_site_name":"Kapitalis","article_publisher":"https:\/\/www.facebook.com\/KapitalisInfo\/","article_published_time":"2015-11-25T13:36:05+00:00","article_modified_time":"2015-11-25T14:35:01+00:00","og_image":[{"width":1200,"height":630,"url":"https:\/\/kapitalis.com\/tunisie\/wp-content\/uploads\/2022\/05\/kapitalis-logo-fb.png","type":"image\/png"}],"author":"benmansour3 benmansour","twitter_card":"summary_large_image","twitter_creator":"@KapitalisInfo","twitter_site":"@KapitalisInfo","twitter_misc":{"\u00c9crit par":"benmansour3 benmansour","Dur\u00e9e de lecture estim\u00e9e":"1 minute"},"schema":{"@context":"https:\/\/schema.org","@graph":[{"@type":"Article","@id":"https:\/\/kapitalis.com\/tunisie\/2015\/11\/25\/les-internautes-fetant-lattaque-de-tunis-denonces-a-la-police\/#article","isPartOf":{"@id":"https:\/\/kapitalis.com\/tunisie\/2015\/11\/25\/les-internautes-fetant-lattaque-de-tunis-denonces-a-la-police\/"},"author":{"name":"benmansour3 benmansour","@id":"https:\/\/kapitalis.com\/tunisie\/#\/schema\/person\/035372e645ad321edc01006468cd4c8b"},"headline":"Les internautes f\u00eatant l\u2019attaque de Tunis d\u00e9nonc\u00e9s \u00e0 la police","datePublished":"2015-11-25T13:36:05+00:00","dateModified":"2015-11-25T14:35:01+00:00","mainEntityOfPage":{"@id":"https:\/\/kapitalis.com\/tunisie\/2015\/11\/25\/les-internautes-fetant-lattaque-de-tunis-denonces-a-la-police\/"},"wordCount":199,"commentCount":0,"publisher":{"@id":"https:\/\/kapitalis.com\/tunisie\/#organization"},"image":{"@id":"https:\/\/kapitalis.com\/tunisie\/2015\/11\/25\/les-internautes-fetant-lattaque-de-tunis-denonces-a-la-police\/#primaryimage"},"thumbnailUrl":"","keywords":["d\u00e9noncer","extr\u00e9mistes religieux","Facebook","internautes","r\u00e9seaux sociaux","Syndicat police"],"articleSection":["MEDIA","Tunisie"],"inLanguage":"fr-FR","potentialAction":[{"@type":"CommentAction","name":"Comment","target":["https:\/\/kapitalis.com\/tunisie\/2015\/11\/25\/les-internautes-fetant-lattaque-de-tunis-denonces-a-la-police\/#respond"]}]},{"@type":"WebPage","@id":"https:\/\/kapitalis.com\/tunisie\/2015\/11\/25\/les-internautes-fetant-lattaque-de-tunis-denonces-a-la-police\/","url":"https:\/\/kapitalis.com\/tunisie\/2015\/11\/25\/les-internautes-fetant-lattaque-de-tunis-denonces-a-la-police\/","name":"Les internautes f\u00eatant l\u2019attaque de Tunis d\u00e9nonc\u00e9s \u00e0 la police - Kapitalis","isPartOf":{"@id":"https:\/\/kapitalis.com\/tunisie\/#website"},"primaryImageOfPage":{"@id":"https:\/\/kapitalis.com\/tunisie\/2015\/11\/25\/les-internautes-fetant-lattaque-de-tunis-denonces-a-la-police\/#primaryimage"},"image":{"@id":"https:\/\/kapitalis.com\/tunisie\/2015\/11\/25\/les-internautes-fetant-lattaque-de-tunis-denonces-a-la-police\/#primaryimage"},"thumbnailUrl":"","datePublished":"2015-11-25T13:36:05+00:00","dateModified":"2015-11-25T14:35:01+00:00","breadcrumb":{"@id":"https:\/\/kapitalis.com\/tunisie\/2015\/11\/25\/les-internautes-fetant-lattaque-de-tunis-denonces-a-la-police\/#breadcrumb"},"inLanguage":"fr-FR","potentialAction":[{"@type":"ReadAction","target":["https:\/\/kapitalis.com\/tunisie\/2015\/11\/25\/les-internautes-fetant-lattaque-de-tunis-denonces-a-la-police\/"]}]},{"@type":"ImageObject","inLanguage":"fr-FR","@id":"https:\/\/kapitalis.com\/tunisie\/2015\/11\/25\/les-internautes-fetant-lattaque-de-tunis-denonces-a-la-police\/#primaryimage","url":"","contentUrl":""},{"@type":"BreadcrumbList","@id":"https:\/\/kapitalis.com\/tunisie\/2015\/11\/25\/les-internautes-fetant-lattaque-de-tunis-denonces-a-la-police\/#breadcrumb","itemListElement":[{"@type":"ListItem","position":1,"name":"Accueil","item":"https:\/\/kapitalis.com\/tunisie\/"},{"@type":"ListItem","position":2,"name":"Les internautes f\u00eatant l\u2019attaque de Tunis d\u00e9nonc\u00e9s \u00e0 la police"}]},{"@type":"WebSite","@id":"https:\/\/kapitalis.com\/tunisie\/#website","url":"https:\/\/kapitalis.com\/tunisie\/","name":"Kapitalis","description":"L&#039;actualit\u00e9 en Tunisie et dans le monde","publisher":{"@id":"https:\/\/kapitalis.com\/tunisie\/#organization"},"potentialAction":[{"@type":"SearchAction","target":{"@type":"EntryPoint","urlTemplate":"https:\/\/kapitalis.com\/tunisie\/?s={search_term_string}"},"query-input":{"@type":"PropertyValueSpecification","valueRequired":true,"valueName":"search_term_string"}}],"inLanguage":"fr-FR"},{"@type":"Organization","@id":"https:\/\/kapitalis.com\/tunisie\/#organization","name":"Kapitalis","url":"https:\/\/kapitalis.com\/tunisie\/","logo":{"@type":"ImageObject","inLanguage":"fr-FR","@id":"https:\/\/kapitalis.com\/tunisie\/#\/schema\/logo\/image\/","url":"https:\/\/kapitalis.com\/tunisie\/wp-content\/uploads\/2022\/05\/Kapitalis-big-size.png","contentUrl":"https:\/\/kapitalis.com\/tunisie\/wp-content\/uploads\/2022\/05\/Kapitalis-big-size.png","width":5000,"height":1500,"caption":"Kapitalis"},"image":{"@id":"https:\/\/kapitalis.com\/tunisie\/#\/schema\/logo\/image\/"},"sameAs":["https:\/\/www.facebook.com\/KapitalisInfo\/","https:\/\/x.com\/KapitalisInfo","https:\/\/www.youtube.com\/channel\/UC-yDYrHyfFBWWZaOw3FPg9Q"]},{"@type":"Person","@id":"https:\/\/kapitalis.com\/tunisie\/#\/schema\/person\/035372e645ad321edc01006468cd4c8b","name":"benmansour3 benmansour","url":"https:\/\/kapitalis.com\/tunisie\/author\/benmansour3\/"}]}},"_links":{"self":[{"href":"https:\/\/kapitalis.com\/tunisie\/wp-json\/wp\/v2\/posts\/27178","targetHints":{"allow":["GET"]}}],"collection":[{"href":"https:\/\/kapitalis.com\/tunisie\/wp-json\/wp\/v2\/posts"}],"about":[{"href":"https:\/\/kapitalis.com\/tunisie\/wp-json\/wp\/v2\/types\/post"}],"author":[{"embeddable":true,"href":"https:\/\/kapitalis.com\/tunisie\/wp-json\/wp\/v2\/users\/11"}],"replies":[{"embeddable":true,"href":"https:\/\/kapitalis.com\/tunisie\/wp-json\/wp\/v2\/comments?post=27178"}],"version-history":[{"count":0,"href":"https:\/\/kapitalis.com\/tunisie\/wp-json\/wp\/v2\/posts\/27178\/revisions"}],"wp:featuredmedia":[{"embeddable":true,"href":"https:\/\/kapitalis.com\/tunisie\/wp-json\/wp\/v2\/media\/27194"}],"wp:attachment":[{"href":"https:\/\/kapitalis.com\/tunisie\/wp-json\/wp\/v2\/media?parent=27178"}],"wp:term":[{"taxonomy":"category","embeddable":true,"href":"https:\/\/kapitalis.com\/tunisie\/wp-json\/wp\/v2\/categories?post=27178"},{"taxonomy":"post_tag","embeddable":true,"href":"https:\/\/kapitalis.com\/tunisie\/wp-json\/wp\/v2\/tags?post=27178"}],"curies":[{"name":"wp","href":"https:\/\/api.w.org\/{rel}","templated":true}]}}