{"id":272129,"date":"2020-01-11T19:46:00","date_gmt":"2020-01-11T18:46:00","guid":{"rendered":"http:\/\/kapitalis.com\/tunisie\/?p=272129"},"modified":"2020-01-12T07:36:41","modified_gmt":"2020-01-12T06:36:41","slug":"deces-du-sultan-qabous-saied-se-rendra-demain-a-oman-pour-presenter-ses-condoleances","status":"publish","type":"post","link":"https:\/\/kapitalis.com\/tunisie\/2020\/01\/11\/deces-du-sultan-qabous-saied-se-rendra-demain-a-oman-pour-presenter-ses-condoleances\/","title":{"rendered":"D\u00e9c\u00e8s du sultan Qabous : Sa\u00efed \u00e0 Oman pour pr\u00e9senter ses condol\u00e9ances"},"content":{"rendered":"\n<figure class=\"wp-block-image size-large\"><img decoding=\"async\" src=\"http:\/\/kapitalis.com\/tunisie\/wp-content\/uploads\/2020\/01\/Kais-Saied.jpg\" alt=\"\" class=\"wp-image-270659\"\/><\/figure>\n\n\n\n<p><em><strong>Le pr\u00e9sident de la r\u00e9publique, Kais Sa\u00efed, se rendra, ce dimanche 12 janvier 2020, au Sultanat d\u2019Oman, pour pr\u00e9senter ses condol\u00e9ances, suite au d\u00e9c\u00e8s, samedi, du sultan d\u2019Oman, Qabous Ibn Sa\u00efd.<\/strong><\/em><\/p>\n\n\n\n<!--more-->\n\n\n\n<p>\u00ab<em>Le Sultanat d\u2019Oman et la Oumma arabe et islamique ont perdu un dirigeant clairvoyant, un homme d\u2019\u00c9tat fid\u00e8le, qui a consacr\u00e9 sa vie au service de sa patrie, ainsi qu\u2019\u00e0 la s\u00e9curit\u00e9, la prosp\u00e9rit\u00e9 et la stabilit\u00e9 de son peuple, faisant de son pays un facteur de stabilit\u00e9 et d\u2019\u00e9quilibre dans la r\u00e9gion, qui lui ont valu le respect et la consid\u00e9ration des \u00c9tats fr\u00e8res et amis<\/em>\u00bb, indique un communiqu\u00e9 de la pr\u00e9sidence tunisienne.<\/p>\n\n\n\n<div class=\"wp-block-image\"><figure class=\"aligncenter size-large is-resized\"><img decoding=\"async\" src=\"http:\/\/kapitalis.com\/tunisie\/wp-content\/uploads\/2020\/01\/presidence.jpg\" alt=\"\" class=\"wp-image-272131\" width=\"500\"\/><\/figure><\/div>\n\n\n\n<p>\u00ab<em>La Tunisie conservera les empreintes intactes du regrett\u00e9, en faisant des relations tuniso-omanaises un exemple de ce que devraient \u00eatre toutes relations entre les fr\u00e8res, bas\u00e9es sur le respect mutuel et une coop\u00e9ration sinc\u00e8re et constructive<\/em>\u00bb, ajoute la pr\u00e9sidence de la r\u00e9publique.<\/p>\n\n\n\n<p>Notons qu&rsquo;il s&rsquo;agit du premier d\u00e9placement \u00e0 l&rsquo;\u00e9tranger du chef de l&rsquo;Etat, depuis son investiture le 23 octobre 2019.<\/p>\n\n\n\n<p class=\"has-text-align-right\"><strong>Y. N.<\/strong><\/p>\n","protected":false},"excerpt":{"rendered":"<p>Le pr\u00e9sident de la r\u00e9publique, Kais Sa\u00efed, se rendra, ce dimanche 12 janvier 2020, au Sultanat d\u2019Oman, pour pr\u00e9senter ses condol\u00e9ances, suite au d\u00e9c\u00e8s, samedi, du sultan d\u2019Oman, Qabous Ibn Sa\u00efd.<\/p>\n","protected":false},"author":6,"featured_media":272131,"comment_status":"open","ping_status":"open","sticky":false,"template":"","format":"standard","meta":{"footnotes":""},"categories":[997,2433],"tags":[13554,2886,64263,12235,1362,62643],"class_list":["post-272129","post","type-post","status-publish","format-standard","has-post-thumbnail","hentry","category-politique","category-tunisie","tag-chef-detat","tag-condoleances","tag-deces","tag-kais-saied","tag-president","tag-tunisie"],"yoast_head":"<!-- This site is optimized with the Yoast SEO plugin v26.6 - https:\/\/yoast.com\/wordpress\/plugins\/seo\/ -->\n<title>D\u00e9c\u00e8s du sultan Qabous : Sa\u00efed \u00e0 Oman pour pr\u00e9senter ses condol\u00e9ances - Kapitalis<\/title>\n<meta name=\"robots\" content=\"index, follow, max-snippet:-1, max-image-preview:large, max-video-preview:-1\" \/>\n<link rel=\"canonical\" href=\"https:\/\/kapitalis.com\/tunisie\/2020\/01\/11\/deces-du-sultan-qabous-saied-se-rendra-demain-a-oman-pour-presenter-ses-condoleances\/\" \/>\n<meta property=\"og:locale\" content=\"fr_FR\" \/>\n<meta property=\"og:type\" content=\"article\" \/>\n<meta property=\"og:title\" content=\"D\u00e9c\u00e8s du sultan Qabous : Sa\u00efed \u00e0 Oman pour pr\u00e9senter ses condol\u00e9ances - Kapitalis\" \/>\n<meta property=\"og:description\" content=\"Le pr\u00e9sident de la r\u00e9publique, Kais Sa\u00efed, se rendra, ce dimanche 12 janvier 2020, au Sultanat d\u2019Oman, pour pr\u00e9senter ses condol\u00e9ances, suite au d\u00e9c\u00e8s, samedi, du sultan d\u2019Oman, Qabous Ibn Sa\u00efd.\" \/>\n<meta property=\"og:url\" content=\"https:\/\/kapitalis.com\/tunisie\/2020\/01\/11\/deces-du-sultan-qabous-saied-se-rendra-demain-a-oman-pour-presenter-ses-condoleances\/\" \/>\n<meta property=\"og:site_name\" content=\"Kapitalis\" \/>\n<meta property=\"article:publisher\" content=\"https:\/\/www.facebook.com\/KapitalisInfo\/\" \/>\n<meta property=\"article:published_time\" content=\"2020-01-11T18:46:00+00:00\" \/>\n<meta property=\"article:modified_time\" content=\"2020-01-12T06:36:41+00:00\" \/>\n<meta property=\"og:image\" content=\"https:\/\/kapitalis.com\/tunisie\/wp-content\/uploads\/2022\/05\/kapitalis-logo-fb.png\" \/>\n\t<meta property=\"og:image:width\" content=\"1200\" \/>\n\t<meta property=\"og:image:height\" content=\"630\" \/>\n\t<meta property=\"og:image:type\" content=\"image\/png\" \/>\n<meta name=\"author\" content=\"Yusra NY\" \/>\n<meta name=\"twitter:card\" content=\"summary_large_image\" \/>\n<meta name=\"twitter:creator\" content=\"@KapitalisInfo\" \/>\n<meta name=\"twitter:site\" content=\"@KapitalisInfo\" \/>\n<meta name=\"twitter:label1\" content=\"\u00c9crit par\" \/>\n\t<meta name=\"twitter:data1\" content=\"Yusra NY\" \/>\n\t<meta name=\"twitter:label2\" content=\"Dur\u00e9e de lecture estim\u00e9e\" \/>\n\t<meta name=\"twitter:data2\" content=\"1 minute\" \/>\n<script type=\"application\/ld+json\" class=\"yoast-schema-graph\">{\"@context\":\"https:\/\/schema.org\",\"@graph\":[{\"@type\":\"Article\",\"@id\":\"https:\/\/kapitalis.com\/tunisie\/2020\/01\/11\/deces-du-sultan-qabous-saied-se-rendra-demain-a-oman-pour-presenter-ses-condoleances\/#article\",\"isPartOf\":{\"@id\":\"https:\/\/kapitalis.com\/tunisie\/2020\/01\/11\/deces-du-sultan-qabous-saied-se-rendra-demain-a-oman-pour-presenter-ses-condoleances\/\"},\"author\":{\"name\":\"Yusra NY\",\"@id\":\"https:\/\/kapitalis.com\/tunisie\/#\/schema\/person\/74bbde0154d49d790a92aaeac5bc01d5\"},\"headline\":\"D\u00e9c\u00e8s du sultan Qabous : Sa\u00efed \u00e0 Oman pour pr\u00e9senter ses condol\u00e9ances\",\"datePublished\":\"2020-01-11T18:46:00+00:00\",\"dateModified\":\"2020-01-12T06:36:41+00:00\",\"mainEntityOfPage\":{\"@id\":\"https:\/\/kapitalis.com\/tunisie\/2020\/01\/11\/deces-du-sultan-qabous-saied-se-rendra-demain-a-oman-pour-presenter-ses-condoleances\/\"},\"wordCount\":206,\"commentCount\":2,\"publisher\":{\"@id\":\"https:\/\/kapitalis.com\/tunisie\/#organization\"},\"image\":{\"@id\":\"https:\/\/kapitalis.com\/tunisie\/2020\/01\/11\/deces-du-sultan-qabous-saied-se-rendra-demain-a-oman-pour-presenter-ses-condoleances\/#primaryimage\"},\"thumbnailUrl\":\"\",\"keywords\":[\"chef d\u2019Etat\",\"condol\u00e9ances\",\"d\u00e9c\u00e8s\",\"Ka\u00efs Saied\",\"pr\u00e9sident\",\"Tunisie\"],\"articleSection\":[\"POLITIQUE\",\"Tunisie\"],\"inLanguage\":\"fr-FR\",\"potentialAction\":[{\"@type\":\"CommentAction\",\"name\":\"Comment\",\"target\":[\"https:\/\/kapitalis.com\/tunisie\/2020\/01\/11\/deces-du-sultan-qabous-saied-se-rendra-demain-a-oman-pour-presenter-ses-condoleances\/#respond\"]}]},{\"@type\":\"WebPage\",\"@id\":\"https:\/\/kapitalis.com\/tunisie\/2020\/01\/11\/deces-du-sultan-qabous-saied-se-rendra-demain-a-oman-pour-presenter-ses-condoleances\/\",\"url\":\"https:\/\/kapitalis.com\/tunisie\/2020\/01\/11\/deces-du-sultan-qabous-saied-se-rendra-demain-a-oman-pour-presenter-ses-condoleances\/\",\"name\":\"D\u00e9c\u00e8s du sultan Qabous : Sa\u00efed \u00e0 Oman pour pr\u00e9senter ses condol\u00e9ances - Kapitalis\",\"isPartOf\":{\"@id\":\"https:\/\/kapitalis.com\/tunisie\/#website\"},\"primaryImageOfPage\":{\"@id\":\"https:\/\/kapitalis.com\/tunisie\/2020\/01\/11\/deces-du-sultan-qabous-saied-se-rendra-demain-a-oman-pour-presenter-ses-condoleances\/#primaryimage\"},\"image\":{\"@id\":\"https:\/\/kapitalis.com\/tunisie\/2020\/01\/11\/deces-du-sultan-qabous-saied-se-rendra-demain-a-oman-pour-presenter-ses-condoleances\/#primaryimage\"},\"thumbnailUrl\":\"\",\"datePublished\":\"2020-01-11T18:46:00+00:00\",\"dateModified\":\"2020-01-12T06:36:41+00:00\",\"breadcrumb\":{\"@id\":\"https:\/\/kapitalis.com\/tunisie\/2020\/01\/11\/deces-du-sultan-qabous-saied-se-rendra-demain-a-oman-pour-presenter-ses-condoleances\/#breadcrumb\"},\"inLanguage\":\"fr-FR\",\"potentialAction\":[{\"@type\":\"ReadAction\",\"target\":[\"https:\/\/kapitalis.com\/tunisie\/2020\/01\/11\/deces-du-sultan-qabous-saied-se-rendra-demain-a-oman-pour-presenter-ses-condoleances\/\"]}]},{\"@type\":\"ImageObject\",\"inLanguage\":\"fr-FR\",\"@id\":\"https:\/\/kapitalis.com\/tunisie\/2020\/01\/11\/deces-du-sultan-qabous-saied-se-rendra-demain-a-oman-pour-presenter-ses-condoleances\/#primaryimage\",\"url\":\"\",\"contentUrl\":\"\"},{\"@type\":\"BreadcrumbList\",\"@id\":\"https:\/\/kapitalis.com\/tunisie\/2020\/01\/11\/deces-du-sultan-qabous-saied-se-rendra-demain-a-oman-pour-presenter-ses-condoleances\/#breadcrumb\",\"itemListElement\":[{\"@type\":\"ListItem\",\"position\":1,\"name\":\"Accueil\",\"item\":\"https:\/\/kapitalis.com\/tunisie\/\"},{\"@type\":\"ListItem\",\"position\":2,\"name\":\"D\u00e9c\u00e8s du sultan Qabous : Sa\u00efed \u00e0 Oman pour pr\u00e9senter ses condol\u00e9ances\"}]},{\"@type\":\"WebSite\",\"@id\":\"https:\/\/kapitalis.com\/tunisie\/#website\",\"url\":\"https:\/\/kapitalis.com\/tunisie\/\",\"name\":\"Kapitalis\",\"description\":\"L&#039;actualit\u00e9 en Tunisie et dans le monde\",\"publisher\":{\"@id\":\"https:\/\/kapitalis.com\/tunisie\/#organization\"},\"potentialAction\":[{\"@type\":\"SearchAction\",\"target\":{\"@type\":\"EntryPoint\",\"urlTemplate\":\"https:\/\/kapitalis.com\/tunisie\/?s={search_term_string}\"},\"query-input\":{\"@type\":\"PropertyValueSpecification\",\"valueRequired\":true,\"valueName\":\"search_term_string\"}}],\"inLanguage\":\"fr-FR\"},{\"@type\":\"Organization\",\"@id\":\"https:\/\/kapitalis.com\/tunisie\/#organization\",\"name\":\"Kapitalis\",\"url\":\"https:\/\/kapitalis.com\/tunisie\/\",\"logo\":{\"@type\":\"ImageObject\",\"inLanguage\":\"fr-FR\",\"@id\":\"https:\/\/kapitalis.com\/tunisie\/#\/schema\/logo\/image\/\",\"url\":\"https:\/\/kapitalis.com\/tunisie\/wp-content\/uploads\/2022\/05\/Kapitalis-big-size.png\",\"contentUrl\":\"https:\/\/kapitalis.com\/tunisie\/wp-content\/uploads\/2022\/05\/Kapitalis-big-size.png\",\"width\":5000,\"height\":1500,\"caption\":\"Kapitalis\"},\"image\":{\"@id\":\"https:\/\/kapitalis.com\/tunisie\/#\/schema\/logo\/image\/\"},\"sameAs\":[\"https:\/\/www.facebook.com\/KapitalisInfo\/\",\"https:\/\/x.com\/KapitalisInfo\",\"https:\/\/www.youtube.com\/channel\/UC-yDYrHyfFBWWZaOw3FPg9Q\"]},{\"@type\":\"Person\",\"@id\":\"https:\/\/kapitalis.com\/tunisie\/#\/schema\/person\/74bbde0154d49d790a92aaeac5bc01d5\",\"name\":\"Yusra NY\",\"url\":\"https:\/\/kapitalis.com\/tunisie\/author\/yuza_adam\/\"}]}<\/script>\n<!-- \/ Yoast SEO plugin. -->","yoast_head_json":{"title":"D\u00e9c\u00e8s du sultan Qabous : Sa\u00efed \u00e0 Oman pour pr\u00e9senter ses condol\u00e9ances - Kapitalis","robots":{"index":"index","follow":"follow","max-snippet":"max-snippet:-1","max-image-preview":"max-image-preview:large","max-video-preview":"max-video-preview:-1"},"canonical":"https:\/\/kapitalis.com\/tunisie\/2020\/01\/11\/deces-du-sultan-qabous-saied-se-rendra-demain-a-oman-pour-presenter-ses-condoleances\/","og_locale":"fr_FR","og_type":"article","og_title":"D\u00e9c\u00e8s du sultan Qabous : Sa\u00efed \u00e0 Oman pour pr\u00e9senter ses condol\u00e9ances - Kapitalis","og_description":"Le pr\u00e9sident de la r\u00e9publique, Kais Sa\u00efed, se rendra, ce dimanche 12 janvier 2020, au Sultanat d\u2019Oman, pour pr\u00e9senter ses condol\u00e9ances, suite au d\u00e9c\u00e8s, samedi, du sultan d\u2019Oman, Qabous Ibn Sa\u00efd.","og_url":"https:\/\/kapitalis.com\/tunisie\/2020\/01\/11\/deces-du-sultan-qabous-saied-se-rendra-demain-a-oman-pour-presenter-ses-condoleances\/","og_site_name":"Kapitalis","article_publisher":"https:\/\/www.facebook.com\/KapitalisInfo\/","article_published_time":"2020-01-11T18:46:00+00:00","article_modified_time":"2020-01-12T06:36:41+00:00","og_image":[{"width":1200,"height":630,"url":"https:\/\/kapitalis.com\/tunisie\/wp-content\/uploads\/2022\/05\/kapitalis-logo-fb.png","type":"image\/png"}],"author":"Yusra NY","twitter_card":"summary_large_image","twitter_creator":"@KapitalisInfo","twitter_site":"@KapitalisInfo","twitter_misc":{"\u00c9crit par":"Yusra NY","Dur\u00e9e de lecture estim\u00e9e":"1 minute"},"schema":{"@context":"https:\/\/schema.org","@graph":[{"@type":"Article","@id":"https:\/\/kapitalis.com\/tunisie\/2020\/01\/11\/deces-du-sultan-qabous-saied-se-rendra-demain-a-oman-pour-presenter-ses-condoleances\/#article","isPartOf":{"@id":"https:\/\/kapitalis.com\/tunisie\/2020\/01\/11\/deces-du-sultan-qabous-saied-se-rendra-demain-a-oman-pour-presenter-ses-condoleances\/"},"author":{"name":"Yusra NY","@id":"https:\/\/kapitalis.com\/tunisie\/#\/schema\/person\/74bbde0154d49d790a92aaeac5bc01d5"},"headline":"D\u00e9c\u00e8s du sultan Qabous : Sa\u00efed \u00e0 Oman pour pr\u00e9senter ses condol\u00e9ances","datePublished":"2020-01-11T18:46:00+00:00","dateModified":"2020-01-12T06:36:41+00:00","mainEntityOfPage":{"@id":"https:\/\/kapitalis.com\/tunisie\/2020\/01\/11\/deces-du-sultan-qabous-saied-se-rendra-demain-a-oman-pour-presenter-ses-condoleances\/"},"wordCount":206,"commentCount":2,"publisher":{"@id":"https:\/\/kapitalis.com\/tunisie\/#organization"},"image":{"@id":"https:\/\/kapitalis.com\/tunisie\/2020\/01\/11\/deces-du-sultan-qabous-saied-se-rendra-demain-a-oman-pour-presenter-ses-condoleances\/#primaryimage"},"thumbnailUrl":"","keywords":["chef d\u2019Etat","condol\u00e9ances","d\u00e9c\u00e8s","Ka\u00efs Saied","pr\u00e9sident","Tunisie"],"articleSection":["POLITIQUE","Tunisie"],"inLanguage":"fr-FR","potentialAction":[{"@type":"CommentAction","name":"Comment","target":["https:\/\/kapitalis.com\/tunisie\/2020\/01\/11\/deces-du-sultan-qabous-saied-se-rendra-demain-a-oman-pour-presenter-ses-condoleances\/#respond"]}]},{"@type":"WebPage","@id":"https:\/\/kapitalis.com\/tunisie\/2020\/01\/11\/deces-du-sultan-qabous-saied-se-rendra-demain-a-oman-pour-presenter-ses-condoleances\/","url":"https:\/\/kapitalis.com\/tunisie\/2020\/01\/11\/deces-du-sultan-qabous-saied-se-rendra-demain-a-oman-pour-presenter-ses-condoleances\/","name":"D\u00e9c\u00e8s du sultan Qabous : Sa\u00efed \u00e0 Oman pour pr\u00e9senter ses condol\u00e9ances - Kapitalis","isPartOf":{"@id":"https:\/\/kapitalis.com\/tunisie\/#website"},"primaryImageOfPage":{"@id":"https:\/\/kapitalis.com\/tunisie\/2020\/01\/11\/deces-du-sultan-qabous-saied-se-rendra-demain-a-oman-pour-presenter-ses-condoleances\/#primaryimage"},"image":{"@id":"https:\/\/kapitalis.com\/tunisie\/2020\/01\/11\/deces-du-sultan-qabous-saied-se-rendra-demain-a-oman-pour-presenter-ses-condoleances\/#primaryimage"},"thumbnailUrl":"","datePublished":"2020-01-11T18:46:00+00:00","dateModified":"2020-01-12T06:36:41+00:00","breadcrumb":{"@id":"https:\/\/kapitalis.com\/tunisie\/2020\/01\/11\/deces-du-sultan-qabous-saied-se-rendra-demain-a-oman-pour-presenter-ses-condoleances\/#breadcrumb"},"inLanguage":"fr-FR","potentialAction":[{"@type":"ReadAction","target":["https:\/\/kapitalis.com\/tunisie\/2020\/01\/11\/deces-du-sultan-qabous-saied-se-rendra-demain-a-oman-pour-presenter-ses-condoleances\/"]}]},{"@type":"ImageObject","inLanguage":"fr-FR","@id":"https:\/\/kapitalis.com\/tunisie\/2020\/01\/11\/deces-du-sultan-qabous-saied-se-rendra-demain-a-oman-pour-presenter-ses-condoleances\/#primaryimage","url":"","contentUrl":""},{"@type":"BreadcrumbList","@id":"https:\/\/kapitalis.com\/tunisie\/2020\/01\/11\/deces-du-sultan-qabous-saied-se-rendra-demain-a-oman-pour-presenter-ses-condoleances\/#breadcrumb","itemListElement":[{"@type":"ListItem","position":1,"name":"Accueil","item":"https:\/\/kapitalis.com\/tunisie\/"},{"@type":"ListItem","position":2,"name":"D\u00e9c\u00e8s du sultan Qabous : Sa\u00efed \u00e0 Oman pour pr\u00e9senter ses condol\u00e9ances"}]},{"@type":"WebSite","@id":"https:\/\/kapitalis.com\/tunisie\/#website","url":"https:\/\/kapitalis.com\/tunisie\/","name":"Kapitalis","description":"L&#039;actualit\u00e9 en Tunisie et dans le monde","publisher":{"@id":"https:\/\/kapitalis.com\/tunisie\/#organization"},"potentialAction":[{"@type":"SearchAction","target":{"@type":"EntryPoint","urlTemplate":"https:\/\/kapitalis.com\/tunisie\/?s={search_term_string}"},"query-input":{"@type":"PropertyValueSpecification","valueRequired":true,"valueName":"search_term_string"}}],"inLanguage":"fr-FR"},{"@type":"Organization","@id":"https:\/\/kapitalis.com\/tunisie\/#organization","name":"Kapitalis","url":"https:\/\/kapitalis.com\/tunisie\/","logo":{"@type":"ImageObject","inLanguage":"fr-FR","@id":"https:\/\/kapitalis.com\/tunisie\/#\/schema\/logo\/image\/","url":"https:\/\/kapitalis.com\/tunisie\/wp-content\/uploads\/2022\/05\/Kapitalis-big-size.png","contentUrl":"https:\/\/kapitalis.com\/tunisie\/wp-content\/uploads\/2022\/05\/Kapitalis-big-size.png","width":5000,"height":1500,"caption":"Kapitalis"},"image":{"@id":"https:\/\/kapitalis.com\/tunisie\/#\/schema\/logo\/image\/"},"sameAs":["https:\/\/www.facebook.com\/KapitalisInfo\/","https:\/\/x.com\/KapitalisInfo","https:\/\/www.youtube.com\/channel\/UC-yDYrHyfFBWWZaOw3FPg9Q"]},{"@type":"Person","@id":"https:\/\/kapitalis.com\/tunisie\/#\/schema\/person\/74bbde0154d49d790a92aaeac5bc01d5","name":"Yusra NY","url":"https:\/\/kapitalis.com\/tunisie\/author\/yuza_adam\/"}]}},"_links":{"self":[{"href":"https:\/\/kapitalis.com\/tunisie\/wp-json\/wp\/v2\/posts\/272129","targetHints":{"allow":["GET"]}}],"collection":[{"href":"https:\/\/kapitalis.com\/tunisie\/wp-json\/wp\/v2\/posts"}],"about":[{"href":"https:\/\/kapitalis.com\/tunisie\/wp-json\/wp\/v2\/types\/post"}],"author":[{"embeddable":true,"href":"https:\/\/kapitalis.com\/tunisie\/wp-json\/wp\/v2\/users\/6"}],"replies":[{"embeddable":true,"href":"https:\/\/kapitalis.com\/tunisie\/wp-json\/wp\/v2\/comments?post=272129"}],"version-history":[{"count":0,"href":"https:\/\/kapitalis.com\/tunisie\/wp-json\/wp\/v2\/posts\/272129\/revisions"}],"wp:featuredmedia":[{"embeddable":true,"href":"https:\/\/kapitalis.com\/tunisie\/wp-json\/wp\/v2\/media\/272131"}],"wp:attachment":[{"href":"https:\/\/kapitalis.com\/tunisie\/wp-json\/wp\/v2\/media?parent=272129"}],"wp:term":[{"taxonomy":"category","embeddable":true,"href":"https:\/\/kapitalis.com\/tunisie\/wp-json\/wp\/v2\/categories?post=272129"},{"taxonomy":"post_tag","embeddable":true,"href":"https:\/\/kapitalis.com\/tunisie\/wp-json\/wp\/v2\/tags?post=272129"}],"curies":[{"name":"wp","href":"https:\/\/api.w.org\/{rel}","templated":true}]}}