{"id":272358,"date":"2020-01-13T15:47:25","date_gmt":"2020-01-13T14:47:25","guid":{"rendered":"http:\/\/kapitalis.com\/tunisie\/?p=272358"},"modified":"2020-01-13T16:59:42","modified_gmt":"2020-01-13T15:59:42","slug":"presidence-de-larp-abir-moussi-demande-la-destitution-de-rached-ghannouchi","status":"publish","type":"post","link":"https:\/\/kapitalis.com\/tunisie\/2020\/01\/13\/presidence-de-larp-abir-moussi-demande-la-destitution-de-rached-ghannouchi\/","title":{"rendered":"Pr\u00e9sidence de l&rsquo;ARP : Abir Moussi demande la destitution de Rached Ghannouchi"},"content":{"rendered":"\n<figure class=\"wp-block-image size-large\"><img decoding=\"async\" src=\"http:\/\/kapitalis.com\/tunisie\/wp-content\/uploads\/2020\/01\/moussi-ghannouchi.jpg\" alt=\"\" class=\"wp-image-272379\"\/><\/figure>\n\n\n\n<p><strong><em>La visite de Rached Ghannouchi en Turquie, au lendemain de l&rsquo;\u00e9chec du gouvernement Jemli, continue de soulever les controverses. Apr\u00e8s l&rsquo;initiative de la p\u00e9tition lanc\u00e9e par l&rsquo;association \u00abVoix des deux rives\u00bb dans le but de lui retirer la pr\u00e9sidence de l&rsquo;Assembl\u00e9e, c&rsquo;est au tour de Abir Moussi de sugg\u00e9rer la m\u00eame id\u00e9e, en s&rsquo;appuyant, pour sa part, sur la loi&#8230;<\/em><\/strong> <strong><em>Une position qui se d\u00e9fend.<\/em><\/strong><\/p>\n\n\n\n<p>Par <strong>Cherif Ben Youn\u00e8s<\/strong><\/p>\n\n\n\n<!--more-->\n\n\n\n<p>En effet, suite \u00e0 la visite effectu\u00e9e par le pr\u00e9sident d&rsquo;Ennahdha et de l&rsquo;Assembl\u00e9e des repr\u00e9sentants du peuple (ARP) en Turquie pour y rencontrer le chef d&rsquo;Etat Turc, Recep Tayyip Erdo\u011fan, la pr\u00e9sidente et d\u00e9put\u00e9e du Parti destourien libre (PDL), Abir Moussi, a appel\u00e9, via une conf\u00e9rence de presse tenue aujourd&rsquo;hui, 13 janvier 2020, \u00e0 la destitution du leader islamiste de la pr\u00e9sidence du parlement.<\/p>\n\n\n\n<h3 class=\"wp-block-heading\">Complot avec les services d&rsquo;un autre pays<\/h3>\n\n\n\n<p>\u00ab<em>Cette visite contredit les protocoles diplomatiques et le r\u00e8glement interne de l&rsquo;ARP, qui exige de tenir au courant l&rsquo;Assembl\u00e9e et son bureau des sorties \u00e0 l&rsquo;\u00e9tranger de son pr\u00e9sident, tout en soumettant celles-ci \u00e0 certains contr\u00f4les<\/em>\u00bb, s&rsquo;est-elle indign\u00e9e, estimant qu&rsquo;il s&rsquo;agit d&rsquo;un d\u00e9passement des lois tunisiennes pour lequel l&rsquo;islamiste peut m\u00eame \u00eatre accus\u00e9 de comploter avec le service de renseignement d&rsquo;un pays \u00e9tranger.<\/p>\n\n\n\n<p>Pour Moussi, cet \u00e9pisode est extr\u00eamement dangereux car il \u00ab<em>met carr\u00e9ment en balance la s\u00e9curit\u00e9 nationale<\/em>\u00bb, rappelant que quelques jours seulement avant cette rencontre, Ghannouchi avait assist\u00e9 aux r\u00e9unions du Conseil de s\u00e9curit\u00e9 nationale, et concluant que les secrets de l&rsquo;Etat \u00e9taient partag\u00e9s avec d\u2019autres pays,<em> <\/em>\u00ab<em>dans des r\u00e9unions ferm\u00e9es<\/em>\u00bb, a-t-elle insist\u00e9.<\/p>\n\n\n\n<p>La Destourienne a \u00e9galement fait le lien entre cette rencontre et l&rsquo;intention du pr\u00e9sident turc d\u2019intervenir militairement en Libye. \u00ab<em>Un sujet qui fait pol\u00e9mique en Tunisie et \u00e0 propos duquel, le chef du cabinet pr\u00e9sidentiel devait \u00eatre auditionn\u00e9 aujourd\u2019hui \u00e0 l\u2019ARP<\/em>\u00bb, rappelant que cette visite co\u00efncide avec celle de Fayez Sarraj, pr\u00e9sident<strong>\u00a0<\/strong>du<strong>\u00a0<\/strong>Conseil pr\u00e9sidentiel du gouvernement d&rsquo;union nationale libyen, en Turquie.<\/p>\n\n\n\n<center><figure><iframe loading=\"lazy\" src=\"https:\/\/www.facebook.com\/plugins\/video.php?href=https%3A%2F%2Fwww.facebook.com%2F1967823173521555%2Fvideos%2F2812019388865779%2F&#038;show_text=0&#038;width=560\" width=\"560\" height=\"315\" style=\"border:none;overflow:hidden\" scrolling=\"no\" frameborder=\"0\" allowTransparency=\"true\" allowFullScreen=\"true\"><\/iframe><\/figure><\/center>\n\n\n\n<h3 class=\"wp-block-heading\">La double casquette pour servir des int\u00e9r\u00eats \u00e9trangers<\/h3>\n\n\n\n<p>\u00ab<em>Il faudrait qu\u2019on soit stupide pour ne pas comprendre ce qui se tram<\/em>e\u00bb, a-t-elle d\u00e9plor\u00e9, tout en estimant que la Tunisie \u00ab<em>est aujourd&rsquo;hui<\/em>\u00a0<em>infiltr\u00e9e par des parties dont les all\u00e9geances sont claires et qui profitent de leur double casquette pour servir leurs int\u00e9r\u00eats<\/em>\u00bb.<\/p>\n\n\n\n<p>Le fait que Rached Ghannouchi ait effectu\u00e9 son voyage sous sa casquette partisane, en tant que pr\u00e9sident du parti Ennahdha et pas en tant que pr\u00e9sident de l&rsquo;ARP, comme l&rsquo;a assur\u00e9 son mouvement \u00e0 l&rsquo;issue de la visite, n&rsquo;y change donc rien pour Mme Moussi, qui assure que cela n&rsquo;annule pas son statut parlementaire.<\/p>\n\n\n\n<p>\u00ab<em>Nous avons consult\u00e9 le r\u00e8glement int\u00e9rieur qui dispose dans son article 51 le retrait de confiance, dans ce type de situations, par une p\u00e9tition argument\u00e9e, sign\u00e9e par 73 d\u00e9put\u00e9s et soumise ensuite au vote en pl\u00e9ni\u00e8re, avec la n\u00e9cessit\u00e9 r\u00e9colter 109 voix<\/em>\u00bb, a-t-elle expliqu\u00e9<\/p>\n\n\n\n<p>\u00ab<em>Ceux qui ont rejet\u00e9 le gouvernement de Habib Jemli pour l\u2019int\u00e9r\u00eat du pays et pour rompre avec l\u2019islam politique peuvent aujourd&rsquo;hui destituer le pr\u00e9sident de l\u2019ARP. Nous proposons les 17 signatures du bloc du PDL pour lancer le rassemblement des 56 autres signatures et cela est facile. On peut m\u00eame en r\u00e9colter davantage pour \u00e9lire un nouveau pr\u00e9sident qui respecte la souverainet\u00e9 du pays<\/em>\u00bb, ajoutera-t-elle.<\/p>\n\n\n\n<figure class=\"wp-block-embed-wordpress wp-block-embed is-type-wp-embed is-provider-kapitalis\"><div class=\"wp-block-embed__wrapper\">\n<blockquote class=\"wp-embedded-content\" data-secret=\"hM9P9hTV9v\"><a href=\"https:\/\/kapitalis.com\/tunisie\/2020\/01\/12\/tunisie-petition-en-ligne-pour-le-retrait-de-ghannouchi-de-la-presidence-de-lassemblee\/\">Tunisie : P\u00e9tition en ligne pour le retrait de Ghannouchi de la pr\u00e9sidence de l&rsquo;Assembl\u00e9e<\/a><\/blockquote><iframe loading=\"lazy\" class=\"wp-embedded-content\" sandbox=\"allow-scripts\" security=\"restricted\" style=\"position: absolute; clip: rect(1px, 1px, 1px, 1px);\" title=\"\u00ab\u00a0Tunisie : P\u00e9tition en ligne pour le retrait de Ghannouchi de la pr\u00e9sidence de l&rsquo;Assembl\u00e9e\u00a0\u00bb &#8212; Kapitalis\" src=\"https:\/\/kapitalis.com\/tunisie\/2020\/01\/12\/tunisie-petition-en-ligne-pour-le-retrait-de-ghannouchi-de-la-presidence-de-lassemblee\/embed\/#?secret=YSclzTqK8J#?secret=hM9P9hTV9v\" data-secret=\"hM9P9hTV9v\" width=\"600\" height=\"338\" frameborder=\"0\" marginwidth=\"0\" marginheight=\"0\" scrolling=\"no\"><\/iframe>\n<\/div><\/figure>\n\n\n\n<p> <\/p>\n\n\n\n<p><\/p>\n","protected":false},"excerpt":{"rendered":"<p>La visite de Rached Ghannouchi en Turquie, au lendemain de l&rsquo;\u00e9chec du gouvernement Jemli, continue de soulever les controverses. Apr\u00e8s l&rsquo;initiative de la p\u00e9tition lanc\u00e9e par l&rsquo;association \u00abVoix des deux rives\u00bb dans le but de lui retirer la pr\u00e9sidence de l&rsquo;Assembl\u00e9e, c&rsquo;est au tour de Abir Moussi de sugg\u00e9rer la m\u00eame id\u00e9e, en s&rsquo;appuyant, pour&#8230;<\/p>\n","protected":false},"author":24,"featured_media":272379,"comment_status":"open","ping_status":"open","sticky":false,"template":"","format":"standard","meta":{"footnotes":""},"categories":[992,997,2433],"tags":[15144,49543,33536,758,71588],"class_list":["post-272358","post","type-post","status-publish","format-standard","has-post-thumbnail","hentry","category-a-la-une","category-politique","category-tunisie","tag-abir-moussi","tag-ennahdha","tag-pdl","tag-rached-ghannouchi","tag-sarraj"],"yoast_head":"<!-- This site is optimized with the Yoast SEO plugin v26.6 - https:\/\/yoast.com\/wordpress\/plugins\/seo\/ -->\n<title>Pr\u00e9sidence de l&#039;ARP : Abir Moussi demande la destitution de Rached Ghannouchi - Kapitalis<\/title>\n<meta name=\"robots\" content=\"index, follow, max-snippet:-1, max-image-preview:large, max-video-preview:-1\" \/>\n<link rel=\"canonical\" href=\"https:\/\/kapitalis.com\/tunisie\/2020\/01\/13\/presidence-de-larp-abir-moussi-demande-la-destitution-de-rached-ghannouchi\/\" \/>\n<meta property=\"og:locale\" content=\"fr_FR\" \/>\n<meta property=\"og:type\" content=\"article\" \/>\n<meta property=\"og:title\" content=\"Pr\u00e9sidence de l&#039;ARP : Abir Moussi demande la destitution de Rached Ghannouchi - Kapitalis\" \/>\n<meta property=\"og:description\" content=\"La visite de Rached Ghannouchi en Turquie, au lendemain de l&rsquo;\u00e9chec du gouvernement Jemli, continue de soulever les controverses. Apr\u00e8s l&rsquo;initiative de la p\u00e9tition lanc\u00e9e par l&rsquo;association \u00abVoix des deux rives\u00bb dans le but de lui retirer la pr\u00e9sidence de l&rsquo;Assembl\u00e9e, c&rsquo;est au tour de Abir Moussi de sugg\u00e9rer la m\u00eame id\u00e9e, en s&rsquo;appuyant, pour...\" \/>\n<meta property=\"og:url\" content=\"https:\/\/kapitalis.com\/tunisie\/2020\/01\/13\/presidence-de-larp-abir-moussi-demande-la-destitution-de-rached-ghannouchi\/\" \/>\n<meta property=\"og:site_name\" content=\"Kapitalis\" \/>\n<meta property=\"article:publisher\" content=\"https:\/\/www.facebook.com\/KapitalisInfo\/\" \/>\n<meta property=\"article:published_time\" content=\"2020-01-13T14:47:25+00:00\" \/>\n<meta property=\"article:modified_time\" content=\"2020-01-13T15:59:42+00:00\" \/>\n<meta property=\"og:image\" content=\"https:\/\/kapitalis.com\/tunisie\/wp-content\/uploads\/2022\/05\/kapitalis-logo-fb.png\" \/>\n\t<meta property=\"og:image:width\" content=\"1200\" \/>\n\t<meta property=\"og:image:height\" content=\"630\" \/>\n\t<meta property=\"og:image:type\" content=\"image\/png\" \/>\n<meta name=\"author\" content=\"Cherif Benyounes\" \/>\n<meta name=\"twitter:card\" content=\"summary_large_image\" \/>\n<meta name=\"twitter:creator\" content=\"@KapitalisInfo\" \/>\n<meta name=\"twitter:site\" content=\"@KapitalisInfo\" \/>\n<meta name=\"twitter:label1\" content=\"\u00c9crit par\" \/>\n\t<meta name=\"twitter:data1\" content=\"Cherif Benyounes\" \/>\n\t<meta name=\"twitter:label2\" content=\"Dur\u00e9e de lecture estim\u00e9e\" \/>\n\t<meta name=\"twitter:data2\" content=\"3 minutes\" \/>\n<script type=\"application\/ld+json\" class=\"yoast-schema-graph\">{\"@context\":\"https:\/\/schema.org\",\"@graph\":[{\"@type\":\"Article\",\"@id\":\"https:\/\/kapitalis.com\/tunisie\/2020\/01\/13\/presidence-de-larp-abir-moussi-demande-la-destitution-de-rached-ghannouchi\/#article\",\"isPartOf\":{\"@id\":\"https:\/\/kapitalis.com\/tunisie\/2020\/01\/13\/presidence-de-larp-abir-moussi-demande-la-destitution-de-rached-ghannouchi\/\"},\"author\":{\"name\":\"Cherif Benyounes\",\"@id\":\"https:\/\/kapitalis.com\/tunisie\/#\/schema\/person\/b35b8d631961131107263178aeb8019e\"},\"headline\":\"Pr\u00e9sidence de l&rsquo;ARP : Abir Moussi demande la destitution de Rached Ghannouchi\",\"datePublished\":\"2020-01-13T14:47:25+00:00\",\"dateModified\":\"2020-01-13T15:59:42+00:00\",\"mainEntityOfPage\":{\"@id\":\"https:\/\/kapitalis.com\/tunisie\/2020\/01\/13\/presidence-de-larp-abir-moussi-demande-la-destitution-de-rached-ghannouchi\/\"},\"wordCount\":612,\"commentCount\":9,\"publisher\":{\"@id\":\"https:\/\/kapitalis.com\/tunisie\/#organization\"},\"image\":{\"@id\":\"https:\/\/kapitalis.com\/tunisie\/2020\/01\/13\/presidence-de-larp-abir-moussi-demande-la-destitution-de-rached-ghannouchi\/#primaryimage\"},\"thumbnailUrl\":\"\",\"keywords\":[\"Abir Moussi\",\"Ennahdha\",\"PDL\",\"Rached Ghannouchi\",\"Sarraj\"],\"articleSection\":[\"A LA UNE\",\"POLITIQUE\",\"Tunisie\"],\"inLanguage\":\"fr-FR\",\"potentialAction\":[{\"@type\":\"CommentAction\",\"name\":\"Comment\",\"target\":[\"https:\/\/kapitalis.com\/tunisie\/2020\/01\/13\/presidence-de-larp-abir-moussi-demande-la-destitution-de-rached-ghannouchi\/#respond\"]}]},{\"@type\":\"WebPage\",\"@id\":\"https:\/\/kapitalis.com\/tunisie\/2020\/01\/13\/presidence-de-larp-abir-moussi-demande-la-destitution-de-rached-ghannouchi\/\",\"url\":\"https:\/\/kapitalis.com\/tunisie\/2020\/01\/13\/presidence-de-larp-abir-moussi-demande-la-destitution-de-rached-ghannouchi\/\",\"name\":\"Pr\u00e9sidence de l'ARP : Abir Moussi demande la destitution de Rached Ghannouchi - Kapitalis\",\"isPartOf\":{\"@id\":\"https:\/\/kapitalis.com\/tunisie\/#website\"},\"primaryImageOfPage\":{\"@id\":\"https:\/\/kapitalis.com\/tunisie\/2020\/01\/13\/presidence-de-larp-abir-moussi-demande-la-destitution-de-rached-ghannouchi\/#primaryimage\"},\"image\":{\"@id\":\"https:\/\/kapitalis.com\/tunisie\/2020\/01\/13\/presidence-de-larp-abir-moussi-demande-la-destitution-de-rached-ghannouchi\/#primaryimage\"},\"thumbnailUrl\":\"\",\"datePublished\":\"2020-01-13T14:47:25+00:00\",\"dateModified\":\"2020-01-13T15:59:42+00:00\",\"breadcrumb\":{\"@id\":\"https:\/\/kapitalis.com\/tunisie\/2020\/01\/13\/presidence-de-larp-abir-moussi-demande-la-destitution-de-rached-ghannouchi\/#breadcrumb\"},\"inLanguage\":\"fr-FR\",\"potentialAction\":[{\"@type\":\"ReadAction\",\"target\":[\"https:\/\/kapitalis.com\/tunisie\/2020\/01\/13\/presidence-de-larp-abir-moussi-demande-la-destitution-de-rached-ghannouchi\/\"]}]},{\"@type\":\"ImageObject\",\"inLanguage\":\"fr-FR\",\"@id\":\"https:\/\/kapitalis.com\/tunisie\/2020\/01\/13\/presidence-de-larp-abir-moussi-demande-la-destitution-de-rached-ghannouchi\/#primaryimage\",\"url\":\"\",\"contentUrl\":\"\"},{\"@type\":\"BreadcrumbList\",\"@id\":\"https:\/\/kapitalis.com\/tunisie\/2020\/01\/13\/presidence-de-larp-abir-moussi-demande-la-destitution-de-rached-ghannouchi\/#breadcrumb\",\"itemListElement\":[{\"@type\":\"ListItem\",\"position\":1,\"name\":\"Accueil\",\"item\":\"https:\/\/kapitalis.com\/tunisie\/\"},{\"@type\":\"ListItem\",\"position\":2,\"name\":\"Pr\u00e9sidence de l&rsquo;ARP : Abir Moussi demande la destitution de Rached Ghannouchi\"}]},{\"@type\":\"WebSite\",\"@id\":\"https:\/\/kapitalis.com\/tunisie\/#website\",\"url\":\"https:\/\/kapitalis.com\/tunisie\/\",\"name\":\"Kapitalis\",\"description\":\"L&#039;actualit\u00e9 en Tunisie et dans le monde\",\"publisher\":{\"@id\":\"https:\/\/kapitalis.com\/tunisie\/#organization\"},\"potentialAction\":[{\"@type\":\"SearchAction\",\"target\":{\"@type\":\"EntryPoint\",\"urlTemplate\":\"https:\/\/kapitalis.com\/tunisie\/?s={search_term_string}\"},\"query-input\":{\"@type\":\"PropertyValueSpecification\",\"valueRequired\":true,\"valueName\":\"search_term_string\"}}],\"inLanguage\":\"fr-FR\"},{\"@type\":\"Organization\",\"@id\":\"https:\/\/kapitalis.com\/tunisie\/#organization\",\"name\":\"Kapitalis\",\"url\":\"https:\/\/kapitalis.com\/tunisie\/\",\"logo\":{\"@type\":\"ImageObject\",\"inLanguage\":\"fr-FR\",\"@id\":\"https:\/\/kapitalis.com\/tunisie\/#\/schema\/logo\/image\/\",\"url\":\"https:\/\/kapitalis.com\/tunisie\/wp-content\/uploads\/2022\/05\/Kapitalis-big-size.png\",\"contentUrl\":\"https:\/\/kapitalis.com\/tunisie\/wp-content\/uploads\/2022\/05\/Kapitalis-big-size.png\",\"width\":5000,\"height\":1500,\"caption\":\"Kapitalis\"},\"image\":{\"@id\":\"https:\/\/kapitalis.com\/tunisie\/#\/schema\/logo\/image\/\"},\"sameAs\":[\"https:\/\/www.facebook.com\/KapitalisInfo\/\",\"https:\/\/x.com\/KapitalisInfo\",\"https:\/\/www.youtube.com\/channel\/UC-yDYrHyfFBWWZaOw3FPg9Q\"]},{\"@type\":\"Person\",\"@id\":\"https:\/\/kapitalis.com\/tunisie\/#\/schema\/person\/b35b8d631961131107263178aeb8019e\",\"name\":\"Cherif Benyounes\",\"url\":\"https:\/\/kapitalis.com\/tunisie\/author\/cherif\/\"}]}<\/script>\n<!-- \/ Yoast SEO plugin. -->","yoast_head_json":{"title":"Pr\u00e9sidence de l'ARP : Abir Moussi demande la destitution de Rached Ghannouchi - Kapitalis","robots":{"index":"index","follow":"follow","max-snippet":"max-snippet:-1","max-image-preview":"max-image-preview:large","max-video-preview":"max-video-preview:-1"},"canonical":"https:\/\/kapitalis.com\/tunisie\/2020\/01\/13\/presidence-de-larp-abir-moussi-demande-la-destitution-de-rached-ghannouchi\/","og_locale":"fr_FR","og_type":"article","og_title":"Pr\u00e9sidence de l'ARP : Abir Moussi demande la destitution de Rached Ghannouchi - Kapitalis","og_description":"La visite de Rached Ghannouchi en Turquie, au lendemain de l&rsquo;\u00e9chec du gouvernement Jemli, continue de soulever les controverses. Apr\u00e8s l&rsquo;initiative de la p\u00e9tition lanc\u00e9e par l&rsquo;association \u00abVoix des deux rives\u00bb dans le but de lui retirer la pr\u00e9sidence de l&rsquo;Assembl\u00e9e, c&rsquo;est au tour de Abir Moussi de sugg\u00e9rer la m\u00eame id\u00e9e, en s&rsquo;appuyant, pour...","og_url":"https:\/\/kapitalis.com\/tunisie\/2020\/01\/13\/presidence-de-larp-abir-moussi-demande-la-destitution-de-rached-ghannouchi\/","og_site_name":"Kapitalis","article_publisher":"https:\/\/www.facebook.com\/KapitalisInfo\/","article_published_time":"2020-01-13T14:47:25+00:00","article_modified_time":"2020-01-13T15:59:42+00:00","og_image":[{"width":1200,"height":630,"url":"https:\/\/kapitalis.com\/tunisie\/wp-content\/uploads\/2022\/05\/kapitalis-logo-fb.png","type":"image\/png"}],"author":"Cherif Benyounes","twitter_card":"summary_large_image","twitter_creator":"@KapitalisInfo","twitter_site":"@KapitalisInfo","twitter_misc":{"\u00c9crit par":"Cherif Benyounes","Dur\u00e9e de lecture estim\u00e9e":"3 minutes"},"schema":{"@context":"https:\/\/schema.org","@graph":[{"@type":"Article","@id":"https:\/\/kapitalis.com\/tunisie\/2020\/01\/13\/presidence-de-larp-abir-moussi-demande-la-destitution-de-rached-ghannouchi\/#article","isPartOf":{"@id":"https:\/\/kapitalis.com\/tunisie\/2020\/01\/13\/presidence-de-larp-abir-moussi-demande-la-destitution-de-rached-ghannouchi\/"},"author":{"name":"Cherif Benyounes","@id":"https:\/\/kapitalis.com\/tunisie\/#\/schema\/person\/b35b8d631961131107263178aeb8019e"},"headline":"Pr\u00e9sidence de l&rsquo;ARP : Abir Moussi demande la destitution de Rached Ghannouchi","datePublished":"2020-01-13T14:47:25+00:00","dateModified":"2020-01-13T15:59:42+00:00","mainEntityOfPage":{"@id":"https:\/\/kapitalis.com\/tunisie\/2020\/01\/13\/presidence-de-larp-abir-moussi-demande-la-destitution-de-rached-ghannouchi\/"},"wordCount":612,"commentCount":9,"publisher":{"@id":"https:\/\/kapitalis.com\/tunisie\/#organization"},"image":{"@id":"https:\/\/kapitalis.com\/tunisie\/2020\/01\/13\/presidence-de-larp-abir-moussi-demande-la-destitution-de-rached-ghannouchi\/#primaryimage"},"thumbnailUrl":"","keywords":["Abir Moussi","Ennahdha","PDL","Rached Ghannouchi","Sarraj"],"articleSection":["A LA UNE","POLITIQUE","Tunisie"],"inLanguage":"fr-FR","potentialAction":[{"@type":"CommentAction","name":"Comment","target":["https:\/\/kapitalis.com\/tunisie\/2020\/01\/13\/presidence-de-larp-abir-moussi-demande-la-destitution-de-rached-ghannouchi\/#respond"]}]},{"@type":"WebPage","@id":"https:\/\/kapitalis.com\/tunisie\/2020\/01\/13\/presidence-de-larp-abir-moussi-demande-la-destitution-de-rached-ghannouchi\/","url":"https:\/\/kapitalis.com\/tunisie\/2020\/01\/13\/presidence-de-larp-abir-moussi-demande-la-destitution-de-rached-ghannouchi\/","name":"Pr\u00e9sidence de l'ARP : Abir Moussi demande la destitution de Rached Ghannouchi - Kapitalis","isPartOf":{"@id":"https:\/\/kapitalis.com\/tunisie\/#website"},"primaryImageOfPage":{"@id":"https:\/\/kapitalis.com\/tunisie\/2020\/01\/13\/presidence-de-larp-abir-moussi-demande-la-destitution-de-rached-ghannouchi\/#primaryimage"},"image":{"@id":"https:\/\/kapitalis.com\/tunisie\/2020\/01\/13\/presidence-de-larp-abir-moussi-demande-la-destitution-de-rached-ghannouchi\/#primaryimage"},"thumbnailUrl":"","datePublished":"2020-01-13T14:47:25+00:00","dateModified":"2020-01-13T15:59:42+00:00","breadcrumb":{"@id":"https:\/\/kapitalis.com\/tunisie\/2020\/01\/13\/presidence-de-larp-abir-moussi-demande-la-destitution-de-rached-ghannouchi\/#breadcrumb"},"inLanguage":"fr-FR","potentialAction":[{"@type":"ReadAction","target":["https:\/\/kapitalis.com\/tunisie\/2020\/01\/13\/presidence-de-larp-abir-moussi-demande-la-destitution-de-rached-ghannouchi\/"]}]},{"@type":"ImageObject","inLanguage":"fr-FR","@id":"https:\/\/kapitalis.com\/tunisie\/2020\/01\/13\/presidence-de-larp-abir-moussi-demande-la-destitution-de-rached-ghannouchi\/#primaryimage","url":"","contentUrl":""},{"@type":"BreadcrumbList","@id":"https:\/\/kapitalis.com\/tunisie\/2020\/01\/13\/presidence-de-larp-abir-moussi-demande-la-destitution-de-rached-ghannouchi\/#breadcrumb","itemListElement":[{"@type":"ListItem","position":1,"name":"Accueil","item":"https:\/\/kapitalis.com\/tunisie\/"},{"@type":"ListItem","position":2,"name":"Pr\u00e9sidence de l&rsquo;ARP : Abir Moussi demande la destitution de Rached Ghannouchi"}]},{"@type":"WebSite","@id":"https:\/\/kapitalis.com\/tunisie\/#website","url":"https:\/\/kapitalis.com\/tunisie\/","name":"Kapitalis","description":"L&#039;actualit\u00e9 en Tunisie et dans le monde","publisher":{"@id":"https:\/\/kapitalis.com\/tunisie\/#organization"},"potentialAction":[{"@type":"SearchAction","target":{"@type":"EntryPoint","urlTemplate":"https:\/\/kapitalis.com\/tunisie\/?s={search_term_string}"},"query-input":{"@type":"PropertyValueSpecification","valueRequired":true,"valueName":"search_term_string"}}],"inLanguage":"fr-FR"},{"@type":"Organization","@id":"https:\/\/kapitalis.com\/tunisie\/#organization","name":"Kapitalis","url":"https:\/\/kapitalis.com\/tunisie\/","logo":{"@type":"ImageObject","inLanguage":"fr-FR","@id":"https:\/\/kapitalis.com\/tunisie\/#\/schema\/logo\/image\/","url":"https:\/\/kapitalis.com\/tunisie\/wp-content\/uploads\/2022\/05\/Kapitalis-big-size.png","contentUrl":"https:\/\/kapitalis.com\/tunisie\/wp-content\/uploads\/2022\/05\/Kapitalis-big-size.png","width":5000,"height":1500,"caption":"Kapitalis"},"image":{"@id":"https:\/\/kapitalis.com\/tunisie\/#\/schema\/logo\/image\/"},"sameAs":["https:\/\/www.facebook.com\/KapitalisInfo\/","https:\/\/x.com\/KapitalisInfo","https:\/\/www.youtube.com\/channel\/UC-yDYrHyfFBWWZaOw3FPg9Q"]},{"@type":"Person","@id":"https:\/\/kapitalis.com\/tunisie\/#\/schema\/person\/b35b8d631961131107263178aeb8019e","name":"Cherif Benyounes","url":"https:\/\/kapitalis.com\/tunisie\/author\/cherif\/"}]}},"_links":{"self":[{"href":"https:\/\/kapitalis.com\/tunisie\/wp-json\/wp\/v2\/posts\/272358","targetHints":{"allow":["GET"]}}],"collection":[{"href":"https:\/\/kapitalis.com\/tunisie\/wp-json\/wp\/v2\/posts"}],"about":[{"href":"https:\/\/kapitalis.com\/tunisie\/wp-json\/wp\/v2\/types\/post"}],"author":[{"embeddable":true,"href":"https:\/\/kapitalis.com\/tunisie\/wp-json\/wp\/v2\/users\/24"}],"replies":[{"embeddable":true,"href":"https:\/\/kapitalis.com\/tunisie\/wp-json\/wp\/v2\/comments?post=272358"}],"version-history":[{"count":0,"href":"https:\/\/kapitalis.com\/tunisie\/wp-json\/wp\/v2\/posts\/272358\/revisions"}],"wp:featuredmedia":[{"embeddable":true,"href":"https:\/\/kapitalis.com\/tunisie\/wp-json\/wp\/v2\/media\/272379"}],"wp:attachment":[{"href":"https:\/\/kapitalis.com\/tunisie\/wp-json\/wp\/v2\/media?parent=272358"}],"wp:term":[{"taxonomy":"category","embeddable":true,"href":"https:\/\/kapitalis.com\/tunisie\/wp-json\/wp\/v2\/categories?post=272358"},{"taxonomy":"post_tag","embeddable":true,"href":"https:\/\/kapitalis.com\/tunisie\/wp-json\/wp\/v2\/tags?post=272358"}],"curies":[{"name":"wp","href":"https:\/\/api.w.org\/{rel}","templated":true}]}}