{"id":272643,"date":"2020-01-14T14:20:06","date_gmt":"2020-01-14T13:20:06","guid":{"rendered":"http:\/\/kapitalis.com\/tunisie\/?p=272643"},"modified":"2020-01-14T16:04:29","modified_gmt":"2020-01-14T15:04:29","slug":"abir-moussi-prete-a-toutes-les-concessions-pour-faire-chuter-rached-ghannouchi","status":"publish","type":"post","link":"https:\/\/kapitalis.com\/tunisie\/2020\/01\/14\/abir-moussi-prete-a-toutes-les-concessions-pour-faire-chuter-rached-ghannouchi\/","title":{"rendered":"Abir Moussi pr\u00eate \u00e0 toutes les concessions pour faire chuter Rached Ghannouchi"},"content":{"rendered":"\n<figure class=\"wp-block-image size-large\"><img decoding=\"async\" src=\"http:\/\/kapitalis.com\/tunisie\/wp-content\/uploads\/2020\/01\/abir-moussi.jpg\" alt=\"\" class=\"wp-image-272672\"\/><\/figure>\n\n\n\n<p><strong><em>Au lendemain de sa conf\u00e9rence de presse o\u00f9 elle a ouvertement appel\u00e9 \u00e0 la <a href=\"http:\/\/kapitalis.com\/tunisie\/2020\/01\/13\/presidence-de-larp-abir-moussi-demande-la-destitution-de-rached-ghannouchi\/\">destitution de Rached Ghannouchi<\/a> de la pr\u00e9sidence de l&rsquo;Assembl\u00e9e des repr\u00e9sentants du peuple (ARP), Abir Moussi monte encore au cr\u00e9neau en publiant ce mardi, 14 janvier 2020, <a href=\"https:\/\/www.facebook.com\/1967823173521555\/videos\/573144296599247\/\">une vid\u00e9o<\/a> sur facebook o\u00f9 elle se dit pr\u00eate \u00e0 toutes les concessions politiques n\u00e9cessaires pour arriver \u00e0 ses fins.<\/em><\/strong><\/p>\n\n\n\n<!--more-->\n\n\n\n<p>Rappelons que la pr\u00e9sidente du Parti destourien libre (PDL) reproche au leader islamiste, comme d&rsquo;autres analystes, politiciens et activistes de la soci\u00e9t\u00e9 civile, <a href=\"http:\/\/kapitalis.com\/tunisie\/2020\/01\/11\/rencontre-tres-speciale-a-istanbul-que-mijotent-erdogan-et-ghannouchi\/\">sa visite en Turquie<\/a>, effectu\u00e9e le weekend dernier, pour y rencontrer son chef d&rsquo;Etat tr\u00e8s controvers\u00e9, Recep Tayyip Erdo\u011fan, et ce dans un entretien ferm\u00e9, tenu moins de 48 heures apr\u00e8s la chute du gouvernement de son parti, Ennahdha, et quelques jours seulement apr\u00e8s avoir assist\u00e9 aux r\u00e9unions du Conseil de s\u00e9curit\u00e9 nationale. De quoi alimenter la pol\u00e9mique&#8230;<\/p>\n\n\n\n<p>Pour Abir Moussi, il s&rsquo;agissait d&rsquo;un d\u00e9passement de la loi et d&rsquo;une menace \u00e0 la s\u00e9curit\u00e9 et \u00e0 la souverainet\u00e9 nationales du pays. Et, naturellement, il n&rsquo;en fallait pas plus pour que l&rsquo;avocate, qui ne porte pas les islamistes dans son c\u0153ur, appelle \u00e0 \u00ab<em>mettre fin \u00e0 l&rsquo;impunit\u00e9 dont jouit Ennahdha<\/em>\u00bb, au pouvoir entre 2012 et 2019.<\/p>\n\n\n\n<p>Aujourd&rsquo;hui, Abir Moussi a indiqu\u00e9 qu&rsquo;elle est pr\u00eate \u00e0 collaborer avec tous les blocs parlementaires qui n&rsquo;ont pas vot\u00e9 pour le gouvernement de Habib Jemli, c&rsquo;est-\u00e0-dire tous sauf ceux d&rsquo;Ennahdha et d&rsquo;Al Karama, en vue de destituer Rached Ghannouchi de ses fonctions \u00e0 la t\u00eate de l&rsquo;ARP.<\/p>\n\n\n\n<p>Elle a \u00e9galement indiqu\u00e9 qu&rsquo;elle les a d\u00e9j\u00e0 touts contact\u00e9s, y compris, donc, les partis avec lesquels elle a des rapports conflictuels, comme Attayar.<\/p>\n\n\n\n<p>Accus\u00e9e, selon ses dires, par Mongi Rahoui (entre autres) d&rsquo;avoir saut\u00e9 sur l&rsquo;occasion pour promouvoir son image, notamment en prenant l&rsquo;initiative de r\u00e9diger une p\u00e9tition pour le retrait de Ghannouchi de la pr\u00e9sidence du parlement, l&rsquo;ex-RCDiste a assur\u00e9 \u00eatre pr\u00eate \u00e0 renoncer \u00e0 ce document et \u00e0 signer, avec les membres de son bloc, un autre, quel que soit son auteur.<\/p>\n\n\n\n<p>Abir Moussi s&rsquo;est, par ailleurs, engag\u00e9e \u00e0 ne pas pr\u00e9senter un candidat issu de son parti pour la pr\u00e9sidence du parlement si Rached Ghannouchi venait \u00e0 \u00eatre destitu\u00e9 de son poste.<\/p>\n\n\n\n<p>Sur un autre plan, elle a assur\u00e9 que son parti ne sera pas concern\u00e9 par les concertations sur la formation du prochain gouvernement si \u00ab<em>les Fr\u00e8res musulmans et leurs d\u00e9riv\u00e9s<\/em>\u00bb (par allusion, respectivement, \u00e0 Ennahdha et Al Karama) en feront partie.<\/p>\n\n\n\n<p>Difficile d&rsquo;imaginer les autres partis et groupes parlementaires suivre la pr\u00e9sidente du PDL dans cette d\u00e9marche fond\u00e9e sur l&rsquo;exclusion, sachant  que les islamistes ont refus\u00e9 de voter, en 2013, un projet de loi instaurant l&rsquo;interdiction aux ex-membres du Rassemblement constitutionnel d\u00e9mocratique (RCD), ancien parti au pouvoir sous la dictature de Ben Ali, dont Abir Moussi et la plupart de ses camarades du PDL, de se pr\u00e9senter aux \u00e9lections.     <\/p>\n\n\n\n<p class=\"has-text-align-right\"><strong>C. B. Y.<\/strong><\/p>\n\n\n\n<figure class=\"wp-block-embed-wordpress wp-block-embed is-type-wp-embed is-provider-kapitalis\"><div class=\"wp-block-embed__wrapper\">\n<blockquote class=\"wp-embedded-content\" data-secret=\"YtI9YNkbDE\"><a href=\"https:\/\/kapitalis.com\/tunisie\/2020\/01\/13\/presidence-de-larp-abir-moussi-demande-la-destitution-de-rached-ghannouchi\/\">Pr\u00e9sidence de l&rsquo;ARP : Abir Moussi demande la destitution de Rached Ghannouchi<\/a><\/blockquote><iframe loading=\"lazy\" class=\"wp-embedded-content\" sandbox=\"allow-scripts\" security=\"restricted\" style=\"position: absolute; clip: rect(1px, 1px, 1px, 1px);\" title=\"\u00ab\u00a0Pr\u00e9sidence de l&rsquo;ARP : Abir Moussi demande la destitution de Rached Ghannouchi\u00a0\u00bb &#8212; Kapitalis\" src=\"https:\/\/kapitalis.com\/tunisie\/2020\/01\/13\/presidence-de-larp-abir-moussi-demande-la-destitution-de-rached-ghannouchi\/embed\/#?secret=m4yerKvrde#?secret=YtI9YNkbDE\" data-secret=\"YtI9YNkbDE\" width=\"600\" height=\"338\" frameborder=\"0\" marginwidth=\"0\" marginheight=\"0\" scrolling=\"no\"><\/iframe>\n<\/div><\/figure>\n\n\n\n<figure class=\"wp-block-embed-wordpress wp-block-embed is-type-wp-embed is-provider-kapitalis\"><div class=\"wp-block-embed__wrapper\">\n<blockquote class=\"wp-embedded-content\" data-secret=\"LMdnCyEp0w\"><a href=\"https:\/\/kapitalis.com\/tunisie\/2020\/01\/12\/tunisie-petition-en-ligne-pour-le-retrait-de-ghannouchi-de-la-presidence-de-lassemblee\/\">Tunisie : P\u00e9tition en ligne pour le retrait de Ghannouchi de la pr\u00e9sidence de l&rsquo;Assembl\u00e9e<\/a><\/blockquote><iframe loading=\"lazy\" class=\"wp-embedded-content\" sandbox=\"allow-scripts\" security=\"restricted\" style=\"position: absolute; clip: rect(1px, 1px, 1px, 1px);\" title=\"\u00ab\u00a0Tunisie : P\u00e9tition en ligne pour le retrait de Ghannouchi de la pr\u00e9sidence de l&rsquo;Assembl\u00e9e\u00a0\u00bb &#8212; Kapitalis\" src=\"https:\/\/kapitalis.com\/tunisie\/2020\/01\/12\/tunisie-petition-en-ligne-pour-le-retrait-de-ghannouchi-de-la-presidence-de-lassemblee\/embed\/#?secret=myMQCEWX67#?secret=LMdnCyEp0w\" data-secret=\"LMdnCyEp0w\" width=\"600\" height=\"338\" frameborder=\"0\" marginwidth=\"0\" marginheight=\"0\" scrolling=\"no\"><\/iframe>\n<\/div><\/figure>\n\n\n\n<figure class=\"wp-block-embed-wordpress wp-block-embed is-type-wp-embed is-provider-kapitalis\"><div class=\"wp-block-embed__wrapper\">\n<blockquote class=\"wp-embedded-content\" data-secret=\"wpHHMAIpRP\"><a href=\"https:\/\/kapitalis.com\/tunisie\/2020\/01\/12\/selon-yassine-brahim-%d9%8crached-ghannouchi-a-ete-convoque-par-le-gourou-supranational-des-islamistes\/\">Selon Yassine Brahim, \u064cRached Ghannouchi a \u00e9t\u00e9 convoqu\u00e9 par le \u00abgourou supranational des islamistes\u00bb<\/a><\/blockquote><iframe loading=\"lazy\" class=\"wp-embedded-content\" sandbox=\"allow-scripts\" security=\"restricted\" style=\"position: absolute; clip: rect(1px, 1px, 1px, 1px);\" title=\"\u00ab\u00a0Selon Yassine Brahim, \u064cRached Ghannouchi a \u00e9t\u00e9 convoqu\u00e9 par le \u00abgourou supranational des islamistes\u00bb\u00a0\u00bb &#8212; Kapitalis\" src=\"https:\/\/kapitalis.com\/tunisie\/2020\/01\/12\/selon-yassine-brahim-%d9%8crached-ghannouchi-a-ete-convoque-par-le-gourou-supranational-des-islamistes\/embed\/#?secret=k7hfXMeacb#?secret=wpHHMAIpRP\" data-secret=\"wpHHMAIpRP\" width=\"600\" height=\"338\" frameborder=\"0\" marginwidth=\"0\" marginheight=\"0\" scrolling=\"no\"><\/iframe>\n<\/div><\/figure>\n\n\n\n<figure class=\"wp-block-embed-wordpress wp-block-embed is-type-wp-embed is-provider-kapitalis\"><div class=\"wp-block-embed__wrapper\">\n<blockquote class=\"wp-embedded-content\" data-secret=\"9chlHQqAIK\"><a href=\"https:\/\/kapitalis.com\/tunisie\/2020\/01\/11\/rencontre-tres-speciale-a-istanbul-que-mijotent-erdogan-et-ghannouchi\/\">Rencontre tr\u00e8s sp\u00e9ciale \u00e0 Istanbul : Que mijotent Erdogan et Ghannouchi ?<\/a><\/blockquote><iframe loading=\"lazy\" class=\"wp-embedded-content\" sandbox=\"allow-scripts\" security=\"restricted\" style=\"position: absolute; clip: rect(1px, 1px, 1px, 1px);\" title=\"\u00ab\u00a0Rencontre tr\u00e8s sp\u00e9ciale \u00e0 Istanbul : Que mijotent Erdogan et Ghannouchi ?\u00a0\u00bb &#8212; Kapitalis\" src=\"https:\/\/kapitalis.com\/tunisie\/2020\/01\/11\/rencontre-tres-speciale-a-istanbul-que-mijotent-erdogan-et-ghannouchi\/embed\/#?secret=UWgEJoekCg#?secret=9chlHQqAIK\" data-secret=\"9chlHQqAIK\" width=\"600\" height=\"338\" frameborder=\"0\" marginwidth=\"0\" marginheight=\"0\" scrolling=\"no\"><\/iframe>\n<\/div><\/figure>\n","protected":false},"excerpt":{"rendered":"<p>Au lendemain de sa conf\u00e9rence de presse o\u00f9 elle a ouvertement appel\u00e9 \u00e0 la destitution de Rached Ghannouchi de la pr\u00e9sidence de l&rsquo;Assembl\u00e9e des repr\u00e9sentants du peuple (ARP), Abir Moussi monte encore au cr\u00e9neau en publiant ce mardi, 14 janvier 2020, une vid\u00e9o sur facebook o\u00f9 elle se dit pr\u00eate \u00e0 toutes les concessions politiques&#8230;<\/p>\n","protected":false},"author":24,"featured_media":272672,"comment_status":"open","ping_status":"open","sticky":false,"template":"","format":"standard","meta":{"footnotes":""},"categories":[997,2433],"tags":[15144,66005,15519,49543,1857,758],"class_list":["post-272643","post","type-post","status-publish","format-standard","has-post-thumbnail","hentry","category-politique","category-tunisie","tag-abir-moussi","tag-al-karama","tag-attayar","tag-ennahdha","tag-erdogan","tag-rached-ghannouchi"],"yoast_head":"<!-- This site is optimized with the Yoast SEO plugin v26.6 - https:\/\/yoast.com\/wordpress\/plugins\/seo\/ -->\n<title>Abir Moussi pr\u00eate \u00e0 toutes les concessions pour faire chuter Rached Ghannouchi - Kapitalis<\/title>\n<meta name=\"robots\" content=\"index, follow, max-snippet:-1, max-image-preview:large, max-video-preview:-1\" \/>\n<link rel=\"canonical\" href=\"https:\/\/kapitalis.com\/tunisie\/2020\/01\/14\/abir-moussi-prete-a-toutes-les-concessions-pour-faire-chuter-rached-ghannouchi\/\" \/>\n<meta property=\"og:locale\" content=\"fr_FR\" \/>\n<meta property=\"og:type\" content=\"article\" \/>\n<meta property=\"og:title\" content=\"Abir Moussi pr\u00eate \u00e0 toutes les concessions pour faire chuter Rached Ghannouchi - Kapitalis\" \/>\n<meta property=\"og:description\" content=\"Au lendemain de sa conf\u00e9rence de presse o\u00f9 elle a ouvertement appel\u00e9 \u00e0 la destitution de Rached Ghannouchi de la pr\u00e9sidence de l&rsquo;Assembl\u00e9e des repr\u00e9sentants du peuple (ARP), Abir Moussi monte encore au cr\u00e9neau en publiant ce mardi, 14 janvier 2020, une vid\u00e9o sur facebook o\u00f9 elle se dit pr\u00eate \u00e0 toutes les concessions politiques...\" \/>\n<meta property=\"og:url\" content=\"https:\/\/kapitalis.com\/tunisie\/2020\/01\/14\/abir-moussi-prete-a-toutes-les-concessions-pour-faire-chuter-rached-ghannouchi\/\" \/>\n<meta property=\"og:site_name\" content=\"Kapitalis\" \/>\n<meta property=\"article:publisher\" content=\"https:\/\/www.facebook.com\/KapitalisInfo\/\" \/>\n<meta property=\"article:published_time\" content=\"2020-01-14T13:20:06+00:00\" \/>\n<meta property=\"article:modified_time\" content=\"2020-01-14T15:04:29+00:00\" \/>\n<meta property=\"og:image\" content=\"https:\/\/kapitalis.com\/tunisie\/wp-content\/uploads\/2022\/05\/kapitalis-logo-fb.png\" \/>\n\t<meta property=\"og:image:width\" content=\"1200\" \/>\n\t<meta property=\"og:image:height\" content=\"630\" \/>\n\t<meta property=\"og:image:type\" content=\"image\/png\" \/>\n<meta name=\"author\" content=\"Cherif Benyounes\" \/>\n<meta name=\"twitter:card\" content=\"summary_large_image\" \/>\n<meta name=\"twitter:creator\" content=\"@KapitalisInfo\" \/>\n<meta name=\"twitter:site\" content=\"@KapitalisInfo\" \/>\n<meta name=\"twitter:label1\" content=\"\u00c9crit par\" \/>\n\t<meta name=\"twitter:data1\" content=\"Cherif Benyounes\" \/>\n\t<meta name=\"twitter:label2\" content=\"Dur\u00e9e de lecture estim\u00e9e\" \/>\n\t<meta name=\"twitter:data2\" content=\"3 minutes\" \/>\n<script type=\"application\/ld+json\" class=\"yoast-schema-graph\">{\"@context\":\"https:\/\/schema.org\",\"@graph\":[{\"@type\":\"Article\",\"@id\":\"https:\/\/kapitalis.com\/tunisie\/2020\/01\/14\/abir-moussi-prete-a-toutes-les-concessions-pour-faire-chuter-rached-ghannouchi\/#article\",\"isPartOf\":{\"@id\":\"https:\/\/kapitalis.com\/tunisie\/2020\/01\/14\/abir-moussi-prete-a-toutes-les-concessions-pour-faire-chuter-rached-ghannouchi\/\"},\"author\":{\"name\":\"Cherif Benyounes\",\"@id\":\"https:\/\/kapitalis.com\/tunisie\/#\/schema\/person\/b35b8d631961131107263178aeb8019e\"},\"headline\":\"Abir Moussi pr\u00eate \u00e0 toutes les concessions pour faire chuter Rached Ghannouchi\",\"datePublished\":\"2020-01-14T13:20:06+00:00\",\"dateModified\":\"2020-01-14T15:04:29+00:00\",\"mainEntityOfPage\":{\"@id\":\"https:\/\/kapitalis.com\/tunisie\/2020\/01\/14\/abir-moussi-prete-a-toutes-les-concessions-pour-faire-chuter-rached-ghannouchi\/\"},\"wordCount\":529,\"commentCount\":7,\"publisher\":{\"@id\":\"https:\/\/kapitalis.com\/tunisie\/#organization\"},\"image\":{\"@id\":\"https:\/\/kapitalis.com\/tunisie\/2020\/01\/14\/abir-moussi-prete-a-toutes-les-concessions-pour-faire-chuter-rached-ghannouchi\/#primaryimage\"},\"thumbnailUrl\":\"\",\"keywords\":[\"Abir Moussi\",\"Al Karama\",\"Attayar\",\"Ennahdha\",\"Erdogan\",\"Rached Ghannouchi\"],\"articleSection\":[\"POLITIQUE\",\"Tunisie\"],\"inLanguage\":\"fr-FR\",\"potentialAction\":[{\"@type\":\"CommentAction\",\"name\":\"Comment\",\"target\":[\"https:\/\/kapitalis.com\/tunisie\/2020\/01\/14\/abir-moussi-prete-a-toutes-les-concessions-pour-faire-chuter-rached-ghannouchi\/#respond\"]}]},{\"@type\":\"WebPage\",\"@id\":\"https:\/\/kapitalis.com\/tunisie\/2020\/01\/14\/abir-moussi-prete-a-toutes-les-concessions-pour-faire-chuter-rached-ghannouchi\/\",\"url\":\"https:\/\/kapitalis.com\/tunisie\/2020\/01\/14\/abir-moussi-prete-a-toutes-les-concessions-pour-faire-chuter-rached-ghannouchi\/\",\"name\":\"Abir Moussi pr\u00eate \u00e0 toutes les concessions pour faire chuter Rached Ghannouchi - Kapitalis\",\"isPartOf\":{\"@id\":\"https:\/\/kapitalis.com\/tunisie\/#website\"},\"primaryImageOfPage\":{\"@id\":\"https:\/\/kapitalis.com\/tunisie\/2020\/01\/14\/abir-moussi-prete-a-toutes-les-concessions-pour-faire-chuter-rached-ghannouchi\/#primaryimage\"},\"image\":{\"@id\":\"https:\/\/kapitalis.com\/tunisie\/2020\/01\/14\/abir-moussi-prete-a-toutes-les-concessions-pour-faire-chuter-rached-ghannouchi\/#primaryimage\"},\"thumbnailUrl\":\"\",\"datePublished\":\"2020-01-14T13:20:06+00:00\",\"dateModified\":\"2020-01-14T15:04:29+00:00\",\"breadcrumb\":{\"@id\":\"https:\/\/kapitalis.com\/tunisie\/2020\/01\/14\/abir-moussi-prete-a-toutes-les-concessions-pour-faire-chuter-rached-ghannouchi\/#breadcrumb\"},\"inLanguage\":\"fr-FR\",\"potentialAction\":[{\"@type\":\"ReadAction\",\"target\":[\"https:\/\/kapitalis.com\/tunisie\/2020\/01\/14\/abir-moussi-prete-a-toutes-les-concessions-pour-faire-chuter-rached-ghannouchi\/\"]}]},{\"@type\":\"ImageObject\",\"inLanguage\":\"fr-FR\",\"@id\":\"https:\/\/kapitalis.com\/tunisie\/2020\/01\/14\/abir-moussi-prete-a-toutes-les-concessions-pour-faire-chuter-rached-ghannouchi\/#primaryimage\",\"url\":\"\",\"contentUrl\":\"\"},{\"@type\":\"BreadcrumbList\",\"@id\":\"https:\/\/kapitalis.com\/tunisie\/2020\/01\/14\/abir-moussi-prete-a-toutes-les-concessions-pour-faire-chuter-rached-ghannouchi\/#breadcrumb\",\"itemListElement\":[{\"@type\":\"ListItem\",\"position\":1,\"name\":\"Accueil\",\"item\":\"https:\/\/kapitalis.com\/tunisie\/\"},{\"@type\":\"ListItem\",\"position\":2,\"name\":\"Abir Moussi pr\u00eate \u00e0 toutes les concessions pour faire chuter Rached Ghannouchi\"}]},{\"@type\":\"WebSite\",\"@id\":\"https:\/\/kapitalis.com\/tunisie\/#website\",\"url\":\"https:\/\/kapitalis.com\/tunisie\/\",\"name\":\"Kapitalis\",\"description\":\"L&#039;actualit\u00e9 en Tunisie et dans le monde\",\"publisher\":{\"@id\":\"https:\/\/kapitalis.com\/tunisie\/#organization\"},\"potentialAction\":[{\"@type\":\"SearchAction\",\"target\":{\"@type\":\"EntryPoint\",\"urlTemplate\":\"https:\/\/kapitalis.com\/tunisie\/?s={search_term_string}\"},\"query-input\":{\"@type\":\"PropertyValueSpecification\",\"valueRequired\":true,\"valueName\":\"search_term_string\"}}],\"inLanguage\":\"fr-FR\"},{\"@type\":\"Organization\",\"@id\":\"https:\/\/kapitalis.com\/tunisie\/#organization\",\"name\":\"Kapitalis\",\"url\":\"https:\/\/kapitalis.com\/tunisie\/\",\"logo\":{\"@type\":\"ImageObject\",\"inLanguage\":\"fr-FR\",\"@id\":\"https:\/\/kapitalis.com\/tunisie\/#\/schema\/logo\/image\/\",\"url\":\"https:\/\/kapitalis.com\/tunisie\/wp-content\/uploads\/2022\/05\/Kapitalis-big-size.png\",\"contentUrl\":\"https:\/\/kapitalis.com\/tunisie\/wp-content\/uploads\/2022\/05\/Kapitalis-big-size.png\",\"width\":5000,\"height\":1500,\"caption\":\"Kapitalis\"},\"image\":{\"@id\":\"https:\/\/kapitalis.com\/tunisie\/#\/schema\/logo\/image\/\"},\"sameAs\":[\"https:\/\/www.facebook.com\/KapitalisInfo\/\",\"https:\/\/x.com\/KapitalisInfo\",\"https:\/\/www.youtube.com\/channel\/UC-yDYrHyfFBWWZaOw3FPg9Q\"]},{\"@type\":\"Person\",\"@id\":\"https:\/\/kapitalis.com\/tunisie\/#\/schema\/person\/b35b8d631961131107263178aeb8019e\",\"name\":\"Cherif Benyounes\",\"url\":\"https:\/\/kapitalis.com\/tunisie\/author\/cherif\/\"}]}<\/script>\n<!-- \/ Yoast SEO plugin. -->","yoast_head_json":{"title":"Abir Moussi pr\u00eate \u00e0 toutes les concessions pour faire chuter Rached Ghannouchi - Kapitalis","robots":{"index":"index","follow":"follow","max-snippet":"max-snippet:-1","max-image-preview":"max-image-preview:large","max-video-preview":"max-video-preview:-1"},"canonical":"https:\/\/kapitalis.com\/tunisie\/2020\/01\/14\/abir-moussi-prete-a-toutes-les-concessions-pour-faire-chuter-rached-ghannouchi\/","og_locale":"fr_FR","og_type":"article","og_title":"Abir Moussi pr\u00eate \u00e0 toutes les concessions pour faire chuter Rached Ghannouchi - Kapitalis","og_description":"Au lendemain de sa conf\u00e9rence de presse o\u00f9 elle a ouvertement appel\u00e9 \u00e0 la destitution de Rached Ghannouchi de la pr\u00e9sidence de l&rsquo;Assembl\u00e9e des repr\u00e9sentants du peuple (ARP), Abir Moussi monte encore au cr\u00e9neau en publiant ce mardi, 14 janvier 2020, une vid\u00e9o sur facebook o\u00f9 elle se dit pr\u00eate \u00e0 toutes les concessions politiques...","og_url":"https:\/\/kapitalis.com\/tunisie\/2020\/01\/14\/abir-moussi-prete-a-toutes-les-concessions-pour-faire-chuter-rached-ghannouchi\/","og_site_name":"Kapitalis","article_publisher":"https:\/\/www.facebook.com\/KapitalisInfo\/","article_published_time":"2020-01-14T13:20:06+00:00","article_modified_time":"2020-01-14T15:04:29+00:00","og_image":[{"width":1200,"height":630,"url":"https:\/\/kapitalis.com\/tunisie\/wp-content\/uploads\/2022\/05\/kapitalis-logo-fb.png","type":"image\/png"}],"author":"Cherif Benyounes","twitter_card":"summary_large_image","twitter_creator":"@KapitalisInfo","twitter_site":"@KapitalisInfo","twitter_misc":{"\u00c9crit par":"Cherif Benyounes","Dur\u00e9e de lecture estim\u00e9e":"3 minutes"},"schema":{"@context":"https:\/\/schema.org","@graph":[{"@type":"Article","@id":"https:\/\/kapitalis.com\/tunisie\/2020\/01\/14\/abir-moussi-prete-a-toutes-les-concessions-pour-faire-chuter-rached-ghannouchi\/#article","isPartOf":{"@id":"https:\/\/kapitalis.com\/tunisie\/2020\/01\/14\/abir-moussi-prete-a-toutes-les-concessions-pour-faire-chuter-rached-ghannouchi\/"},"author":{"name":"Cherif Benyounes","@id":"https:\/\/kapitalis.com\/tunisie\/#\/schema\/person\/b35b8d631961131107263178aeb8019e"},"headline":"Abir Moussi pr\u00eate \u00e0 toutes les concessions pour faire chuter Rached Ghannouchi","datePublished":"2020-01-14T13:20:06+00:00","dateModified":"2020-01-14T15:04:29+00:00","mainEntityOfPage":{"@id":"https:\/\/kapitalis.com\/tunisie\/2020\/01\/14\/abir-moussi-prete-a-toutes-les-concessions-pour-faire-chuter-rached-ghannouchi\/"},"wordCount":529,"commentCount":7,"publisher":{"@id":"https:\/\/kapitalis.com\/tunisie\/#organization"},"image":{"@id":"https:\/\/kapitalis.com\/tunisie\/2020\/01\/14\/abir-moussi-prete-a-toutes-les-concessions-pour-faire-chuter-rached-ghannouchi\/#primaryimage"},"thumbnailUrl":"","keywords":["Abir Moussi","Al Karama","Attayar","Ennahdha","Erdogan","Rached Ghannouchi"],"articleSection":["POLITIQUE","Tunisie"],"inLanguage":"fr-FR","potentialAction":[{"@type":"CommentAction","name":"Comment","target":["https:\/\/kapitalis.com\/tunisie\/2020\/01\/14\/abir-moussi-prete-a-toutes-les-concessions-pour-faire-chuter-rached-ghannouchi\/#respond"]}]},{"@type":"WebPage","@id":"https:\/\/kapitalis.com\/tunisie\/2020\/01\/14\/abir-moussi-prete-a-toutes-les-concessions-pour-faire-chuter-rached-ghannouchi\/","url":"https:\/\/kapitalis.com\/tunisie\/2020\/01\/14\/abir-moussi-prete-a-toutes-les-concessions-pour-faire-chuter-rached-ghannouchi\/","name":"Abir Moussi pr\u00eate \u00e0 toutes les concessions pour faire chuter Rached Ghannouchi - Kapitalis","isPartOf":{"@id":"https:\/\/kapitalis.com\/tunisie\/#website"},"primaryImageOfPage":{"@id":"https:\/\/kapitalis.com\/tunisie\/2020\/01\/14\/abir-moussi-prete-a-toutes-les-concessions-pour-faire-chuter-rached-ghannouchi\/#primaryimage"},"image":{"@id":"https:\/\/kapitalis.com\/tunisie\/2020\/01\/14\/abir-moussi-prete-a-toutes-les-concessions-pour-faire-chuter-rached-ghannouchi\/#primaryimage"},"thumbnailUrl":"","datePublished":"2020-01-14T13:20:06+00:00","dateModified":"2020-01-14T15:04:29+00:00","breadcrumb":{"@id":"https:\/\/kapitalis.com\/tunisie\/2020\/01\/14\/abir-moussi-prete-a-toutes-les-concessions-pour-faire-chuter-rached-ghannouchi\/#breadcrumb"},"inLanguage":"fr-FR","potentialAction":[{"@type":"ReadAction","target":["https:\/\/kapitalis.com\/tunisie\/2020\/01\/14\/abir-moussi-prete-a-toutes-les-concessions-pour-faire-chuter-rached-ghannouchi\/"]}]},{"@type":"ImageObject","inLanguage":"fr-FR","@id":"https:\/\/kapitalis.com\/tunisie\/2020\/01\/14\/abir-moussi-prete-a-toutes-les-concessions-pour-faire-chuter-rached-ghannouchi\/#primaryimage","url":"","contentUrl":""},{"@type":"BreadcrumbList","@id":"https:\/\/kapitalis.com\/tunisie\/2020\/01\/14\/abir-moussi-prete-a-toutes-les-concessions-pour-faire-chuter-rached-ghannouchi\/#breadcrumb","itemListElement":[{"@type":"ListItem","position":1,"name":"Accueil","item":"https:\/\/kapitalis.com\/tunisie\/"},{"@type":"ListItem","position":2,"name":"Abir Moussi pr\u00eate \u00e0 toutes les concessions pour faire chuter Rached Ghannouchi"}]},{"@type":"WebSite","@id":"https:\/\/kapitalis.com\/tunisie\/#website","url":"https:\/\/kapitalis.com\/tunisie\/","name":"Kapitalis","description":"L&#039;actualit\u00e9 en Tunisie et dans le monde","publisher":{"@id":"https:\/\/kapitalis.com\/tunisie\/#organization"},"potentialAction":[{"@type":"SearchAction","target":{"@type":"EntryPoint","urlTemplate":"https:\/\/kapitalis.com\/tunisie\/?s={search_term_string}"},"query-input":{"@type":"PropertyValueSpecification","valueRequired":true,"valueName":"search_term_string"}}],"inLanguage":"fr-FR"},{"@type":"Organization","@id":"https:\/\/kapitalis.com\/tunisie\/#organization","name":"Kapitalis","url":"https:\/\/kapitalis.com\/tunisie\/","logo":{"@type":"ImageObject","inLanguage":"fr-FR","@id":"https:\/\/kapitalis.com\/tunisie\/#\/schema\/logo\/image\/","url":"https:\/\/kapitalis.com\/tunisie\/wp-content\/uploads\/2022\/05\/Kapitalis-big-size.png","contentUrl":"https:\/\/kapitalis.com\/tunisie\/wp-content\/uploads\/2022\/05\/Kapitalis-big-size.png","width":5000,"height":1500,"caption":"Kapitalis"},"image":{"@id":"https:\/\/kapitalis.com\/tunisie\/#\/schema\/logo\/image\/"},"sameAs":["https:\/\/www.facebook.com\/KapitalisInfo\/","https:\/\/x.com\/KapitalisInfo","https:\/\/www.youtube.com\/channel\/UC-yDYrHyfFBWWZaOw3FPg9Q"]},{"@type":"Person","@id":"https:\/\/kapitalis.com\/tunisie\/#\/schema\/person\/b35b8d631961131107263178aeb8019e","name":"Cherif Benyounes","url":"https:\/\/kapitalis.com\/tunisie\/author\/cherif\/"}]}},"_links":{"self":[{"href":"https:\/\/kapitalis.com\/tunisie\/wp-json\/wp\/v2\/posts\/272643","targetHints":{"allow":["GET"]}}],"collection":[{"href":"https:\/\/kapitalis.com\/tunisie\/wp-json\/wp\/v2\/posts"}],"about":[{"href":"https:\/\/kapitalis.com\/tunisie\/wp-json\/wp\/v2\/types\/post"}],"author":[{"embeddable":true,"href":"https:\/\/kapitalis.com\/tunisie\/wp-json\/wp\/v2\/users\/24"}],"replies":[{"embeddable":true,"href":"https:\/\/kapitalis.com\/tunisie\/wp-json\/wp\/v2\/comments?post=272643"}],"version-history":[{"count":0,"href":"https:\/\/kapitalis.com\/tunisie\/wp-json\/wp\/v2\/posts\/272643\/revisions"}],"wp:featuredmedia":[{"embeddable":true,"href":"https:\/\/kapitalis.com\/tunisie\/wp-json\/wp\/v2\/media\/272672"}],"wp:attachment":[{"href":"https:\/\/kapitalis.com\/tunisie\/wp-json\/wp\/v2\/media?parent=272643"}],"wp:term":[{"taxonomy":"category","embeddable":true,"href":"https:\/\/kapitalis.com\/tunisie\/wp-json\/wp\/v2\/categories?post=272643"},{"taxonomy":"post_tag","embeddable":true,"href":"https:\/\/kapitalis.com\/tunisie\/wp-json\/wp\/v2\/tags?post=272643"}],"curies":[{"name":"wp","href":"https:\/\/api.w.org\/{rel}","templated":true}]}}