{"id":272707,"date":"2020-01-14T17:09:24","date_gmt":"2020-01-14T16:09:24","guid":{"rendered":"http:\/\/kapitalis.com\/tunisie\/?p=272707"},"modified":"2020-01-14T18:10:53","modified_gmt":"2020-01-14T17:10:53","slug":"visite-de-ghannouchi-a-istanbul-une-probable-erreur-de-protocoles-qui-ne-merite-pas-autant-de-critiques-selon-abdellatif-mekki","status":"publish","type":"post","link":"https:\/\/kapitalis.com\/tunisie\/2020\/01\/14\/visite-de-ghannouchi-a-istanbul-une-probable-erreur-de-protocoles-qui-ne-merite-pas-autant-de-critiques-selon-abdellatif-mekki\/","title":{"rendered":"Visite de Ghannouchi \u00e0 Istanbul : \u00abUne probable erreur de protocole, qui ne m\u00e9rite pas autant de critiques\u00bb, selon Abdellatif Mekki"},"content":{"rendered":"\n<figure class=\"wp-block-image size-large\"><img decoding=\"async\" src=\"http:\/\/kapitalis.com\/tunisie\/wp-content\/uploads\/2020\/01\/Ghannouchi-Erdogan.jpg\" alt=\"\" class=\"wp-image-272728\"\/><\/figure>\n\n\n\n<p><strong><em>Le dirigeant du parti islamiste Ennahdha Abdellatif Mekki a accus\u00e9 ceux qui critiquent la <a rel=\"noreferrer noopener\" aria-label=\"rencontre (s\u2019ouvre dans un nouvel onglet)\" href=\"http:\/\/kapitalis.com\/tunisie\/2020\/01\/11\/rencontre-tres-speciale-a-istanbul-que-mijotent-erdogan-et-ghannouchi\/\" target=\"_blank\">rencontre<\/a>, samedi dernier, entre Rached Ghannouchi et Recep Tayyip Erdogan \u00e0 Istanbul, de s&rsquo;acharner contre son parti. \u00abIl y a peut-\u00eatre une erreur de timing ou de protocole diplomatique, mais cela ne m\u00e9rite pas autant de critiques\u00bb, a-t-il dit.<\/em><\/strong><\/p>\n\n\n\n<!--more-->\n\n\n\n<p>Invit\u00e9, aujourd&rsquo;hui, mardi 14 janvier 2020, sur Mosa\u00efque FM, Abdellatif Mekki a ajout\u00e9 que certaines critiques adress\u00e9es Rached Ghannouchi, chef d&rsquo;Ennahdha et pr\u00e9sident de l&rsquo;Assembl\u00e9e des repr\u00e9sentants du peuple (ARP), ne sont pas objectives : \u00ab<em>Elles s&rsquo;inscrivent dans le cadre d&rsquo;une campagne de d\u00e9nigrement, men\u00e9e par des parties qui n&rsquo;acceptent pas les r\u00e8gles de la d\u00e9mocratie et cherchent \u00e0 exclure Ennahdha du paysage politique. Certains ne ratent pas une occasion pour s&rsquo;acharner contre nous et porter atteinte \u00e0 Rached Ghannouchi\u00bb<\/em>, a-t-il encore accus\u00e9, en prenant la posture de la victime, ch\u00e8re aux islamistes, m\u00eame lorsqu&rsquo;ils sont au pouvoir comme aujourd&rsquo;hui en Tunisie. .<\/p>\n\n\n\n<p>Le dirigeant nahdhaoui a cependant avou\u00e9 que le timing de cette visite de Ghannouchi au pr\u00e9sident turc est probablement mal choisi (entendre : au lendemain m\u00eame de l&rsquo;\u00e9chec du gouvernement propos\u00e9 par Ennahdha), et que s&rsquo;il a \u00e9t\u00e9 invit\u00e9 en tant que pr\u00e9sident du parlement, ce serait alors une probable erreur de protocole diplomatique, pour ne pas dire que Rached Ghannouchi m\u00e9lange sciemment les r\u00f4les.<\/p>\n\n\n\n<p><em>\u00abIl n&rsquo;y avait pas urgence \u00e0 se rendre \u00e0 Istanbul, on ne sait cependant pas si la rencontre ne s&rsquo;est pas impos\u00e9e \u00e0 cause de la conjoncture actuelle, notamment les \u00e9v\u00e9nements en Libye<\/em>\u00bb, a-t-il encore dit, en ajoutant que les d\u00e9put\u00e9s peuvent auditionner Rached Ghannouchi \u00e0 ce propos, \u00ab<em>au lieu de s&rsquo;acharner sur lui, avec des critiques non constructives<\/em>\u00bb. <\/p>\n\n\n\n<p>Rappelons que le 12 d\u00e9cembre 2019, Abdellatif Mekki avait vivement critiqu\u00e9 Rached Ghannouchi, qu&rsquo;il a notamment qualifi\u00e9 de despote.<\/p>\n\n\n\n<p>Il avait aussi appel\u00e9 Ennahdha \u00e0 tenir son congr\u00e8s dans le d\u00e9lai requis, c&rsquo;est-\u00e0-dire en mai 2020, pour \u00e9lire un nouveau pr\u00e9sident, estimant que son chef n&rsquo;est plus capable de le pr\u00e9sider, apr\u00e8s son \u00e9lection \u00e0 la pr\u00e9sidence de l&rsquo;Assembl\u00e9e.<\/p>\n\n\n\n<p class=\"has-text-align-right\"><strong>Y. N.<\/strong><\/p>\n\n\n\n<figure class=\"wp-block-embed-wordpress wp-block-embed is-type-wp-embed is-provider-kapitalis\"><div class=\"wp-block-embed__wrapper\">\n<blockquote class=\"wp-embedded-content\" data-secret=\"f6zTSdgy0B\"><a href=\"https:\/\/kapitalis.com\/tunisie\/2019\/12\/19\/abdellatif-mekki-ne-supporte-plus-ghannouchi-et-le-qualifie-de-despote\/\">Abdellatif Mekki ne supporte plus Ghannouchi et le qualifie de despote<\/a><\/blockquote><iframe loading=\"lazy\" class=\"wp-embedded-content\" sandbox=\"allow-scripts\" security=\"restricted\" style=\"position: absolute; clip: rect(1px, 1px, 1px, 1px);\" title=\"\u00ab\u00a0Abdellatif Mekki ne supporte plus Ghannouchi et le qualifie de despote\u00a0\u00bb &#8212; Kapitalis\" src=\"https:\/\/kapitalis.com\/tunisie\/2019\/12\/19\/abdellatif-mekki-ne-supporte-plus-ghannouchi-et-le-qualifie-de-despote\/embed\/#?secret=FChfZoMasS#?secret=f6zTSdgy0B\" data-secret=\"f6zTSdgy0B\" width=\"600\" height=\"338\" frameborder=\"0\" marginwidth=\"0\" marginheight=\"0\" scrolling=\"no\"><\/iframe>\n<\/div><\/figure>\n\n\n\n<figure class=\"wp-block-embed-wordpress wp-block-embed is-type-wp-embed is-provider-kapitalis\"><div class=\"wp-block-embed__wrapper\">\n<blockquote class=\"wp-embedded-content\" data-secret=\"YUKMNr0Dcy\"><a href=\"https:\/\/kapitalis.com\/tunisie\/2020\/01\/12\/tunisie-petition-en-ligne-pour-le-retrait-de-ghannouchi-de-la-presidence-de-lassemblee\/\">Tunisie : P\u00e9tition en ligne pour le retrait de Ghannouchi de la pr\u00e9sidence de l&rsquo;Assembl\u00e9e<\/a><\/blockquote><iframe loading=\"lazy\" class=\"wp-embedded-content\" sandbox=\"allow-scripts\" security=\"restricted\" style=\"position: absolute; clip: rect(1px, 1px, 1px, 1px);\" title=\"\u00ab\u00a0Tunisie : P\u00e9tition en ligne pour le retrait de Ghannouchi de la pr\u00e9sidence de l&rsquo;Assembl\u00e9e\u00a0\u00bb &#8212; Kapitalis\" src=\"https:\/\/kapitalis.com\/tunisie\/2020\/01\/12\/tunisie-petition-en-ligne-pour-le-retrait-de-ghannouchi-de-la-presidence-de-lassemblee\/embed\/#?secret=dRF5jNLva6#?secret=YUKMNr0Dcy\" data-secret=\"YUKMNr0Dcy\" width=\"600\" height=\"338\" frameborder=\"0\" marginwidth=\"0\" marginheight=\"0\" scrolling=\"no\"><\/iframe>\n<\/div><\/figure>\n","protected":false},"excerpt":{"rendered":"<p>Le dirigeant du parti islamiste Ennahdha Abdellatif Mekki a accus\u00e9 ceux qui critiquent la rencontre, samedi dernier, entre Rached Ghannouchi et Recep Tayyip Erdogan \u00e0 Istanbul, de s&rsquo;acharner contre son parti. \u00abIl y a peut-\u00eatre une erreur de timing ou de protocole diplomatique, mais cela ne m\u00e9rite pas autant de critiques\u00bb, a-t-il dit.<\/p>\n","protected":false},"author":6,"featured_media":272728,"comment_status":"open","ping_status":"open","sticky":false,"template":"","format":"standard","meta":{"footnotes":""},"categories":[997,2433],"tags":[17,49543,10485,544,758,4379,1855],"class_list":["post-272707","post","type-post","status-publish","format-standard","has-post-thumbnail","hentry","category-politique","category-tunisie","tag-abdellatif-mekki","tag-ennahdha","tag-istanbul","tag-libye","tag-rached-ghannouchi","tag-recep-tayyip-erdogan","tag-turquie"],"yoast_head":"<!-- This site is optimized with the Yoast SEO plugin v26.6 - https:\/\/yoast.com\/wordpress\/plugins\/seo\/ -->\n<title>Visite de Ghannouchi \u00e0 Istanbul : \u00abUne probable erreur de protocole, qui ne m\u00e9rite pas autant de critiques\u00bb, selon Abdellatif Mekki - Kapitalis<\/title>\n<meta name=\"robots\" content=\"index, follow, max-snippet:-1, max-image-preview:large, max-video-preview:-1\" \/>\n<link rel=\"canonical\" href=\"https:\/\/kapitalis.com\/tunisie\/2020\/01\/14\/visite-de-ghannouchi-a-istanbul-une-probable-erreur-de-protocoles-qui-ne-merite-pas-autant-de-critiques-selon-abdellatif-mekki\/\" \/>\n<meta property=\"og:locale\" content=\"fr_FR\" \/>\n<meta property=\"og:type\" content=\"article\" \/>\n<meta property=\"og:title\" content=\"Visite de Ghannouchi \u00e0 Istanbul : \u00abUne probable erreur de protocole, qui ne m\u00e9rite pas autant de critiques\u00bb, selon Abdellatif Mekki - Kapitalis\" \/>\n<meta property=\"og:description\" content=\"Le dirigeant du parti islamiste Ennahdha Abdellatif Mekki a accus\u00e9 ceux qui critiquent la rencontre, samedi dernier, entre Rached Ghannouchi et Recep Tayyip Erdogan \u00e0 Istanbul, de s&rsquo;acharner contre son parti. \u00abIl y a peut-\u00eatre une erreur de timing ou de protocole diplomatique, mais cela ne m\u00e9rite pas autant de critiques\u00bb, a-t-il dit.\" \/>\n<meta property=\"og:url\" content=\"https:\/\/kapitalis.com\/tunisie\/2020\/01\/14\/visite-de-ghannouchi-a-istanbul-une-probable-erreur-de-protocoles-qui-ne-merite-pas-autant-de-critiques-selon-abdellatif-mekki\/\" \/>\n<meta property=\"og:site_name\" content=\"Kapitalis\" \/>\n<meta property=\"article:publisher\" content=\"https:\/\/www.facebook.com\/KapitalisInfo\/\" \/>\n<meta property=\"article:published_time\" content=\"2020-01-14T16:09:24+00:00\" \/>\n<meta property=\"article:modified_time\" content=\"2020-01-14T17:10:53+00:00\" \/>\n<meta property=\"og:image\" content=\"https:\/\/kapitalis.com\/tunisie\/wp-content\/uploads\/2022\/05\/kapitalis-logo-fb.png\" \/>\n\t<meta property=\"og:image:width\" content=\"1200\" \/>\n\t<meta property=\"og:image:height\" content=\"630\" \/>\n\t<meta property=\"og:image:type\" content=\"image\/png\" \/>\n<meta name=\"author\" content=\"Yusra NY\" \/>\n<meta name=\"twitter:card\" content=\"summary_large_image\" \/>\n<meta name=\"twitter:creator\" content=\"@KapitalisInfo\" \/>\n<meta name=\"twitter:site\" content=\"@KapitalisInfo\" \/>\n<meta name=\"twitter:label1\" content=\"\u00c9crit par\" \/>\n\t<meta name=\"twitter:data1\" content=\"Yusra NY\" \/>\n\t<meta name=\"twitter:label2\" content=\"Dur\u00e9e de lecture estim\u00e9e\" \/>\n\t<meta name=\"twitter:data2\" content=\"2 minutes\" \/>\n<script type=\"application\/ld+json\" class=\"yoast-schema-graph\">{\"@context\":\"https:\/\/schema.org\",\"@graph\":[{\"@type\":\"Article\",\"@id\":\"https:\/\/kapitalis.com\/tunisie\/2020\/01\/14\/visite-de-ghannouchi-a-istanbul-une-probable-erreur-de-protocoles-qui-ne-merite-pas-autant-de-critiques-selon-abdellatif-mekki\/#article\",\"isPartOf\":{\"@id\":\"https:\/\/kapitalis.com\/tunisie\/2020\/01\/14\/visite-de-ghannouchi-a-istanbul-une-probable-erreur-de-protocoles-qui-ne-merite-pas-autant-de-critiques-selon-abdellatif-mekki\/\"},\"author\":{\"name\":\"Yusra NY\",\"@id\":\"https:\/\/kapitalis.com\/tunisie\/#\/schema\/person\/74bbde0154d49d790a92aaeac5bc01d5\"},\"headline\":\"Visite de Ghannouchi \u00e0 Istanbul : \u00abUne probable erreur de protocole, qui ne m\u00e9rite pas autant de critiques\u00bb, selon Abdellatif Mekki\",\"datePublished\":\"2020-01-14T16:09:24+00:00\",\"dateModified\":\"2020-01-14T17:10:53+00:00\",\"mainEntityOfPage\":{\"@id\":\"https:\/\/kapitalis.com\/tunisie\/2020\/01\/14\/visite-de-ghannouchi-a-istanbul-une-probable-erreur-de-protocoles-qui-ne-merite-pas-autant-de-critiques-selon-abdellatif-mekki\/\"},\"wordCount\":386,\"commentCount\":4,\"publisher\":{\"@id\":\"https:\/\/kapitalis.com\/tunisie\/#organization\"},\"image\":{\"@id\":\"https:\/\/kapitalis.com\/tunisie\/2020\/01\/14\/visite-de-ghannouchi-a-istanbul-une-probable-erreur-de-protocoles-qui-ne-merite-pas-autant-de-critiques-selon-abdellatif-mekki\/#primaryimage\"},\"thumbnailUrl\":\"\",\"keywords\":[\"Abdellatif Mekki\",\"Ennahdha\",\"Istanbul\",\"Libye\",\"Rached Ghannouchi\",\"Recep Tayyip Erdogan\",\"Turquie\"],\"articleSection\":[\"POLITIQUE\",\"Tunisie\"],\"inLanguage\":\"fr-FR\",\"potentialAction\":[{\"@type\":\"CommentAction\",\"name\":\"Comment\",\"target\":[\"https:\/\/kapitalis.com\/tunisie\/2020\/01\/14\/visite-de-ghannouchi-a-istanbul-une-probable-erreur-de-protocoles-qui-ne-merite-pas-autant-de-critiques-selon-abdellatif-mekki\/#respond\"]}]},{\"@type\":\"WebPage\",\"@id\":\"https:\/\/kapitalis.com\/tunisie\/2020\/01\/14\/visite-de-ghannouchi-a-istanbul-une-probable-erreur-de-protocoles-qui-ne-merite-pas-autant-de-critiques-selon-abdellatif-mekki\/\",\"url\":\"https:\/\/kapitalis.com\/tunisie\/2020\/01\/14\/visite-de-ghannouchi-a-istanbul-une-probable-erreur-de-protocoles-qui-ne-merite-pas-autant-de-critiques-selon-abdellatif-mekki\/\",\"name\":\"Visite de Ghannouchi \u00e0 Istanbul : \u00abUne probable erreur de protocole, qui ne m\u00e9rite pas autant de critiques\u00bb, selon Abdellatif Mekki - Kapitalis\",\"isPartOf\":{\"@id\":\"https:\/\/kapitalis.com\/tunisie\/#website\"},\"primaryImageOfPage\":{\"@id\":\"https:\/\/kapitalis.com\/tunisie\/2020\/01\/14\/visite-de-ghannouchi-a-istanbul-une-probable-erreur-de-protocoles-qui-ne-merite-pas-autant-de-critiques-selon-abdellatif-mekki\/#primaryimage\"},\"image\":{\"@id\":\"https:\/\/kapitalis.com\/tunisie\/2020\/01\/14\/visite-de-ghannouchi-a-istanbul-une-probable-erreur-de-protocoles-qui-ne-merite-pas-autant-de-critiques-selon-abdellatif-mekki\/#primaryimage\"},\"thumbnailUrl\":\"\",\"datePublished\":\"2020-01-14T16:09:24+00:00\",\"dateModified\":\"2020-01-14T17:10:53+00:00\",\"breadcrumb\":{\"@id\":\"https:\/\/kapitalis.com\/tunisie\/2020\/01\/14\/visite-de-ghannouchi-a-istanbul-une-probable-erreur-de-protocoles-qui-ne-merite-pas-autant-de-critiques-selon-abdellatif-mekki\/#breadcrumb\"},\"inLanguage\":\"fr-FR\",\"potentialAction\":[{\"@type\":\"ReadAction\",\"target\":[\"https:\/\/kapitalis.com\/tunisie\/2020\/01\/14\/visite-de-ghannouchi-a-istanbul-une-probable-erreur-de-protocoles-qui-ne-merite-pas-autant-de-critiques-selon-abdellatif-mekki\/\"]}]},{\"@type\":\"ImageObject\",\"inLanguage\":\"fr-FR\",\"@id\":\"https:\/\/kapitalis.com\/tunisie\/2020\/01\/14\/visite-de-ghannouchi-a-istanbul-une-probable-erreur-de-protocoles-qui-ne-merite-pas-autant-de-critiques-selon-abdellatif-mekki\/#primaryimage\",\"url\":\"\",\"contentUrl\":\"\"},{\"@type\":\"BreadcrumbList\",\"@id\":\"https:\/\/kapitalis.com\/tunisie\/2020\/01\/14\/visite-de-ghannouchi-a-istanbul-une-probable-erreur-de-protocoles-qui-ne-merite-pas-autant-de-critiques-selon-abdellatif-mekki\/#breadcrumb\",\"itemListElement\":[{\"@type\":\"ListItem\",\"position\":1,\"name\":\"Accueil\",\"item\":\"https:\/\/kapitalis.com\/tunisie\/\"},{\"@type\":\"ListItem\",\"position\":2,\"name\":\"Visite de Ghannouchi \u00e0 Istanbul : \u00abUne probable erreur de protocole, qui ne m\u00e9rite pas autant de critiques\u00bb, selon Abdellatif Mekki\"}]},{\"@type\":\"WebSite\",\"@id\":\"https:\/\/kapitalis.com\/tunisie\/#website\",\"url\":\"https:\/\/kapitalis.com\/tunisie\/\",\"name\":\"Kapitalis\",\"description\":\"L&#039;actualit\u00e9 en Tunisie et dans le monde\",\"publisher\":{\"@id\":\"https:\/\/kapitalis.com\/tunisie\/#organization\"},\"potentialAction\":[{\"@type\":\"SearchAction\",\"target\":{\"@type\":\"EntryPoint\",\"urlTemplate\":\"https:\/\/kapitalis.com\/tunisie\/?s={search_term_string}\"},\"query-input\":{\"@type\":\"PropertyValueSpecification\",\"valueRequired\":true,\"valueName\":\"search_term_string\"}}],\"inLanguage\":\"fr-FR\"},{\"@type\":\"Organization\",\"@id\":\"https:\/\/kapitalis.com\/tunisie\/#organization\",\"name\":\"Kapitalis\",\"url\":\"https:\/\/kapitalis.com\/tunisie\/\",\"logo\":{\"@type\":\"ImageObject\",\"inLanguage\":\"fr-FR\",\"@id\":\"https:\/\/kapitalis.com\/tunisie\/#\/schema\/logo\/image\/\",\"url\":\"https:\/\/kapitalis.com\/tunisie\/wp-content\/uploads\/2022\/05\/Kapitalis-big-size.png\",\"contentUrl\":\"https:\/\/kapitalis.com\/tunisie\/wp-content\/uploads\/2022\/05\/Kapitalis-big-size.png\",\"width\":5000,\"height\":1500,\"caption\":\"Kapitalis\"},\"image\":{\"@id\":\"https:\/\/kapitalis.com\/tunisie\/#\/schema\/logo\/image\/\"},\"sameAs\":[\"https:\/\/www.facebook.com\/KapitalisInfo\/\",\"https:\/\/x.com\/KapitalisInfo\",\"https:\/\/www.youtube.com\/channel\/UC-yDYrHyfFBWWZaOw3FPg9Q\"]},{\"@type\":\"Person\",\"@id\":\"https:\/\/kapitalis.com\/tunisie\/#\/schema\/person\/74bbde0154d49d790a92aaeac5bc01d5\",\"name\":\"Yusra NY\",\"url\":\"https:\/\/kapitalis.com\/tunisie\/author\/yuza_adam\/\"}]}<\/script>\n<!-- \/ Yoast SEO plugin. -->","yoast_head_json":{"title":"Visite de Ghannouchi \u00e0 Istanbul : \u00abUne probable erreur de protocole, qui ne m\u00e9rite pas autant de critiques\u00bb, selon Abdellatif Mekki - Kapitalis","robots":{"index":"index","follow":"follow","max-snippet":"max-snippet:-1","max-image-preview":"max-image-preview:large","max-video-preview":"max-video-preview:-1"},"canonical":"https:\/\/kapitalis.com\/tunisie\/2020\/01\/14\/visite-de-ghannouchi-a-istanbul-une-probable-erreur-de-protocoles-qui-ne-merite-pas-autant-de-critiques-selon-abdellatif-mekki\/","og_locale":"fr_FR","og_type":"article","og_title":"Visite de Ghannouchi \u00e0 Istanbul : \u00abUne probable erreur de protocole, qui ne m\u00e9rite pas autant de critiques\u00bb, selon Abdellatif Mekki - Kapitalis","og_description":"Le dirigeant du parti islamiste Ennahdha Abdellatif Mekki a accus\u00e9 ceux qui critiquent la rencontre, samedi dernier, entre Rached Ghannouchi et Recep Tayyip Erdogan \u00e0 Istanbul, de s&rsquo;acharner contre son parti. \u00abIl y a peut-\u00eatre une erreur de timing ou de protocole diplomatique, mais cela ne m\u00e9rite pas autant de critiques\u00bb, a-t-il dit.","og_url":"https:\/\/kapitalis.com\/tunisie\/2020\/01\/14\/visite-de-ghannouchi-a-istanbul-une-probable-erreur-de-protocoles-qui-ne-merite-pas-autant-de-critiques-selon-abdellatif-mekki\/","og_site_name":"Kapitalis","article_publisher":"https:\/\/www.facebook.com\/KapitalisInfo\/","article_published_time":"2020-01-14T16:09:24+00:00","article_modified_time":"2020-01-14T17:10:53+00:00","og_image":[{"width":1200,"height":630,"url":"https:\/\/kapitalis.com\/tunisie\/wp-content\/uploads\/2022\/05\/kapitalis-logo-fb.png","type":"image\/png"}],"author":"Yusra NY","twitter_card":"summary_large_image","twitter_creator":"@KapitalisInfo","twitter_site":"@KapitalisInfo","twitter_misc":{"\u00c9crit par":"Yusra NY","Dur\u00e9e de lecture estim\u00e9e":"2 minutes"},"schema":{"@context":"https:\/\/schema.org","@graph":[{"@type":"Article","@id":"https:\/\/kapitalis.com\/tunisie\/2020\/01\/14\/visite-de-ghannouchi-a-istanbul-une-probable-erreur-de-protocoles-qui-ne-merite-pas-autant-de-critiques-selon-abdellatif-mekki\/#article","isPartOf":{"@id":"https:\/\/kapitalis.com\/tunisie\/2020\/01\/14\/visite-de-ghannouchi-a-istanbul-une-probable-erreur-de-protocoles-qui-ne-merite-pas-autant-de-critiques-selon-abdellatif-mekki\/"},"author":{"name":"Yusra NY","@id":"https:\/\/kapitalis.com\/tunisie\/#\/schema\/person\/74bbde0154d49d790a92aaeac5bc01d5"},"headline":"Visite de Ghannouchi \u00e0 Istanbul : \u00abUne probable erreur de protocole, qui ne m\u00e9rite pas autant de critiques\u00bb, selon Abdellatif Mekki","datePublished":"2020-01-14T16:09:24+00:00","dateModified":"2020-01-14T17:10:53+00:00","mainEntityOfPage":{"@id":"https:\/\/kapitalis.com\/tunisie\/2020\/01\/14\/visite-de-ghannouchi-a-istanbul-une-probable-erreur-de-protocoles-qui-ne-merite-pas-autant-de-critiques-selon-abdellatif-mekki\/"},"wordCount":386,"commentCount":4,"publisher":{"@id":"https:\/\/kapitalis.com\/tunisie\/#organization"},"image":{"@id":"https:\/\/kapitalis.com\/tunisie\/2020\/01\/14\/visite-de-ghannouchi-a-istanbul-une-probable-erreur-de-protocoles-qui-ne-merite-pas-autant-de-critiques-selon-abdellatif-mekki\/#primaryimage"},"thumbnailUrl":"","keywords":["Abdellatif Mekki","Ennahdha","Istanbul","Libye","Rached Ghannouchi","Recep Tayyip Erdogan","Turquie"],"articleSection":["POLITIQUE","Tunisie"],"inLanguage":"fr-FR","potentialAction":[{"@type":"CommentAction","name":"Comment","target":["https:\/\/kapitalis.com\/tunisie\/2020\/01\/14\/visite-de-ghannouchi-a-istanbul-une-probable-erreur-de-protocoles-qui-ne-merite-pas-autant-de-critiques-selon-abdellatif-mekki\/#respond"]}]},{"@type":"WebPage","@id":"https:\/\/kapitalis.com\/tunisie\/2020\/01\/14\/visite-de-ghannouchi-a-istanbul-une-probable-erreur-de-protocoles-qui-ne-merite-pas-autant-de-critiques-selon-abdellatif-mekki\/","url":"https:\/\/kapitalis.com\/tunisie\/2020\/01\/14\/visite-de-ghannouchi-a-istanbul-une-probable-erreur-de-protocoles-qui-ne-merite-pas-autant-de-critiques-selon-abdellatif-mekki\/","name":"Visite de Ghannouchi \u00e0 Istanbul : \u00abUne probable erreur de protocole, qui ne m\u00e9rite pas autant de critiques\u00bb, selon Abdellatif Mekki - Kapitalis","isPartOf":{"@id":"https:\/\/kapitalis.com\/tunisie\/#website"},"primaryImageOfPage":{"@id":"https:\/\/kapitalis.com\/tunisie\/2020\/01\/14\/visite-de-ghannouchi-a-istanbul-une-probable-erreur-de-protocoles-qui-ne-merite-pas-autant-de-critiques-selon-abdellatif-mekki\/#primaryimage"},"image":{"@id":"https:\/\/kapitalis.com\/tunisie\/2020\/01\/14\/visite-de-ghannouchi-a-istanbul-une-probable-erreur-de-protocoles-qui-ne-merite-pas-autant-de-critiques-selon-abdellatif-mekki\/#primaryimage"},"thumbnailUrl":"","datePublished":"2020-01-14T16:09:24+00:00","dateModified":"2020-01-14T17:10:53+00:00","breadcrumb":{"@id":"https:\/\/kapitalis.com\/tunisie\/2020\/01\/14\/visite-de-ghannouchi-a-istanbul-une-probable-erreur-de-protocoles-qui-ne-merite-pas-autant-de-critiques-selon-abdellatif-mekki\/#breadcrumb"},"inLanguage":"fr-FR","potentialAction":[{"@type":"ReadAction","target":["https:\/\/kapitalis.com\/tunisie\/2020\/01\/14\/visite-de-ghannouchi-a-istanbul-une-probable-erreur-de-protocoles-qui-ne-merite-pas-autant-de-critiques-selon-abdellatif-mekki\/"]}]},{"@type":"ImageObject","inLanguage":"fr-FR","@id":"https:\/\/kapitalis.com\/tunisie\/2020\/01\/14\/visite-de-ghannouchi-a-istanbul-une-probable-erreur-de-protocoles-qui-ne-merite-pas-autant-de-critiques-selon-abdellatif-mekki\/#primaryimage","url":"","contentUrl":""},{"@type":"BreadcrumbList","@id":"https:\/\/kapitalis.com\/tunisie\/2020\/01\/14\/visite-de-ghannouchi-a-istanbul-une-probable-erreur-de-protocoles-qui-ne-merite-pas-autant-de-critiques-selon-abdellatif-mekki\/#breadcrumb","itemListElement":[{"@type":"ListItem","position":1,"name":"Accueil","item":"https:\/\/kapitalis.com\/tunisie\/"},{"@type":"ListItem","position":2,"name":"Visite de Ghannouchi \u00e0 Istanbul : \u00abUne probable erreur de protocole, qui ne m\u00e9rite pas autant de critiques\u00bb, selon Abdellatif Mekki"}]},{"@type":"WebSite","@id":"https:\/\/kapitalis.com\/tunisie\/#website","url":"https:\/\/kapitalis.com\/tunisie\/","name":"Kapitalis","description":"L&#039;actualit\u00e9 en Tunisie et dans le monde","publisher":{"@id":"https:\/\/kapitalis.com\/tunisie\/#organization"},"potentialAction":[{"@type":"SearchAction","target":{"@type":"EntryPoint","urlTemplate":"https:\/\/kapitalis.com\/tunisie\/?s={search_term_string}"},"query-input":{"@type":"PropertyValueSpecification","valueRequired":true,"valueName":"search_term_string"}}],"inLanguage":"fr-FR"},{"@type":"Organization","@id":"https:\/\/kapitalis.com\/tunisie\/#organization","name":"Kapitalis","url":"https:\/\/kapitalis.com\/tunisie\/","logo":{"@type":"ImageObject","inLanguage":"fr-FR","@id":"https:\/\/kapitalis.com\/tunisie\/#\/schema\/logo\/image\/","url":"https:\/\/kapitalis.com\/tunisie\/wp-content\/uploads\/2022\/05\/Kapitalis-big-size.png","contentUrl":"https:\/\/kapitalis.com\/tunisie\/wp-content\/uploads\/2022\/05\/Kapitalis-big-size.png","width":5000,"height":1500,"caption":"Kapitalis"},"image":{"@id":"https:\/\/kapitalis.com\/tunisie\/#\/schema\/logo\/image\/"},"sameAs":["https:\/\/www.facebook.com\/KapitalisInfo\/","https:\/\/x.com\/KapitalisInfo","https:\/\/www.youtube.com\/channel\/UC-yDYrHyfFBWWZaOw3FPg9Q"]},{"@type":"Person","@id":"https:\/\/kapitalis.com\/tunisie\/#\/schema\/person\/74bbde0154d49d790a92aaeac5bc01d5","name":"Yusra NY","url":"https:\/\/kapitalis.com\/tunisie\/author\/yuza_adam\/"}]}},"_links":{"self":[{"href":"https:\/\/kapitalis.com\/tunisie\/wp-json\/wp\/v2\/posts\/272707","targetHints":{"allow":["GET"]}}],"collection":[{"href":"https:\/\/kapitalis.com\/tunisie\/wp-json\/wp\/v2\/posts"}],"about":[{"href":"https:\/\/kapitalis.com\/tunisie\/wp-json\/wp\/v2\/types\/post"}],"author":[{"embeddable":true,"href":"https:\/\/kapitalis.com\/tunisie\/wp-json\/wp\/v2\/users\/6"}],"replies":[{"embeddable":true,"href":"https:\/\/kapitalis.com\/tunisie\/wp-json\/wp\/v2\/comments?post=272707"}],"version-history":[{"count":0,"href":"https:\/\/kapitalis.com\/tunisie\/wp-json\/wp\/v2\/posts\/272707\/revisions"}],"wp:featuredmedia":[{"embeddable":true,"href":"https:\/\/kapitalis.com\/tunisie\/wp-json\/wp\/v2\/media\/272728"}],"wp:attachment":[{"href":"https:\/\/kapitalis.com\/tunisie\/wp-json\/wp\/v2\/media?parent=272707"}],"wp:term":[{"taxonomy":"category","embeddable":true,"href":"https:\/\/kapitalis.com\/tunisie\/wp-json\/wp\/v2\/categories?post=272707"},{"taxonomy":"post_tag","embeddable":true,"href":"https:\/\/kapitalis.com\/tunisie\/wp-json\/wp\/v2\/tags?post=272707"}],"curies":[{"name":"wp","href":"https:\/\/api.w.org\/{rel}","templated":true}]}}