{"id":272753,"date":"2020-01-14T19:20:44","date_gmt":"2020-01-14T18:20:44","guid":{"rendered":"http:\/\/kapitalis.com\/tunisie\/?p=272753"},"modified":"2020-01-15T07:22:40","modified_gmt":"2020-01-15T06:22:40","slug":"fete-du-14-janvier-kais-saied-au-chevet-du-blesse-de-la-revolution-khaled-ben-nejma-video","status":"publish","type":"post","link":"https:\/\/kapitalis.com\/tunisie\/2020\/01\/14\/fete-du-14-janvier-kais-saied-au-chevet-du-blesse-de-la-revolution-khaled-ben-nejma-video\/","title":{"rendered":"F\u00eate du 14-Janvier : Ka\u00efs Sa\u00efed au chevet du bless\u00e9 de la r\u00e9volution, Khaled Ben Nejma (Vid\u00e9o)"},"content":{"rendered":"\n<figure class=\"wp-block-image size-large\"><img decoding=\"async\" src=\"http:\/\/kapitalis.com\/tunisie\/wp-content\/uploads\/2020\/01\/KAis-Saied-Khaled-Ben-Nejma.jpg\" alt=\"\" class=\"wp-image-272756\"\/><\/figure>\n\n\n\n<p><em><strong>A l&rsquo;occasion du 9e anniversaire de la f\u00eate de la r\u00e9volution, le pr\u00e9sident de la r\u00e9publique, Ka\u00efs Sa\u00efed, a rendu visite, aujourd&rsquo;hui, mardi 14 janvier 2020, \u00e0 Khaled Ben Nejma, bless\u00e9 par balles, dont une ayant touch\u00e9 sa moelle \u00e9pini\u00e8re, le 13 janvier 2011, \u00e0 Ras Jebel (Bizerte). Depuis il est parapl\u00e9gique, condamn\u00e9 \u00e0 vivre sur une chaise roulante.<\/strong><\/em><\/p>\n\n\n\n<!--more-->\n\n\n\n<p>Ka\u00efs Sa\u00efed a voulu s&rsquo;enqu\u00e9rir des conditions sanitaires et sociales du bless\u00e9 de la r\u00e9volution, indique un communiqu\u00e9 de la pr\u00e9sidence de la r\u00e9publique, publi\u00e9 cet apr\u00e8s-midi, en ajoutant que la rencontre a \u00e9t\u00e9 l&rsquo;occasion d&rsquo;\u00e9voquer \u00ab<em>la bravoure et le courage de nombreux jeunes tunisiens, et les sacrifices qu&rsquo;ils ont faits pour d\u00e9fendre leur pays<\/em>\u00bb. <\/p>\n\n\n\n<figure class=\"wp-block-gallery columns-2 is-cropped wp-block-gallery-1 is-layout-flex wp-block-gallery-is-layout-flex\"><ul class=\"blocks-gallery-grid\"><li class=\"blocks-gallery-item\"><figure><img decoding=\"async\" src=\"http:\/\/kapitalis.com\/tunisie\/wp-content\/uploads\/2020\/01\/kss-1024x683.jpg\" alt=\"\" data-id=\"272757\" data-full-url=\"http:\/\/kapitalis.com\/tunisie\/wp-content\/uploads\/2020\/01\/kss.jpg\" data-link=\"http:\/\/kapitalis.com\/tunisie\/?attachment_id=272757\" class=\"wp-image-272757\"\/><\/figure><\/li><li class=\"blocks-gallery-item\"><figure><img decoding=\"async\" src=\"http:\/\/kapitalis.com\/tunisie\/wp-content\/uploads\/2020\/01\/kha.jpg\" alt=\"\" data-id=\"272758\" data-full-url=\"http:\/\/kapitalis.com\/tunisie\/wp-content\/uploads\/2020\/01\/kha.jpg\" data-link=\"http:\/\/kapitalis.com\/tunisie\/?attachment_id=272758\" class=\"wp-image-272758\"\/><\/figure><\/li><\/ul><\/figure>\n\n\n\n<p>Le pr\u00e9sident de la r\u00e9publique a soulign\u00e9 l&rsquo;int\u00e9r\u00eat  qu&rsquo;il accorde au suivi des conditions des bless\u00e9s de la r\u00e9volution, et de tous les Tunisiens, lit-on encore dans le communiqu\u00e9.<\/p>\n\n\n\n<p>Rappelons que  Khaled Ben Nejma avait d\u00e9clin\u00e9, en 2015, l&rsquo;invitation de la pr\u00e9sidence \u00e0 une c\u00e9r\u00e9monie en l&rsquo;honneur des bless\u00e9s de la r\u00e9volution, organis\u00e9e au palais de Carthage, \u00e0 l\u2019occasion du 4e anniversaire de la r\u00e9volution.<\/p>\n\n\n\n<figure class=\"wp-block-embed-facebook wp-block-embed is-type-video is-provider-facebook\"><div class=\"wp-block-embed__wrapper\">\nhttps:\/\/www.facebook.com\/Presidence.tn\/videos\/2717983751581102\/?q=Pr%C3%A9sidence%20Tunisie%20%D8%B1%D8%A6%D8%A7%D8%B3%D8%A9%20%D8%A7%D9%84%D8%AC%D9%85%D9%87%D9%88%D8%B1%D9%8A%D8%A9%20%D8%A7%D9%84%D8%AA%D9%88%D9%86%D8%B3%D9%8A%D8%A9\n<\/div><\/figure>\n\n\n\n<p>\u00ab<em>Je ne veux pas \u00eatre d\u00e9cor\u00e9, mais que justice soit faite et que les personnes impliqu\u00e9es dans l\u2019assassinat des martyrs soient jug\u00e9es. Je veux aussi b\u00e9n\u00e9ficier de mon droit de me faire soigner car apr\u00e8s 9 op\u00e9rations, les douleurs n&rsquo;ont pas disparu et je me vois mourir sur cette chaise roulante<\/em>\u00bb, avait-il alors d\u00e9clar\u00e9 aux m\u00e9dias.<\/p>\n\n\n\n<p class=\"has-text-align-right\"><strong>Y. N.<\/strong><\/p>\n","protected":false},"excerpt":{"rendered":"<p>A l&rsquo;occasion du 9e anniversaire de la f\u00eate de la r\u00e9volution, le pr\u00e9sident de la r\u00e9publique, Ka\u00efs Sa\u00efed, a rendu visite, aujourd&rsquo;hui, mardi 14 janvier 2020, \u00e0 Khaled Ben Nejma, bless\u00e9 par balles, dont une ayant touch\u00e9 sa moelle \u00e9pini\u00e8re, le 13 janvier 2011, \u00e0 Ras Jebel (Bizerte). Depuis il est parapl\u00e9gique, condamn\u00e9 \u00e0 vivre&#8230;<\/p>\n","protected":false},"author":6,"featured_media":272756,"comment_status":"open","ping_status":"open","sticky":false,"template":"","format":"standard","meta":{"footnotes":""},"categories":[997,2433,4806],"tags":[148,12235,2645,765,62643],"class_list":["post-272753","post","type-post","status-publish","format-standard","has-post-thumbnail","hentry","category-politique","category-tunisie","category-videos","tag-bizerte","tag-kais-saied","tag-president-de-la-republique","tag-ras-jebel","tag-tunisie"],"yoast_head":"<!-- This site is optimized with the Yoast SEO plugin v26.6 - https:\/\/yoast.com\/wordpress\/plugins\/seo\/ -->\n<title>F\u00eate du 14-Janvier : Ka\u00efs Sa\u00efed au chevet du bless\u00e9 de la r\u00e9volution, Khaled Ben Nejma (Vid\u00e9o) - Kapitalis<\/title>\n<meta name=\"robots\" content=\"index, follow, max-snippet:-1, max-image-preview:large, max-video-preview:-1\" \/>\n<link rel=\"canonical\" href=\"https:\/\/kapitalis.com\/tunisie\/2020\/01\/14\/fete-du-14-janvier-kais-saied-au-chevet-du-blesse-de-la-revolution-khaled-ben-nejma-video\/\" \/>\n<meta property=\"og:locale\" content=\"fr_FR\" \/>\n<meta property=\"og:type\" content=\"article\" \/>\n<meta property=\"og:title\" content=\"F\u00eate du 14-Janvier : Ka\u00efs Sa\u00efed au chevet du bless\u00e9 de la r\u00e9volution, Khaled Ben Nejma (Vid\u00e9o) - Kapitalis\" \/>\n<meta property=\"og:description\" content=\"A l&rsquo;occasion du 9e anniversaire de la f\u00eate de la r\u00e9volution, le pr\u00e9sident de la r\u00e9publique, Ka\u00efs Sa\u00efed, a rendu visite, aujourd&rsquo;hui, mardi 14 janvier 2020, \u00e0 Khaled Ben Nejma, bless\u00e9 par balles, dont une ayant touch\u00e9 sa moelle \u00e9pini\u00e8re, le 13 janvier 2011, \u00e0 Ras Jebel (Bizerte). Depuis il est parapl\u00e9gique, condamn\u00e9 \u00e0 vivre...\" \/>\n<meta property=\"og:url\" content=\"https:\/\/kapitalis.com\/tunisie\/2020\/01\/14\/fete-du-14-janvier-kais-saied-au-chevet-du-blesse-de-la-revolution-khaled-ben-nejma-video\/\" \/>\n<meta property=\"og:site_name\" content=\"Kapitalis\" \/>\n<meta property=\"article:publisher\" content=\"https:\/\/www.facebook.com\/KapitalisInfo\/\" \/>\n<meta property=\"article:published_time\" content=\"2020-01-14T18:20:44+00:00\" \/>\n<meta property=\"article:modified_time\" content=\"2020-01-15T06:22:40+00:00\" \/>\n<meta property=\"og:image\" content=\"https:\/\/kapitalis.com\/tunisie\/wp-content\/uploads\/2022\/05\/kapitalis-logo-fb.png\" \/>\n\t<meta property=\"og:image:width\" content=\"1200\" \/>\n\t<meta property=\"og:image:height\" content=\"630\" \/>\n\t<meta property=\"og:image:type\" content=\"image\/png\" \/>\n<meta name=\"author\" content=\"Yusra NY\" \/>\n<meta name=\"twitter:card\" content=\"summary_large_image\" \/>\n<meta name=\"twitter:creator\" content=\"@KapitalisInfo\" \/>\n<meta name=\"twitter:site\" content=\"@KapitalisInfo\" \/>\n<meta name=\"twitter:label1\" content=\"\u00c9crit par\" \/>\n\t<meta name=\"twitter:data1\" content=\"Yusra NY\" \/>\n\t<meta name=\"twitter:label2\" content=\"Dur\u00e9e de lecture estim\u00e9e\" \/>\n\t<meta name=\"twitter:data2\" content=\"2 minutes\" \/>\n<script type=\"application\/ld+json\" class=\"yoast-schema-graph\">{\"@context\":\"https:\/\/schema.org\",\"@graph\":[{\"@type\":\"Article\",\"@id\":\"https:\/\/kapitalis.com\/tunisie\/2020\/01\/14\/fete-du-14-janvier-kais-saied-au-chevet-du-blesse-de-la-revolution-khaled-ben-nejma-video\/#article\",\"isPartOf\":{\"@id\":\"https:\/\/kapitalis.com\/tunisie\/2020\/01\/14\/fete-du-14-janvier-kais-saied-au-chevet-du-blesse-de-la-revolution-khaled-ben-nejma-video\/\"},\"author\":{\"name\":\"Yusra NY\",\"@id\":\"https:\/\/kapitalis.com\/tunisie\/#\/schema\/person\/74bbde0154d49d790a92aaeac5bc01d5\"},\"headline\":\"F\u00eate du 14-Janvier : Ka\u00efs Sa\u00efed au chevet du bless\u00e9 de la r\u00e9volution, Khaled Ben Nejma (Vid\u00e9o)\",\"datePublished\":\"2020-01-14T18:20:44+00:00\",\"dateModified\":\"2020-01-15T06:22:40+00:00\",\"mainEntityOfPage\":{\"@id\":\"https:\/\/kapitalis.com\/tunisie\/2020\/01\/14\/fete-du-14-janvier-kais-saied-au-chevet-du-blesse-de-la-revolution-khaled-ben-nejma-video\/\"},\"wordCount\":339,\"commentCount\":2,\"publisher\":{\"@id\":\"https:\/\/kapitalis.com\/tunisie\/#organization\"},\"image\":{\"@id\":\"https:\/\/kapitalis.com\/tunisie\/2020\/01\/14\/fete-du-14-janvier-kais-saied-au-chevet-du-blesse-de-la-revolution-khaled-ben-nejma-video\/#primaryimage\"},\"thumbnailUrl\":\"\",\"keywords\":[\"Bizerte\",\"Ka\u00efs Saied\",\"pr\u00e9sident de la r\u00e9publique\",\"Ras Jebel\",\"Tunisie\"],\"articleSection\":[\"POLITIQUE\",\"Tunisie\",\"VIDEOS\"],\"inLanguage\":\"fr-FR\",\"potentialAction\":[{\"@type\":\"CommentAction\",\"name\":\"Comment\",\"target\":[\"https:\/\/kapitalis.com\/tunisie\/2020\/01\/14\/fete-du-14-janvier-kais-saied-au-chevet-du-blesse-de-la-revolution-khaled-ben-nejma-video\/#respond\"]}]},{\"@type\":\"WebPage\",\"@id\":\"https:\/\/kapitalis.com\/tunisie\/2020\/01\/14\/fete-du-14-janvier-kais-saied-au-chevet-du-blesse-de-la-revolution-khaled-ben-nejma-video\/\",\"url\":\"https:\/\/kapitalis.com\/tunisie\/2020\/01\/14\/fete-du-14-janvier-kais-saied-au-chevet-du-blesse-de-la-revolution-khaled-ben-nejma-video\/\",\"name\":\"F\u00eate du 14-Janvier : Ka\u00efs Sa\u00efed au chevet du bless\u00e9 de la r\u00e9volution, Khaled Ben Nejma (Vid\u00e9o) - Kapitalis\",\"isPartOf\":{\"@id\":\"https:\/\/kapitalis.com\/tunisie\/#website\"},\"primaryImageOfPage\":{\"@id\":\"https:\/\/kapitalis.com\/tunisie\/2020\/01\/14\/fete-du-14-janvier-kais-saied-au-chevet-du-blesse-de-la-revolution-khaled-ben-nejma-video\/#primaryimage\"},\"image\":{\"@id\":\"https:\/\/kapitalis.com\/tunisie\/2020\/01\/14\/fete-du-14-janvier-kais-saied-au-chevet-du-blesse-de-la-revolution-khaled-ben-nejma-video\/#primaryimage\"},\"thumbnailUrl\":\"\",\"datePublished\":\"2020-01-14T18:20:44+00:00\",\"dateModified\":\"2020-01-15T06:22:40+00:00\",\"breadcrumb\":{\"@id\":\"https:\/\/kapitalis.com\/tunisie\/2020\/01\/14\/fete-du-14-janvier-kais-saied-au-chevet-du-blesse-de-la-revolution-khaled-ben-nejma-video\/#breadcrumb\"},\"inLanguage\":\"fr-FR\",\"potentialAction\":[{\"@type\":\"ReadAction\",\"target\":[\"https:\/\/kapitalis.com\/tunisie\/2020\/01\/14\/fete-du-14-janvier-kais-saied-au-chevet-du-blesse-de-la-revolution-khaled-ben-nejma-video\/\"]}]},{\"@type\":\"ImageObject\",\"inLanguage\":\"fr-FR\",\"@id\":\"https:\/\/kapitalis.com\/tunisie\/2020\/01\/14\/fete-du-14-janvier-kais-saied-au-chevet-du-blesse-de-la-revolution-khaled-ben-nejma-video\/#primaryimage\",\"url\":\"\",\"contentUrl\":\"\"},{\"@type\":\"BreadcrumbList\",\"@id\":\"https:\/\/kapitalis.com\/tunisie\/2020\/01\/14\/fete-du-14-janvier-kais-saied-au-chevet-du-blesse-de-la-revolution-khaled-ben-nejma-video\/#breadcrumb\",\"itemListElement\":[{\"@type\":\"ListItem\",\"position\":1,\"name\":\"Accueil\",\"item\":\"https:\/\/kapitalis.com\/tunisie\/\"},{\"@type\":\"ListItem\",\"position\":2,\"name\":\"F\u00eate du 14-Janvier : Ka\u00efs Sa\u00efed au chevet du bless\u00e9 de la r\u00e9volution, Khaled Ben Nejma (Vid\u00e9o)\"}]},{\"@type\":\"WebSite\",\"@id\":\"https:\/\/kapitalis.com\/tunisie\/#website\",\"url\":\"https:\/\/kapitalis.com\/tunisie\/\",\"name\":\"Kapitalis\",\"description\":\"L&#039;actualit\u00e9 en Tunisie et dans le monde\",\"publisher\":{\"@id\":\"https:\/\/kapitalis.com\/tunisie\/#organization\"},\"potentialAction\":[{\"@type\":\"SearchAction\",\"target\":{\"@type\":\"EntryPoint\",\"urlTemplate\":\"https:\/\/kapitalis.com\/tunisie\/?s={search_term_string}\"},\"query-input\":{\"@type\":\"PropertyValueSpecification\",\"valueRequired\":true,\"valueName\":\"search_term_string\"}}],\"inLanguage\":\"fr-FR\"},{\"@type\":\"Organization\",\"@id\":\"https:\/\/kapitalis.com\/tunisie\/#organization\",\"name\":\"Kapitalis\",\"url\":\"https:\/\/kapitalis.com\/tunisie\/\",\"logo\":{\"@type\":\"ImageObject\",\"inLanguage\":\"fr-FR\",\"@id\":\"https:\/\/kapitalis.com\/tunisie\/#\/schema\/logo\/image\/\",\"url\":\"https:\/\/kapitalis.com\/tunisie\/wp-content\/uploads\/2022\/05\/Kapitalis-big-size.png\",\"contentUrl\":\"https:\/\/kapitalis.com\/tunisie\/wp-content\/uploads\/2022\/05\/Kapitalis-big-size.png\",\"width\":5000,\"height\":1500,\"caption\":\"Kapitalis\"},\"image\":{\"@id\":\"https:\/\/kapitalis.com\/tunisie\/#\/schema\/logo\/image\/\"},\"sameAs\":[\"https:\/\/www.facebook.com\/KapitalisInfo\/\",\"https:\/\/x.com\/KapitalisInfo\",\"https:\/\/www.youtube.com\/channel\/UC-yDYrHyfFBWWZaOw3FPg9Q\"]},{\"@type\":\"Person\",\"@id\":\"https:\/\/kapitalis.com\/tunisie\/#\/schema\/person\/74bbde0154d49d790a92aaeac5bc01d5\",\"name\":\"Yusra NY\",\"url\":\"https:\/\/kapitalis.com\/tunisie\/author\/yuza_adam\/\"}]}<\/script>\n<!-- \/ Yoast SEO plugin. -->","yoast_head_json":{"title":"F\u00eate du 14-Janvier : Ka\u00efs Sa\u00efed au chevet du bless\u00e9 de la r\u00e9volution, Khaled Ben Nejma (Vid\u00e9o) - Kapitalis","robots":{"index":"index","follow":"follow","max-snippet":"max-snippet:-1","max-image-preview":"max-image-preview:large","max-video-preview":"max-video-preview:-1"},"canonical":"https:\/\/kapitalis.com\/tunisie\/2020\/01\/14\/fete-du-14-janvier-kais-saied-au-chevet-du-blesse-de-la-revolution-khaled-ben-nejma-video\/","og_locale":"fr_FR","og_type":"article","og_title":"F\u00eate du 14-Janvier : Ka\u00efs Sa\u00efed au chevet du bless\u00e9 de la r\u00e9volution, Khaled Ben Nejma (Vid\u00e9o) - Kapitalis","og_description":"A l&rsquo;occasion du 9e anniversaire de la f\u00eate de la r\u00e9volution, le pr\u00e9sident de la r\u00e9publique, Ka\u00efs Sa\u00efed, a rendu visite, aujourd&rsquo;hui, mardi 14 janvier 2020, \u00e0 Khaled Ben Nejma, bless\u00e9 par balles, dont une ayant touch\u00e9 sa moelle \u00e9pini\u00e8re, le 13 janvier 2011, \u00e0 Ras Jebel (Bizerte). Depuis il est parapl\u00e9gique, condamn\u00e9 \u00e0 vivre...","og_url":"https:\/\/kapitalis.com\/tunisie\/2020\/01\/14\/fete-du-14-janvier-kais-saied-au-chevet-du-blesse-de-la-revolution-khaled-ben-nejma-video\/","og_site_name":"Kapitalis","article_publisher":"https:\/\/www.facebook.com\/KapitalisInfo\/","article_published_time":"2020-01-14T18:20:44+00:00","article_modified_time":"2020-01-15T06:22:40+00:00","og_image":[{"width":1200,"height":630,"url":"https:\/\/kapitalis.com\/tunisie\/wp-content\/uploads\/2022\/05\/kapitalis-logo-fb.png","type":"image\/png"}],"author":"Yusra NY","twitter_card":"summary_large_image","twitter_creator":"@KapitalisInfo","twitter_site":"@KapitalisInfo","twitter_misc":{"\u00c9crit par":"Yusra NY","Dur\u00e9e de lecture estim\u00e9e":"2 minutes"},"schema":{"@context":"https:\/\/schema.org","@graph":[{"@type":"Article","@id":"https:\/\/kapitalis.com\/tunisie\/2020\/01\/14\/fete-du-14-janvier-kais-saied-au-chevet-du-blesse-de-la-revolution-khaled-ben-nejma-video\/#article","isPartOf":{"@id":"https:\/\/kapitalis.com\/tunisie\/2020\/01\/14\/fete-du-14-janvier-kais-saied-au-chevet-du-blesse-de-la-revolution-khaled-ben-nejma-video\/"},"author":{"name":"Yusra NY","@id":"https:\/\/kapitalis.com\/tunisie\/#\/schema\/person\/74bbde0154d49d790a92aaeac5bc01d5"},"headline":"F\u00eate du 14-Janvier : Ka\u00efs Sa\u00efed au chevet du bless\u00e9 de la r\u00e9volution, Khaled Ben Nejma (Vid\u00e9o)","datePublished":"2020-01-14T18:20:44+00:00","dateModified":"2020-01-15T06:22:40+00:00","mainEntityOfPage":{"@id":"https:\/\/kapitalis.com\/tunisie\/2020\/01\/14\/fete-du-14-janvier-kais-saied-au-chevet-du-blesse-de-la-revolution-khaled-ben-nejma-video\/"},"wordCount":339,"commentCount":2,"publisher":{"@id":"https:\/\/kapitalis.com\/tunisie\/#organization"},"image":{"@id":"https:\/\/kapitalis.com\/tunisie\/2020\/01\/14\/fete-du-14-janvier-kais-saied-au-chevet-du-blesse-de-la-revolution-khaled-ben-nejma-video\/#primaryimage"},"thumbnailUrl":"","keywords":["Bizerte","Ka\u00efs Saied","pr\u00e9sident de la r\u00e9publique","Ras Jebel","Tunisie"],"articleSection":["POLITIQUE","Tunisie","VIDEOS"],"inLanguage":"fr-FR","potentialAction":[{"@type":"CommentAction","name":"Comment","target":["https:\/\/kapitalis.com\/tunisie\/2020\/01\/14\/fete-du-14-janvier-kais-saied-au-chevet-du-blesse-de-la-revolution-khaled-ben-nejma-video\/#respond"]}]},{"@type":"WebPage","@id":"https:\/\/kapitalis.com\/tunisie\/2020\/01\/14\/fete-du-14-janvier-kais-saied-au-chevet-du-blesse-de-la-revolution-khaled-ben-nejma-video\/","url":"https:\/\/kapitalis.com\/tunisie\/2020\/01\/14\/fete-du-14-janvier-kais-saied-au-chevet-du-blesse-de-la-revolution-khaled-ben-nejma-video\/","name":"F\u00eate du 14-Janvier : Ka\u00efs Sa\u00efed au chevet du bless\u00e9 de la r\u00e9volution, Khaled Ben Nejma (Vid\u00e9o) - Kapitalis","isPartOf":{"@id":"https:\/\/kapitalis.com\/tunisie\/#website"},"primaryImageOfPage":{"@id":"https:\/\/kapitalis.com\/tunisie\/2020\/01\/14\/fete-du-14-janvier-kais-saied-au-chevet-du-blesse-de-la-revolution-khaled-ben-nejma-video\/#primaryimage"},"image":{"@id":"https:\/\/kapitalis.com\/tunisie\/2020\/01\/14\/fete-du-14-janvier-kais-saied-au-chevet-du-blesse-de-la-revolution-khaled-ben-nejma-video\/#primaryimage"},"thumbnailUrl":"","datePublished":"2020-01-14T18:20:44+00:00","dateModified":"2020-01-15T06:22:40+00:00","breadcrumb":{"@id":"https:\/\/kapitalis.com\/tunisie\/2020\/01\/14\/fete-du-14-janvier-kais-saied-au-chevet-du-blesse-de-la-revolution-khaled-ben-nejma-video\/#breadcrumb"},"inLanguage":"fr-FR","potentialAction":[{"@type":"ReadAction","target":["https:\/\/kapitalis.com\/tunisie\/2020\/01\/14\/fete-du-14-janvier-kais-saied-au-chevet-du-blesse-de-la-revolution-khaled-ben-nejma-video\/"]}]},{"@type":"ImageObject","inLanguage":"fr-FR","@id":"https:\/\/kapitalis.com\/tunisie\/2020\/01\/14\/fete-du-14-janvier-kais-saied-au-chevet-du-blesse-de-la-revolution-khaled-ben-nejma-video\/#primaryimage","url":"","contentUrl":""},{"@type":"BreadcrumbList","@id":"https:\/\/kapitalis.com\/tunisie\/2020\/01\/14\/fete-du-14-janvier-kais-saied-au-chevet-du-blesse-de-la-revolution-khaled-ben-nejma-video\/#breadcrumb","itemListElement":[{"@type":"ListItem","position":1,"name":"Accueil","item":"https:\/\/kapitalis.com\/tunisie\/"},{"@type":"ListItem","position":2,"name":"F\u00eate du 14-Janvier : Ka\u00efs Sa\u00efed au chevet du bless\u00e9 de la r\u00e9volution, Khaled Ben Nejma (Vid\u00e9o)"}]},{"@type":"WebSite","@id":"https:\/\/kapitalis.com\/tunisie\/#website","url":"https:\/\/kapitalis.com\/tunisie\/","name":"Kapitalis","description":"L&#039;actualit\u00e9 en Tunisie et dans le monde","publisher":{"@id":"https:\/\/kapitalis.com\/tunisie\/#organization"},"potentialAction":[{"@type":"SearchAction","target":{"@type":"EntryPoint","urlTemplate":"https:\/\/kapitalis.com\/tunisie\/?s={search_term_string}"},"query-input":{"@type":"PropertyValueSpecification","valueRequired":true,"valueName":"search_term_string"}}],"inLanguage":"fr-FR"},{"@type":"Organization","@id":"https:\/\/kapitalis.com\/tunisie\/#organization","name":"Kapitalis","url":"https:\/\/kapitalis.com\/tunisie\/","logo":{"@type":"ImageObject","inLanguage":"fr-FR","@id":"https:\/\/kapitalis.com\/tunisie\/#\/schema\/logo\/image\/","url":"https:\/\/kapitalis.com\/tunisie\/wp-content\/uploads\/2022\/05\/Kapitalis-big-size.png","contentUrl":"https:\/\/kapitalis.com\/tunisie\/wp-content\/uploads\/2022\/05\/Kapitalis-big-size.png","width":5000,"height":1500,"caption":"Kapitalis"},"image":{"@id":"https:\/\/kapitalis.com\/tunisie\/#\/schema\/logo\/image\/"},"sameAs":["https:\/\/www.facebook.com\/KapitalisInfo\/","https:\/\/x.com\/KapitalisInfo","https:\/\/www.youtube.com\/channel\/UC-yDYrHyfFBWWZaOw3FPg9Q"]},{"@type":"Person","@id":"https:\/\/kapitalis.com\/tunisie\/#\/schema\/person\/74bbde0154d49d790a92aaeac5bc01d5","name":"Yusra NY","url":"https:\/\/kapitalis.com\/tunisie\/author\/yuza_adam\/"}]}},"_links":{"self":[{"href":"https:\/\/kapitalis.com\/tunisie\/wp-json\/wp\/v2\/posts\/272753","targetHints":{"allow":["GET"]}}],"collection":[{"href":"https:\/\/kapitalis.com\/tunisie\/wp-json\/wp\/v2\/posts"}],"about":[{"href":"https:\/\/kapitalis.com\/tunisie\/wp-json\/wp\/v2\/types\/post"}],"author":[{"embeddable":true,"href":"https:\/\/kapitalis.com\/tunisie\/wp-json\/wp\/v2\/users\/6"}],"replies":[{"embeddable":true,"href":"https:\/\/kapitalis.com\/tunisie\/wp-json\/wp\/v2\/comments?post=272753"}],"version-history":[{"count":0,"href":"https:\/\/kapitalis.com\/tunisie\/wp-json\/wp\/v2\/posts\/272753\/revisions"}],"wp:featuredmedia":[{"embeddable":true,"href":"https:\/\/kapitalis.com\/tunisie\/wp-json\/wp\/v2\/media\/272756"}],"wp:attachment":[{"href":"https:\/\/kapitalis.com\/tunisie\/wp-json\/wp\/v2\/media?parent=272753"}],"wp:term":[{"taxonomy":"category","embeddable":true,"href":"https:\/\/kapitalis.com\/tunisie\/wp-json\/wp\/v2\/categories?post=272753"},{"taxonomy":"post_tag","embeddable":true,"href":"https:\/\/kapitalis.com\/tunisie\/wp-json\/wp\/v2\/tags?post=272753"}],"curies":[{"name":"wp","href":"https:\/\/api.w.org\/{rel}","templated":true}]}}