{"id":272815,"date":"2020-01-15T10:15:10","date_gmt":"2020-01-15T09:15:10","guid":{"rendered":"http:\/\/kapitalis.com\/tunisie\/?p=272815"},"modified":"2020-01-15T10:22:55","modified_gmt":"2020-01-15T09:22:55","slug":"des-avions-legers-bientot-fabriques-en-tunisie","status":"publish","type":"post","link":"https:\/\/kapitalis.com\/tunisie\/2020\/01\/15\/des-avions-legers-bientot-fabriques-en-tunisie\/","title":{"rendered":"Des avions l\u00e9gers bient\u00f4t fabriqu\u00e9s en Tunisie"},"content":{"rendered":"\n<figure class=\"wp-block-image size-large\"><img decoding=\"async\" src=\"http:\/\/kapitalis.com\/tunisie\/wp-content\/uploads\/2020\/01\/Avionav.jpg\" alt=\"\" class=\"wp-image-272852\"\/><\/figure>\n\n\n\n<p><em><strong>Selon Fouad Kamel, directeur de la soci\u00e9t\u00e9 tunisienne Avionav, cit\u00e9 par l&rsquo;agence Tap, son entreprise va bient\u00f4t fabriquer 2 mod\u00e8les d&rsquo;avions l\u00e9gers 100% <\/strong><\/em><strong>made in Tunisia<\/strong><em><strong> (vid\u00e9o).<\/strong><\/em><\/p>\n\n\n\n<!--more-->\n\n\n\n<p>Avionav est une entreprise tunisienne de construction d\u2019avions l\u00e9gers de 2 \u00e0 4 places, bas\u00e9e \u00e0 Borjine, dans le gouvernorat de Sousse. Ses ateliers sont sp\u00e9cialis\u00e9s en composite de haute performance, en t\u00f4lerie fine et industrielle, usinage de pr\u00e9cision, peinture et montage.  <\/p>\n\n\n\n<figure class=\"wp-block-embed-youtube wp-block-embed is-type-video is-provider-youtube wp-embed-aspect-16-9 wp-has-aspect-ratio\"><div class=\"wp-block-embed__wrapper\">\n<iframe loading=\"lazy\" title=\"AVIONAV a Tunisian Aircraft Manufacturer\" width=\"1160\" height=\"653\" src=\"https:\/\/www.youtube.com\/embed\/97gQqY3ahqg?feature=oembed\" frameborder=\"0\" allow=\"accelerometer; autoplay; clipboard-write; encrypted-media; gyroscope; picture-in-picture\" allowfullscreen><\/iframe>\n<\/div><\/figure>\n\n\n\n<p>D\u00e9j\u00e0 en 2016, la soci\u00e9t\u00e9 Avionav \u00e9tait entr\u00e9e en partenariat avec Evada Aircraft S.A., dans le prototypage de <em>Evasda A4<\/em>, un a\u00e9ronef amphibie de 4 places.  <\/p>\n\n\n\n<figure class=\"wp-block-embed-youtube wp-block-embed is-type-video is-provider-youtube wp-embed-aspect-16-9 wp-has-aspect-ratio\"><div class=\"wp-block-embed__wrapper\">\n<iframe loading=\"lazy\" title=\"\u0627\u0648\u0644 \u0637\u0627\u0626\u0631\u0629 \u062a\u0648\u0646\u0633\u064a\u0629 \u0630\u0627\u062a \u0627\u0631\u0628\u0639 \u0645\u0642\u0627\u0639\u062f EVADA\" width=\"1160\" height=\"653\" src=\"https:\/\/www.youtube.com\/embed\/GKO-s90xgOw?feature=oembed\" frameborder=\"0\" allow=\"accelerometer; autoplay; clipboard-write; encrypted-media; gyroscope; picture-in-picture\" allowfullscreen><\/iframe>\n<\/div><\/figure>\n\n\n\n<p>En 2020, Avionav\u00a0a pr\u00e9vu d&rsquo;\u00e9largir son unit\u00e9 par l\u2019extension de ses ateliers de production. Des Su\u00e9dois auraient \u00e9galement manifest\u00e9 leur int\u00e9r\u00eat pour construire \u00e0\u00a0Borjine\u00a0des mod\u00e8les d\u2019avions l\u00e9gers de 6 et \u00e0 12 places.<\/p>\n\n\n\n<p>De m\u00eame, \u00e0 l&rsquo;horizon 2026, la soci\u00e9t\u00e9 pr\u00e9voit aussi d&rsquo;augmenter son personnel \u00e0&nbsp;140 ing\u00e9nieurs et techniciens, et d&rsquo;atteindre une capacit\u00e9 de production de&nbsp;80 avions l\u00e9gers annuellement. <\/p>\n\n\n\n<p class=\"has-text-align-right\"><strong>A. M.<\/strong><\/p>\n\n\n\n<figure class=\"wp-block-embed-wordpress wp-block-embed is-type-wp-embed is-provider-kapitalis\"><div class=\"wp-block-embed__wrapper\">\n<blockquote class=\"wp-embedded-content\" data-secret=\"CoUf5RHUmU\"><a href=\"https:\/\/kapitalis.com\/tunisie\/2016\/07\/07\/evada-un-aeronef-amphibie-4-places-tunisien-sur-le-marche-fin-2016\/\">Evada, un a\u00e9ronef amphibie 4 places tunisien, sur le march\u00e9 fin 2016<\/a><\/blockquote><iframe loading=\"lazy\" class=\"wp-embedded-content\" sandbox=\"allow-scripts\" security=\"restricted\" style=\"position: absolute; clip: rect(1px, 1px, 1px, 1px);\" title=\"\u00ab\u00a0Evada, un a\u00e9ronef amphibie 4 places tunisien, sur le march\u00e9 fin 2016\u00a0\u00bb &#8212; Kapitalis\" src=\"https:\/\/kapitalis.com\/tunisie\/2016\/07\/07\/evada-un-aeronef-amphibie-4-places-tunisien-sur-le-marche-fin-2016\/embed\/#?secret=1MgL67c3t3#?secret=CoUf5RHUmU\" data-secret=\"CoUf5RHUmU\" width=\"600\" height=\"338\" frameborder=\"0\" marginwidth=\"0\" marginheight=\"0\" scrolling=\"no\"><\/iframe>\n<\/div><\/figure>\n","protected":false},"excerpt":{"rendered":"<p>Selon Fouad Kamel, directeur de la soci\u00e9t\u00e9 tunisienne Avionav, cit\u00e9 par l&rsquo;agence Tap, son entreprise va bient\u00f4t fabriquer 2 mod\u00e8les d&rsquo;avions l\u00e9gers 100% made in Tunisia (vid\u00e9o).<\/p>\n","protected":false},"author":22,"featured_media":272852,"comment_status":"open","ping_status":"open","sticky":false,"template":"","format":"standard","meta":{"footnotes":""},"categories":[995,2433,4806],"tags":[356,4278,854],"class_list":["post-272815","post","type-post","status-publish","format-standard","has-post-thumbnail","hentry","category-economie","category-tunisie","category-videos","tag-europe","tag-moyen-orient","tag-sousse"],"yoast_head":"<!-- This site is optimized with the Yoast SEO plugin v26.6 - https:\/\/yoast.com\/wordpress\/plugins\/seo\/ -->\n<title>Des avions l\u00e9gers bient\u00f4t fabriqu\u00e9s en Tunisie - Kapitalis<\/title>\n<meta name=\"robots\" content=\"index, follow, max-snippet:-1, max-image-preview:large, max-video-preview:-1\" \/>\n<link rel=\"canonical\" href=\"https:\/\/kapitalis.com\/tunisie\/2020\/01\/15\/des-avions-legers-bientot-fabriques-en-tunisie\/\" \/>\n<meta property=\"og:locale\" content=\"fr_FR\" \/>\n<meta property=\"og:type\" content=\"article\" \/>\n<meta property=\"og:title\" content=\"Des avions l\u00e9gers bient\u00f4t fabriqu\u00e9s en Tunisie - Kapitalis\" \/>\n<meta property=\"og:description\" content=\"Selon Fouad Kamel, directeur de la soci\u00e9t\u00e9 tunisienne Avionav, cit\u00e9 par l&rsquo;agence Tap, son entreprise va bient\u00f4t fabriquer 2 mod\u00e8les d&rsquo;avions l\u00e9gers 100% made in Tunisia (vid\u00e9o).\" \/>\n<meta property=\"og:url\" content=\"https:\/\/kapitalis.com\/tunisie\/2020\/01\/15\/des-avions-legers-bientot-fabriques-en-tunisie\/\" \/>\n<meta property=\"og:site_name\" content=\"Kapitalis\" \/>\n<meta property=\"article:publisher\" content=\"https:\/\/www.facebook.com\/KapitalisInfo\/\" \/>\n<meta property=\"article:published_time\" content=\"2020-01-15T09:15:10+00:00\" \/>\n<meta property=\"article:modified_time\" content=\"2020-01-15T09:22:55+00:00\" \/>\n<meta property=\"og:image\" content=\"https:\/\/kapitalis.com\/tunisie\/wp-content\/uploads\/2022\/05\/kapitalis-logo-fb.png\" \/>\n\t<meta property=\"og:image:width\" content=\"1200\" \/>\n\t<meta property=\"og:image:height\" content=\"630\" \/>\n\t<meta property=\"og:image:type\" content=\"image\/png\" \/>\n<meta name=\"author\" content=\"Amina Mkada\" \/>\n<meta name=\"twitter:card\" content=\"summary_large_image\" \/>\n<meta name=\"twitter:creator\" content=\"@KapitalisInfo\" \/>\n<meta name=\"twitter:site\" content=\"@KapitalisInfo\" \/>\n<meta name=\"twitter:label1\" content=\"\u00c9crit par\" \/>\n\t<meta name=\"twitter:data1\" content=\"Amina Mkada\" \/>\n\t<meta name=\"twitter:label2\" content=\"Dur\u00e9e de lecture estim\u00e9e\" \/>\n\t<meta name=\"twitter:data2\" content=\"1 minute\" \/>\n<script type=\"application\/ld+json\" class=\"yoast-schema-graph\">{\"@context\":\"https:\/\/schema.org\",\"@graph\":[{\"@type\":\"Article\",\"@id\":\"https:\/\/kapitalis.com\/tunisie\/2020\/01\/15\/des-avions-legers-bientot-fabriques-en-tunisie\/#article\",\"isPartOf\":{\"@id\":\"https:\/\/kapitalis.com\/tunisie\/2020\/01\/15\/des-avions-legers-bientot-fabriques-en-tunisie\/\"},\"author\":{\"name\":\"Amina Mkada\",\"@id\":\"https:\/\/kapitalis.com\/tunisie\/#\/schema\/person\/093913313d3017554cb3ad077fff3fbd\"},\"headline\":\"Des avions l\u00e9gers bient\u00f4t fabriqu\u00e9s en Tunisie\",\"datePublished\":\"2020-01-15T09:15:10+00:00\",\"dateModified\":\"2020-01-15T09:22:55+00:00\",\"mainEntityOfPage\":{\"@id\":\"https:\/\/kapitalis.com\/tunisie\/2020\/01\/15\/des-avions-legers-bientot-fabriques-en-tunisie\/\"},\"wordCount\":208,\"commentCount\":4,\"publisher\":{\"@id\":\"https:\/\/kapitalis.com\/tunisie\/#organization\"},\"image\":{\"@id\":\"https:\/\/kapitalis.com\/tunisie\/2020\/01\/15\/des-avions-legers-bientot-fabriques-en-tunisie\/#primaryimage\"},\"thumbnailUrl\":\"\",\"keywords\":[\"Europe\",\"Moyen Orient\",\"Sousse\"],\"articleSection\":[\"ECONOMIE\",\"Tunisie\",\"VIDEOS\"],\"inLanguage\":\"fr-FR\",\"potentialAction\":[{\"@type\":\"CommentAction\",\"name\":\"Comment\",\"target\":[\"https:\/\/kapitalis.com\/tunisie\/2020\/01\/15\/des-avions-legers-bientot-fabriques-en-tunisie\/#respond\"]}]},{\"@type\":\"WebPage\",\"@id\":\"https:\/\/kapitalis.com\/tunisie\/2020\/01\/15\/des-avions-legers-bientot-fabriques-en-tunisie\/\",\"url\":\"https:\/\/kapitalis.com\/tunisie\/2020\/01\/15\/des-avions-legers-bientot-fabriques-en-tunisie\/\",\"name\":\"Des avions l\u00e9gers bient\u00f4t fabriqu\u00e9s en Tunisie - Kapitalis\",\"isPartOf\":{\"@id\":\"https:\/\/kapitalis.com\/tunisie\/#website\"},\"primaryImageOfPage\":{\"@id\":\"https:\/\/kapitalis.com\/tunisie\/2020\/01\/15\/des-avions-legers-bientot-fabriques-en-tunisie\/#primaryimage\"},\"image\":{\"@id\":\"https:\/\/kapitalis.com\/tunisie\/2020\/01\/15\/des-avions-legers-bientot-fabriques-en-tunisie\/#primaryimage\"},\"thumbnailUrl\":\"\",\"datePublished\":\"2020-01-15T09:15:10+00:00\",\"dateModified\":\"2020-01-15T09:22:55+00:00\",\"breadcrumb\":{\"@id\":\"https:\/\/kapitalis.com\/tunisie\/2020\/01\/15\/des-avions-legers-bientot-fabriques-en-tunisie\/#breadcrumb\"},\"inLanguage\":\"fr-FR\",\"potentialAction\":[{\"@type\":\"ReadAction\",\"target\":[\"https:\/\/kapitalis.com\/tunisie\/2020\/01\/15\/des-avions-legers-bientot-fabriques-en-tunisie\/\"]}]},{\"@type\":\"ImageObject\",\"inLanguage\":\"fr-FR\",\"@id\":\"https:\/\/kapitalis.com\/tunisie\/2020\/01\/15\/des-avions-legers-bientot-fabriques-en-tunisie\/#primaryimage\",\"url\":\"\",\"contentUrl\":\"\"},{\"@type\":\"BreadcrumbList\",\"@id\":\"https:\/\/kapitalis.com\/tunisie\/2020\/01\/15\/des-avions-legers-bientot-fabriques-en-tunisie\/#breadcrumb\",\"itemListElement\":[{\"@type\":\"ListItem\",\"position\":1,\"name\":\"Accueil\",\"item\":\"https:\/\/kapitalis.com\/tunisie\/\"},{\"@type\":\"ListItem\",\"position\":2,\"name\":\"Des avions l\u00e9gers bient\u00f4t fabriqu\u00e9s en Tunisie\"}]},{\"@type\":\"WebSite\",\"@id\":\"https:\/\/kapitalis.com\/tunisie\/#website\",\"url\":\"https:\/\/kapitalis.com\/tunisie\/\",\"name\":\"Kapitalis\",\"description\":\"L&#039;actualit\u00e9 en Tunisie et dans le monde\",\"publisher\":{\"@id\":\"https:\/\/kapitalis.com\/tunisie\/#organization\"},\"potentialAction\":[{\"@type\":\"SearchAction\",\"target\":{\"@type\":\"EntryPoint\",\"urlTemplate\":\"https:\/\/kapitalis.com\/tunisie\/?s={search_term_string}\"},\"query-input\":{\"@type\":\"PropertyValueSpecification\",\"valueRequired\":true,\"valueName\":\"search_term_string\"}}],\"inLanguage\":\"fr-FR\"},{\"@type\":\"Organization\",\"@id\":\"https:\/\/kapitalis.com\/tunisie\/#organization\",\"name\":\"Kapitalis\",\"url\":\"https:\/\/kapitalis.com\/tunisie\/\",\"logo\":{\"@type\":\"ImageObject\",\"inLanguage\":\"fr-FR\",\"@id\":\"https:\/\/kapitalis.com\/tunisie\/#\/schema\/logo\/image\/\",\"url\":\"https:\/\/kapitalis.com\/tunisie\/wp-content\/uploads\/2022\/05\/Kapitalis-big-size.png\",\"contentUrl\":\"https:\/\/kapitalis.com\/tunisie\/wp-content\/uploads\/2022\/05\/Kapitalis-big-size.png\",\"width\":5000,\"height\":1500,\"caption\":\"Kapitalis\"},\"image\":{\"@id\":\"https:\/\/kapitalis.com\/tunisie\/#\/schema\/logo\/image\/\"},\"sameAs\":[\"https:\/\/www.facebook.com\/KapitalisInfo\/\",\"https:\/\/x.com\/KapitalisInfo\",\"https:\/\/www.youtube.com\/channel\/UC-yDYrHyfFBWWZaOw3FPg9Q\"]},{\"@type\":\"Person\",\"@id\":\"https:\/\/kapitalis.com\/tunisie\/#\/schema\/person\/093913313d3017554cb3ad077fff3fbd\",\"name\":\"Amina Mkada\",\"url\":\"https:\/\/kapitalis.com\/tunisie\/author\/amina\/\"}]}<\/script>\n<!-- \/ Yoast SEO plugin. -->","yoast_head_json":{"title":"Des avions l\u00e9gers bient\u00f4t fabriqu\u00e9s en Tunisie - Kapitalis","robots":{"index":"index","follow":"follow","max-snippet":"max-snippet:-1","max-image-preview":"max-image-preview:large","max-video-preview":"max-video-preview:-1"},"canonical":"https:\/\/kapitalis.com\/tunisie\/2020\/01\/15\/des-avions-legers-bientot-fabriques-en-tunisie\/","og_locale":"fr_FR","og_type":"article","og_title":"Des avions l\u00e9gers bient\u00f4t fabriqu\u00e9s en Tunisie - Kapitalis","og_description":"Selon Fouad Kamel, directeur de la soci\u00e9t\u00e9 tunisienne Avionav, cit\u00e9 par l&rsquo;agence Tap, son entreprise va bient\u00f4t fabriquer 2 mod\u00e8les d&rsquo;avions l\u00e9gers 100% made in Tunisia (vid\u00e9o).","og_url":"https:\/\/kapitalis.com\/tunisie\/2020\/01\/15\/des-avions-legers-bientot-fabriques-en-tunisie\/","og_site_name":"Kapitalis","article_publisher":"https:\/\/www.facebook.com\/KapitalisInfo\/","article_published_time":"2020-01-15T09:15:10+00:00","article_modified_time":"2020-01-15T09:22:55+00:00","og_image":[{"width":1200,"height":630,"url":"https:\/\/kapitalis.com\/tunisie\/wp-content\/uploads\/2022\/05\/kapitalis-logo-fb.png","type":"image\/png"}],"author":"Amina Mkada","twitter_card":"summary_large_image","twitter_creator":"@KapitalisInfo","twitter_site":"@KapitalisInfo","twitter_misc":{"\u00c9crit par":"Amina Mkada","Dur\u00e9e de lecture estim\u00e9e":"1 minute"},"schema":{"@context":"https:\/\/schema.org","@graph":[{"@type":"Article","@id":"https:\/\/kapitalis.com\/tunisie\/2020\/01\/15\/des-avions-legers-bientot-fabriques-en-tunisie\/#article","isPartOf":{"@id":"https:\/\/kapitalis.com\/tunisie\/2020\/01\/15\/des-avions-legers-bientot-fabriques-en-tunisie\/"},"author":{"name":"Amina Mkada","@id":"https:\/\/kapitalis.com\/tunisie\/#\/schema\/person\/093913313d3017554cb3ad077fff3fbd"},"headline":"Des avions l\u00e9gers bient\u00f4t fabriqu\u00e9s en Tunisie","datePublished":"2020-01-15T09:15:10+00:00","dateModified":"2020-01-15T09:22:55+00:00","mainEntityOfPage":{"@id":"https:\/\/kapitalis.com\/tunisie\/2020\/01\/15\/des-avions-legers-bientot-fabriques-en-tunisie\/"},"wordCount":208,"commentCount":4,"publisher":{"@id":"https:\/\/kapitalis.com\/tunisie\/#organization"},"image":{"@id":"https:\/\/kapitalis.com\/tunisie\/2020\/01\/15\/des-avions-legers-bientot-fabriques-en-tunisie\/#primaryimage"},"thumbnailUrl":"","keywords":["Europe","Moyen Orient","Sousse"],"articleSection":["ECONOMIE","Tunisie","VIDEOS"],"inLanguage":"fr-FR","potentialAction":[{"@type":"CommentAction","name":"Comment","target":["https:\/\/kapitalis.com\/tunisie\/2020\/01\/15\/des-avions-legers-bientot-fabriques-en-tunisie\/#respond"]}]},{"@type":"WebPage","@id":"https:\/\/kapitalis.com\/tunisie\/2020\/01\/15\/des-avions-legers-bientot-fabriques-en-tunisie\/","url":"https:\/\/kapitalis.com\/tunisie\/2020\/01\/15\/des-avions-legers-bientot-fabriques-en-tunisie\/","name":"Des avions l\u00e9gers bient\u00f4t fabriqu\u00e9s en Tunisie - Kapitalis","isPartOf":{"@id":"https:\/\/kapitalis.com\/tunisie\/#website"},"primaryImageOfPage":{"@id":"https:\/\/kapitalis.com\/tunisie\/2020\/01\/15\/des-avions-legers-bientot-fabriques-en-tunisie\/#primaryimage"},"image":{"@id":"https:\/\/kapitalis.com\/tunisie\/2020\/01\/15\/des-avions-legers-bientot-fabriques-en-tunisie\/#primaryimage"},"thumbnailUrl":"","datePublished":"2020-01-15T09:15:10+00:00","dateModified":"2020-01-15T09:22:55+00:00","breadcrumb":{"@id":"https:\/\/kapitalis.com\/tunisie\/2020\/01\/15\/des-avions-legers-bientot-fabriques-en-tunisie\/#breadcrumb"},"inLanguage":"fr-FR","potentialAction":[{"@type":"ReadAction","target":["https:\/\/kapitalis.com\/tunisie\/2020\/01\/15\/des-avions-legers-bientot-fabriques-en-tunisie\/"]}]},{"@type":"ImageObject","inLanguage":"fr-FR","@id":"https:\/\/kapitalis.com\/tunisie\/2020\/01\/15\/des-avions-legers-bientot-fabriques-en-tunisie\/#primaryimage","url":"","contentUrl":""},{"@type":"BreadcrumbList","@id":"https:\/\/kapitalis.com\/tunisie\/2020\/01\/15\/des-avions-legers-bientot-fabriques-en-tunisie\/#breadcrumb","itemListElement":[{"@type":"ListItem","position":1,"name":"Accueil","item":"https:\/\/kapitalis.com\/tunisie\/"},{"@type":"ListItem","position":2,"name":"Des avions l\u00e9gers bient\u00f4t fabriqu\u00e9s en Tunisie"}]},{"@type":"WebSite","@id":"https:\/\/kapitalis.com\/tunisie\/#website","url":"https:\/\/kapitalis.com\/tunisie\/","name":"Kapitalis","description":"L&#039;actualit\u00e9 en Tunisie et dans le monde","publisher":{"@id":"https:\/\/kapitalis.com\/tunisie\/#organization"},"potentialAction":[{"@type":"SearchAction","target":{"@type":"EntryPoint","urlTemplate":"https:\/\/kapitalis.com\/tunisie\/?s={search_term_string}"},"query-input":{"@type":"PropertyValueSpecification","valueRequired":true,"valueName":"search_term_string"}}],"inLanguage":"fr-FR"},{"@type":"Organization","@id":"https:\/\/kapitalis.com\/tunisie\/#organization","name":"Kapitalis","url":"https:\/\/kapitalis.com\/tunisie\/","logo":{"@type":"ImageObject","inLanguage":"fr-FR","@id":"https:\/\/kapitalis.com\/tunisie\/#\/schema\/logo\/image\/","url":"https:\/\/kapitalis.com\/tunisie\/wp-content\/uploads\/2022\/05\/Kapitalis-big-size.png","contentUrl":"https:\/\/kapitalis.com\/tunisie\/wp-content\/uploads\/2022\/05\/Kapitalis-big-size.png","width":5000,"height":1500,"caption":"Kapitalis"},"image":{"@id":"https:\/\/kapitalis.com\/tunisie\/#\/schema\/logo\/image\/"},"sameAs":["https:\/\/www.facebook.com\/KapitalisInfo\/","https:\/\/x.com\/KapitalisInfo","https:\/\/www.youtube.com\/channel\/UC-yDYrHyfFBWWZaOw3FPg9Q"]},{"@type":"Person","@id":"https:\/\/kapitalis.com\/tunisie\/#\/schema\/person\/093913313d3017554cb3ad077fff3fbd","name":"Amina Mkada","url":"https:\/\/kapitalis.com\/tunisie\/author\/amina\/"}]}},"_links":{"self":[{"href":"https:\/\/kapitalis.com\/tunisie\/wp-json\/wp\/v2\/posts\/272815","targetHints":{"allow":["GET"]}}],"collection":[{"href":"https:\/\/kapitalis.com\/tunisie\/wp-json\/wp\/v2\/posts"}],"about":[{"href":"https:\/\/kapitalis.com\/tunisie\/wp-json\/wp\/v2\/types\/post"}],"author":[{"embeddable":true,"href":"https:\/\/kapitalis.com\/tunisie\/wp-json\/wp\/v2\/users\/22"}],"replies":[{"embeddable":true,"href":"https:\/\/kapitalis.com\/tunisie\/wp-json\/wp\/v2\/comments?post=272815"}],"version-history":[{"count":0,"href":"https:\/\/kapitalis.com\/tunisie\/wp-json\/wp\/v2\/posts\/272815\/revisions"}],"wp:featuredmedia":[{"embeddable":true,"href":"https:\/\/kapitalis.com\/tunisie\/wp-json\/wp\/v2\/media\/272852"}],"wp:attachment":[{"href":"https:\/\/kapitalis.com\/tunisie\/wp-json\/wp\/v2\/media?parent=272815"}],"wp:term":[{"taxonomy":"category","embeddable":true,"href":"https:\/\/kapitalis.com\/tunisie\/wp-json\/wp\/v2\/categories?post=272815"},{"taxonomy":"post_tag","embeddable":true,"href":"https:\/\/kapitalis.com\/tunisie\/wp-json\/wp\/v2\/tags?post=272815"}],"curies":[{"name":"wp","href":"https:\/\/api.w.org\/{rel}","templated":true}]}}