{"id":272841,"date":"2020-01-15T10:07:05","date_gmt":"2020-01-15T09:07:05","guid":{"rendered":"http:\/\/kapitalis.com\/tunisie\/?p=272841"},"modified":"2020-01-15T10:08:02","modified_gmt":"2020-01-15T09:08:02","slug":"commerce-le-souk-ter-fer-de-msaken-objet-de-convoitises","status":"publish","type":"post","link":"https:\/\/kapitalis.com\/tunisie\/2020\/01\/15\/commerce-le-souk-ter-fer-de-msaken-objet-de-convoitises\/","title":{"rendered":"Commerce : Le souk  \u00abTer fer\u00bb  de M\u2019saken, objet de convoitises !"},"content":{"rendered":"\n<figure class=\"wp-block-image size-large\"><img decoding=\"async\" src=\"http:\/\/kapitalis.com\/tunisie\/wp-content\/uploads\/2020\/01\/Souk-Ter-fer-Msaken.jpg\" alt=\"\" class=\"wp-image-272843\"\/><\/figure>\n\n\n\n<p><strong><em> Cr\u00e9\u00e9 dans les ann\u00e9es 70 par les \u00e9migr\u00e9s en France originaires de la ville industrieuse de M&rsquo;saken (140 kms de Tunisie et 12 kms de Sousse), le c\u00e9l\u00e8bre march\u00e9 \u00absouk Ter fer\u00bb ferait l\u2019objet de s\u00e9rieuses convoitises.<\/em><\/strong><\/p>\n\n\n\n<!--more-->\n\n\n\n<p> Ce souk, fr\u00e9quent\u00e9 par tous les Tunisiens, particuli\u00e8rement les candidats au mariage, est r\u00e9put\u00e9 pour offrir, aux couches sociales moyennes et d\u00e9munies, toutes sortes de biens de consommation \u00e0 des prix abordables. On y trouve de tout et \u00e0 bon march\u00e9 : voitures, v\u00e9hicules utilitaires, v\u00e9los, motos, tapis, pneus, abat-jours, ustensiles de cuisine, vaisselles, \u00e9lectrom\u00e9nagers, meubles, tissus, articles en inox\u2026<\/p>\n\n\n\n<p> Mieux, ce souk se distingue des souks \u00abLibya\u00bb au sud de la Tunisie, des souks populaires de Tunis (Zarkoun, Moncef Bey\u2026), par le fait que les marchandises qui y sont expos\u00e9es sont soumises obligatoirement aux droits de douane et dans une proportion de 45% aux taxes municipales, selon le maire de M\u2019saken, Mohamed Alaya. <\/p>\n\n\n\n<p> C\u2019est en quelque sorte un souk relativement en r\u00e8gle avec le fisc d\u2019autant plus qu\u2019il n\u2019a \u00e9t\u00e9 cr\u00e9e ni par l\u2019administration ni par les contrebandiers mais gr\u00e2ce aux transferts des 25.000 \u00e9migr\u00e9s <em>\u00abm\u2019sakeniens\u00bb<\/em> en France.<\/p>\n\n\n\n<p> Mieux, ce souk constitue, avec l\u2019exploitation des oliveraies, les principales activit\u00e9s \u00e9conomiques de la d\u00e9l\u00e9gation de M\u2019saken (150.000 habitants) et des villages environnants (Knaies, Bourjine, Sidi El Hani\u2026.).<\/p>\n\n\n\n<p> En d\u00e9pit de ces multiples avantages, le conseil municipal de M\u2019saken se propose de r\u00e9am\u00e9nager les \u00e9talages du souk qui s\u2019\u00e9tendent sur 2 kms et de les transformer en un espace de vie plus attractif, modestement appel\u00e9 <em>\u00abp\u00f4le commercial moderne\u00bb<\/em>. <\/p>\n\n\n\n<p> Selon Mohamed Alaya, cit\u00e9 par les m\u00e9dias, l\u2019objectif est d\u2019organiser ce souk, d\u2019am\u00e9liorer sa capacit\u00e9 de cr\u00e9er plus d\u2019emplois et de la valeur ajout\u00e9e pour ce gros village du Sahel. <\/p>\n\n\n\n<p> Pour les repr\u00e9sentants de la soci\u00e9t\u00e9 civile, ce projet, en d\u00e9pit des nobles objectifs du conseil municipal et de son souci d\u2019am\u00e9liorer les recettes municipales, risque d\u2019app\u00e2ter des pr\u00e9dateurs parmi de puissants hommes d\u2019affaires, et ce, au regard du site id\u00e9al de ce souk implant\u00e9 sur la principale autoroute du pays, la A1 reliant Tunis au sud du pays, et au carrefour de plusieurs gouvernorats du centre (Sousse, Monastir, Kairouan, Sfax\u2026). Affaire \u00e0 suivre\u2026<\/p>\n\n\n\n<p class=\"has-text-align-right\"><strong> Kh\u00e9maies Krimi<\/strong><\/p>\n","protected":false},"excerpt":{"rendered":"<p>Cr\u00e9\u00e9 dans les ann\u00e9es 70 par les \u00e9migr\u00e9s en France originaires de la ville industrieuse de M&rsquo;saken (140 kms de Tunisie et 12 kms de Sousse), le c\u00e9l\u00e8bre march\u00e9 \u00absouk Ter fer\u00bb ferait l\u2019objet de s\u00e9rieuses convoitises.<\/p>\n","protected":false},"author":8,"featured_media":272843,"comment_status":"open","ping_status":"open","sticky":false,"template":"","format":"standard","meta":{"footnotes":""},"categories":[995,2433],"tags":[854],"class_list":["post-272841","post","type-post","status-publish","format-standard","has-post-thumbnail","hentry","category-economie","category-tunisie","tag-sousse"],"yoast_head":"<!-- This site is optimized with the Yoast SEO plugin v26.6 - https:\/\/yoast.com\/wordpress\/plugins\/seo\/ -->\n<title>Commerce : Le souk \u00abTer fer\u00bb de M\u2019saken, objet de convoitises ! - Kapitalis<\/title>\n<meta name=\"robots\" content=\"index, follow, max-snippet:-1, max-image-preview:large, max-video-preview:-1\" \/>\n<link rel=\"canonical\" href=\"https:\/\/kapitalis.com\/tunisie\/2020\/01\/15\/commerce-le-souk-ter-fer-de-msaken-objet-de-convoitises\/\" \/>\n<meta property=\"og:locale\" content=\"fr_FR\" \/>\n<meta property=\"og:type\" content=\"article\" \/>\n<meta property=\"og:title\" content=\"Commerce : Le souk \u00abTer fer\u00bb de M\u2019saken, objet de convoitises ! - Kapitalis\" \/>\n<meta property=\"og:description\" content=\"Cr\u00e9\u00e9 dans les ann\u00e9es 70 par les \u00e9migr\u00e9s en France originaires de la ville industrieuse de M&rsquo;saken (140 kms de Tunisie et 12 kms de Sousse), le c\u00e9l\u00e8bre march\u00e9 \u00absouk Ter fer\u00bb ferait l\u2019objet de s\u00e9rieuses convoitises.\" \/>\n<meta property=\"og:url\" content=\"https:\/\/kapitalis.com\/tunisie\/2020\/01\/15\/commerce-le-souk-ter-fer-de-msaken-objet-de-convoitises\/\" \/>\n<meta property=\"og:site_name\" content=\"Kapitalis\" \/>\n<meta property=\"article:publisher\" content=\"https:\/\/www.facebook.com\/KapitalisInfo\/\" \/>\n<meta property=\"article:published_time\" content=\"2020-01-15T09:07:05+00:00\" \/>\n<meta property=\"article:modified_time\" content=\"2020-01-15T09:08:02+00:00\" \/>\n<meta property=\"og:image\" content=\"https:\/\/kapitalis.com\/tunisie\/wp-content\/uploads\/2022\/05\/kapitalis-logo-fb.png\" \/>\n\t<meta property=\"og:image:width\" content=\"1200\" \/>\n\t<meta property=\"og:image:height\" content=\"630\" \/>\n\t<meta property=\"og:image:type\" content=\"image\/png\" \/>\n<meta name=\"author\" content=\"webmaster kapitalis\" \/>\n<meta name=\"twitter:card\" content=\"summary_large_image\" \/>\n<meta name=\"twitter:creator\" content=\"@KapitalisInfo\" \/>\n<meta name=\"twitter:site\" content=\"@KapitalisInfo\" \/>\n<meta name=\"twitter:label1\" content=\"\u00c9crit par\" \/>\n\t<meta name=\"twitter:data1\" content=\"webmaster kapitalis\" \/>\n\t<meta name=\"twitter:label2\" content=\"Dur\u00e9e de lecture estim\u00e9e\" \/>\n\t<meta name=\"twitter:data2\" content=\"2 minutes\" \/>\n<script type=\"application\/ld+json\" class=\"yoast-schema-graph\">{\"@context\":\"https:\/\/schema.org\",\"@graph\":[{\"@type\":\"Article\",\"@id\":\"https:\/\/kapitalis.com\/tunisie\/2020\/01\/15\/commerce-le-souk-ter-fer-de-msaken-objet-de-convoitises\/#article\",\"isPartOf\":{\"@id\":\"https:\/\/kapitalis.com\/tunisie\/2020\/01\/15\/commerce-le-souk-ter-fer-de-msaken-objet-de-convoitises\/\"},\"author\":{\"name\":\"webmaster kapitalis\",\"@id\":\"https:\/\/kapitalis.com\/tunisie\/#\/schema\/person\/d71f33a9ca44f7bad4698210b480c8e9\"},\"headline\":\"Commerce : Le souk \u00abTer fer\u00bb de M\u2019saken, objet de convoitises !\",\"datePublished\":\"2020-01-15T09:07:05+00:00\",\"dateModified\":\"2020-01-15T09:08:02+00:00\",\"mainEntityOfPage\":{\"@id\":\"https:\/\/kapitalis.com\/tunisie\/2020\/01\/15\/commerce-le-souk-ter-fer-de-msaken-objet-de-convoitises\/\"},\"wordCount\":415,\"commentCount\":1,\"publisher\":{\"@id\":\"https:\/\/kapitalis.com\/tunisie\/#organization\"},\"image\":{\"@id\":\"https:\/\/kapitalis.com\/tunisie\/2020\/01\/15\/commerce-le-souk-ter-fer-de-msaken-objet-de-convoitises\/#primaryimage\"},\"thumbnailUrl\":\"\",\"keywords\":[\"Sousse\"],\"articleSection\":[\"ECONOMIE\",\"Tunisie\"],\"inLanguage\":\"fr-FR\",\"potentialAction\":[{\"@type\":\"CommentAction\",\"name\":\"Comment\",\"target\":[\"https:\/\/kapitalis.com\/tunisie\/2020\/01\/15\/commerce-le-souk-ter-fer-de-msaken-objet-de-convoitises\/#respond\"]}]},{\"@type\":\"WebPage\",\"@id\":\"https:\/\/kapitalis.com\/tunisie\/2020\/01\/15\/commerce-le-souk-ter-fer-de-msaken-objet-de-convoitises\/\",\"url\":\"https:\/\/kapitalis.com\/tunisie\/2020\/01\/15\/commerce-le-souk-ter-fer-de-msaken-objet-de-convoitises\/\",\"name\":\"Commerce : Le souk \u00abTer fer\u00bb de M\u2019saken, objet de convoitises ! - Kapitalis\",\"isPartOf\":{\"@id\":\"https:\/\/kapitalis.com\/tunisie\/#website\"},\"primaryImageOfPage\":{\"@id\":\"https:\/\/kapitalis.com\/tunisie\/2020\/01\/15\/commerce-le-souk-ter-fer-de-msaken-objet-de-convoitises\/#primaryimage\"},\"image\":{\"@id\":\"https:\/\/kapitalis.com\/tunisie\/2020\/01\/15\/commerce-le-souk-ter-fer-de-msaken-objet-de-convoitises\/#primaryimage\"},\"thumbnailUrl\":\"\",\"datePublished\":\"2020-01-15T09:07:05+00:00\",\"dateModified\":\"2020-01-15T09:08:02+00:00\",\"breadcrumb\":{\"@id\":\"https:\/\/kapitalis.com\/tunisie\/2020\/01\/15\/commerce-le-souk-ter-fer-de-msaken-objet-de-convoitises\/#breadcrumb\"},\"inLanguage\":\"fr-FR\",\"potentialAction\":[{\"@type\":\"ReadAction\",\"target\":[\"https:\/\/kapitalis.com\/tunisie\/2020\/01\/15\/commerce-le-souk-ter-fer-de-msaken-objet-de-convoitises\/\"]}]},{\"@type\":\"ImageObject\",\"inLanguage\":\"fr-FR\",\"@id\":\"https:\/\/kapitalis.com\/tunisie\/2020\/01\/15\/commerce-le-souk-ter-fer-de-msaken-objet-de-convoitises\/#primaryimage\",\"url\":\"\",\"contentUrl\":\"\"},{\"@type\":\"BreadcrumbList\",\"@id\":\"https:\/\/kapitalis.com\/tunisie\/2020\/01\/15\/commerce-le-souk-ter-fer-de-msaken-objet-de-convoitises\/#breadcrumb\",\"itemListElement\":[{\"@type\":\"ListItem\",\"position\":1,\"name\":\"Accueil\",\"item\":\"https:\/\/kapitalis.com\/tunisie\/\"},{\"@type\":\"ListItem\",\"position\":2,\"name\":\"Commerce : Le souk \u00abTer fer\u00bb de M\u2019saken, objet de convoitises !\"}]},{\"@type\":\"WebSite\",\"@id\":\"https:\/\/kapitalis.com\/tunisie\/#website\",\"url\":\"https:\/\/kapitalis.com\/tunisie\/\",\"name\":\"Kapitalis\",\"description\":\"L&#039;actualit\u00e9 en Tunisie et dans le monde\",\"publisher\":{\"@id\":\"https:\/\/kapitalis.com\/tunisie\/#organization\"},\"potentialAction\":[{\"@type\":\"SearchAction\",\"target\":{\"@type\":\"EntryPoint\",\"urlTemplate\":\"https:\/\/kapitalis.com\/tunisie\/?s={search_term_string}\"},\"query-input\":{\"@type\":\"PropertyValueSpecification\",\"valueRequired\":true,\"valueName\":\"search_term_string\"}}],\"inLanguage\":\"fr-FR\"},{\"@type\":\"Organization\",\"@id\":\"https:\/\/kapitalis.com\/tunisie\/#organization\",\"name\":\"Kapitalis\",\"url\":\"https:\/\/kapitalis.com\/tunisie\/\",\"logo\":{\"@type\":\"ImageObject\",\"inLanguage\":\"fr-FR\",\"@id\":\"https:\/\/kapitalis.com\/tunisie\/#\/schema\/logo\/image\/\",\"url\":\"https:\/\/kapitalis.com\/tunisie\/wp-content\/uploads\/2022\/05\/Kapitalis-big-size.png\",\"contentUrl\":\"https:\/\/kapitalis.com\/tunisie\/wp-content\/uploads\/2022\/05\/Kapitalis-big-size.png\",\"width\":5000,\"height\":1500,\"caption\":\"Kapitalis\"},\"image\":{\"@id\":\"https:\/\/kapitalis.com\/tunisie\/#\/schema\/logo\/image\/\"},\"sameAs\":[\"https:\/\/www.facebook.com\/KapitalisInfo\/\",\"https:\/\/x.com\/KapitalisInfo\",\"https:\/\/www.youtube.com\/channel\/UC-yDYrHyfFBWWZaOw3FPg9Q\"]},{\"@type\":\"Person\",\"@id\":\"https:\/\/kapitalis.com\/tunisie\/#\/schema\/person\/d71f33a9ca44f7bad4698210b480c8e9\",\"name\":\"webmaster kapitalis\",\"url\":\"https:\/\/kapitalis.com\/tunisie\/author\/webmaster-kapitalis\/\"}]}<\/script>\n<!-- \/ Yoast SEO plugin. -->","yoast_head_json":{"title":"Commerce : Le souk \u00abTer fer\u00bb de M\u2019saken, objet de convoitises ! - Kapitalis","robots":{"index":"index","follow":"follow","max-snippet":"max-snippet:-1","max-image-preview":"max-image-preview:large","max-video-preview":"max-video-preview:-1"},"canonical":"https:\/\/kapitalis.com\/tunisie\/2020\/01\/15\/commerce-le-souk-ter-fer-de-msaken-objet-de-convoitises\/","og_locale":"fr_FR","og_type":"article","og_title":"Commerce : Le souk \u00abTer fer\u00bb de M\u2019saken, objet de convoitises ! - Kapitalis","og_description":"Cr\u00e9\u00e9 dans les ann\u00e9es 70 par les \u00e9migr\u00e9s en France originaires de la ville industrieuse de M&rsquo;saken (140 kms de Tunisie et 12 kms de Sousse), le c\u00e9l\u00e8bre march\u00e9 \u00absouk Ter fer\u00bb ferait l\u2019objet de s\u00e9rieuses convoitises.","og_url":"https:\/\/kapitalis.com\/tunisie\/2020\/01\/15\/commerce-le-souk-ter-fer-de-msaken-objet-de-convoitises\/","og_site_name":"Kapitalis","article_publisher":"https:\/\/www.facebook.com\/KapitalisInfo\/","article_published_time":"2020-01-15T09:07:05+00:00","article_modified_time":"2020-01-15T09:08:02+00:00","og_image":[{"width":1200,"height":630,"url":"https:\/\/kapitalis.com\/tunisie\/wp-content\/uploads\/2022\/05\/kapitalis-logo-fb.png","type":"image\/png"}],"author":"webmaster kapitalis","twitter_card":"summary_large_image","twitter_creator":"@KapitalisInfo","twitter_site":"@KapitalisInfo","twitter_misc":{"\u00c9crit par":"webmaster kapitalis","Dur\u00e9e de lecture estim\u00e9e":"2 minutes"},"schema":{"@context":"https:\/\/schema.org","@graph":[{"@type":"Article","@id":"https:\/\/kapitalis.com\/tunisie\/2020\/01\/15\/commerce-le-souk-ter-fer-de-msaken-objet-de-convoitises\/#article","isPartOf":{"@id":"https:\/\/kapitalis.com\/tunisie\/2020\/01\/15\/commerce-le-souk-ter-fer-de-msaken-objet-de-convoitises\/"},"author":{"name":"webmaster kapitalis","@id":"https:\/\/kapitalis.com\/tunisie\/#\/schema\/person\/d71f33a9ca44f7bad4698210b480c8e9"},"headline":"Commerce : Le souk \u00abTer fer\u00bb de M\u2019saken, objet de convoitises !","datePublished":"2020-01-15T09:07:05+00:00","dateModified":"2020-01-15T09:08:02+00:00","mainEntityOfPage":{"@id":"https:\/\/kapitalis.com\/tunisie\/2020\/01\/15\/commerce-le-souk-ter-fer-de-msaken-objet-de-convoitises\/"},"wordCount":415,"commentCount":1,"publisher":{"@id":"https:\/\/kapitalis.com\/tunisie\/#organization"},"image":{"@id":"https:\/\/kapitalis.com\/tunisie\/2020\/01\/15\/commerce-le-souk-ter-fer-de-msaken-objet-de-convoitises\/#primaryimage"},"thumbnailUrl":"","keywords":["Sousse"],"articleSection":["ECONOMIE","Tunisie"],"inLanguage":"fr-FR","potentialAction":[{"@type":"CommentAction","name":"Comment","target":["https:\/\/kapitalis.com\/tunisie\/2020\/01\/15\/commerce-le-souk-ter-fer-de-msaken-objet-de-convoitises\/#respond"]}]},{"@type":"WebPage","@id":"https:\/\/kapitalis.com\/tunisie\/2020\/01\/15\/commerce-le-souk-ter-fer-de-msaken-objet-de-convoitises\/","url":"https:\/\/kapitalis.com\/tunisie\/2020\/01\/15\/commerce-le-souk-ter-fer-de-msaken-objet-de-convoitises\/","name":"Commerce : Le souk \u00abTer fer\u00bb de M\u2019saken, objet de convoitises ! - Kapitalis","isPartOf":{"@id":"https:\/\/kapitalis.com\/tunisie\/#website"},"primaryImageOfPage":{"@id":"https:\/\/kapitalis.com\/tunisie\/2020\/01\/15\/commerce-le-souk-ter-fer-de-msaken-objet-de-convoitises\/#primaryimage"},"image":{"@id":"https:\/\/kapitalis.com\/tunisie\/2020\/01\/15\/commerce-le-souk-ter-fer-de-msaken-objet-de-convoitises\/#primaryimage"},"thumbnailUrl":"","datePublished":"2020-01-15T09:07:05+00:00","dateModified":"2020-01-15T09:08:02+00:00","breadcrumb":{"@id":"https:\/\/kapitalis.com\/tunisie\/2020\/01\/15\/commerce-le-souk-ter-fer-de-msaken-objet-de-convoitises\/#breadcrumb"},"inLanguage":"fr-FR","potentialAction":[{"@type":"ReadAction","target":["https:\/\/kapitalis.com\/tunisie\/2020\/01\/15\/commerce-le-souk-ter-fer-de-msaken-objet-de-convoitises\/"]}]},{"@type":"ImageObject","inLanguage":"fr-FR","@id":"https:\/\/kapitalis.com\/tunisie\/2020\/01\/15\/commerce-le-souk-ter-fer-de-msaken-objet-de-convoitises\/#primaryimage","url":"","contentUrl":""},{"@type":"BreadcrumbList","@id":"https:\/\/kapitalis.com\/tunisie\/2020\/01\/15\/commerce-le-souk-ter-fer-de-msaken-objet-de-convoitises\/#breadcrumb","itemListElement":[{"@type":"ListItem","position":1,"name":"Accueil","item":"https:\/\/kapitalis.com\/tunisie\/"},{"@type":"ListItem","position":2,"name":"Commerce : Le souk \u00abTer fer\u00bb de M\u2019saken, objet de convoitises !"}]},{"@type":"WebSite","@id":"https:\/\/kapitalis.com\/tunisie\/#website","url":"https:\/\/kapitalis.com\/tunisie\/","name":"Kapitalis","description":"L&#039;actualit\u00e9 en Tunisie et dans le monde","publisher":{"@id":"https:\/\/kapitalis.com\/tunisie\/#organization"},"potentialAction":[{"@type":"SearchAction","target":{"@type":"EntryPoint","urlTemplate":"https:\/\/kapitalis.com\/tunisie\/?s={search_term_string}"},"query-input":{"@type":"PropertyValueSpecification","valueRequired":true,"valueName":"search_term_string"}}],"inLanguage":"fr-FR"},{"@type":"Organization","@id":"https:\/\/kapitalis.com\/tunisie\/#organization","name":"Kapitalis","url":"https:\/\/kapitalis.com\/tunisie\/","logo":{"@type":"ImageObject","inLanguage":"fr-FR","@id":"https:\/\/kapitalis.com\/tunisie\/#\/schema\/logo\/image\/","url":"https:\/\/kapitalis.com\/tunisie\/wp-content\/uploads\/2022\/05\/Kapitalis-big-size.png","contentUrl":"https:\/\/kapitalis.com\/tunisie\/wp-content\/uploads\/2022\/05\/Kapitalis-big-size.png","width":5000,"height":1500,"caption":"Kapitalis"},"image":{"@id":"https:\/\/kapitalis.com\/tunisie\/#\/schema\/logo\/image\/"},"sameAs":["https:\/\/www.facebook.com\/KapitalisInfo\/","https:\/\/x.com\/KapitalisInfo","https:\/\/www.youtube.com\/channel\/UC-yDYrHyfFBWWZaOw3FPg9Q"]},{"@type":"Person","@id":"https:\/\/kapitalis.com\/tunisie\/#\/schema\/person\/d71f33a9ca44f7bad4698210b480c8e9","name":"webmaster kapitalis","url":"https:\/\/kapitalis.com\/tunisie\/author\/webmaster-kapitalis\/"}]}},"_links":{"self":[{"href":"https:\/\/kapitalis.com\/tunisie\/wp-json\/wp\/v2\/posts\/272841","targetHints":{"allow":["GET"]}}],"collection":[{"href":"https:\/\/kapitalis.com\/tunisie\/wp-json\/wp\/v2\/posts"}],"about":[{"href":"https:\/\/kapitalis.com\/tunisie\/wp-json\/wp\/v2\/types\/post"}],"author":[{"embeddable":true,"href":"https:\/\/kapitalis.com\/tunisie\/wp-json\/wp\/v2\/users\/8"}],"replies":[{"embeddable":true,"href":"https:\/\/kapitalis.com\/tunisie\/wp-json\/wp\/v2\/comments?post=272841"}],"version-history":[{"count":0,"href":"https:\/\/kapitalis.com\/tunisie\/wp-json\/wp\/v2\/posts\/272841\/revisions"}],"wp:featuredmedia":[{"embeddable":true,"href":"https:\/\/kapitalis.com\/tunisie\/wp-json\/wp\/v2\/media\/272843"}],"wp:attachment":[{"href":"https:\/\/kapitalis.com\/tunisie\/wp-json\/wp\/v2\/media?parent=272841"}],"wp:term":[{"taxonomy":"category","embeddable":true,"href":"https:\/\/kapitalis.com\/tunisie\/wp-json\/wp\/v2\/categories?post=272841"},{"taxonomy":"post_tag","embeddable":true,"href":"https:\/\/kapitalis.com\/tunisie\/wp-json\/wp\/v2\/tags?post=272841"}],"curies":[{"name":"wp","href":"https:\/\/api.w.org\/{rel}","templated":true}]}}