{"id":273126,"date":"2020-01-15T21:31:51","date_gmt":"2020-01-15T20:31:51","guid":{"rendered":"http:\/\/kapitalis.com\/tunisie\/?p=273126"},"modified":"2020-01-16T08:26:29","modified_gmt":"2020-01-16T07:26:29","slug":"arrestation-du-secretaire-general-du-ministere-de-leducation-pour-suspicion-de-corruption","status":"publish","type":"post","link":"https:\/\/kapitalis.com\/tunisie\/2020\/01\/15\/arrestation-du-secretaire-general-du-ministere-de-leducation-pour-suspicion-de-corruption\/","title":{"rendered":"Arrestation du secr\u00e9taire g\u00e9n\u00e9ral du minist\u00e8re de l\u2019Education pour suspicion de corruption"},"content":{"rendered":"\n<figure class=\"wp-block-image size-large\"><img decoding=\"async\" src=\"http:\/\/kapitalis.com\/tunisie\/wp-content\/uploads\/2016\/05\/Corruption-Instance-.jpg\" alt=\"\" class=\"wp-image-50011\"\/><\/figure>\n\n\n\n<p><em><strong>Le minist\u00e8re de l\u2019Education a annonc\u00e9 ce soir, mercredi 15 janvier 2020, l&rsquo;arrestation de son secr\u00e9taire g\u00e9n\u00e9ral pour suspicion de corruption, lorsqu\u2019il occupait le poste de directeur g\u00e9n\u00e9ral de l\u2019Office des logements du personnel, relevant de ce m\u00eame d\u00e9partement.<\/strong><\/em><\/p>\n\n\n\n<!--more-->\n\n\n\n<p>C&rsquo;est le ministre de l\u2019Education, Hatem Ben Salem, qui avait ordonn\u00e9 l\u2019ouverture d\u2019une enqu\u00eate sur des dossiers douteux, au sein de la direction de l\u2019Office des logements du personnel, pr\u00e9cise le communiqu\u00e9 du minist\u00e8re, en ajoutant que l\u2019affaire est d\u00e9sormais entre les mains de la justice.<\/p>\n\n\n\n<p>\u00ab<em>Le minist\u00e8re, qui est attach\u00e9 \u00e0 l\u2019application de la loi, demeure respectueux du caract\u00e8re confidentiel de l\u2019enqu\u00eate judiciaire<\/em>\u00bb, ajoute encore le minist\u00e8re qui a r\u00e9affirm\u00e9 sa disponibilit\u00e9 et son engagement \u00e0 coop\u00e9rer avec les autorit\u00e9s judiciaires.<\/p>\n\n\n\n<p class=\"has-text-align-right\"><strong>Y. N. <\/strong><\/p>\n","protected":false},"excerpt":{"rendered":"<p>Le minist\u00e8re de l\u2019Education a annonc\u00e9 ce soir, mercredi 15 janvier 2020, l&rsquo;arrestation de son secr\u00e9taire g\u00e9n\u00e9ral pour suspicion de corruption, lorsqu\u2019il occupait le poste de directeur g\u00e9n\u00e9ral de l\u2019Office des logements du personnel, relevant de ce m\u00eame d\u00e9partement.<\/p>\n","protected":false},"author":6,"featured_media":0,"comment_status":"open","ping_status":"open","sticky":false,"template":"","format":"standard","meta":{"footnotes":""},"categories":[997,998,2433],"tags":[86,64355,5134],"class_list":["post-273126","post","type-post","status-publish","format-standard","hentry","category-politique","category-societe","category-tunisie","tag-arrestation","tag-justice","tag-ministere-de-leducation"],"yoast_head":"<!-- This site is optimized with the Yoast SEO plugin v26.6 - https:\/\/yoast.com\/wordpress\/plugins\/seo\/ -->\n<title>Arrestation du secr\u00e9taire g\u00e9n\u00e9ral du minist\u00e8re de l\u2019Education pour suspicion de corruption - Kapitalis<\/title>\n<meta name=\"robots\" content=\"index, follow, max-snippet:-1, max-image-preview:large, max-video-preview:-1\" \/>\n<link rel=\"canonical\" href=\"https:\/\/kapitalis.com\/tunisie\/2020\/01\/15\/arrestation-du-secretaire-general-du-ministere-de-leducation-pour-suspicion-de-corruption\/\" \/>\n<meta property=\"og:locale\" content=\"fr_FR\" \/>\n<meta property=\"og:type\" content=\"article\" \/>\n<meta property=\"og:title\" content=\"Arrestation du secr\u00e9taire g\u00e9n\u00e9ral du minist\u00e8re de l\u2019Education pour suspicion de corruption - Kapitalis\" \/>\n<meta property=\"og:description\" content=\"Le minist\u00e8re de l\u2019Education a annonc\u00e9 ce soir, mercredi 15 janvier 2020, l&rsquo;arrestation de son secr\u00e9taire g\u00e9n\u00e9ral pour suspicion de corruption, lorsqu\u2019il occupait le poste de directeur g\u00e9n\u00e9ral de l\u2019Office des logements du personnel, relevant de ce m\u00eame d\u00e9partement.\" \/>\n<meta property=\"og:url\" content=\"https:\/\/kapitalis.com\/tunisie\/2020\/01\/15\/arrestation-du-secretaire-general-du-ministere-de-leducation-pour-suspicion-de-corruption\/\" \/>\n<meta property=\"og:site_name\" content=\"Kapitalis\" \/>\n<meta property=\"article:publisher\" content=\"https:\/\/www.facebook.com\/KapitalisInfo\/\" \/>\n<meta property=\"article:published_time\" content=\"2020-01-15T20:31:51+00:00\" \/>\n<meta property=\"article:modified_time\" content=\"2020-01-16T07:26:29+00:00\" \/>\n<meta property=\"og:image\" content=\"http:\/\/kapitalis.com\/tunisie\/wp-content\/uploads\/2016\/05\/Corruption-Instance-.jpg\" \/>\n<meta name=\"author\" content=\"Yusra NY\" \/>\n<meta name=\"twitter:card\" content=\"summary_large_image\" \/>\n<meta name=\"twitter:creator\" content=\"@KapitalisInfo\" \/>\n<meta name=\"twitter:site\" content=\"@KapitalisInfo\" \/>\n<meta name=\"twitter:label1\" content=\"\u00c9crit par\" \/>\n\t<meta name=\"twitter:data1\" content=\"Yusra NY\" \/>\n\t<meta name=\"twitter:label2\" content=\"Dur\u00e9e de lecture estim\u00e9e\" \/>\n\t<meta name=\"twitter:data2\" content=\"1 minute\" \/>\n<script type=\"application\/ld+json\" class=\"yoast-schema-graph\">{\"@context\":\"https:\/\/schema.org\",\"@graph\":[{\"@type\":\"Article\",\"@id\":\"https:\/\/kapitalis.com\/tunisie\/2020\/01\/15\/arrestation-du-secretaire-general-du-ministere-de-leducation-pour-suspicion-de-corruption\/#article\",\"isPartOf\":{\"@id\":\"https:\/\/kapitalis.com\/tunisie\/2020\/01\/15\/arrestation-du-secretaire-general-du-ministere-de-leducation-pour-suspicion-de-corruption\/\"},\"author\":{\"name\":\"Yusra NY\",\"@id\":\"https:\/\/kapitalis.com\/tunisie\/#\/schema\/person\/74bbde0154d49d790a92aaeac5bc01d5\"},\"headline\":\"Arrestation du secr\u00e9taire g\u00e9n\u00e9ral du minist\u00e8re de l\u2019Education pour suspicion de corruption\",\"datePublished\":\"2020-01-15T20:31:51+00:00\",\"dateModified\":\"2020-01-16T07:26:29+00:00\",\"mainEntityOfPage\":{\"@id\":\"https:\/\/kapitalis.com\/tunisie\/2020\/01\/15\/arrestation-du-secretaire-general-du-ministere-de-leducation-pour-suspicion-de-corruption\/\"},\"wordCount\":165,\"commentCount\":2,\"publisher\":{\"@id\":\"https:\/\/kapitalis.com\/tunisie\/#organization\"},\"image\":{\"@id\":\"https:\/\/kapitalis.com\/tunisie\/2020\/01\/15\/arrestation-du-secretaire-general-du-ministere-de-leducation-pour-suspicion-de-corruption\/#primaryimage\"},\"thumbnailUrl\":\"http:\/\/kapitalis.com\/tunisie\/wp-content\/uploads\/2016\/05\/Corruption-Instance-.jpg\",\"keywords\":[\"arrestation\",\"justice\",\"minist\u00e8re de l'Education\"],\"articleSection\":[\"POLITIQUE\",\"SOCIETE\",\"Tunisie\"],\"inLanguage\":\"fr-FR\",\"potentialAction\":[{\"@type\":\"CommentAction\",\"name\":\"Comment\",\"target\":[\"https:\/\/kapitalis.com\/tunisie\/2020\/01\/15\/arrestation-du-secretaire-general-du-ministere-de-leducation-pour-suspicion-de-corruption\/#respond\"]}]},{\"@type\":\"WebPage\",\"@id\":\"https:\/\/kapitalis.com\/tunisie\/2020\/01\/15\/arrestation-du-secretaire-general-du-ministere-de-leducation-pour-suspicion-de-corruption\/\",\"url\":\"https:\/\/kapitalis.com\/tunisie\/2020\/01\/15\/arrestation-du-secretaire-general-du-ministere-de-leducation-pour-suspicion-de-corruption\/\",\"name\":\"Arrestation du secr\u00e9taire g\u00e9n\u00e9ral du minist\u00e8re de l\u2019Education pour suspicion de corruption - Kapitalis\",\"isPartOf\":{\"@id\":\"https:\/\/kapitalis.com\/tunisie\/#website\"},\"primaryImageOfPage\":{\"@id\":\"https:\/\/kapitalis.com\/tunisie\/2020\/01\/15\/arrestation-du-secretaire-general-du-ministere-de-leducation-pour-suspicion-de-corruption\/#primaryimage\"},\"image\":{\"@id\":\"https:\/\/kapitalis.com\/tunisie\/2020\/01\/15\/arrestation-du-secretaire-general-du-ministere-de-leducation-pour-suspicion-de-corruption\/#primaryimage\"},\"thumbnailUrl\":\"http:\/\/kapitalis.com\/tunisie\/wp-content\/uploads\/2016\/05\/Corruption-Instance-.jpg\",\"datePublished\":\"2020-01-15T20:31:51+00:00\",\"dateModified\":\"2020-01-16T07:26:29+00:00\",\"breadcrumb\":{\"@id\":\"https:\/\/kapitalis.com\/tunisie\/2020\/01\/15\/arrestation-du-secretaire-general-du-ministere-de-leducation-pour-suspicion-de-corruption\/#breadcrumb\"},\"inLanguage\":\"fr-FR\",\"potentialAction\":[{\"@type\":\"ReadAction\",\"target\":[\"https:\/\/kapitalis.com\/tunisie\/2020\/01\/15\/arrestation-du-secretaire-general-du-ministere-de-leducation-pour-suspicion-de-corruption\/\"]}]},{\"@type\":\"ImageObject\",\"inLanguage\":\"fr-FR\",\"@id\":\"https:\/\/kapitalis.com\/tunisie\/2020\/01\/15\/arrestation-du-secretaire-general-du-ministere-de-leducation-pour-suspicion-de-corruption\/#primaryimage\",\"url\":\"http:\/\/kapitalis.com\/tunisie\/wp-content\/uploads\/2016\/05\/Corruption-Instance-.jpg\",\"contentUrl\":\"http:\/\/kapitalis.com\/tunisie\/wp-content\/uploads\/2016\/05\/Corruption-Instance-.jpg\"},{\"@type\":\"BreadcrumbList\",\"@id\":\"https:\/\/kapitalis.com\/tunisie\/2020\/01\/15\/arrestation-du-secretaire-general-du-ministere-de-leducation-pour-suspicion-de-corruption\/#breadcrumb\",\"itemListElement\":[{\"@type\":\"ListItem\",\"position\":1,\"name\":\"Accueil\",\"item\":\"https:\/\/kapitalis.com\/tunisie\/\"},{\"@type\":\"ListItem\",\"position\":2,\"name\":\"Arrestation du secr\u00e9taire g\u00e9n\u00e9ral du minist\u00e8re de l\u2019Education pour suspicion de corruption\"}]},{\"@type\":\"WebSite\",\"@id\":\"https:\/\/kapitalis.com\/tunisie\/#website\",\"url\":\"https:\/\/kapitalis.com\/tunisie\/\",\"name\":\"Kapitalis\",\"description\":\"L&#039;actualit\u00e9 en Tunisie et dans le monde\",\"publisher\":{\"@id\":\"https:\/\/kapitalis.com\/tunisie\/#organization\"},\"potentialAction\":[{\"@type\":\"SearchAction\",\"target\":{\"@type\":\"EntryPoint\",\"urlTemplate\":\"https:\/\/kapitalis.com\/tunisie\/?s={search_term_string}\"},\"query-input\":{\"@type\":\"PropertyValueSpecification\",\"valueRequired\":true,\"valueName\":\"search_term_string\"}}],\"inLanguage\":\"fr-FR\"},{\"@type\":\"Organization\",\"@id\":\"https:\/\/kapitalis.com\/tunisie\/#organization\",\"name\":\"Kapitalis\",\"url\":\"https:\/\/kapitalis.com\/tunisie\/\",\"logo\":{\"@type\":\"ImageObject\",\"inLanguage\":\"fr-FR\",\"@id\":\"https:\/\/kapitalis.com\/tunisie\/#\/schema\/logo\/image\/\",\"url\":\"https:\/\/kapitalis.com\/tunisie\/wp-content\/uploads\/2022\/05\/Kapitalis-big-size.png\",\"contentUrl\":\"https:\/\/kapitalis.com\/tunisie\/wp-content\/uploads\/2022\/05\/Kapitalis-big-size.png\",\"width\":5000,\"height\":1500,\"caption\":\"Kapitalis\"},\"image\":{\"@id\":\"https:\/\/kapitalis.com\/tunisie\/#\/schema\/logo\/image\/\"},\"sameAs\":[\"https:\/\/www.facebook.com\/KapitalisInfo\/\",\"https:\/\/x.com\/KapitalisInfo\",\"https:\/\/www.youtube.com\/channel\/UC-yDYrHyfFBWWZaOw3FPg9Q\"]},{\"@type\":\"Person\",\"@id\":\"https:\/\/kapitalis.com\/tunisie\/#\/schema\/person\/74bbde0154d49d790a92aaeac5bc01d5\",\"name\":\"Yusra NY\",\"url\":\"https:\/\/kapitalis.com\/tunisie\/author\/yuza_adam\/\"}]}<\/script>\n<!-- \/ Yoast SEO plugin. -->","yoast_head_json":{"title":"Arrestation du secr\u00e9taire g\u00e9n\u00e9ral du minist\u00e8re de l\u2019Education pour suspicion de corruption - Kapitalis","robots":{"index":"index","follow":"follow","max-snippet":"max-snippet:-1","max-image-preview":"max-image-preview:large","max-video-preview":"max-video-preview:-1"},"canonical":"https:\/\/kapitalis.com\/tunisie\/2020\/01\/15\/arrestation-du-secretaire-general-du-ministere-de-leducation-pour-suspicion-de-corruption\/","og_locale":"fr_FR","og_type":"article","og_title":"Arrestation du secr\u00e9taire g\u00e9n\u00e9ral du minist\u00e8re de l\u2019Education pour suspicion de corruption - Kapitalis","og_description":"Le minist\u00e8re de l\u2019Education a annonc\u00e9 ce soir, mercredi 15 janvier 2020, l&rsquo;arrestation de son secr\u00e9taire g\u00e9n\u00e9ral pour suspicion de corruption, lorsqu\u2019il occupait le poste de directeur g\u00e9n\u00e9ral de l\u2019Office des logements du personnel, relevant de ce m\u00eame d\u00e9partement.","og_url":"https:\/\/kapitalis.com\/tunisie\/2020\/01\/15\/arrestation-du-secretaire-general-du-ministere-de-leducation-pour-suspicion-de-corruption\/","og_site_name":"Kapitalis","article_publisher":"https:\/\/www.facebook.com\/KapitalisInfo\/","article_published_time":"2020-01-15T20:31:51+00:00","article_modified_time":"2020-01-16T07:26:29+00:00","og_image":[{"url":"http:\/\/kapitalis.com\/tunisie\/wp-content\/uploads\/2016\/05\/Corruption-Instance-.jpg","type":"","width":"","height":""}],"author":"Yusra NY","twitter_card":"summary_large_image","twitter_creator":"@KapitalisInfo","twitter_site":"@KapitalisInfo","twitter_misc":{"\u00c9crit par":"Yusra NY","Dur\u00e9e de lecture estim\u00e9e":"1 minute"},"schema":{"@context":"https:\/\/schema.org","@graph":[{"@type":"Article","@id":"https:\/\/kapitalis.com\/tunisie\/2020\/01\/15\/arrestation-du-secretaire-general-du-ministere-de-leducation-pour-suspicion-de-corruption\/#article","isPartOf":{"@id":"https:\/\/kapitalis.com\/tunisie\/2020\/01\/15\/arrestation-du-secretaire-general-du-ministere-de-leducation-pour-suspicion-de-corruption\/"},"author":{"name":"Yusra NY","@id":"https:\/\/kapitalis.com\/tunisie\/#\/schema\/person\/74bbde0154d49d790a92aaeac5bc01d5"},"headline":"Arrestation du secr\u00e9taire g\u00e9n\u00e9ral du minist\u00e8re de l\u2019Education pour suspicion de corruption","datePublished":"2020-01-15T20:31:51+00:00","dateModified":"2020-01-16T07:26:29+00:00","mainEntityOfPage":{"@id":"https:\/\/kapitalis.com\/tunisie\/2020\/01\/15\/arrestation-du-secretaire-general-du-ministere-de-leducation-pour-suspicion-de-corruption\/"},"wordCount":165,"commentCount":2,"publisher":{"@id":"https:\/\/kapitalis.com\/tunisie\/#organization"},"image":{"@id":"https:\/\/kapitalis.com\/tunisie\/2020\/01\/15\/arrestation-du-secretaire-general-du-ministere-de-leducation-pour-suspicion-de-corruption\/#primaryimage"},"thumbnailUrl":"http:\/\/kapitalis.com\/tunisie\/wp-content\/uploads\/2016\/05\/Corruption-Instance-.jpg","keywords":["arrestation","justice","minist\u00e8re de l'Education"],"articleSection":["POLITIQUE","SOCIETE","Tunisie"],"inLanguage":"fr-FR","potentialAction":[{"@type":"CommentAction","name":"Comment","target":["https:\/\/kapitalis.com\/tunisie\/2020\/01\/15\/arrestation-du-secretaire-general-du-ministere-de-leducation-pour-suspicion-de-corruption\/#respond"]}]},{"@type":"WebPage","@id":"https:\/\/kapitalis.com\/tunisie\/2020\/01\/15\/arrestation-du-secretaire-general-du-ministere-de-leducation-pour-suspicion-de-corruption\/","url":"https:\/\/kapitalis.com\/tunisie\/2020\/01\/15\/arrestation-du-secretaire-general-du-ministere-de-leducation-pour-suspicion-de-corruption\/","name":"Arrestation du secr\u00e9taire g\u00e9n\u00e9ral du minist\u00e8re de l\u2019Education pour suspicion de corruption - Kapitalis","isPartOf":{"@id":"https:\/\/kapitalis.com\/tunisie\/#website"},"primaryImageOfPage":{"@id":"https:\/\/kapitalis.com\/tunisie\/2020\/01\/15\/arrestation-du-secretaire-general-du-ministere-de-leducation-pour-suspicion-de-corruption\/#primaryimage"},"image":{"@id":"https:\/\/kapitalis.com\/tunisie\/2020\/01\/15\/arrestation-du-secretaire-general-du-ministere-de-leducation-pour-suspicion-de-corruption\/#primaryimage"},"thumbnailUrl":"http:\/\/kapitalis.com\/tunisie\/wp-content\/uploads\/2016\/05\/Corruption-Instance-.jpg","datePublished":"2020-01-15T20:31:51+00:00","dateModified":"2020-01-16T07:26:29+00:00","breadcrumb":{"@id":"https:\/\/kapitalis.com\/tunisie\/2020\/01\/15\/arrestation-du-secretaire-general-du-ministere-de-leducation-pour-suspicion-de-corruption\/#breadcrumb"},"inLanguage":"fr-FR","potentialAction":[{"@type":"ReadAction","target":["https:\/\/kapitalis.com\/tunisie\/2020\/01\/15\/arrestation-du-secretaire-general-du-ministere-de-leducation-pour-suspicion-de-corruption\/"]}]},{"@type":"ImageObject","inLanguage":"fr-FR","@id":"https:\/\/kapitalis.com\/tunisie\/2020\/01\/15\/arrestation-du-secretaire-general-du-ministere-de-leducation-pour-suspicion-de-corruption\/#primaryimage","url":"http:\/\/kapitalis.com\/tunisie\/wp-content\/uploads\/2016\/05\/Corruption-Instance-.jpg","contentUrl":"http:\/\/kapitalis.com\/tunisie\/wp-content\/uploads\/2016\/05\/Corruption-Instance-.jpg"},{"@type":"BreadcrumbList","@id":"https:\/\/kapitalis.com\/tunisie\/2020\/01\/15\/arrestation-du-secretaire-general-du-ministere-de-leducation-pour-suspicion-de-corruption\/#breadcrumb","itemListElement":[{"@type":"ListItem","position":1,"name":"Accueil","item":"https:\/\/kapitalis.com\/tunisie\/"},{"@type":"ListItem","position":2,"name":"Arrestation du secr\u00e9taire g\u00e9n\u00e9ral du minist\u00e8re de l\u2019Education pour suspicion de corruption"}]},{"@type":"WebSite","@id":"https:\/\/kapitalis.com\/tunisie\/#website","url":"https:\/\/kapitalis.com\/tunisie\/","name":"Kapitalis","description":"L&#039;actualit\u00e9 en Tunisie et dans le monde","publisher":{"@id":"https:\/\/kapitalis.com\/tunisie\/#organization"},"potentialAction":[{"@type":"SearchAction","target":{"@type":"EntryPoint","urlTemplate":"https:\/\/kapitalis.com\/tunisie\/?s={search_term_string}"},"query-input":{"@type":"PropertyValueSpecification","valueRequired":true,"valueName":"search_term_string"}}],"inLanguage":"fr-FR"},{"@type":"Organization","@id":"https:\/\/kapitalis.com\/tunisie\/#organization","name":"Kapitalis","url":"https:\/\/kapitalis.com\/tunisie\/","logo":{"@type":"ImageObject","inLanguage":"fr-FR","@id":"https:\/\/kapitalis.com\/tunisie\/#\/schema\/logo\/image\/","url":"https:\/\/kapitalis.com\/tunisie\/wp-content\/uploads\/2022\/05\/Kapitalis-big-size.png","contentUrl":"https:\/\/kapitalis.com\/tunisie\/wp-content\/uploads\/2022\/05\/Kapitalis-big-size.png","width":5000,"height":1500,"caption":"Kapitalis"},"image":{"@id":"https:\/\/kapitalis.com\/tunisie\/#\/schema\/logo\/image\/"},"sameAs":["https:\/\/www.facebook.com\/KapitalisInfo\/","https:\/\/x.com\/KapitalisInfo","https:\/\/www.youtube.com\/channel\/UC-yDYrHyfFBWWZaOw3FPg9Q"]},{"@type":"Person","@id":"https:\/\/kapitalis.com\/tunisie\/#\/schema\/person\/74bbde0154d49d790a92aaeac5bc01d5","name":"Yusra NY","url":"https:\/\/kapitalis.com\/tunisie\/author\/yuza_adam\/"}]}},"_links":{"self":[{"href":"https:\/\/kapitalis.com\/tunisie\/wp-json\/wp\/v2\/posts\/273126","targetHints":{"allow":["GET"]}}],"collection":[{"href":"https:\/\/kapitalis.com\/tunisie\/wp-json\/wp\/v2\/posts"}],"about":[{"href":"https:\/\/kapitalis.com\/tunisie\/wp-json\/wp\/v2\/types\/post"}],"author":[{"embeddable":true,"href":"https:\/\/kapitalis.com\/tunisie\/wp-json\/wp\/v2\/users\/6"}],"replies":[{"embeddable":true,"href":"https:\/\/kapitalis.com\/tunisie\/wp-json\/wp\/v2\/comments?post=273126"}],"version-history":[{"count":0,"href":"https:\/\/kapitalis.com\/tunisie\/wp-json\/wp\/v2\/posts\/273126\/revisions"}],"wp:attachment":[{"href":"https:\/\/kapitalis.com\/tunisie\/wp-json\/wp\/v2\/media?parent=273126"}],"wp:term":[{"taxonomy":"category","embeddable":true,"href":"https:\/\/kapitalis.com\/tunisie\/wp-json\/wp\/v2\/categories?post=273126"},{"taxonomy":"post_tag","embeddable":true,"href":"https:\/\/kapitalis.com\/tunisie\/wp-json\/wp\/v2\/tags?post=273126"}],"curies":[{"name":"wp","href":"https:\/\/api.w.org\/{rel}","templated":true}]}}