{"id":273356,"date":"2020-01-16T16:21:52","date_gmt":"2020-01-16T15:21:52","guid":{"rendered":"http:\/\/kapitalis.com\/tunisie\/?p=273356"},"modified":"2020-01-17T11:39:06","modified_gmt":"2020-01-17T10:39:06","slug":"lupr-propose-son-president-lotfi-mraihi-a-la-tete-du-prochain-gouvernement","status":"publish","type":"post","link":"https:\/\/kapitalis.com\/tunisie\/2020\/01\/16\/lupr-propose-son-president-lotfi-mraihi-a-la-tete-du-prochain-gouvernement\/","title":{"rendered":"L&rsquo;UPR propose son secr\u00e9taire g\u00e9n\u00e9ral, Lotfi Mra\u00efhi, \u00e0 la t\u00eate du prochain gouvernement"},"content":{"rendered":"\n<figure class=\"wp-block-image size-large\"><img decoding=\"async\" src=\"http:\/\/kapitalis.com\/tunisie\/wp-content\/uploads\/2019\/04\/Lotfi-Mraihi.jpg\" alt=\"\" class=\"wp-image-207036\"\/><\/figure>\n\n\n\n<p><strong><em>Aujourd&rsquo;hui, jeudi, 16 janvier 2020, repr\u00e9sente le dernier d\u00e9lai pour les diff\u00e9rents partis de soumettre, s&rsquo;il le souhaitent, \u00e0 l&rsquo;\u00e9crit, leurs propositions concernant la pr\u00e9sidence du prochain gouvernement, au pr\u00e9sident de la r\u00e9publique, Ka\u00efs Sa\u00efed, qui sera par la suite charg\u00e9 d&rsquo;en d\u00e9signer un. L&rsquo;Union populaire r\u00e9publicaine (UPR) a, de son c\u00f4t\u00e9, choisi son \u00e9lu&#8230;<\/em><\/strong><\/p>\n\n\n\n<!--more-->\n\n\n\n<p>Sans grande originalit\u00e9, le choix du parti social-d\u00e9mocrate s&rsquo;est arr\u00eat\u00e9 sur son fondateur et actuel secr\u00e9taire g\u00e9n\u00e9ral, Dr Lotfi Mra\u00efhi.<\/p>\n\n\n\n<p>Commentant cette d\u00e9cision, le politicien a indiqu\u00e9, \u00e0 la radio Express FM, que la strat\u00e9gie adopt\u00e9e par le pr\u00e9sident Sa\u00efed aboutira \u00e0 la proposition d&rsquo;un tr\u00e8s grand nombre de candidats pour la pr\u00e9sidence du gouvernement, ce qui devrait compliquer sa mission.<\/p>\n\n\n\n<p>Le pneumologue a, par ailleurs, estim\u00e9 que l&rsquo;hypoth\u00e8se de la tenue de nouvelles \u00e9lections l\u00e9gislatives (qui ne se mat\u00e9rialisera que si le parlement refuse de voter la confiance pour le prochain gouvernement, ndlr) est peu probable&#8230;<\/p>\n\n\n\n<p>La raison, selon lui, est que plusieurs d\u00e9put\u00e9s auront peur de perdre leurs places au sein de l&rsquo;h\u00e9micycle du Bardo, puisque ce sc\u00e9nario signifierait \u00e9galement la dissolution de l&rsquo;Assembl\u00e9e des repr\u00e9sentants du peuple (ARP).<\/p>\n\n\n\n<p>Rappelons que Lotfi Mra\u00efhi, fin m\u00e9lomane et \u00e9crivain, peu connu sur la sc\u00e8ne politique avant la campagne \u00e9lectorale relative au premier tour de l&rsquo;\u00e9lection pr\u00e9sidentielle de 2019, avait cr\u00e9\u00e9 la surprise lors du scrutin, en obtenant 6,56% des voix observ\u00e9es, ce qui l&rsquo;a plac\u00e9 en 7e position, devant plusieurs candidats beaucoup plus connus sur la sc\u00e8ne politique, \u00e0 l&rsquo;instar de Moncef Marzouki, Hamma Hammami, Mohamed Abbou ou encore Abir Moussi.<\/p>\n\n\n\n<p>Les r\u00e9sultats de son parti, l&rsquo;UPR, aux l\u00e9gislatives, ont \u00e9t\u00e9, en revanche, plut\u00f4t d\u00e9cevants (2,09% des voix observ\u00e9es, soit 3 si\u00e8ges au parlement), surtout que ces \u00e9lections ont \u00e9t\u00e9 chronologiquement ult\u00e9rieures au premier tour de la pr\u00e9sidentielle. <\/p>\n\n\n\n<p>Le franc-parler du Dr Mraihi, la rigueur et la fermet\u00e9 qu&rsquo;il a montr\u00e9es sur certains sujets et sa fine connaissance des probl\u00e9matiques \u00e9conomiques et sociales lui ont valu la sympathie de nombreux \u00e9lecteurs: sa personnalit\u00e9, atypique dans le paysage politique, lui vaut une confiance m\u00eal\u00e9e d&rsquo;int\u00e9r\u00eat. Bref, l&rsquo;homme, originaire du Kef, dans le nord-ouest, une r\u00e9gion longtemps marginalis\u00e9e, ne laisse pas indiff\u00e9rent. <\/p>\n","protected":false},"excerpt":{"rendered":"<p>Aujourd&rsquo;hui, jeudi, 16 janvier 2020, repr\u00e9sente le dernier d\u00e9lai pour les diff\u00e9rents partis de soumettre, s&rsquo;il le souhaitent, \u00e0 l&rsquo;\u00e9crit, leurs propositions concernant la pr\u00e9sidence du prochain gouvernement, au pr\u00e9sident de la r\u00e9publique, Ka\u00efs Sa\u00efed, qui sera par la suite charg\u00e9 d&rsquo;en d\u00e9signer un. L&rsquo;Union populaire r\u00e9publicaine (UPR) a, de son c\u00f4t\u00e9, choisi son \u00e9lu&#8230;<\/p>\n","protected":false},"author":24,"featured_media":0,"comment_status":"open","ping_status":"open","sticky":false,"template":"","format":"standard","meta":{"footnotes":""},"categories":[997,2433],"tags":[15144,437,64018,634,72899,15699],"class_list":["post-273356","post","type-post","status-publish","format-standard","hentry","category-politique","category-tunisie","tag-abir-moussi","tag-hamma-hammami","tag-lotfi-mraihi","tag-moncef-marzouki","tag-moohamed-abbou","tag-upr"],"yoast_head":"<!-- This site is optimized with the Yoast SEO plugin v26.6 - https:\/\/yoast.com\/wordpress\/plugins\/seo\/ -->\n<title>L&#039;UPR propose son secr\u00e9taire g\u00e9n\u00e9ral, Lotfi Mra\u00efhi, \u00e0 la t\u00eate du prochain gouvernement - Kapitalis<\/title>\n<meta name=\"robots\" content=\"index, follow, max-snippet:-1, max-image-preview:large, max-video-preview:-1\" \/>\n<link rel=\"canonical\" href=\"https:\/\/kapitalis.com\/tunisie\/2020\/01\/16\/lupr-propose-son-president-lotfi-mraihi-a-la-tete-du-prochain-gouvernement\/\" \/>\n<meta property=\"og:locale\" content=\"fr_FR\" \/>\n<meta property=\"og:type\" content=\"article\" \/>\n<meta property=\"og:title\" content=\"L&#039;UPR propose son secr\u00e9taire g\u00e9n\u00e9ral, Lotfi Mra\u00efhi, \u00e0 la t\u00eate du prochain gouvernement - Kapitalis\" \/>\n<meta property=\"og:description\" content=\"Aujourd&rsquo;hui, jeudi, 16 janvier 2020, repr\u00e9sente le dernier d\u00e9lai pour les diff\u00e9rents partis de soumettre, s&rsquo;il le souhaitent, \u00e0 l&rsquo;\u00e9crit, leurs propositions concernant la pr\u00e9sidence du prochain gouvernement, au pr\u00e9sident de la r\u00e9publique, Ka\u00efs Sa\u00efed, qui sera par la suite charg\u00e9 d&rsquo;en d\u00e9signer un. L&rsquo;Union populaire r\u00e9publicaine (UPR) a, de son c\u00f4t\u00e9, choisi son \u00e9lu&#8230;\" \/>\n<meta property=\"og:url\" content=\"https:\/\/kapitalis.com\/tunisie\/2020\/01\/16\/lupr-propose-son-president-lotfi-mraihi-a-la-tete-du-prochain-gouvernement\/\" \/>\n<meta property=\"og:site_name\" content=\"Kapitalis\" \/>\n<meta property=\"article:publisher\" content=\"https:\/\/www.facebook.com\/KapitalisInfo\/\" \/>\n<meta property=\"article:published_time\" content=\"2020-01-16T15:21:52+00:00\" \/>\n<meta property=\"article:modified_time\" content=\"2020-01-17T10:39:06+00:00\" \/>\n<meta property=\"og:image\" content=\"http:\/\/kapitalis.com\/tunisie\/wp-content\/uploads\/2019\/04\/Lotfi-Mraihi.jpg\" \/>\n<meta name=\"author\" content=\"Cherif Benyounes\" \/>\n<meta name=\"twitter:card\" content=\"summary_large_image\" \/>\n<meta name=\"twitter:creator\" content=\"@KapitalisInfo\" \/>\n<meta name=\"twitter:site\" content=\"@KapitalisInfo\" \/>\n<meta name=\"twitter:label1\" content=\"\u00c9crit par\" \/>\n\t<meta name=\"twitter:data1\" content=\"Cherif Benyounes\" \/>\n\t<meta name=\"twitter:label2\" content=\"Dur\u00e9e de lecture estim\u00e9e\" \/>\n\t<meta name=\"twitter:data2\" content=\"2 minutes\" \/>\n<script type=\"application\/ld+json\" class=\"yoast-schema-graph\">{\"@context\":\"https:\/\/schema.org\",\"@graph\":[{\"@type\":\"Article\",\"@id\":\"https:\/\/kapitalis.com\/tunisie\/2020\/01\/16\/lupr-propose-son-president-lotfi-mraihi-a-la-tete-du-prochain-gouvernement\/#article\",\"isPartOf\":{\"@id\":\"https:\/\/kapitalis.com\/tunisie\/2020\/01\/16\/lupr-propose-son-president-lotfi-mraihi-a-la-tete-du-prochain-gouvernement\/\"},\"author\":{\"name\":\"Cherif Benyounes\",\"@id\":\"https:\/\/kapitalis.com\/tunisie\/#\/schema\/person\/b35b8d631961131107263178aeb8019e\"},\"headline\":\"L&rsquo;UPR propose son secr\u00e9taire g\u00e9n\u00e9ral, Lotfi Mra\u00efhi, \u00e0 la t\u00eate du prochain gouvernement\",\"datePublished\":\"2020-01-16T15:21:52+00:00\",\"dateModified\":\"2020-01-17T10:39:06+00:00\",\"mainEntityOfPage\":{\"@id\":\"https:\/\/kapitalis.com\/tunisie\/2020\/01\/16\/lupr-propose-son-president-lotfi-mraihi-a-la-tete-du-prochain-gouvernement\/\"},\"wordCount\":420,\"commentCount\":0,\"publisher\":{\"@id\":\"https:\/\/kapitalis.com\/tunisie\/#organization\"},\"image\":{\"@id\":\"https:\/\/kapitalis.com\/tunisie\/2020\/01\/16\/lupr-propose-son-president-lotfi-mraihi-a-la-tete-du-prochain-gouvernement\/#primaryimage\"},\"thumbnailUrl\":\"http:\/\/kapitalis.com\/tunisie\/wp-content\/uploads\/2019\/04\/Lotfi-Mraihi.jpg\",\"keywords\":[\"Abir Moussi\",\"Hamma Hammami\",\"Lotfi Mraihi\",\"Moncef Marzouki\",\"moohamed abbou\",\"UPR\"],\"articleSection\":[\"POLITIQUE\",\"Tunisie\"],\"inLanguage\":\"fr-FR\",\"potentialAction\":[{\"@type\":\"CommentAction\",\"name\":\"Comment\",\"target\":[\"https:\/\/kapitalis.com\/tunisie\/2020\/01\/16\/lupr-propose-son-president-lotfi-mraihi-a-la-tete-du-prochain-gouvernement\/#respond\"]}]},{\"@type\":\"WebPage\",\"@id\":\"https:\/\/kapitalis.com\/tunisie\/2020\/01\/16\/lupr-propose-son-president-lotfi-mraihi-a-la-tete-du-prochain-gouvernement\/\",\"url\":\"https:\/\/kapitalis.com\/tunisie\/2020\/01\/16\/lupr-propose-son-president-lotfi-mraihi-a-la-tete-du-prochain-gouvernement\/\",\"name\":\"L'UPR propose son secr\u00e9taire g\u00e9n\u00e9ral, Lotfi Mra\u00efhi, \u00e0 la t\u00eate du prochain gouvernement - Kapitalis\",\"isPartOf\":{\"@id\":\"https:\/\/kapitalis.com\/tunisie\/#website\"},\"primaryImageOfPage\":{\"@id\":\"https:\/\/kapitalis.com\/tunisie\/2020\/01\/16\/lupr-propose-son-president-lotfi-mraihi-a-la-tete-du-prochain-gouvernement\/#primaryimage\"},\"image\":{\"@id\":\"https:\/\/kapitalis.com\/tunisie\/2020\/01\/16\/lupr-propose-son-president-lotfi-mraihi-a-la-tete-du-prochain-gouvernement\/#primaryimage\"},\"thumbnailUrl\":\"http:\/\/kapitalis.com\/tunisie\/wp-content\/uploads\/2019\/04\/Lotfi-Mraihi.jpg\",\"datePublished\":\"2020-01-16T15:21:52+00:00\",\"dateModified\":\"2020-01-17T10:39:06+00:00\",\"breadcrumb\":{\"@id\":\"https:\/\/kapitalis.com\/tunisie\/2020\/01\/16\/lupr-propose-son-president-lotfi-mraihi-a-la-tete-du-prochain-gouvernement\/#breadcrumb\"},\"inLanguage\":\"fr-FR\",\"potentialAction\":[{\"@type\":\"ReadAction\",\"target\":[\"https:\/\/kapitalis.com\/tunisie\/2020\/01\/16\/lupr-propose-son-president-lotfi-mraihi-a-la-tete-du-prochain-gouvernement\/\"]}]},{\"@type\":\"ImageObject\",\"inLanguage\":\"fr-FR\",\"@id\":\"https:\/\/kapitalis.com\/tunisie\/2020\/01\/16\/lupr-propose-son-president-lotfi-mraihi-a-la-tete-du-prochain-gouvernement\/#primaryimage\",\"url\":\"http:\/\/kapitalis.com\/tunisie\/wp-content\/uploads\/2019\/04\/Lotfi-Mraihi.jpg\",\"contentUrl\":\"http:\/\/kapitalis.com\/tunisie\/wp-content\/uploads\/2019\/04\/Lotfi-Mraihi.jpg\"},{\"@type\":\"BreadcrumbList\",\"@id\":\"https:\/\/kapitalis.com\/tunisie\/2020\/01\/16\/lupr-propose-son-president-lotfi-mraihi-a-la-tete-du-prochain-gouvernement\/#breadcrumb\",\"itemListElement\":[{\"@type\":\"ListItem\",\"position\":1,\"name\":\"Accueil\",\"item\":\"https:\/\/kapitalis.com\/tunisie\/\"},{\"@type\":\"ListItem\",\"position\":2,\"name\":\"L&rsquo;UPR propose son secr\u00e9taire g\u00e9n\u00e9ral, Lotfi Mra\u00efhi, \u00e0 la t\u00eate du prochain gouvernement\"}]},{\"@type\":\"WebSite\",\"@id\":\"https:\/\/kapitalis.com\/tunisie\/#website\",\"url\":\"https:\/\/kapitalis.com\/tunisie\/\",\"name\":\"Kapitalis\",\"description\":\"L&#039;actualit\u00e9 en Tunisie et dans le monde\",\"publisher\":{\"@id\":\"https:\/\/kapitalis.com\/tunisie\/#organization\"},\"potentialAction\":[{\"@type\":\"SearchAction\",\"target\":{\"@type\":\"EntryPoint\",\"urlTemplate\":\"https:\/\/kapitalis.com\/tunisie\/?s={search_term_string}\"},\"query-input\":{\"@type\":\"PropertyValueSpecification\",\"valueRequired\":true,\"valueName\":\"search_term_string\"}}],\"inLanguage\":\"fr-FR\"},{\"@type\":\"Organization\",\"@id\":\"https:\/\/kapitalis.com\/tunisie\/#organization\",\"name\":\"Kapitalis\",\"url\":\"https:\/\/kapitalis.com\/tunisie\/\",\"logo\":{\"@type\":\"ImageObject\",\"inLanguage\":\"fr-FR\",\"@id\":\"https:\/\/kapitalis.com\/tunisie\/#\/schema\/logo\/image\/\",\"url\":\"https:\/\/kapitalis.com\/tunisie\/wp-content\/uploads\/2022\/05\/Kapitalis-big-size.png\",\"contentUrl\":\"https:\/\/kapitalis.com\/tunisie\/wp-content\/uploads\/2022\/05\/Kapitalis-big-size.png\",\"width\":5000,\"height\":1500,\"caption\":\"Kapitalis\"},\"image\":{\"@id\":\"https:\/\/kapitalis.com\/tunisie\/#\/schema\/logo\/image\/\"},\"sameAs\":[\"https:\/\/www.facebook.com\/KapitalisInfo\/\",\"https:\/\/x.com\/KapitalisInfo\",\"https:\/\/www.youtube.com\/channel\/UC-yDYrHyfFBWWZaOw3FPg9Q\"]},{\"@type\":\"Person\",\"@id\":\"https:\/\/kapitalis.com\/tunisie\/#\/schema\/person\/b35b8d631961131107263178aeb8019e\",\"name\":\"Cherif Benyounes\",\"url\":\"https:\/\/kapitalis.com\/tunisie\/author\/cherif\/\"}]}<\/script>\n<!-- \/ Yoast SEO plugin. -->","yoast_head_json":{"title":"L'UPR propose son secr\u00e9taire g\u00e9n\u00e9ral, Lotfi Mra\u00efhi, \u00e0 la t\u00eate du prochain gouvernement - Kapitalis","robots":{"index":"index","follow":"follow","max-snippet":"max-snippet:-1","max-image-preview":"max-image-preview:large","max-video-preview":"max-video-preview:-1"},"canonical":"https:\/\/kapitalis.com\/tunisie\/2020\/01\/16\/lupr-propose-son-president-lotfi-mraihi-a-la-tete-du-prochain-gouvernement\/","og_locale":"fr_FR","og_type":"article","og_title":"L'UPR propose son secr\u00e9taire g\u00e9n\u00e9ral, Lotfi Mra\u00efhi, \u00e0 la t\u00eate du prochain gouvernement - Kapitalis","og_description":"Aujourd&rsquo;hui, jeudi, 16 janvier 2020, repr\u00e9sente le dernier d\u00e9lai pour les diff\u00e9rents partis de soumettre, s&rsquo;il le souhaitent, \u00e0 l&rsquo;\u00e9crit, leurs propositions concernant la pr\u00e9sidence du prochain gouvernement, au pr\u00e9sident de la r\u00e9publique, Ka\u00efs Sa\u00efed, qui sera par la suite charg\u00e9 d&rsquo;en d\u00e9signer un. L&rsquo;Union populaire r\u00e9publicaine (UPR) a, de son c\u00f4t\u00e9, choisi son \u00e9lu&#8230;","og_url":"https:\/\/kapitalis.com\/tunisie\/2020\/01\/16\/lupr-propose-son-president-lotfi-mraihi-a-la-tete-du-prochain-gouvernement\/","og_site_name":"Kapitalis","article_publisher":"https:\/\/www.facebook.com\/KapitalisInfo\/","article_published_time":"2020-01-16T15:21:52+00:00","article_modified_time":"2020-01-17T10:39:06+00:00","og_image":[{"url":"http:\/\/kapitalis.com\/tunisie\/wp-content\/uploads\/2019\/04\/Lotfi-Mraihi.jpg","type":"","width":"","height":""}],"author":"Cherif Benyounes","twitter_card":"summary_large_image","twitter_creator":"@KapitalisInfo","twitter_site":"@KapitalisInfo","twitter_misc":{"\u00c9crit par":"Cherif Benyounes","Dur\u00e9e de lecture estim\u00e9e":"2 minutes"},"schema":{"@context":"https:\/\/schema.org","@graph":[{"@type":"Article","@id":"https:\/\/kapitalis.com\/tunisie\/2020\/01\/16\/lupr-propose-son-president-lotfi-mraihi-a-la-tete-du-prochain-gouvernement\/#article","isPartOf":{"@id":"https:\/\/kapitalis.com\/tunisie\/2020\/01\/16\/lupr-propose-son-president-lotfi-mraihi-a-la-tete-du-prochain-gouvernement\/"},"author":{"name":"Cherif Benyounes","@id":"https:\/\/kapitalis.com\/tunisie\/#\/schema\/person\/b35b8d631961131107263178aeb8019e"},"headline":"L&rsquo;UPR propose son secr\u00e9taire g\u00e9n\u00e9ral, Lotfi Mra\u00efhi, \u00e0 la t\u00eate du prochain gouvernement","datePublished":"2020-01-16T15:21:52+00:00","dateModified":"2020-01-17T10:39:06+00:00","mainEntityOfPage":{"@id":"https:\/\/kapitalis.com\/tunisie\/2020\/01\/16\/lupr-propose-son-president-lotfi-mraihi-a-la-tete-du-prochain-gouvernement\/"},"wordCount":420,"commentCount":0,"publisher":{"@id":"https:\/\/kapitalis.com\/tunisie\/#organization"},"image":{"@id":"https:\/\/kapitalis.com\/tunisie\/2020\/01\/16\/lupr-propose-son-president-lotfi-mraihi-a-la-tete-du-prochain-gouvernement\/#primaryimage"},"thumbnailUrl":"http:\/\/kapitalis.com\/tunisie\/wp-content\/uploads\/2019\/04\/Lotfi-Mraihi.jpg","keywords":["Abir Moussi","Hamma Hammami","Lotfi Mraihi","Moncef Marzouki","moohamed abbou","UPR"],"articleSection":["POLITIQUE","Tunisie"],"inLanguage":"fr-FR","potentialAction":[{"@type":"CommentAction","name":"Comment","target":["https:\/\/kapitalis.com\/tunisie\/2020\/01\/16\/lupr-propose-son-president-lotfi-mraihi-a-la-tete-du-prochain-gouvernement\/#respond"]}]},{"@type":"WebPage","@id":"https:\/\/kapitalis.com\/tunisie\/2020\/01\/16\/lupr-propose-son-president-lotfi-mraihi-a-la-tete-du-prochain-gouvernement\/","url":"https:\/\/kapitalis.com\/tunisie\/2020\/01\/16\/lupr-propose-son-president-lotfi-mraihi-a-la-tete-du-prochain-gouvernement\/","name":"L'UPR propose son secr\u00e9taire g\u00e9n\u00e9ral, Lotfi Mra\u00efhi, \u00e0 la t\u00eate du prochain gouvernement - Kapitalis","isPartOf":{"@id":"https:\/\/kapitalis.com\/tunisie\/#website"},"primaryImageOfPage":{"@id":"https:\/\/kapitalis.com\/tunisie\/2020\/01\/16\/lupr-propose-son-president-lotfi-mraihi-a-la-tete-du-prochain-gouvernement\/#primaryimage"},"image":{"@id":"https:\/\/kapitalis.com\/tunisie\/2020\/01\/16\/lupr-propose-son-president-lotfi-mraihi-a-la-tete-du-prochain-gouvernement\/#primaryimage"},"thumbnailUrl":"http:\/\/kapitalis.com\/tunisie\/wp-content\/uploads\/2019\/04\/Lotfi-Mraihi.jpg","datePublished":"2020-01-16T15:21:52+00:00","dateModified":"2020-01-17T10:39:06+00:00","breadcrumb":{"@id":"https:\/\/kapitalis.com\/tunisie\/2020\/01\/16\/lupr-propose-son-president-lotfi-mraihi-a-la-tete-du-prochain-gouvernement\/#breadcrumb"},"inLanguage":"fr-FR","potentialAction":[{"@type":"ReadAction","target":["https:\/\/kapitalis.com\/tunisie\/2020\/01\/16\/lupr-propose-son-president-lotfi-mraihi-a-la-tete-du-prochain-gouvernement\/"]}]},{"@type":"ImageObject","inLanguage":"fr-FR","@id":"https:\/\/kapitalis.com\/tunisie\/2020\/01\/16\/lupr-propose-son-president-lotfi-mraihi-a-la-tete-du-prochain-gouvernement\/#primaryimage","url":"http:\/\/kapitalis.com\/tunisie\/wp-content\/uploads\/2019\/04\/Lotfi-Mraihi.jpg","contentUrl":"http:\/\/kapitalis.com\/tunisie\/wp-content\/uploads\/2019\/04\/Lotfi-Mraihi.jpg"},{"@type":"BreadcrumbList","@id":"https:\/\/kapitalis.com\/tunisie\/2020\/01\/16\/lupr-propose-son-president-lotfi-mraihi-a-la-tete-du-prochain-gouvernement\/#breadcrumb","itemListElement":[{"@type":"ListItem","position":1,"name":"Accueil","item":"https:\/\/kapitalis.com\/tunisie\/"},{"@type":"ListItem","position":2,"name":"L&rsquo;UPR propose son secr\u00e9taire g\u00e9n\u00e9ral, Lotfi Mra\u00efhi, \u00e0 la t\u00eate du prochain gouvernement"}]},{"@type":"WebSite","@id":"https:\/\/kapitalis.com\/tunisie\/#website","url":"https:\/\/kapitalis.com\/tunisie\/","name":"Kapitalis","description":"L&#039;actualit\u00e9 en Tunisie et dans le monde","publisher":{"@id":"https:\/\/kapitalis.com\/tunisie\/#organization"},"potentialAction":[{"@type":"SearchAction","target":{"@type":"EntryPoint","urlTemplate":"https:\/\/kapitalis.com\/tunisie\/?s={search_term_string}"},"query-input":{"@type":"PropertyValueSpecification","valueRequired":true,"valueName":"search_term_string"}}],"inLanguage":"fr-FR"},{"@type":"Organization","@id":"https:\/\/kapitalis.com\/tunisie\/#organization","name":"Kapitalis","url":"https:\/\/kapitalis.com\/tunisie\/","logo":{"@type":"ImageObject","inLanguage":"fr-FR","@id":"https:\/\/kapitalis.com\/tunisie\/#\/schema\/logo\/image\/","url":"https:\/\/kapitalis.com\/tunisie\/wp-content\/uploads\/2022\/05\/Kapitalis-big-size.png","contentUrl":"https:\/\/kapitalis.com\/tunisie\/wp-content\/uploads\/2022\/05\/Kapitalis-big-size.png","width":5000,"height":1500,"caption":"Kapitalis"},"image":{"@id":"https:\/\/kapitalis.com\/tunisie\/#\/schema\/logo\/image\/"},"sameAs":["https:\/\/www.facebook.com\/KapitalisInfo\/","https:\/\/x.com\/KapitalisInfo","https:\/\/www.youtube.com\/channel\/UC-yDYrHyfFBWWZaOw3FPg9Q"]},{"@type":"Person","@id":"https:\/\/kapitalis.com\/tunisie\/#\/schema\/person\/b35b8d631961131107263178aeb8019e","name":"Cherif Benyounes","url":"https:\/\/kapitalis.com\/tunisie\/author\/cherif\/"}]}},"_links":{"self":[{"href":"https:\/\/kapitalis.com\/tunisie\/wp-json\/wp\/v2\/posts\/273356","targetHints":{"allow":["GET"]}}],"collection":[{"href":"https:\/\/kapitalis.com\/tunisie\/wp-json\/wp\/v2\/posts"}],"about":[{"href":"https:\/\/kapitalis.com\/tunisie\/wp-json\/wp\/v2\/types\/post"}],"author":[{"embeddable":true,"href":"https:\/\/kapitalis.com\/tunisie\/wp-json\/wp\/v2\/users\/24"}],"replies":[{"embeddable":true,"href":"https:\/\/kapitalis.com\/tunisie\/wp-json\/wp\/v2\/comments?post=273356"}],"version-history":[{"count":0,"href":"https:\/\/kapitalis.com\/tunisie\/wp-json\/wp\/v2\/posts\/273356\/revisions"}],"wp:attachment":[{"href":"https:\/\/kapitalis.com\/tunisie\/wp-json\/wp\/v2\/media?parent=273356"}],"wp:term":[{"taxonomy":"category","embeddable":true,"href":"https:\/\/kapitalis.com\/tunisie\/wp-json\/wp\/v2\/categories?post=273356"},{"taxonomy":"post_tag","embeddable":true,"href":"https:\/\/kapitalis.com\/tunisie\/wp-json\/wp\/v2\/tags?post=273356"}],"curies":[{"name":"wp","href":"https:\/\/api.w.org\/{rel}","templated":true}]}}