{"id":27374,"date":"2015-11-26T11:14:09","date_gmt":"2015-11-26T10:14:09","guid":{"rendered":"http:\/\/kapitalis.com\/tunisie\/?p=27374"},"modified":"2015-12-28T10:24:23","modified_gmt":"2015-12-28T09:24:23","slug":"attentat-de-tunis-habib-essid-sexplique-devant-les-deputes","status":"publish","type":"post","link":"https:\/\/kapitalis.com\/tunisie\/2015\/11\/26\/attentat-de-tunis-habib-essid-sexplique-devant-les-deputes\/","title":{"rendered":"Attentat de Tunis : Habib Essid s\u2019explique devant les d\u00e9put\u00e9s"},"content":{"rendered":"<p><img loading=\"lazy\" decoding=\"async\" class=\"alignnone size-full wp-image-3349 aligncenter\" src=\"http:\/\/kapitalis.com\/tunisie\/wp-content\/uploads\/2015\/06\/Habib-Essid-Parlement.jpg\" alt=\"Habib-Essid-Parlement\" width=\"626\" height=\"380\" \/><\/p>\n<p><em><strong>Le chef du gouvernement s\u2019est adress\u00e9 ce matin aux d\u00e9put\u00e9s lors d&rsquo;une s\u00e9ance pl\u00e9ni\u00e8re de l&rsquo;Assembl\u00e9e pour parler de la lutte antiterroriste apr\u00e8s l\u2019attentat de Tunis.<\/strong><\/em><br \/>\n<!--more--><\/p>\n<p>Habib Essid, qui \u00e9tait accompagn\u00e9 de plusieurs ministres, a pass\u00e9 en revue le d\u00e9roulement des \u00e9v\u00e9nements, apr\u00e8s l\u2019attentat de Tunis, minute par minute, tels qu&rsquo;il les a v\u00e9cu \u00e0 son niveau. Il a aussi \u00e9voqu\u00e9 la situation s\u00e9curitaire dans le pays et les d\u00e9cisions prises apr\u00e8s la mise en place de l\u2019\u00e9tat d\u2019urgence et le couvre-feu par le pr\u00e9sident de la r\u00e9publique et la tenue du Conseil sup\u00e9rieur de s\u00e9curit\u00e9 nationale, hier soir, au palais de Carthage.<\/p>\n<p>A ce propos le chef du gouvernement a d\u00e9clar\u00e9 que les services du minist\u00e8re de l\u2019Int\u00e9rieur ont d\u00e9j\u00e0 ferm\u00e9 plusieurs sites \u00e9lectroniques et pages li\u00e9s, de pr\u00e8s ou de loin, au terrorisme. Mais si les pages Facebook ou les comptes Twitter sont faciles \u00e0 rep\u00e9rer et \u00e0 verrouiller, d\u2019autres sites utilis\u00e9s par les terroristes sont plus difficile \u00e0 atteindre et \u00e0 fermer, a-t-il, cependant, ajout\u00e9.<\/p>\n<p>Concernant la d\u00e9cision de mise en place de la surveillance administrative pour les personnes suspect\u00e9es de terrorisme par le ministre de l\u2019Int\u00e9rieur et par les gouverneurs, M. Essid a annonc\u00e9 que pas moins de 149 d\u00e9cisions de surveillance ont \u00e9t\u00e9 prises hier.<\/p>\n<p>Suite \u00e0 l&rsquo;audition du Premier ministre, l&rsquo;Assembl\u00e9e des repr\u00e9sentants du peule (ARP) a poursuivi le d\u00e9bat du budget de l&rsquo;Etat pour l&rsquo;exercice 2016.<\/p>\n<p>Rappelons que le rapport de la commission des finances, de la planification et du d\u00e9veloppement \u00e0 propos de ce projet de loi a \u00e9t\u00e9 approuv\u00e9, mercredi, par le bureau de l&rsquo;ARP.<\/p>\n<p style=\"text-align: right;\"><strong>A. B. M.<\/strong><\/p>\n","protected":false},"excerpt":{"rendered":"<p>Le chef du gouvernement s\u2019est adress\u00e9 ce matin aux d\u00e9put\u00e9s lors d&rsquo;une s\u00e9ance pl\u00e9ni\u00e8re de l&rsquo;Assembl\u00e9e pour parler de la lutte antiterroriste apr\u00e8s l\u2019attentat de Tunis.<\/p>\n","protected":false},"author":11,"featured_media":0,"comment_status":"open","ping_status":"open","sticky":false,"template":"","format":"standard","meta":{"footnotes":""},"categories":[997,2433],"tags":[84,6648,3668,418,435,815],"class_list":["post-27374","post","type-post","status-publish","format-standard","hentry","category-politique","category-tunisie","tag-arp","tag-budget-2016","tag-deputes","tag-gouvernement","tag-habib-essid","tag-securite"],"yoast_head":"<!-- This site is optimized with the Yoast SEO plugin v26.6 - https:\/\/yoast.com\/wordpress\/plugins\/seo\/ -->\n<title>Attentat de Tunis : Habib Essid s\u2019explique devant les d\u00e9put\u00e9s - Kapitalis<\/title>\n<meta name=\"robots\" content=\"index, follow, max-snippet:-1, max-image-preview:large, max-video-preview:-1\" \/>\n<link rel=\"canonical\" href=\"https:\/\/kapitalis.com\/tunisie\/2015\/11\/26\/attentat-de-tunis-habib-essid-sexplique-devant-les-deputes\/\" \/>\n<meta property=\"og:locale\" content=\"fr_FR\" \/>\n<meta property=\"og:type\" content=\"article\" \/>\n<meta property=\"og:title\" content=\"Attentat de Tunis : Habib Essid s\u2019explique devant les d\u00e9put\u00e9s - Kapitalis\" \/>\n<meta property=\"og:description\" content=\"Le chef du gouvernement s\u2019est adress\u00e9 ce matin aux d\u00e9put\u00e9s lors d&rsquo;une s\u00e9ance pl\u00e9ni\u00e8re de l&rsquo;Assembl\u00e9e pour parler de la lutte antiterroriste apr\u00e8s l\u2019attentat de Tunis.\" \/>\n<meta property=\"og:url\" content=\"https:\/\/kapitalis.com\/tunisie\/2015\/11\/26\/attentat-de-tunis-habib-essid-sexplique-devant-les-deputes\/\" \/>\n<meta property=\"og:site_name\" content=\"Kapitalis\" \/>\n<meta property=\"article:publisher\" content=\"https:\/\/www.facebook.com\/KapitalisInfo\/\" \/>\n<meta property=\"article:published_time\" content=\"2015-11-26T10:14:09+00:00\" \/>\n<meta property=\"article:modified_time\" content=\"2015-12-28T09:24:23+00:00\" \/>\n<meta property=\"og:image\" content=\"http:\/\/kapitalis.com\/tunisie\/wp-content\/uploads\/2015\/06\/Habib-Essid-Parlement.jpg\" \/>\n<meta name=\"author\" content=\"benmansour3 benmansour\" \/>\n<meta name=\"twitter:card\" content=\"summary_large_image\" \/>\n<meta name=\"twitter:creator\" content=\"@KapitalisInfo\" \/>\n<meta name=\"twitter:site\" content=\"@KapitalisInfo\" \/>\n<meta name=\"twitter:label1\" content=\"\u00c9crit par\" \/>\n\t<meta name=\"twitter:data1\" content=\"benmansour3 benmansour\" \/>\n\t<meta name=\"twitter:label2\" content=\"Dur\u00e9e de lecture estim\u00e9e\" \/>\n\t<meta name=\"twitter:data2\" content=\"2 minutes\" \/>\n<script type=\"application\/ld+json\" class=\"yoast-schema-graph\">{\"@context\":\"https:\/\/schema.org\",\"@graph\":[{\"@type\":\"Article\",\"@id\":\"https:\/\/kapitalis.com\/tunisie\/2015\/11\/26\/attentat-de-tunis-habib-essid-sexplique-devant-les-deputes\/#article\",\"isPartOf\":{\"@id\":\"https:\/\/kapitalis.com\/tunisie\/2015\/11\/26\/attentat-de-tunis-habib-essid-sexplique-devant-les-deputes\/\"},\"author\":{\"name\":\"benmansour3 benmansour\",\"@id\":\"https:\/\/kapitalis.com\/tunisie\/#\/schema\/person\/035372e645ad321edc01006468cd4c8b\"},\"headline\":\"Attentat de Tunis : Habib Essid s\u2019explique devant les d\u00e9put\u00e9s\",\"datePublished\":\"2015-11-26T10:14:09+00:00\",\"dateModified\":\"2015-12-28T09:24:23+00:00\",\"mainEntityOfPage\":{\"@id\":\"https:\/\/kapitalis.com\/tunisie\/2015\/11\/26\/attentat-de-tunis-habib-essid-sexplique-devant-les-deputes\/\"},\"wordCount\":312,\"commentCount\":2,\"publisher\":{\"@id\":\"https:\/\/kapitalis.com\/tunisie\/#organization\"},\"image\":{\"@id\":\"https:\/\/kapitalis.com\/tunisie\/2015\/11\/26\/attentat-de-tunis-habib-essid-sexplique-devant-les-deputes\/#primaryimage\"},\"thumbnailUrl\":\"http:\/\/kapitalis.com\/tunisie\/wp-content\/uploads\/2015\/06\/Habib-Essid-Parlement.jpg\",\"keywords\":[\"ARP\",\"budget 2016\",\"d\u00e9put\u00e9s\",\"gouvernement\",\"Habib Essid\",\"s\u00e9curit\u00e9\"],\"articleSection\":[\"POLITIQUE\",\"Tunisie\"],\"inLanguage\":\"fr-FR\",\"potentialAction\":[{\"@type\":\"CommentAction\",\"name\":\"Comment\",\"target\":[\"https:\/\/kapitalis.com\/tunisie\/2015\/11\/26\/attentat-de-tunis-habib-essid-sexplique-devant-les-deputes\/#respond\"]}]},{\"@type\":\"WebPage\",\"@id\":\"https:\/\/kapitalis.com\/tunisie\/2015\/11\/26\/attentat-de-tunis-habib-essid-sexplique-devant-les-deputes\/\",\"url\":\"https:\/\/kapitalis.com\/tunisie\/2015\/11\/26\/attentat-de-tunis-habib-essid-sexplique-devant-les-deputes\/\",\"name\":\"Attentat de Tunis : Habib Essid s\u2019explique devant les d\u00e9put\u00e9s - Kapitalis\",\"isPartOf\":{\"@id\":\"https:\/\/kapitalis.com\/tunisie\/#website\"},\"primaryImageOfPage\":{\"@id\":\"https:\/\/kapitalis.com\/tunisie\/2015\/11\/26\/attentat-de-tunis-habib-essid-sexplique-devant-les-deputes\/#primaryimage\"},\"image\":{\"@id\":\"https:\/\/kapitalis.com\/tunisie\/2015\/11\/26\/attentat-de-tunis-habib-essid-sexplique-devant-les-deputes\/#primaryimage\"},\"thumbnailUrl\":\"http:\/\/kapitalis.com\/tunisie\/wp-content\/uploads\/2015\/06\/Habib-Essid-Parlement.jpg\",\"datePublished\":\"2015-11-26T10:14:09+00:00\",\"dateModified\":\"2015-12-28T09:24:23+00:00\",\"breadcrumb\":{\"@id\":\"https:\/\/kapitalis.com\/tunisie\/2015\/11\/26\/attentat-de-tunis-habib-essid-sexplique-devant-les-deputes\/#breadcrumb\"},\"inLanguage\":\"fr-FR\",\"potentialAction\":[{\"@type\":\"ReadAction\",\"target\":[\"https:\/\/kapitalis.com\/tunisie\/2015\/11\/26\/attentat-de-tunis-habib-essid-sexplique-devant-les-deputes\/\"]}]},{\"@type\":\"ImageObject\",\"inLanguage\":\"fr-FR\",\"@id\":\"https:\/\/kapitalis.com\/tunisie\/2015\/11\/26\/attentat-de-tunis-habib-essid-sexplique-devant-les-deputes\/#primaryimage\",\"url\":\"http:\/\/kapitalis.com\/tunisie\/wp-content\/uploads\/2015\/06\/Habib-Essid-Parlement.jpg\",\"contentUrl\":\"http:\/\/kapitalis.com\/tunisie\/wp-content\/uploads\/2015\/06\/Habib-Essid-Parlement.jpg\"},{\"@type\":\"BreadcrumbList\",\"@id\":\"https:\/\/kapitalis.com\/tunisie\/2015\/11\/26\/attentat-de-tunis-habib-essid-sexplique-devant-les-deputes\/#breadcrumb\",\"itemListElement\":[{\"@type\":\"ListItem\",\"position\":1,\"name\":\"Accueil\",\"item\":\"https:\/\/kapitalis.com\/tunisie\/\"},{\"@type\":\"ListItem\",\"position\":2,\"name\":\"Attentat de Tunis : Habib Essid s\u2019explique devant les d\u00e9put\u00e9s\"}]},{\"@type\":\"WebSite\",\"@id\":\"https:\/\/kapitalis.com\/tunisie\/#website\",\"url\":\"https:\/\/kapitalis.com\/tunisie\/\",\"name\":\"Kapitalis\",\"description\":\"L&#039;actualit\u00e9 en Tunisie et dans le monde\",\"publisher\":{\"@id\":\"https:\/\/kapitalis.com\/tunisie\/#organization\"},\"potentialAction\":[{\"@type\":\"SearchAction\",\"target\":{\"@type\":\"EntryPoint\",\"urlTemplate\":\"https:\/\/kapitalis.com\/tunisie\/?s={search_term_string}\"},\"query-input\":{\"@type\":\"PropertyValueSpecification\",\"valueRequired\":true,\"valueName\":\"search_term_string\"}}],\"inLanguage\":\"fr-FR\"},{\"@type\":\"Organization\",\"@id\":\"https:\/\/kapitalis.com\/tunisie\/#organization\",\"name\":\"Kapitalis\",\"url\":\"https:\/\/kapitalis.com\/tunisie\/\",\"logo\":{\"@type\":\"ImageObject\",\"inLanguage\":\"fr-FR\",\"@id\":\"https:\/\/kapitalis.com\/tunisie\/#\/schema\/logo\/image\/\",\"url\":\"https:\/\/kapitalis.com\/tunisie\/wp-content\/uploads\/2022\/05\/Kapitalis-big-size.png\",\"contentUrl\":\"https:\/\/kapitalis.com\/tunisie\/wp-content\/uploads\/2022\/05\/Kapitalis-big-size.png\",\"width\":5000,\"height\":1500,\"caption\":\"Kapitalis\"},\"image\":{\"@id\":\"https:\/\/kapitalis.com\/tunisie\/#\/schema\/logo\/image\/\"},\"sameAs\":[\"https:\/\/www.facebook.com\/KapitalisInfo\/\",\"https:\/\/x.com\/KapitalisInfo\",\"https:\/\/www.youtube.com\/channel\/UC-yDYrHyfFBWWZaOw3FPg9Q\"]},{\"@type\":\"Person\",\"@id\":\"https:\/\/kapitalis.com\/tunisie\/#\/schema\/person\/035372e645ad321edc01006468cd4c8b\",\"name\":\"benmansour3 benmansour\",\"url\":\"https:\/\/kapitalis.com\/tunisie\/author\/benmansour3\/\"}]}<\/script>\n<!-- \/ Yoast SEO plugin. -->","yoast_head_json":{"title":"Attentat de Tunis : Habib Essid s\u2019explique devant les d\u00e9put\u00e9s - Kapitalis","robots":{"index":"index","follow":"follow","max-snippet":"max-snippet:-1","max-image-preview":"max-image-preview:large","max-video-preview":"max-video-preview:-1"},"canonical":"https:\/\/kapitalis.com\/tunisie\/2015\/11\/26\/attentat-de-tunis-habib-essid-sexplique-devant-les-deputes\/","og_locale":"fr_FR","og_type":"article","og_title":"Attentat de Tunis : Habib Essid s\u2019explique devant les d\u00e9put\u00e9s - Kapitalis","og_description":"Le chef du gouvernement s\u2019est adress\u00e9 ce matin aux d\u00e9put\u00e9s lors d&rsquo;une s\u00e9ance pl\u00e9ni\u00e8re de l&rsquo;Assembl\u00e9e pour parler de la lutte antiterroriste apr\u00e8s l\u2019attentat de Tunis.","og_url":"https:\/\/kapitalis.com\/tunisie\/2015\/11\/26\/attentat-de-tunis-habib-essid-sexplique-devant-les-deputes\/","og_site_name":"Kapitalis","article_publisher":"https:\/\/www.facebook.com\/KapitalisInfo\/","article_published_time":"2015-11-26T10:14:09+00:00","article_modified_time":"2015-12-28T09:24:23+00:00","og_image":[{"url":"http:\/\/kapitalis.com\/tunisie\/wp-content\/uploads\/2015\/06\/Habib-Essid-Parlement.jpg","type":"","width":"","height":""}],"author":"benmansour3 benmansour","twitter_card":"summary_large_image","twitter_creator":"@KapitalisInfo","twitter_site":"@KapitalisInfo","twitter_misc":{"\u00c9crit par":"benmansour3 benmansour","Dur\u00e9e de lecture estim\u00e9e":"2 minutes"},"schema":{"@context":"https:\/\/schema.org","@graph":[{"@type":"Article","@id":"https:\/\/kapitalis.com\/tunisie\/2015\/11\/26\/attentat-de-tunis-habib-essid-sexplique-devant-les-deputes\/#article","isPartOf":{"@id":"https:\/\/kapitalis.com\/tunisie\/2015\/11\/26\/attentat-de-tunis-habib-essid-sexplique-devant-les-deputes\/"},"author":{"name":"benmansour3 benmansour","@id":"https:\/\/kapitalis.com\/tunisie\/#\/schema\/person\/035372e645ad321edc01006468cd4c8b"},"headline":"Attentat de Tunis : Habib Essid s\u2019explique devant les d\u00e9put\u00e9s","datePublished":"2015-11-26T10:14:09+00:00","dateModified":"2015-12-28T09:24:23+00:00","mainEntityOfPage":{"@id":"https:\/\/kapitalis.com\/tunisie\/2015\/11\/26\/attentat-de-tunis-habib-essid-sexplique-devant-les-deputes\/"},"wordCount":312,"commentCount":2,"publisher":{"@id":"https:\/\/kapitalis.com\/tunisie\/#organization"},"image":{"@id":"https:\/\/kapitalis.com\/tunisie\/2015\/11\/26\/attentat-de-tunis-habib-essid-sexplique-devant-les-deputes\/#primaryimage"},"thumbnailUrl":"http:\/\/kapitalis.com\/tunisie\/wp-content\/uploads\/2015\/06\/Habib-Essid-Parlement.jpg","keywords":["ARP","budget 2016","d\u00e9put\u00e9s","gouvernement","Habib Essid","s\u00e9curit\u00e9"],"articleSection":["POLITIQUE","Tunisie"],"inLanguage":"fr-FR","potentialAction":[{"@type":"CommentAction","name":"Comment","target":["https:\/\/kapitalis.com\/tunisie\/2015\/11\/26\/attentat-de-tunis-habib-essid-sexplique-devant-les-deputes\/#respond"]}]},{"@type":"WebPage","@id":"https:\/\/kapitalis.com\/tunisie\/2015\/11\/26\/attentat-de-tunis-habib-essid-sexplique-devant-les-deputes\/","url":"https:\/\/kapitalis.com\/tunisie\/2015\/11\/26\/attentat-de-tunis-habib-essid-sexplique-devant-les-deputes\/","name":"Attentat de Tunis : Habib Essid s\u2019explique devant les d\u00e9put\u00e9s - Kapitalis","isPartOf":{"@id":"https:\/\/kapitalis.com\/tunisie\/#website"},"primaryImageOfPage":{"@id":"https:\/\/kapitalis.com\/tunisie\/2015\/11\/26\/attentat-de-tunis-habib-essid-sexplique-devant-les-deputes\/#primaryimage"},"image":{"@id":"https:\/\/kapitalis.com\/tunisie\/2015\/11\/26\/attentat-de-tunis-habib-essid-sexplique-devant-les-deputes\/#primaryimage"},"thumbnailUrl":"http:\/\/kapitalis.com\/tunisie\/wp-content\/uploads\/2015\/06\/Habib-Essid-Parlement.jpg","datePublished":"2015-11-26T10:14:09+00:00","dateModified":"2015-12-28T09:24:23+00:00","breadcrumb":{"@id":"https:\/\/kapitalis.com\/tunisie\/2015\/11\/26\/attentat-de-tunis-habib-essid-sexplique-devant-les-deputes\/#breadcrumb"},"inLanguage":"fr-FR","potentialAction":[{"@type":"ReadAction","target":["https:\/\/kapitalis.com\/tunisie\/2015\/11\/26\/attentat-de-tunis-habib-essid-sexplique-devant-les-deputes\/"]}]},{"@type":"ImageObject","inLanguage":"fr-FR","@id":"https:\/\/kapitalis.com\/tunisie\/2015\/11\/26\/attentat-de-tunis-habib-essid-sexplique-devant-les-deputes\/#primaryimage","url":"http:\/\/kapitalis.com\/tunisie\/wp-content\/uploads\/2015\/06\/Habib-Essid-Parlement.jpg","contentUrl":"http:\/\/kapitalis.com\/tunisie\/wp-content\/uploads\/2015\/06\/Habib-Essid-Parlement.jpg"},{"@type":"BreadcrumbList","@id":"https:\/\/kapitalis.com\/tunisie\/2015\/11\/26\/attentat-de-tunis-habib-essid-sexplique-devant-les-deputes\/#breadcrumb","itemListElement":[{"@type":"ListItem","position":1,"name":"Accueil","item":"https:\/\/kapitalis.com\/tunisie\/"},{"@type":"ListItem","position":2,"name":"Attentat de Tunis : Habib Essid s\u2019explique devant les d\u00e9put\u00e9s"}]},{"@type":"WebSite","@id":"https:\/\/kapitalis.com\/tunisie\/#website","url":"https:\/\/kapitalis.com\/tunisie\/","name":"Kapitalis","description":"L&#039;actualit\u00e9 en Tunisie et dans le monde","publisher":{"@id":"https:\/\/kapitalis.com\/tunisie\/#organization"},"potentialAction":[{"@type":"SearchAction","target":{"@type":"EntryPoint","urlTemplate":"https:\/\/kapitalis.com\/tunisie\/?s={search_term_string}"},"query-input":{"@type":"PropertyValueSpecification","valueRequired":true,"valueName":"search_term_string"}}],"inLanguage":"fr-FR"},{"@type":"Organization","@id":"https:\/\/kapitalis.com\/tunisie\/#organization","name":"Kapitalis","url":"https:\/\/kapitalis.com\/tunisie\/","logo":{"@type":"ImageObject","inLanguage":"fr-FR","@id":"https:\/\/kapitalis.com\/tunisie\/#\/schema\/logo\/image\/","url":"https:\/\/kapitalis.com\/tunisie\/wp-content\/uploads\/2022\/05\/Kapitalis-big-size.png","contentUrl":"https:\/\/kapitalis.com\/tunisie\/wp-content\/uploads\/2022\/05\/Kapitalis-big-size.png","width":5000,"height":1500,"caption":"Kapitalis"},"image":{"@id":"https:\/\/kapitalis.com\/tunisie\/#\/schema\/logo\/image\/"},"sameAs":["https:\/\/www.facebook.com\/KapitalisInfo\/","https:\/\/x.com\/KapitalisInfo","https:\/\/www.youtube.com\/channel\/UC-yDYrHyfFBWWZaOw3FPg9Q"]},{"@type":"Person","@id":"https:\/\/kapitalis.com\/tunisie\/#\/schema\/person\/035372e645ad321edc01006468cd4c8b","name":"benmansour3 benmansour","url":"https:\/\/kapitalis.com\/tunisie\/author\/benmansour3\/"}]}},"_links":{"self":[{"href":"https:\/\/kapitalis.com\/tunisie\/wp-json\/wp\/v2\/posts\/27374","targetHints":{"allow":["GET"]}}],"collection":[{"href":"https:\/\/kapitalis.com\/tunisie\/wp-json\/wp\/v2\/posts"}],"about":[{"href":"https:\/\/kapitalis.com\/tunisie\/wp-json\/wp\/v2\/types\/post"}],"author":[{"embeddable":true,"href":"https:\/\/kapitalis.com\/tunisie\/wp-json\/wp\/v2\/users\/11"}],"replies":[{"embeddable":true,"href":"https:\/\/kapitalis.com\/tunisie\/wp-json\/wp\/v2\/comments?post=27374"}],"version-history":[{"count":0,"href":"https:\/\/kapitalis.com\/tunisie\/wp-json\/wp\/v2\/posts\/27374\/revisions"}],"wp:attachment":[{"href":"https:\/\/kapitalis.com\/tunisie\/wp-json\/wp\/v2\/media?parent=27374"}],"wp:term":[{"taxonomy":"category","embeddable":true,"href":"https:\/\/kapitalis.com\/tunisie\/wp-json\/wp\/v2\/categories?post=27374"},{"taxonomy":"post_tag","embeddable":true,"href":"https:\/\/kapitalis.com\/tunisie\/wp-json\/wp\/v2\/tags?post=27374"}],"curies":[{"name":"wp","href":"https:\/\/api.w.org\/{rel}","templated":true}]}}