{"id":273785,"date":"2020-01-18T10:13:02","date_gmt":"2020-01-18T09:13:02","guid":{"rendered":"http:\/\/kapitalis.com\/tunisie\/?p=273785"},"modified":"2020-01-18T10:13:04","modified_gmt":"2020-01-18T09:13:04","slug":"le-marocain-abdesslam-rhnimi-nomme-directeur-general-de-total-tunisie","status":"publish","type":"post","link":"https:\/\/kapitalis.com\/tunisie\/2020\/01\/18\/le-marocain-abdesslam-rhnimi-nomme-directeur-general-de-total-tunisie\/","title":{"rendered":"Le Marocain Abdesslam Rhnimi nomm\u00e9 directeur g\u00e9n\u00e9ral de Total Tunisie"},"content":{"rendered":"\n<figure class=\"wp-block-image size-large\"><img decoding=\"async\" src=\"http:\/\/kapitalis.com\/tunisie\/wp-content\/uploads\/2020\/01\/Abdesslam-Rhnimi-Total....jpg\" alt=\"\" class=\"wp-image-273796\"\/><\/figure>\n\n\n\n<p><em style=\"\"><b>Le Marocain Abdesslam Rhnimi vient d&rsquo;\u00eatre nomm\u00e9 directeur g\u00e9n\u00e9ral de la filiale tunisienne du groupe <\/b><\/em><strong><em>fran\u00e7ais Total. Il remplace ainsi le Kazakh Mansur Zhakupov.<\/em><\/strong><\/p>\n\n\n\n<!--more-->\n\n\n\n<p>Le remplacement de Zhakupov a \u00e9t\u00e9 d\u00e9cid\u00e9 par le Conseil d&rsquo;administration de Total lors d&rsquo;une r\u00e9union tenue en d\u00e9cembre dernier. <\/p>\n\n\n\n<p>Quant \u00e0 Rhnimi, il \u00e9tait charg\u00e9 auparavant de l\u2019\u00e9valuation des risques et de la d\u00e9finition de la politique de s\u00e9curit\u00e9, d\u2019hygi\u00e8ne et de respect de l\u2019environnement et occupait \u00e9galement le poste de responsable HSE (Health Safety Executive, ou responsable de la sant\u00e9 et la s\u00e9curit\u00e9) de Total Africa.  <\/p>\n\n\n\n<p>Avant d\u2019int\u00e9grer le si\u00e8ge de Total en 2016 en France, il \u00e9tait charg\u00e9 de la section gaz de p\u00e9trole liqu\u00e9fi\u00e9 \u00e0 Total Maroc. Autant dire qu&rsquo;il ne sera nullement d\u00e9pays\u00e9 en Tunisie, o\u00f9 il ne tardera pas \u00e0 retrouver ses marques, notamment sur les plans humain et culturel.<\/p>\n\n\n\n<p class=\"has-text-align-right\"><strong>A. M.<\/strong><\/p>\n\n\n\n<figure class=\"wp-block-embed-wordpress wp-block-embed is-type-wp-embed is-provider-kapitalis\"><div class=\"wp-block-embed__wrapper\">\n<blockquote class=\"wp-embedded-content\" data-secret=\"Z6pU5zm12O\"><a href=\"https:\/\/kapitalis.com\/tunisie\/2017\/07\/07\/mansur-zhakupov-nouveau-dg-de-total-tunisie\/\">Mansur Zhakupov, nouveau DG de Total Tunisie<\/a><\/blockquote><iframe loading=\"lazy\" class=\"wp-embedded-content\" sandbox=\"allow-scripts\" security=\"restricted\" style=\"position: absolute; clip: rect(1px, 1px, 1px, 1px);\" title=\"\u00ab\u00a0Mansur Zhakupov, nouveau DG de Total Tunisie\u00a0\u00bb &#8212; Kapitalis\" src=\"https:\/\/kapitalis.com\/tunisie\/2017\/07\/07\/mansur-zhakupov-nouveau-dg-de-total-tunisie\/embed\/#?secret=1rzqEyLkut#?secret=Z6pU5zm12O\" data-secret=\"Z6pU5zm12O\" width=\"600\" height=\"338\" frameborder=\"0\" marginwidth=\"0\" marginheight=\"0\" scrolling=\"no\"><\/iframe>\n<\/div><\/figure>\n","protected":false},"excerpt":{"rendered":"<p>Le Marocain Abdesslam Rhnimi vient d&rsquo;\u00eatre nomm\u00e9 directeur g\u00e9n\u00e9ral de la filiale tunisienne du groupe fran\u00e7ais Total. Il remplace ainsi le Kazakh Mansur Zhakupov.<\/p>\n","protected":false},"author":22,"featured_media":273796,"comment_status":"open","ping_status":"open","sticky":false,"template":"","format":"standard","meta":{"footnotes":""},"categories":[995,2433],"tags":[72979,395,1601],"class_list":["post-273785","post","type-post","status-publish","format-standard","has-post-thumbnail","hentry","category-economie","category-tunisie","tag-abdesslam-rhnimi","tag-france","tag-total-tunisie"],"yoast_head":"<!-- This site is optimized with the Yoast SEO plugin v26.6 - https:\/\/yoast.com\/wordpress\/plugins\/seo\/ -->\n<title>Le Marocain Abdesslam Rhnimi nomm\u00e9 directeur g\u00e9n\u00e9ral de Total Tunisie - Kapitalis<\/title>\n<meta name=\"robots\" content=\"index, follow, max-snippet:-1, max-image-preview:large, max-video-preview:-1\" \/>\n<link rel=\"canonical\" href=\"https:\/\/kapitalis.com\/tunisie\/2020\/01\/18\/le-marocain-abdesslam-rhnimi-nomme-directeur-general-de-total-tunisie\/\" \/>\n<meta property=\"og:locale\" content=\"fr_FR\" \/>\n<meta property=\"og:type\" content=\"article\" \/>\n<meta property=\"og:title\" content=\"Le Marocain Abdesslam Rhnimi nomm\u00e9 directeur g\u00e9n\u00e9ral de Total Tunisie - Kapitalis\" \/>\n<meta property=\"og:description\" content=\"Le Marocain Abdesslam Rhnimi vient d&rsquo;\u00eatre nomm\u00e9 directeur g\u00e9n\u00e9ral de la filiale tunisienne du groupe fran\u00e7ais Total. Il remplace ainsi le Kazakh Mansur Zhakupov.\" \/>\n<meta property=\"og:url\" content=\"https:\/\/kapitalis.com\/tunisie\/2020\/01\/18\/le-marocain-abdesslam-rhnimi-nomme-directeur-general-de-total-tunisie\/\" \/>\n<meta property=\"og:site_name\" content=\"Kapitalis\" \/>\n<meta property=\"article:publisher\" content=\"https:\/\/www.facebook.com\/KapitalisInfo\/\" \/>\n<meta property=\"article:published_time\" content=\"2020-01-18T09:13:02+00:00\" \/>\n<meta property=\"article:modified_time\" content=\"2020-01-18T09:13:04+00:00\" \/>\n<meta property=\"og:image\" content=\"https:\/\/kapitalis.com\/tunisie\/wp-content\/uploads\/2022\/05\/kapitalis-logo-fb.png\" \/>\n\t<meta property=\"og:image:width\" content=\"1200\" \/>\n\t<meta property=\"og:image:height\" content=\"630\" \/>\n\t<meta property=\"og:image:type\" content=\"image\/png\" \/>\n<meta name=\"author\" content=\"Amina Mkada\" \/>\n<meta name=\"twitter:card\" content=\"summary_large_image\" \/>\n<meta name=\"twitter:creator\" content=\"@KapitalisInfo\" \/>\n<meta name=\"twitter:site\" content=\"@KapitalisInfo\" \/>\n<meta name=\"twitter:label1\" content=\"\u00c9crit par\" \/>\n\t<meta name=\"twitter:data1\" content=\"Amina Mkada\" \/>\n\t<meta name=\"twitter:label2\" content=\"Dur\u00e9e de lecture estim\u00e9e\" \/>\n\t<meta name=\"twitter:data2\" content=\"1 minute\" \/>\n<script type=\"application\/ld+json\" class=\"yoast-schema-graph\">{\"@context\":\"https:\/\/schema.org\",\"@graph\":[{\"@type\":\"Article\",\"@id\":\"https:\/\/kapitalis.com\/tunisie\/2020\/01\/18\/le-marocain-abdesslam-rhnimi-nomme-directeur-general-de-total-tunisie\/#article\",\"isPartOf\":{\"@id\":\"https:\/\/kapitalis.com\/tunisie\/2020\/01\/18\/le-marocain-abdesslam-rhnimi-nomme-directeur-general-de-total-tunisie\/\"},\"author\":{\"name\":\"Amina Mkada\",\"@id\":\"https:\/\/kapitalis.com\/tunisie\/#\/schema\/person\/093913313d3017554cb3ad077fff3fbd\"},\"headline\":\"Le Marocain Abdesslam Rhnimi nomm\u00e9 directeur g\u00e9n\u00e9ral de Total Tunisie\",\"datePublished\":\"2020-01-18T09:13:02+00:00\",\"dateModified\":\"2020-01-18T09:13:04+00:00\",\"mainEntityOfPage\":{\"@id\":\"https:\/\/kapitalis.com\/tunisie\/2020\/01\/18\/le-marocain-abdesslam-rhnimi-nomme-directeur-general-de-total-tunisie\/\"},\"wordCount\":175,\"commentCount\":3,\"publisher\":{\"@id\":\"https:\/\/kapitalis.com\/tunisie\/#organization\"},\"image\":{\"@id\":\"https:\/\/kapitalis.com\/tunisie\/2020\/01\/18\/le-marocain-abdesslam-rhnimi-nomme-directeur-general-de-total-tunisie\/#primaryimage\"},\"thumbnailUrl\":\"\",\"keywords\":[\"Abdesslam Rhnimi\",\"France\",\"Total Tunisie\"],\"articleSection\":[\"ECONOMIE\",\"Tunisie\"],\"inLanguage\":\"fr-FR\",\"potentialAction\":[{\"@type\":\"CommentAction\",\"name\":\"Comment\",\"target\":[\"https:\/\/kapitalis.com\/tunisie\/2020\/01\/18\/le-marocain-abdesslam-rhnimi-nomme-directeur-general-de-total-tunisie\/#respond\"]}]},{\"@type\":\"WebPage\",\"@id\":\"https:\/\/kapitalis.com\/tunisie\/2020\/01\/18\/le-marocain-abdesslam-rhnimi-nomme-directeur-general-de-total-tunisie\/\",\"url\":\"https:\/\/kapitalis.com\/tunisie\/2020\/01\/18\/le-marocain-abdesslam-rhnimi-nomme-directeur-general-de-total-tunisie\/\",\"name\":\"Le Marocain Abdesslam Rhnimi nomm\u00e9 directeur g\u00e9n\u00e9ral de Total Tunisie - Kapitalis\",\"isPartOf\":{\"@id\":\"https:\/\/kapitalis.com\/tunisie\/#website\"},\"primaryImageOfPage\":{\"@id\":\"https:\/\/kapitalis.com\/tunisie\/2020\/01\/18\/le-marocain-abdesslam-rhnimi-nomme-directeur-general-de-total-tunisie\/#primaryimage\"},\"image\":{\"@id\":\"https:\/\/kapitalis.com\/tunisie\/2020\/01\/18\/le-marocain-abdesslam-rhnimi-nomme-directeur-general-de-total-tunisie\/#primaryimage\"},\"thumbnailUrl\":\"\",\"datePublished\":\"2020-01-18T09:13:02+00:00\",\"dateModified\":\"2020-01-18T09:13:04+00:00\",\"breadcrumb\":{\"@id\":\"https:\/\/kapitalis.com\/tunisie\/2020\/01\/18\/le-marocain-abdesslam-rhnimi-nomme-directeur-general-de-total-tunisie\/#breadcrumb\"},\"inLanguage\":\"fr-FR\",\"potentialAction\":[{\"@type\":\"ReadAction\",\"target\":[\"https:\/\/kapitalis.com\/tunisie\/2020\/01\/18\/le-marocain-abdesslam-rhnimi-nomme-directeur-general-de-total-tunisie\/\"]}]},{\"@type\":\"ImageObject\",\"inLanguage\":\"fr-FR\",\"@id\":\"https:\/\/kapitalis.com\/tunisie\/2020\/01\/18\/le-marocain-abdesslam-rhnimi-nomme-directeur-general-de-total-tunisie\/#primaryimage\",\"url\":\"\",\"contentUrl\":\"\"},{\"@type\":\"BreadcrumbList\",\"@id\":\"https:\/\/kapitalis.com\/tunisie\/2020\/01\/18\/le-marocain-abdesslam-rhnimi-nomme-directeur-general-de-total-tunisie\/#breadcrumb\",\"itemListElement\":[{\"@type\":\"ListItem\",\"position\":1,\"name\":\"Accueil\",\"item\":\"https:\/\/kapitalis.com\/tunisie\/\"},{\"@type\":\"ListItem\",\"position\":2,\"name\":\"Le Marocain Abdesslam Rhnimi nomm\u00e9 directeur g\u00e9n\u00e9ral de Total Tunisie\"}]},{\"@type\":\"WebSite\",\"@id\":\"https:\/\/kapitalis.com\/tunisie\/#website\",\"url\":\"https:\/\/kapitalis.com\/tunisie\/\",\"name\":\"Kapitalis\",\"description\":\"L&#039;actualit\u00e9 en Tunisie et dans le monde\",\"publisher\":{\"@id\":\"https:\/\/kapitalis.com\/tunisie\/#organization\"},\"potentialAction\":[{\"@type\":\"SearchAction\",\"target\":{\"@type\":\"EntryPoint\",\"urlTemplate\":\"https:\/\/kapitalis.com\/tunisie\/?s={search_term_string}\"},\"query-input\":{\"@type\":\"PropertyValueSpecification\",\"valueRequired\":true,\"valueName\":\"search_term_string\"}}],\"inLanguage\":\"fr-FR\"},{\"@type\":\"Organization\",\"@id\":\"https:\/\/kapitalis.com\/tunisie\/#organization\",\"name\":\"Kapitalis\",\"url\":\"https:\/\/kapitalis.com\/tunisie\/\",\"logo\":{\"@type\":\"ImageObject\",\"inLanguage\":\"fr-FR\",\"@id\":\"https:\/\/kapitalis.com\/tunisie\/#\/schema\/logo\/image\/\",\"url\":\"https:\/\/kapitalis.com\/tunisie\/wp-content\/uploads\/2022\/05\/Kapitalis-big-size.png\",\"contentUrl\":\"https:\/\/kapitalis.com\/tunisie\/wp-content\/uploads\/2022\/05\/Kapitalis-big-size.png\",\"width\":5000,\"height\":1500,\"caption\":\"Kapitalis\"},\"image\":{\"@id\":\"https:\/\/kapitalis.com\/tunisie\/#\/schema\/logo\/image\/\"},\"sameAs\":[\"https:\/\/www.facebook.com\/KapitalisInfo\/\",\"https:\/\/x.com\/KapitalisInfo\",\"https:\/\/www.youtube.com\/channel\/UC-yDYrHyfFBWWZaOw3FPg9Q\"]},{\"@type\":\"Person\",\"@id\":\"https:\/\/kapitalis.com\/tunisie\/#\/schema\/person\/093913313d3017554cb3ad077fff3fbd\",\"name\":\"Amina Mkada\",\"url\":\"https:\/\/kapitalis.com\/tunisie\/author\/amina\/\"}]}<\/script>\n<!-- \/ Yoast SEO plugin. -->","yoast_head_json":{"title":"Le Marocain Abdesslam Rhnimi nomm\u00e9 directeur g\u00e9n\u00e9ral de Total Tunisie - Kapitalis","robots":{"index":"index","follow":"follow","max-snippet":"max-snippet:-1","max-image-preview":"max-image-preview:large","max-video-preview":"max-video-preview:-1"},"canonical":"https:\/\/kapitalis.com\/tunisie\/2020\/01\/18\/le-marocain-abdesslam-rhnimi-nomme-directeur-general-de-total-tunisie\/","og_locale":"fr_FR","og_type":"article","og_title":"Le Marocain Abdesslam Rhnimi nomm\u00e9 directeur g\u00e9n\u00e9ral de Total Tunisie - Kapitalis","og_description":"Le Marocain Abdesslam Rhnimi vient d&rsquo;\u00eatre nomm\u00e9 directeur g\u00e9n\u00e9ral de la filiale tunisienne du groupe fran\u00e7ais Total. Il remplace ainsi le Kazakh Mansur Zhakupov.","og_url":"https:\/\/kapitalis.com\/tunisie\/2020\/01\/18\/le-marocain-abdesslam-rhnimi-nomme-directeur-general-de-total-tunisie\/","og_site_name":"Kapitalis","article_publisher":"https:\/\/www.facebook.com\/KapitalisInfo\/","article_published_time":"2020-01-18T09:13:02+00:00","article_modified_time":"2020-01-18T09:13:04+00:00","og_image":[{"width":1200,"height":630,"url":"https:\/\/kapitalis.com\/tunisie\/wp-content\/uploads\/2022\/05\/kapitalis-logo-fb.png","type":"image\/png"}],"author":"Amina Mkada","twitter_card":"summary_large_image","twitter_creator":"@KapitalisInfo","twitter_site":"@KapitalisInfo","twitter_misc":{"\u00c9crit par":"Amina Mkada","Dur\u00e9e de lecture estim\u00e9e":"1 minute"},"schema":{"@context":"https:\/\/schema.org","@graph":[{"@type":"Article","@id":"https:\/\/kapitalis.com\/tunisie\/2020\/01\/18\/le-marocain-abdesslam-rhnimi-nomme-directeur-general-de-total-tunisie\/#article","isPartOf":{"@id":"https:\/\/kapitalis.com\/tunisie\/2020\/01\/18\/le-marocain-abdesslam-rhnimi-nomme-directeur-general-de-total-tunisie\/"},"author":{"name":"Amina Mkada","@id":"https:\/\/kapitalis.com\/tunisie\/#\/schema\/person\/093913313d3017554cb3ad077fff3fbd"},"headline":"Le Marocain Abdesslam Rhnimi nomm\u00e9 directeur g\u00e9n\u00e9ral de Total Tunisie","datePublished":"2020-01-18T09:13:02+00:00","dateModified":"2020-01-18T09:13:04+00:00","mainEntityOfPage":{"@id":"https:\/\/kapitalis.com\/tunisie\/2020\/01\/18\/le-marocain-abdesslam-rhnimi-nomme-directeur-general-de-total-tunisie\/"},"wordCount":175,"commentCount":3,"publisher":{"@id":"https:\/\/kapitalis.com\/tunisie\/#organization"},"image":{"@id":"https:\/\/kapitalis.com\/tunisie\/2020\/01\/18\/le-marocain-abdesslam-rhnimi-nomme-directeur-general-de-total-tunisie\/#primaryimage"},"thumbnailUrl":"","keywords":["Abdesslam Rhnimi","France","Total Tunisie"],"articleSection":["ECONOMIE","Tunisie"],"inLanguage":"fr-FR","potentialAction":[{"@type":"CommentAction","name":"Comment","target":["https:\/\/kapitalis.com\/tunisie\/2020\/01\/18\/le-marocain-abdesslam-rhnimi-nomme-directeur-general-de-total-tunisie\/#respond"]}]},{"@type":"WebPage","@id":"https:\/\/kapitalis.com\/tunisie\/2020\/01\/18\/le-marocain-abdesslam-rhnimi-nomme-directeur-general-de-total-tunisie\/","url":"https:\/\/kapitalis.com\/tunisie\/2020\/01\/18\/le-marocain-abdesslam-rhnimi-nomme-directeur-general-de-total-tunisie\/","name":"Le Marocain Abdesslam Rhnimi nomm\u00e9 directeur g\u00e9n\u00e9ral de Total Tunisie - Kapitalis","isPartOf":{"@id":"https:\/\/kapitalis.com\/tunisie\/#website"},"primaryImageOfPage":{"@id":"https:\/\/kapitalis.com\/tunisie\/2020\/01\/18\/le-marocain-abdesslam-rhnimi-nomme-directeur-general-de-total-tunisie\/#primaryimage"},"image":{"@id":"https:\/\/kapitalis.com\/tunisie\/2020\/01\/18\/le-marocain-abdesslam-rhnimi-nomme-directeur-general-de-total-tunisie\/#primaryimage"},"thumbnailUrl":"","datePublished":"2020-01-18T09:13:02+00:00","dateModified":"2020-01-18T09:13:04+00:00","breadcrumb":{"@id":"https:\/\/kapitalis.com\/tunisie\/2020\/01\/18\/le-marocain-abdesslam-rhnimi-nomme-directeur-general-de-total-tunisie\/#breadcrumb"},"inLanguage":"fr-FR","potentialAction":[{"@type":"ReadAction","target":["https:\/\/kapitalis.com\/tunisie\/2020\/01\/18\/le-marocain-abdesslam-rhnimi-nomme-directeur-general-de-total-tunisie\/"]}]},{"@type":"ImageObject","inLanguage":"fr-FR","@id":"https:\/\/kapitalis.com\/tunisie\/2020\/01\/18\/le-marocain-abdesslam-rhnimi-nomme-directeur-general-de-total-tunisie\/#primaryimage","url":"","contentUrl":""},{"@type":"BreadcrumbList","@id":"https:\/\/kapitalis.com\/tunisie\/2020\/01\/18\/le-marocain-abdesslam-rhnimi-nomme-directeur-general-de-total-tunisie\/#breadcrumb","itemListElement":[{"@type":"ListItem","position":1,"name":"Accueil","item":"https:\/\/kapitalis.com\/tunisie\/"},{"@type":"ListItem","position":2,"name":"Le Marocain Abdesslam Rhnimi nomm\u00e9 directeur g\u00e9n\u00e9ral de Total Tunisie"}]},{"@type":"WebSite","@id":"https:\/\/kapitalis.com\/tunisie\/#website","url":"https:\/\/kapitalis.com\/tunisie\/","name":"Kapitalis","description":"L&#039;actualit\u00e9 en Tunisie et dans le monde","publisher":{"@id":"https:\/\/kapitalis.com\/tunisie\/#organization"},"potentialAction":[{"@type":"SearchAction","target":{"@type":"EntryPoint","urlTemplate":"https:\/\/kapitalis.com\/tunisie\/?s={search_term_string}"},"query-input":{"@type":"PropertyValueSpecification","valueRequired":true,"valueName":"search_term_string"}}],"inLanguage":"fr-FR"},{"@type":"Organization","@id":"https:\/\/kapitalis.com\/tunisie\/#organization","name":"Kapitalis","url":"https:\/\/kapitalis.com\/tunisie\/","logo":{"@type":"ImageObject","inLanguage":"fr-FR","@id":"https:\/\/kapitalis.com\/tunisie\/#\/schema\/logo\/image\/","url":"https:\/\/kapitalis.com\/tunisie\/wp-content\/uploads\/2022\/05\/Kapitalis-big-size.png","contentUrl":"https:\/\/kapitalis.com\/tunisie\/wp-content\/uploads\/2022\/05\/Kapitalis-big-size.png","width":5000,"height":1500,"caption":"Kapitalis"},"image":{"@id":"https:\/\/kapitalis.com\/tunisie\/#\/schema\/logo\/image\/"},"sameAs":["https:\/\/www.facebook.com\/KapitalisInfo\/","https:\/\/x.com\/KapitalisInfo","https:\/\/www.youtube.com\/channel\/UC-yDYrHyfFBWWZaOw3FPg9Q"]},{"@type":"Person","@id":"https:\/\/kapitalis.com\/tunisie\/#\/schema\/person\/093913313d3017554cb3ad077fff3fbd","name":"Amina Mkada","url":"https:\/\/kapitalis.com\/tunisie\/author\/amina\/"}]}},"_links":{"self":[{"href":"https:\/\/kapitalis.com\/tunisie\/wp-json\/wp\/v2\/posts\/273785","targetHints":{"allow":["GET"]}}],"collection":[{"href":"https:\/\/kapitalis.com\/tunisie\/wp-json\/wp\/v2\/posts"}],"about":[{"href":"https:\/\/kapitalis.com\/tunisie\/wp-json\/wp\/v2\/types\/post"}],"author":[{"embeddable":true,"href":"https:\/\/kapitalis.com\/tunisie\/wp-json\/wp\/v2\/users\/22"}],"replies":[{"embeddable":true,"href":"https:\/\/kapitalis.com\/tunisie\/wp-json\/wp\/v2\/comments?post=273785"}],"version-history":[{"count":0,"href":"https:\/\/kapitalis.com\/tunisie\/wp-json\/wp\/v2\/posts\/273785\/revisions"}],"wp:featuredmedia":[{"embeddable":true,"href":"https:\/\/kapitalis.com\/tunisie\/wp-json\/wp\/v2\/media\/273796"}],"wp:attachment":[{"href":"https:\/\/kapitalis.com\/tunisie\/wp-json\/wp\/v2\/media?parent=273785"}],"wp:term":[{"taxonomy":"category","embeddable":true,"href":"https:\/\/kapitalis.com\/tunisie\/wp-json\/wp\/v2\/categories?post=273785"},{"taxonomy":"post_tag","embeddable":true,"href":"https:\/\/kapitalis.com\/tunisie\/wp-json\/wp\/v2\/tags?post=273785"}],"curies":[{"name":"wp","href":"https:\/\/api.w.org\/{rel}","templated":true}]}}