{"id":273921,"date":"2020-01-19T08:18:06","date_gmt":"2020-01-19T07:18:06","guid":{"rendered":"http:\/\/kapitalis.com\/tunisie\/?p=273921"},"modified":"2020-01-19T08:19:11","modified_gmt":"2020-01-19T07:19:11","slug":"les-dechets-organiques-seront-a-nouveau-traites-a-bir-el-kassaa-en-2020","status":"publish","type":"post","link":"https:\/\/kapitalis.com\/tunisie\/2020\/01\/19\/les-dechets-organiques-seront-a-nouveau-traites-a-bir-el-kassaa-en-2020\/","title":{"rendered":"Les d\u00e9chets organiques seront \u00e0 nouveau trait\u00e9s \u00e0 Bir El Kassaa en 2020"},"content":{"rendered":"\n<figure class=\"wp-block-image size-large\"><img decoding=\"async\" src=\"http:\/\/kapitalis.com\/tunisie\/wp-content\/uploads\/2020\/01\/unit\u00e9-de-valorisation-des-d\u00e9chets-de-Bir-El-Kassaa.jpg\" alt=\"\" class=\"wp-image-273928\"\/><\/figure>\n\n\n\n<p><strong><em>Il est pr\u00e9vu que la r\u00e9activation et l&rsquo;exploitation de l&rsquo;Unit\u00e9 de valorisation des d\u00e9chets de Bir El Kassaa, en \u00e9tat arr\u00eat depuis 2009, seront r\u00e9activ\u00e9es au courant de 2020, selon un communiqu\u00e9 de la Soci\u00e9t\u00e9 tunisienne des march\u00e9s de gros (Sotumag) publi\u00e9 ce samedi 18 janvier 2020. <\/em><\/strong><\/p>\n\n\n\n<!--more-->\n\n\n\n<p>Plusieurs probl\u00e8mes ont entrav\u00e9 le fonctionnement de cette unit\u00e9 install\u00e9e en 2009, sauf durant un mois seulement au cours de l&rsquo;ann\u00e9e 2010, selon le communiqu\u00e9 de Faten Ouerghi, Pdg de la Sotumag, publi\u00e9 samedi.<\/p>\n\n\n\n<p>Faten Ouerghi estime que la Sotumag s&rsquo;appuie fortement sur ce grand projet qui sera relanc\u00e9 en coop\u00e9ration avec plusieurs communes, pour exploiter les d\u00e9chets de toutes sortes du march\u00e9 de gros, afin de r\u00e9duire les d\u00e9penses pr\u00e9vues \u00e0 cet effet et \u00e9radiquer la pollution dans l&rsquo;ensemble de la r\u00e9gion.<\/p>\n\n\n\n<p>Faten Ouerghi a \u00e9galement indiqu\u00e9 que le co\u00fbt de construction et d&rsquo;exploitation de cette unit\u00e9 a atteint 4 millions de dinars tunisiens (MDT), et que ce qui entrave son exploitation ce sont la perte de certains \u00e9quipements, et la non-fourniture des fonds restants d&rsquo;environ 1,2 MDT, ajoutant que l&rsquo;unit\u00e9 figure parmi les 12 stations de valorisation des d\u00e9chets dont la r\u00e9alisation est programm\u00e9e sur l&rsquo;ensemble du territoire tunisien.<\/p>\n\n\n\n<p class=\"has-text-align-right\"><strong>A. M.<\/strong><\/p>\n","protected":false},"excerpt":{"rendered":"<p>Il est pr\u00e9vu que la r\u00e9activation et l&rsquo;exploitation de l&rsquo;Unit\u00e9 de valorisation des d\u00e9chets de Bir El Kassaa, en \u00e9tat arr\u00eat depuis 2009, seront r\u00e9activ\u00e9es au courant de 2020, selon un communiqu\u00e9 de la Soci\u00e9t\u00e9 tunisienne des march\u00e9s de gros (Sotumag) publi\u00e9 ce samedi 18 janvier 2020.<\/p>\n","protected":false},"author":22,"featured_media":273928,"comment_status":"open","ping_status":"open","sticky":false,"template":"","format":"standard","meta":{"footnotes":""},"categories":[995,2433],"tags":[],"class_list":["post-273921","post","type-post","status-publish","format-standard","has-post-thumbnail","hentry","category-economie","category-tunisie"],"yoast_head":"<!-- This site is optimized with the Yoast SEO plugin v26.6 - https:\/\/yoast.com\/wordpress\/plugins\/seo\/ -->\n<title>Les d\u00e9chets organiques seront \u00e0 nouveau trait\u00e9s \u00e0 Bir El Kassaa en 2020 - Kapitalis<\/title>\n<meta name=\"robots\" content=\"index, follow, max-snippet:-1, max-image-preview:large, max-video-preview:-1\" \/>\n<link rel=\"canonical\" href=\"https:\/\/kapitalis.com\/tunisie\/2020\/01\/19\/les-dechets-organiques-seront-a-nouveau-traites-a-bir-el-kassaa-en-2020\/\" \/>\n<meta property=\"og:locale\" content=\"fr_FR\" \/>\n<meta property=\"og:type\" content=\"article\" \/>\n<meta property=\"og:title\" content=\"Les d\u00e9chets organiques seront \u00e0 nouveau trait\u00e9s \u00e0 Bir El Kassaa en 2020 - Kapitalis\" \/>\n<meta property=\"og:description\" content=\"Il est pr\u00e9vu que la r\u00e9activation et l&rsquo;exploitation de l&rsquo;Unit\u00e9 de valorisation des d\u00e9chets de Bir El Kassaa, en \u00e9tat arr\u00eat depuis 2009, seront r\u00e9activ\u00e9es au courant de 2020, selon un communiqu\u00e9 de la Soci\u00e9t\u00e9 tunisienne des march\u00e9s de gros (Sotumag) publi\u00e9 ce samedi 18 janvier 2020.\" \/>\n<meta property=\"og:url\" content=\"https:\/\/kapitalis.com\/tunisie\/2020\/01\/19\/les-dechets-organiques-seront-a-nouveau-traites-a-bir-el-kassaa-en-2020\/\" \/>\n<meta property=\"og:site_name\" content=\"Kapitalis\" \/>\n<meta property=\"article:publisher\" content=\"https:\/\/www.facebook.com\/KapitalisInfo\/\" \/>\n<meta property=\"article:published_time\" content=\"2020-01-19T07:18:06+00:00\" \/>\n<meta property=\"article:modified_time\" content=\"2020-01-19T07:19:11+00:00\" \/>\n<meta property=\"og:image\" content=\"https:\/\/kapitalis.com\/tunisie\/wp-content\/uploads\/2022\/05\/kapitalis-logo-fb.png\" \/>\n\t<meta property=\"og:image:width\" content=\"1200\" \/>\n\t<meta property=\"og:image:height\" content=\"630\" \/>\n\t<meta property=\"og:image:type\" content=\"image\/png\" \/>\n<meta name=\"author\" content=\"Amina Mkada\" \/>\n<meta name=\"twitter:card\" content=\"summary_large_image\" \/>\n<meta name=\"twitter:creator\" content=\"@KapitalisInfo\" \/>\n<meta name=\"twitter:site\" content=\"@KapitalisInfo\" \/>\n<meta name=\"twitter:label1\" content=\"\u00c9crit par\" \/>\n\t<meta name=\"twitter:data1\" content=\"Amina Mkada\" \/>\n\t<meta name=\"twitter:label2\" content=\"Dur\u00e9e de lecture estim\u00e9e\" \/>\n\t<meta name=\"twitter:data2\" content=\"1 minute\" \/>\n<script type=\"application\/ld+json\" class=\"yoast-schema-graph\">{\"@context\":\"https:\/\/schema.org\",\"@graph\":[{\"@type\":\"Article\",\"@id\":\"https:\/\/kapitalis.com\/tunisie\/2020\/01\/19\/les-dechets-organiques-seront-a-nouveau-traites-a-bir-el-kassaa-en-2020\/#article\",\"isPartOf\":{\"@id\":\"https:\/\/kapitalis.com\/tunisie\/2020\/01\/19\/les-dechets-organiques-seront-a-nouveau-traites-a-bir-el-kassaa-en-2020\/\"},\"author\":{\"name\":\"Amina Mkada\",\"@id\":\"https:\/\/kapitalis.com\/tunisie\/#\/schema\/person\/093913313d3017554cb3ad077fff3fbd\"},\"headline\":\"Les d\u00e9chets organiques seront \u00e0 nouveau trait\u00e9s \u00e0 Bir El Kassaa en 2020\",\"datePublished\":\"2020-01-19T07:18:06+00:00\",\"dateModified\":\"2020-01-19T07:19:11+00:00\",\"mainEntityOfPage\":{\"@id\":\"https:\/\/kapitalis.com\/tunisie\/2020\/01\/19\/les-dechets-organiques-seront-a-nouveau-traites-a-bir-el-kassaa-en-2020\/\"},\"wordCount\":223,\"commentCount\":0,\"publisher\":{\"@id\":\"https:\/\/kapitalis.com\/tunisie\/#organization\"},\"image\":{\"@id\":\"https:\/\/kapitalis.com\/tunisie\/2020\/01\/19\/les-dechets-organiques-seront-a-nouveau-traites-a-bir-el-kassaa-en-2020\/#primaryimage\"},\"thumbnailUrl\":\"\",\"articleSection\":[\"ECONOMIE\",\"Tunisie\"],\"inLanguage\":\"fr-FR\",\"potentialAction\":[{\"@type\":\"CommentAction\",\"name\":\"Comment\",\"target\":[\"https:\/\/kapitalis.com\/tunisie\/2020\/01\/19\/les-dechets-organiques-seront-a-nouveau-traites-a-bir-el-kassaa-en-2020\/#respond\"]}]},{\"@type\":\"WebPage\",\"@id\":\"https:\/\/kapitalis.com\/tunisie\/2020\/01\/19\/les-dechets-organiques-seront-a-nouveau-traites-a-bir-el-kassaa-en-2020\/\",\"url\":\"https:\/\/kapitalis.com\/tunisie\/2020\/01\/19\/les-dechets-organiques-seront-a-nouveau-traites-a-bir-el-kassaa-en-2020\/\",\"name\":\"Les d\u00e9chets organiques seront \u00e0 nouveau trait\u00e9s \u00e0 Bir El Kassaa en 2020 - Kapitalis\",\"isPartOf\":{\"@id\":\"https:\/\/kapitalis.com\/tunisie\/#website\"},\"primaryImageOfPage\":{\"@id\":\"https:\/\/kapitalis.com\/tunisie\/2020\/01\/19\/les-dechets-organiques-seront-a-nouveau-traites-a-bir-el-kassaa-en-2020\/#primaryimage\"},\"image\":{\"@id\":\"https:\/\/kapitalis.com\/tunisie\/2020\/01\/19\/les-dechets-organiques-seront-a-nouveau-traites-a-bir-el-kassaa-en-2020\/#primaryimage\"},\"thumbnailUrl\":\"\",\"datePublished\":\"2020-01-19T07:18:06+00:00\",\"dateModified\":\"2020-01-19T07:19:11+00:00\",\"breadcrumb\":{\"@id\":\"https:\/\/kapitalis.com\/tunisie\/2020\/01\/19\/les-dechets-organiques-seront-a-nouveau-traites-a-bir-el-kassaa-en-2020\/#breadcrumb\"},\"inLanguage\":\"fr-FR\",\"potentialAction\":[{\"@type\":\"ReadAction\",\"target\":[\"https:\/\/kapitalis.com\/tunisie\/2020\/01\/19\/les-dechets-organiques-seront-a-nouveau-traites-a-bir-el-kassaa-en-2020\/\"]}]},{\"@type\":\"ImageObject\",\"inLanguage\":\"fr-FR\",\"@id\":\"https:\/\/kapitalis.com\/tunisie\/2020\/01\/19\/les-dechets-organiques-seront-a-nouveau-traites-a-bir-el-kassaa-en-2020\/#primaryimage\",\"url\":\"\",\"contentUrl\":\"\"},{\"@type\":\"BreadcrumbList\",\"@id\":\"https:\/\/kapitalis.com\/tunisie\/2020\/01\/19\/les-dechets-organiques-seront-a-nouveau-traites-a-bir-el-kassaa-en-2020\/#breadcrumb\",\"itemListElement\":[{\"@type\":\"ListItem\",\"position\":1,\"name\":\"Accueil\",\"item\":\"https:\/\/kapitalis.com\/tunisie\/\"},{\"@type\":\"ListItem\",\"position\":2,\"name\":\"Les d\u00e9chets organiques seront \u00e0 nouveau trait\u00e9s \u00e0 Bir El Kassaa en 2020\"}]},{\"@type\":\"WebSite\",\"@id\":\"https:\/\/kapitalis.com\/tunisie\/#website\",\"url\":\"https:\/\/kapitalis.com\/tunisie\/\",\"name\":\"Kapitalis\",\"description\":\"L&#039;actualit\u00e9 en Tunisie et dans le monde\",\"publisher\":{\"@id\":\"https:\/\/kapitalis.com\/tunisie\/#organization\"},\"potentialAction\":[{\"@type\":\"SearchAction\",\"target\":{\"@type\":\"EntryPoint\",\"urlTemplate\":\"https:\/\/kapitalis.com\/tunisie\/?s={search_term_string}\"},\"query-input\":{\"@type\":\"PropertyValueSpecification\",\"valueRequired\":true,\"valueName\":\"search_term_string\"}}],\"inLanguage\":\"fr-FR\"},{\"@type\":\"Organization\",\"@id\":\"https:\/\/kapitalis.com\/tunisie\/#organization\",\"name\":\"Kapitalis\",\"url\":\"https:\/\/kapitalis.com\/tunisie\/\",\"logo\":{\"@type\":\"ImageObject\",\"inLanguage\":\"fr-FR\",\"@id\":\"https:\/\/kapitalis.com\/tunisie\/#\/schema\/logo\/image\/\",\"url\":\"https:\/\/kapitalis.com\/tunisie\/wp-content\/uploads\/2022\/05\/Kapitalis-big-size.png\",\"contentUrl\":\"https:\/\/kapitalis.com\/tunisie\/wp-content\/uploads\/2022\/05\/Kapitalis-big-size.png\",\"width\":5000,\"height\":1500,\"caption\":\"Kapitalis\"},\"image\":{\"@id\":\"https:\/\/kapitalis.com\/tunisie\/#\/schema\/logo\/image\/\"},\"sameAs\":[\"https:\/\/www.facebook.com\/KapitalisInfo\/\",\"https:\/\/x.com\/KapitalisInfo\",\"https:\/\/www.youtube.com\/channel\/UC-yDYrHyfFBWWZaOw3FPg9Q\"]},{\"@type\":\"Person\",\"@id\":\"https:\/\/kapitalis.com\/tunisie\/#\/schema\/person\/093913313d3017554cb3ad077fff3fbd\",\"name\":\"Amina Mkada\",\"url\":\"https:\/\/kapitalis.com\/tunisie\/author\/amina\/\"}]}<\/script>\n<!-- \/ Yoast SEO plugin. -->","yoast_head_json":{"title":"Les d\u00e9chets organiques seront \u00e0 nouveau trait\u00e9s \u00e0 Bir El Kassaa en 2020 - Kapitalis","robots":{"index":"index","follow":"follow","max-snippet":"max-snippet:-1","max-image-preview":"max-image-preview:large","max-video-preview":"max-video-preview:-1"},"canonical":"https:\/\/kapitalis.com\/tunisie\/2020\/01\/19\/les-dechets-organiques-seront-a-nouveau-traites-a-bir-el-kassaa-en-2020\/","og_locale":"fr_FR","og_type":"article","og_title":"Les d\u00e9chets organiques seront \u00e0 nouveau trait\u00e9s \u00e0 Bir El Kassaa en 2020 - Kapitalis","og_description":"Il est pr\u00e9vu que la r\u00e9activation et l&rsquo;exploitation de l&rsquo;Unit\u00e9 de valorisation des d\u00e9chets de Bir El Kassaa, en \u00e9tat arr\u00eat depuis 2009, seront r\u00e9activ\u00e9es au courant de 2020, selon un communiqu\u00e9 de la Soci\u00e9t\u00e9 tunisienne des march\u00e9s de gros (Sotumag) publi\u00e9 ce samedi 18 janvier 2020.","og_url":"https:\/\/kapitalis.com\/tunisie\/2020\/01\/19\/les-dechets-organiques-seront-a-nouveau-traites-a-bir-el-kassaa-en-2020\/","og_site_name":"Kapitalis","article_publisher":"https:\/\/www.facebook.com\/KapitalisInfo\/","article_published_time":"2020-01-19T07:18:06+00:00","article_modified_time":"2020-01-19T07:19:11+00:00","og_image":[{"width":1200,"height":630,"url":"https:\/\/kapitalis.com\/tunisie\/wp-content\/uploads\/2022\/05\/kapitalis-logo-fb.png","type":"image\/png"}],"author":"Amina Mkada","twitter_card":"summary_large_image","twitter_creator":"@KapitalisInfo","twitter_site":"@KapitalisInfo","twitter_misc":{"\u00c9crit par":"Amina Mkada","Dur\u00e9e de lecture estim\u00e9e":"1 minute"},"schema":{"@context":"https:\/\/schema.org","@graph":[{"@type":"Article","@id":"https:\/\/kapitalis.com\/tunisie\/2020\/01\/19\/les-dechets-organiques-seront-a-nouveau-traites-a-bir-el-kassaa-en-2020\/#article","isPartOf":{"@id":"https:\/\/kapitalis.com\/tunisie\/2020\/01\/19\/les-dechets-organiques-seront-a-nouveau-traites-a-bir-el-kassaa-en-2020\/"},"author":{"name":"Amina Mkada","@id":"https:\/\/kapitalis.com\/tunisie\/#\/schema\/person\/093913313d3017554cb3ad077fff3fbd"},"headline":"Les d\u00e9chets organiques seront \u00e0 nouveau trait\u00e9s \u00e0 Bir El Kassaa en 2020","datePublished":"2020-01-19T07:18:06+00:00","dateModified":"2020-01-19T07:19:11+00:00","mainEntityOfPage":{"@id":"https:\/\/kapitalis.com\/tunisie\/2020\/01\/19\/les-dechets-organiques-seront-a-nouveau-traites-a-bir-el-kassaa-en-2020\/"},"wordCount":223,"commentCount":0,"publisher":{"@id":"https:\/\/kapitalis.com\/tunisie\/#organization"},"image":{"@id":"https:\/\/kapitalis.com\/tunisie\/2020\/01\/19\/les-dechets-organiques-seront-a-nouveau-traites-a-bir-el-kassaa-en-2020\/#primaryimage"},"thumbnailUrl":"","articleSection":["ECONOMIE","Tunisie"],"inLanguage":"fr-FR","potentialAction":[{"@type":"CommentAction","name":"Comment","target":["https:\/\/kapitalis.com\/tunisie\/2020\/01\/19\/les-dechets-organiques-seront-a-nouveau-traites-a-bir-el-kassaa-en-2020\/#respond"]}]},{"@type":"WebPage","@id":"https:\/\/kapitalis.com\/tunisie\/2020\/01\/19\/les-dechets-organiques-seront-a-nouveau-traites-a-bir-el-kassaa-en-2020\/","url":"https:\/\/kapitalis.com\/tunisie\/2020\/01\/19\/les-dechets-organiques-seront-a-nouveau-traites-a-bir-el-kassaa-en-2020\/","name":"Les d\u00e9chets organiques seront \u00e0 nouveau trait\u00e9s \u00e0 Bir El Kassaa en 2020 - Kapitalis","isPartOf":{"@id":"https:\/\/kapitalis.com\/tunisie\/#website"},"primaryImageOfPage":{"@id":"https:\/\/kapitalis.com\/tunisie\/2020\/01\/19\/les-dechets-organiques-seront-a-nouveau-traites-a-bir-el-kassaa-en-2020\/#primaryimage"},"image":{"@id":"https:\/\/kapitalis.com\/tunisie\/2020\/01\/19\/les-dechets-organiques-seront-a-nouveau-traites-a-bir-el-kassaa-en-2020\/#primaryimage"},"thumbnailUrl":"","datePublished":"2020-01-19T07:18:06+00:00","dateModified":"2020-01-19T07:19:11+00:00","breadcrumb":{"@id":"https:\/\/kapitalis.com\/tunisie\/2020\/01\/19\/les-dechets-organiques-seront-a-nouveau-traites-a-bir-el-kassaa-en-2020\/#breadcrumb"},"inLanguage":"fr-FR","potentialAction":[{"@type":"ReadAction","target":["https:\/\/kapitalis.com\/tunisie\/2020\/01\/19\/les-dechets-organiques-seront-a-nouveau-traites-a-bir-el-kassaa-en-2020\/"]}]},{"@type":"ImageObject","inLanguage":"fr-FR","@id":"https:\/\/kapitalis.com\/tunisie\/2020\/01\/19\/les-dechets-organiques-seront-a-nouveau-traites-a-bir-el-kassaa-en-2020\/#primaryimage","url":"","contentUrl":""},{"@type":"BreadcrumbList","@id":"https:\/\/kapitalis.com\/tunisie\/2020\/01\/19\/les-dechets-organiques-seront-a-nouveau-traites-a-bir-el-kassaa-en-2020\/#breadcrumb","itemListElement":[{"@type":"ListItem","position":1,"name":"Accueil","item":"https:\/\/kapitalis.com\/tunisie\/"},{"@type":"ListItem","position":2,"name":"Les d\u00e9chets organiques seront \u00e0 nouveau trait\u00e9s \u00e0 Bir El Kassaa en 2020"}]},{"@type":"WebSite","@id":"https:\/\/kapitalis.com\/tunisie\/#website","url":"https:\/\/kapitalis.com\/tunisie\/","name":"Kapitalis","description":"L&#039;actualit\u00e9 en Tunisie et dans le monde","publisher":{"@id":"https:\/\/kapitalis.com\/tunisie\/#organization"},"potentialAction":[{"@type":"SearchAction","target":{"@type":"EntryPoint","urlTemplate":"https:\/\/kapitalis.com\/tunisie\/?s={search_term_string}"},"query-input":{"@type":"PropertyValueSpecification","valueRequired":true,"valueName":"search_term_string"}}],"inLanguage":"fr-FR"},{"@type":"Organization","@id":"https:\/\/kapitalis.com\/tunisie\/#organization","name":"Kapitalis","url":"https:\/\/kapitalis.com\/tunisie\/","logo":{"@type":"ImageObject","inLanguage":"fr-FR","@id":"https:\/\/kapitalis.com\/tunisie\/#\/schema\/logo\/image\/","url":"https:\/\/kapitalis.com\/tunisie\/wp-content\/uploads\/2022\/05\/Kapitalis-big-size.png","contentUrl":"https:\/\/kapitalis.com\/tunisie\/wp-content\/uploads\/2022\/05\/Kapitalis-big-size.png","width":5000,"height":1500,"caption":"Kapitalis"},"image":{"@id":"https:\/\/kapitalis.com\/tunisie\/#\/schema\/logo\/image\/"},"sameAs":["https:\/\/www.facebook.com\/KapitalisInfo\/","https:\/\/x.com\/KapitalisInfo","https:\/\/www.youtube.com\/channel\/UC-yDYrHyfFBWWZaOw3FPg9Q"]},{"@type":"Person","@id":"https:\/\/kapitalis.com\/tunisie\/#\/schema\/person\/093913313d3017554cb3ad077fff3fbd","name":"Amina Mkada","url":"https:\/\/kapitalis.com\/tunisie\/author\/amina\/"}]}},"_links":{"self":[{"href":"https:\/\/kapitalis.com\/tunisie\/wp-json\/wp\/v2\/posts\/273921","targetHints":{"allow":["GET"]}}],"collection":[{"href":"https:\/\/kapitalis.com\/tunisie\/wp-json\/wp\/v2\/posts"}],"about":[{"href":"https:\/\/kapitalis.com\/tunisie\/wp-json\/wp\/v2\/types\/post"}],"author":[{"embeddable":true,"href":"https:\/\/kapitalis.com\/tunisie\/wp-json\/wp\/v2\/users\/22"}],"replies":[{"embeddable":true,"href":"https:\/\/kapitalis.com\/tunisie\/wp-json\/wp\/v2\/comments?post=273921"}],"version-history":[{"count":0,"href":"https:\/\/kapitalis.com\/tunisie\/wp-json\/wp\/v2\/posts\/273921\/revisions"}],"wp:featuredmedia":[{"embeddable":true,"href":"https:\/\/kapitalis.com\/tunisie\/wp-json\/wp\/v2\/media\/273928"}],"wp:attachment":[{"href":"https:\/\/kapitalis.com\/tunisie\/wp-json\/wp\/v2\/media?parent=273921"}],"wp:term":[{"taxonomy":"category","embeddable":true,"href":"https:\/\/kapitalis.com\/tunisie\/wp-json\/wp\/v2\/categories?post=273921"},{"taxonomy":"post_tag","embeddable":true,"href":"https:\/\/kapitalis.com\/tunisie\/wp-json\/wp\/v2\/tags?post=273921"}],"curies":[{"name":"wp","href":"https:\/\/api.w.org\/{rel}","templated":true}]}}