{"id":274314,"date":"2020-01-20T22:43:15","date_gmt":"2020-01-20T21:43:15","guid":{"rendered":"http:\/\/kapitalis.com\/tunisie\/?p=274314"},"modified":"2020-01-21T08:24:47","modified_gmt":"2020-01-21T07:24:47","slug":"formation-du-gouvernement-ennahdha-na-pas-dobjection-contre-la-designation-delyes-fakhfakh-selon-imed-hammami","status":"publish","type":"post","link":"https:\/\/kapitalis.com\/tunisie\/2020\/01\/20\/formation-du-gouvernement-ennahdha-na-pas-dobjection-contre-la-designation-delyes-fakhfakh-selon-imed-hammami\/","title":{"rendered":"Formation du gouvernement : Ennahdha n&rsquo;a pas d&rsquo;objection contre la d\u00e9signation d&rsquo;Elyes Fakhfakh, selon Imed Hammami"},"content":{"rendered":"\n<figure class=\"wp-block-image size-large\"><img decoding=\"async\" src=\"http:\/\/kapitalis.com\/tunisie\/wp-content\/uploads\/2018\/01\/Imed-Hammami.jpg\" alt=\"\" class=\"wp-image-130938\"\/><\/figure>\n\n\n\n<p><strong><em>Imed Hammami, dirigeant Ennahdha, a assur\u00e9 que son parti voterait la confiance au gouvernement, en fonction du programme d&rsquo;Elyes Fakhfakh, chef du gouvernement d\u00e9sign\u00e9,<\/em><\/strong> <em><strong>ce soir, vendredi 20 janvier 2020<\/strong><\/em>, <strong><em>par le pr\u00e9sident de la r\u00e9publique, Ka\u00efs Sa\u00efed.<\/em><\/strong><\/p>\n\n\n\n<!--more-->\n\n\n\n<p>Dans une d\u00e9claration accord\u00e9e \u00e0 la cha\u00eene nationale Watania 1, le dirigeant nahdhaoui a rappel\u00e9 que Elyes Fakhfakh avait occup\u00e9 des postes minist\u00e9riels sous le r\u00e8gne de la <em>\u00ab\u00a0Tro\u00efka\u00a0\u00bb<\/em> (coalition domin\u00e9e par le parti islamiste Ennahdha, ayant gouvern\u00e9 de d\u00e9cembre 2011 \u00e0 janvier 2014, Ndlr).<\/p>\n\n\n\n<p>Imed Hammami a \u00e9galement ajout\u00e9 que le vote de confiance d\u00e9pend aussi de la composition de l&rsquo;\u00e9quipe minist\u00e9rielle que proposera Elyes Fakhfakh, en pr\u00e9cisant que les structures du parti Ennahdha se r\u00e9uniront pour trancher cette question.<\/p>\n\n\n\n<p>Cependant, M. Fakhfakh a les coud\u00e9es plus franches que le pr\u00e9c\u00e9dent chef de gouvernement d\u00e9sign\u00e9, Habib Jemli, candidat choisi par Ennahdha, \u00e0 qui la confiance a \u00e9t\u00e9 refus\u00e9e par l&rsquo;Assembl\u00e9e. Le nouveau chef de gouvernement d\u00e9sign\u00e9 n&rsquo;est pas li\u00e9 aux partis repr\u00e9sent\u00e9s au parlement et ce n&rsquo;est pas l\u00e0, \u00e0 proprement parler, une faiblesse, mais un atout de taille. Il pourra choisir les hommes \u00e0 la hauteur des enjeux actuels, chacun dans son domaine, sans tenir compte des appartenances partisanes et tout en r\u00e9sistant aux pressions des partis, \u00e9tant pratiquement assur\u00e9 que la confiance lui sera vot\u00e9e, car les dirigeants des partis n&rsquo;ont aucun int\u00e9r\u00eat \u00e0 ce que le pr\u00e9sident soit amen\u00e9 \u00e0 dissoudre le parlement et \u00e0 appeler \u00e0 des \u00e9lections anticip\u00e9es. Aucun de ces partis, notamment les mieux repr\u00e9sent\u00e9s \u00e0 l&rsquo;Assembl\u00e9e, Ennahdha et Qalb Tounes, ne seront assur\u00e9s de garder leurs positions actuelles. Ils risqueraient m\u00eame d&rsquo;\u00eatre lourdement sanctionn\u00e9s par les \u00e9lecteurs.    <\/p>\n\n\n\n<p class=\"has-text-align-right\"><strong>Y. N.<\/strong><\/p>\n","protected":false},"excerpt":{"rendered":"<p>Imed Hammami, dirigeant Ennahdha, a assur\u00e9 que son parti voterait la confiance au gouvernement, en fonction du programme d&rsquo;Elyes Fakhfakh, chef du gouvernement d\u00e9sign\u00e9, ce soir, vendredi 20 janvier 2020, par le pr\u00e9sident de la r\u00e9publique, Ka\u00efs Sa\u00efed.<\/p>\n","protected":false},"author":6,"featured_media":0,"comment_status":"open","ping_status":"open","sticky":false,"template":"","format":"standard","meta":{"footnotes":""},"categories":[997,2433],"tags":[63723,49543,418,7070,12235,61989],"class_list":["post-274314","post","type-post","status-publish","format-standard","hentry","category-politique","category-tunisie","tag-elyes-fakhfakh","tag-ennahdha","tag-gouvernement","tag-imed-hammami","tag-kais-saied","tag-qalb-tounes"],"yoast_head":"<!-- This site is optimized with the Yoast SEO plugin v26.6 - https:\/\/yoast.com\/wordpress\/plugins\/seo\/ -->\n<title>Formation du gouvernement : Ennahdha n&#039;a pas d&#039;objection contre la d\u00e9signation d&#039;Elyes Fakhfakh, selon Imed Hammami - Kapitalis<\/title>\n<meta name=\"robots\" content=\"index, follow, max-snippet:-1, max-image-preview:large, max-video-preview:-1\" \/>\n<link rel=\"canonical\" href=\"https:\/\/kapitalis.com\/tunisie\/2020\/01\/20\/formation-du-gouvernement-ennahdha-na-pas-dobjection-contre-la-designation-delyes-fakhfakh-selon-imed-hammami\/\" \/>\n<meta property=\"og:locale\" content=\"fr_FR\" \/>\n<meta property=\"og:type\" content=\"article\" \/>\n<meta property=\"og:title\" content=\"Formation du gouvernement : Ennahdha n&#039;a pas d&#039;objection contre la d\u00e9signation d&#039;Elyes Fakhfakh, selon Imed Hammami - Kapitalis\" \/>\n<meta property=\"og:description\" content=\"Imed Hammami, dirigeant Ennahdha, a assur\u00e9 que son parti voterait la confiance au gouvernement, en fonction du programme d&rsquo;Elyes Fakhfakh, chef du gouvernement d\u00e9sign\u00e9, ce soir, vendredi 20 janvier 2020, par le pr\u00e9sident de la r\u00e9publique, Ka\u00efs Sa\u00efed.\" \/>\n<meta property=\"og:url\" content=\"https:\/\/kapitalis.com\/tunisie\/2020\/01\/20\/formation-du-gouvernement-ennahdha-na-pas-dobjection-contre-la-designation-delyes-fakhfakh-selon-imed-hammami\/\" \/>\n<meta property=\"og:site_name\" content=\"Kapitalis\" \/>\n<meta property=\"article:publisher\" content=\"https:\/\/www.facebook.com\/KapitalisInfo\/\" \/>\n<meta property=\"article:published_time\" content=\"2020-01-20T21:43:15+00:00\" \/>\n<meta property=\"article:modified_time\" content=\"2020-01-21T07:24:47+00:00\" \/>\n<meta property=\"og:image\" content=\"http:\/\/kapitalis.com\/tunisie\/wp-content\/uploads\/2018\/01\/Imed-Hammami.jpg\" \/>\n<meta name=\"author\" content=\"Yusra NY\" \/>\n<meta name=\"twitter:card\" content=\"summary_large_image\" \/>\n<meta name=\"twitter:creator\" content=\"@KapitalisInfo\" \/>\n<meta name=\"twitter:site\" content=\"@KapitalisInfo\" \/>\n<meta name=\"twitter:label1\" content=\"\u00c9crit par\" \/>\n\t<meta name=\"twitter:data1\" content=\"Yusra NY\" \/>\n\t<meta name=\"twitter:label2\" content=\"Dur\u00e9e de lecture estim\u00e9e\" \/>\n\t<meta name=\"twitter:data2\" content=\"2 minutes\" \/>\n<script type=\"application\/ld+json\" class=\"yoast-schema-graph\">{\"@context\":\"https:\/\/schema.org\",\"@graph\":[{\"@type\":\"Article\",\"@id\":\"https:\/\/kapitalis.com\/tunisie\/2020\/01\/20\/formation-du-gouvernement-ennahdha-na-pas-dobjection-contre-la-designation-delyes-fakhfakh-selon-imed-hammami\/#article\",\"isPartOf\":{\"@id\":\"https:\/\/kapitalis.com\/tunisie\/2020\/01\/20\/formation-du-gouvernement-ennahdha-na-pas-dobjection-contre-la-designation-delyes-fakhfakh-selon-imed-hammami\/\"},\"author\":{\"name\":\"Yusra NY\",\"@id\":\"https:\/\/kapitalis.com\/tunisie\/#\/schema\/person\/74bbde0154d49d790a92aaeac5bc01d5\"},\"headline\":\"Formation du gouvernement : Ennahdha n&rsquo;a pas d&rsquo;objection contre la d\u00e9signation d&rsquo;Elyes Fakhfakh, selon Imed Hammami\",\"datePublished\":\"2020-01-20T21:43:15+00:00\",\"dateModified\":\"2020-01-21T07:24:47+00:00\",\"mainEntityOfPage\":{\"@id\":\"https:\/\/kapitalis.com\/tunisie\/2020\/01\/20\/formation-du-gouvernement-ennahdha-na-pas-dobjection-contre-la-designation-delyes-fakhfakh-selon-imed-hammami\/\"},\"wordCount\":316,\"commentCount\":2,\"publisher\":{\"@id\":\"https:\/\/kapitalis.com\/tunisie\/#organization\"},\"image\":{\"@id\":\"https:\/\/kapitalis.com\/tunisie\/2020\/01\/20\/formation-du-gouvernement-ennahdha-na-pas-dobjection-contre-la-designation-delyes-fakhfakh-selon-imed-hammami\/#primaryimage\"},\"thumbnailUrl\":\"http:\/\/kapitalis.com\/tunisie\/wp-content\/uploads\/2018\/01\/Imed-Hammami.jpg\",\"keywords\":[\"Ely\u00e8s Fakhfakh\",\"Ennahdha\",\"gouvernement\",\"Imed Hammami\",\"Ka\u00efs Saied\",\"Qalb Tounes\"],\"articleSection\":[\"POLITIQUE\",\"Tunisie\"],\"inLanguage\":\"fr-FR\",\"potentialAction\":[{\"@type\":\"CommentAction\",\"name\":\"Comment\",\"target\":[\"https:\/\/kapitalis.com\/tunisie\/2020\/01\/20\/formation-du-gouvernement-ennahdha-na-pas-dobjection-contre-la-designation-delyes-fakhfakh-selon-imed-hammami\/#respond\"]}]},{\"@type\":\"WebPage\",\"@id\":\"https:\/\/kapitalis.com\/tunisie\/2020\/01\/20\/formation-du-gouvernement-ennahdha-na-pas-dobjection-contre-la-designation-delyes-fakhfakh-selon-imed-hammami\/\",\"url\":\"https:\/\/kapitalis.com\/tunisie\/2020\/01\/20\/formation-du-gouvernement-ennahdha-na-pas-dobjection-contre-la-designation-delyes-fakhfakh-selon-imed-hammami\/\",\"name\":\"Formation du gouvernement : Ennahdha n'a pas d'objection contre la d\u00e9signation d'Elyes Fakhfakh, selon Imed Hammami - Kapitalis\",\"isPartOf\":{\"@id\":\"https:\/\/kapitalis.com\/tunisie\/#website\"},\"primaryImageOfPage\":{\"@id\":\"https:\/\/kapitalis.com\/tunisie\/2020\/01\/20\/formation-du-gouvernement-ennahdha-na-pas-dobjection-contre-la-designation-delyes-fakhfakh-selon-imed-hammami\/#primaryimage\"},\"image\":{\"@id\":\"https:\/\/kapitalis.com\/tunisie\/2020\/01\/20\/formation-du-gouvernement-ennahdha-na-pas-dobjection-contre-la-designation-delyes-fakhfakh-selon-imed-hammami\/#primaryimage\"},\"thumbnailUrl\":\"http:\/\/kapitalis.com\/tunisie\/wp-content\/uploads\/2018\/01\/Imed-Hammami.jpg\",\"datePublished\":\"2020-01-20T21:43:15+00:00\",\"dateModified\":\"2020-01-21T07:24:47+00:00\",\"breadcrumb\":{\"@id\":\"https:\/\/kapitalis.com\/tunisie\/2020\/01\/20\/formation-du-gouvernement-ennahdha-na-pas-dobjection-contre-la-designation-delyes-fakhfakh-selon-imed-hammami\/#breadcrumb\"},\"inLanguage\":\"fr-FR\",\"potentialAction\":[{\"@type\":\"ReadAction\",\"target\":[\"https:\/\/kapitalis.com\/tunisie\/2020\/01\/20\/formation-du-gouvernement-ennahdha-na-pas-dobjection-contre-la-designation-delyes-fakhfakh-selon-imed-hammami\/\"]}]},{\"@type\":\"ImageObject\",\"inLanguage\":\"fr-FR\",\"@id\":\"https:\/\/kapitalis.com\/tunisie\/2020\/01\/20\/formation-du-gouvernement-ennahdha-na-pas-dobjection-contre-la-designation-delyes-fakhfakh-selon-imed-hammami\/#primaryimage\",\"url\":\"http:\/\/kapitalis.com\/tunisie\/wp-content\/uploads\/2018\/01\/Imed-Hammami.jpg\",\"contentUrl\":\"http:\/\/kapitalis.com\/tunisie\/wp-content\/uploads\/2018\/01\/Imed-Hammami.jpg\"},{\"@type\":\"BreadcrumbList\",\"@id\":\"https:\/\/kapitalis.com\/tunisie\/2020\/01\/20\/formation-du-gouvernement-ennahdha-na-pas-dobjection-contre-la-designation-delyes-fakhfakh-selon-imed-hammami\/#breadcrumb\",\"itemListElement\":[{\"@type\":\"ListItem\",\"position\":1,\"name\":\"Accueil\",\"item\":\"https:\/\/kapitalis.com\/tunisie\/\"},{\"@type\":\"ListItem\",\"position\":2,\"name\":\"Formation du gouvernement : Ennahdha n&rsquo;a pas d&rsquo;objection contre la d\u00e9signation d&rsquo;Elyes Fakhfakh, selon Imed Hammami\"}]},{\"@type\":\"WebSite\",\"@id\":\"https:\/\/kapitalis.com\/tunisie\/#website\",\"url\":\"https:\/\/kapitalis.com\/tunisie\/\",\"name\":\"Kapitalis\",\"description\":\"L&#039;actualit\u00e9 en Tunisie et dans le monde\",\"publisher\":{\"@id\":\"https:\/\/kapitalis.com\/tunisie\/#organization\"},\"potentialAction\":[{\"@type\":\"SearchAction\",\"target\":{\"@type\":\"EntryPoint\",\"urlTemplate\":\"https:\/\/kapitalis.com\/tunisie\/?s={search_term_string}\"},\"query-input\":{\"@type\":\"PropertyValueSpecification\",\"valueRequired\":true,\"valueName\":\"search_term_string\"}}],\"inLanguage\":\"fr-FR\"},{\"@type\":\"Organization\",\"@id\":\"https:\/\/kapitalis.com\/tunisie\/#organization\",\"name\":\"Kapitalis\",\"url\":\"https:\/\/kapitalis.com\/tunisie\/\",\"logo\":{\"@type\":\"ImageObject\",\"inLanguage\":\"fr-FR\",\"@id\":\"https:\/\/kapitalis.com\/tunisie\/#\/schema\/logo\/image\/\",\"url\":\"https:\/\/kapitalis.com\/tunisie\/wp-content\/uploads\/2022\/05\/Kapitalis-big-size.png\",\"contentUrl\":\"https:\/\/kapitalis.com\/tunisie\/wp-content\/uploads\/2022\/05\/Kapitalis-big-size.png\",\"width\":5000,\"height\":1500,\"caption\":\"Kapitalis\"},\"image\":{\"@id\":\"https:\/\/kapitalis.com\/tunisie\/#\/schema\/logo\/image\/\"},\"sameAs\":[\"https:\/\/www.facebook.com\/KapitalisInfo\/\",\"https:\/\/x.com\/KapitalisInfo\",\"https:\/\/www.youtube.com\/channel\/UC-yDYrHyfFBWWZaOw3FPg9Q\"]},{\"@type\":\"Person\",\"@id\":\"https:\/\/kapitalis.com\/tunisie\/#\/schema\/person\/74bbde0154d49d790a92aaeac5bc01d5\",\"name\":\"Yusra NY\",\"url\":\"https:\/\/kapitalis.com\/tunisie\/author\/yuza_adam\/\"}]}<\/script>\n<!-- \/ Yoast SEO plugin. -->","yoast_head_json":{"title":"Formation du gouvernement : Ennahdha n'a pas d'objection contre la d\u00e9signation d'Elyes Fakhfakh, selon Imed Hammami - Kapitalis","robots":{"index":"index","follow":"follow","max-snippet":"max-snippet:-1","max-image-preview":"max-image-preview:large","max-video-preview":"max-video-preview:-1"},"canonical":"https:\/\/kapitalis.com\/tunisie\/2020\/01\/20\/formation-du-gouvernement-ennahdha-na-pas-dobjection-contre-la-designation-delyes-fakhfakh-selon-imed-hammami\/","og_locale":"fr_FR","og_type":"article","og_title":"Formation du gouvernement : Ennahdha n'a pas d'objection contre la d\u00e9signation d'Elyes Fakhfakh, selon Imed Hammami - Kapitalis","og_description":"Imed Hammami, dirigeant Ennahdha, a assur\u00e9 que son parti voterait la confiance au gouvernement, en fonction du programme d&rsquo;Elyes Fakhfakh, chef du gouvernement d\u00e9sign\u00e9, ce soir, vendredi 20 janvier 2020, par le pr\u00e9sident de la r\u00e9publique, Ka\u00efs Sa\u00efed.","og_url":"https:\/\/kapitalis.com\/tunisie\/2020\/01\/20\/formation-du-gouvernement-ennahdha-na-pas-dobjection-contre-la-designation-delyes-fakhfakh-selon-imed-hammami\/","og_site_name":"Kapitalis","article_publisher":"https:\/\/www.facebook.com\/KapitalisInfo\/","article_published_time":"2020-01-20T21:43:15+00:00","article_modified_time":"2020-01-21T07:24:47+00:00","og_image":[{"url":"http:\/\/kapitalis.com\/tunisie\/wp-content\/uploads\/2018\/01\/Imed-Hammami.jpg","type":"","width":"","height":""}],"author":"Yusra NY","twitter_card":"summary_large_image","twitter_creator":"@KapitalisInfo","twitter_site":"@KapitalisInfo","twitter_misc":{"\u00c9crit par":"Yusra NY","Dur\u00e9e de lecture estim\u00e9e":"2 minutes"},"schema":{"@context":"https:\/\/schema.org","@graph":[{"@type":"Article","@id":"https:\/\/kapitalis.com\/tunisie\/2020\/01\/20\/formation-du-gouvernement-ennahdha-na-pas-dobjection-contre-la-designation-delyes-fakhfakh-selon-imed-hammami\/#article","isPartOf":{"@id":"https:\/\/kapitalis.com\/tunisie\/2020\/01\/20\/formation-du-gouvernement-ennahdha-na-pas-dobjection-contre-la-designation-delyes-fakhfakh-selon-imed-hammami\/"},"author":{"name":"Yusra NY","@id":"https:\/\/kapitalis.com\/tunisie\/#\/schema\/person\/74bbde0154d49d790a92aaeac5bc01d5"},"headline":"Formation du gouvernement : Ennahdha n&rsquo;a pas d&rsquo;objection contre la d\u00e9signation d&rsquo;Elyes Fakhfakh, selon Imed Hammami","datePublished":"2020-01-20T21:43:15+00:00","dateModified":"2020-01-21T07:24:47+00:00","mainEntityOfPage":{"@id":"https:\/\/kapitalis.com\/tunisie\/2020\/01\/20\/formation-du-gouvernement-ennahdha-na-pas-dobjection-contre-la-designation-delyes-fakhfakh-selon-imed-hammami\/"},"wordCount":316,"commentCount":2,"publisher":{"@id":"https:\/\/kapitalis.com\/tunisie\/#organization"},"image":{"@id":"https:\/\/kapitalis.com\/tunisie\/2020\/01\/20\/formation-du-gouvernement-ennahdha-na-pas-dobjection-contre-la-designation-delyes-fakhfakh-selon-imed-hammami\/#primaryimage"},"thumbnailUrl":"http:\/\/kapitalis.com\/tunisie\/wp-content\/uploads\/2018\/01\/Imed-Hammami.jpg","keywords":["Ely\u00e8s Fakhfakh","Ennahdha","gouvernement","Imed Hammami","Ka\u00efs Saied","Qalb Tounes"],"articleSection":["POLITIQUE","Tunisie"],"inLanguage":"fr-FR","potentialAction":[{"@type":"CommentAction","name":"Comment","target":["https:\/\/kapitalis.com\/tunisie\/2020\/01\/20\/formation-du-gouvernement-ennahdha-na-pas-dobjection-contre-la-designation-delyes-fakhfakh-selon-imed-hammami\/#respond"]}]},{"@type":"WebPage","@id":"https:\/\/kapitalis.com\/tunisie\/2020\/01\/20\/formation-du-gouvernement-ennahdha-na-pas-dobjection-contre-la-designation-delyes-fakhfakh-selon-imed-hammami\/","url":"https:\/\/kapitalis.com\/tunisie\/2020\/01\/20\/formation-du-gouvernement-ennahdha-na-pas-dobjection-contre-la-designation-delyes-fakhfakh-selon-imed-hammami\/","name":"Formation du gouvernement : Ennahdha n'a pas d'objection contre la d\u00e9signation d'Elyes Fakhfakh, selon Imed Hammami - Kapitalis","isPartOf":{"@id":"https:\/\/kapitalis.com\/tunisie\/#website"},"primaryImageOfPage":{"@id":"https:\/\/kapitalis.com\/tunisie\/2020\/01\/20\/formation-du-gouvernement-ennahdha-na-pas-dobjection-contre-la-designation-delyes-fakhfakh-selon-imed-hammami\/#primaryimage"},"image":{"@id":"https:\/\/kapitalis.com\/tunisie\/2020\/01\/20\/formation-du-gouvernement-ennahdha-na-pas-dobjection-contre-la-designation-delyes-fakhfakh-selon-imed-hammami\/#primaryimage"},"thumbnailUrl":"http:\/\/kapitalis.com\/tunisie\/wp-content\/uploads\/2018\/01\/Imed-Hammami.jpg","datePublished":"2020-01-20T21:43:15+00:00","dateModified":"2020-01-21T07:24:47+00:00","breadcrumb":{"@id":"https:\/\/kapitalis.com\/tunisie\/2020\/01\/20\/formation-du-gouvernement-ennahdha-na-pas-dobjection-contre-la-designation-delyes-fakhfakh-selon-imed-hammami\/#breadcrumb"},"inLanguage":"fr-FR","potentialAction":[{"@type":"ReadAction","target":["https:\/\/kapitalis.com\/tunisie\/2020\/01\/20\/formation-du-gouvernement-ennahdha-na-pas-dobjection-contre-la-designation-delyes-fakhfakh-selon-imed-hammami\/"]}]},{"@type":"ImageObject","inLanguage":"fr-FR","@id":"https:\/\/kapitalis.com\/tunisie\/2020\/01\/20\/formation-du-gouvernement-ennahdha-na-pas-dobjection-contre-la-designation-delyes-fakhfakh-selon-imed-hammami\/#primaryimage","url":"http:\/\/kapitalis.com\/tunisie\/wp-content\/uploads\/2018\/01\/Imed-Hammami.jpg","contentUrl":"http:\/\/kapitalis.com\/tunisie\/wp-content\/uploads\/2018\/01\/Imed-Hammami.jpg"},{"@type":"BreadcrumbList","@id":"https:\/\/kapitalis.com\/tunisie\/2020\/01\/20\/formation-du-gouvernement-ennahdha-na-pas-dobjection-contre-la-designation-delyes-fakhfakh-selon-imed-hammami\/#breadcrumb","itemListElement":[{"@type":"ListItem","position":1,"name":"Accueil","item":"https:\/\/kapitalis.com\/tunisie\/"},{"@type":"ListItem","position":2,"name":"Formation du gouvernement : Ennahdha n&rsquo;a pas d&rsquo;objection contre la d\u00e9signation d&rsquo;Elyes Fakhfakh, selon Imed Hammami"}]},{"@type":"WebSite","@id":"https:\/\/kapitalis.com\/tunisie\/#website","url":"https:\/\/kapitalis.com\/tunisie\/","name":"Kapitalis","description":"L&#039;actualit\u00e9 en Tunisie et dans le monde","publisher":{"@id":"https:\/\/kapitalis.com\/tunisie\/#organization"},"potentialAction":[{"@type":"SearchAction","target":{"@type":"EntryPoint","urlTemplate":"https:\/\/kapitalis.com\/tunisie\/?s={search_term_string}"},"query-input":{"@type":"PropertyValueSpecification","valueRequired":true,"valueName":"search_term_string"}}],"inLanguage":"fr-FR"},{"@type":"Organization","@id":"https:\/\/kapitalis.com\/tunisie\/#organization","name":"Kapitalis","url":"https:\/\/kapitalis.com\/tunisie\/","logo":{"@type":"ImageObject","inLanguage":"fr-FR","@id":"https:\/\/kapitalis.com\/tunisie\/#\/schema\/logo\/image\/","url":"https:\/\/kapitalis.com\/tunisie\/wp-content\/uploads\/2022\/05\/Kapitalis-big-size.png","contentUrl":"https:\/\/kapitalis.com\/tunisie\/wp-content\/uploads\/2022\/05\/Kapitalis-big-size.png","width":5000,"height":1500,"caption":"Kapitalis"},"image":{"@id":"https:\/\/kapitalis.com\/tunisie\/#\/schema\/logo\/image\/"},"sameAs":["https:\/\/www.facebook.com\/KapitalisInfo\/","https:\/\/x.com\/KapitalisInfo","https:\/\/www.youtube.com\/channel\/UC-yDYrHyfFBWWZaOw3FPg9Q"]},{"@type":"Person","@id":"https:\/\/kapitalis.com\/tunisie\/#\/schema\/person\/74bbde0154d49d790a92aaeac5bc01d5","name":"Yusra NY","url":"https:\/\/kapitalis.com\/tunisie\/author\/yuza_adam\/"}]}},"_links":{"self":[{"href":"https:\/\/kapitalis.com\/tunisie\/wp-json\/wp\/v2\/posts\/274314","targetHints":{"allow":["GET"]}}],"collection":[{"href":"https:\/\/kapitalis.com\/tunisie\/wp-json\/wp\/v2\/posts"}],"about":[{"href":"https:\/\/kapitalis.com\/tunisie\/wp-json\/wp\/v2\/types\/post"}],"author":[{"embeddable":true,"href":"https:\/\/kapitalis.com\/tunisie\/wp-json\/wp\/v2\/users\/6"}],"replies":[{"embeddable":true,"href":"https:\/\/kapitalis.com\/tunisie\/wp-json\/wp\/v2\/comments?post=274314"}],"version-history":[{"count":0,"href":"https:\/\/kapitalis.com\/tunisie\/wp-json\/wp\/v2\/posts\/274314\/revisions"}],"wp:attachment":[{"href":"https:\/\/kapitalis.com\/tunisie\/wp-json\/wp\/v2\/media?parent=274314"}],"wp:term":[{"taxonomy":"category","embeddable":true,"href":"https:\/\/kapitalis.com\/tunisie\/wp-json\/wp\/v2\/categories?post=274314"},{"taxonomy":"post_tag","embeddable":true,"href":"https:\/\/kapitalis.com\/tunisie\/wp-json\/wp\/v2\/tags?post=274314"}],"curies":[{"name":"wp","href":"https:\/\/api.w.org\/{rel}","templated":true}]}}