{"id":274914,"date":"2020-01-22T15:34:19","date_gmt":"2020-01-22T14:34:19","guid":{"rendered":"http:\/\/kapitalis.com\/tunisie\/?p=274914"},"modified":"2020-01-22T15:35:22","modified_gmt":"2020-01-22T14:35:22","slug":"les-achats-militaires-de-la-tunisie-aupres-de-la-turquie-vont-bon-train","status":"publish","type":"post","link":"https:\/\/kapitalis.com\/tunisie\/2020\/01\/22\/les-achats-militaires-de-la-tunisie-aupres-de-la-turquie-vont-bon-train\/","title":{"rendered":"Les achats militaires de la Tunisie aupr\u00e8s de la Turquie vont bon train"},"content":{"rendered":"\n<figure class=\"wp-block-image size-large\"><img decoding=\"async\" src=\"http:\/\/kapitalis.com\/tunisie\/wp-content\/uploads\/2020\/01\/Blindes-turcs-BMC.jpg\" alt=\"\" class=\"wp-image-274959\"\/><\/figure>\n\n\n\n<p><strong><em>G\u00e9n\u00e9ralement tenues top-secret \u2013et c\u2019est normal\u2013, les acquisitions militaires finissent par \u00eatre \u00e9vent\u00e9es. La discr\u00e9tion de ce type de n\u00e9goce n\u2019est pas infaillible. D\u00e9but janvier, par exemple, c\u2019\u00e9tait le cas de l\u2019achat par notre pays de huit v\u00e9hicules blind\u00e9s polyvalents aupr\u00e8s du g\u00e9ant turc BMC. Une fois encore, notre minist\u00e8re de la D\u00e9fense fait appel \u00e0 la technologie militaire turque pour son \u00e9quipement en drones&#8230;<\/em><\/strong><\/p>\n\n\n\n<!--more-->\n\n\n\n<p>C\u2019est ce qu\u2019a rapport\u00e9 aujourd\u2019hui, mercredi 22 janvier 2020, le site sp\u00e9cialis\u00e9 sud-africain <strong><em><a href=\"https:\/\/www.defenceweb.co.za\/featured\/tunisia-orders-armoured-vehicles-from-turkeys-bmc-uavs-from-aerovironment\/\">Defence Web<\/a><\/em><\/strong> (\u2018<em>DW<\/em>\u2019), qui croit savoir qu\u2019un autre mastodonte de l\u2019industrie militaire turque, la soci\u00e9t\u00e9 Turkish Aerospace Industries (TAI) a d\u00e9croch\u00e9 un march\u00e9 juteux aupr\u00e8s de la Tunisie pour ses v\u00e9hicules a\u00e9riens sans pilote, c\u2019est-\u00e0-dire pour ses drones.<\/p>\n\n\n\n<p>Initialement, d\u2019apr\u00e8s  \u2018\u2018<em>DW<\/em>\u2019\u2019, il n\u2019y avait pour cet appel d\u2019offres tunisien \u2013\u00e9trangement\u00a0! \u2013 que deux soumissionnaires turcs, TAI et Baykar Makina. La m\u00eame source a appris qu&rsquo;en d\u00e9cembre dernier c\u2019est la TAI qui a h\u00e9rit\u00e9 de cette bonne affaire &#8211; sans qu&rsquo;elle puisse conna\u00eetre le montant de cette vente&#8230;<\/p>\n\n\n\n<p class=\"has-text-align-right\"><strong>M. Ch.<\/strong><\/p>\n\n\n\n<figure class=\"wp-block-embed-wordpress wp-block-embed is-type-wp-embed is-provider-kapitalis\"><div class=\"wp-block-embed__wrapper\">\n<blockquote class=\"wp-embedded-content\" data-secret=\"WFMMMpSCdO\"><a href=\"https:\/\/kapitalis.com\/tunisie\/2020\/01\/06\/defense-la-tunisie-se-procure-9-vehicules-blindes-aupres-de-lentreprise-turque-bmc\/\">D\u00e9fense: La Tunisie se procure 9 v\u00e9hicules blind\u00e9s aupr\u00e8s de l\u2019entreprise turque BMC<\/a><\/blockquote><iframe loading=\"lazy\" class=\"wp-embedded-content\" sandbox=\"allow-scripts\" security=\"restricted\" style=\"position: absolute; clip: rect(1px, 1px, 1px, 1px);\" title=\"\u00ab\u00a0D\u00e9fense: La Tunisie se procure 9 v\u00e9hicules blind\u00e9s aupr\u00e8s de l\u2019entreprise turque BMC\u00a0\u00bb &#8212; Kapitalis\" src=\"https:\/\/kapitalis.com\/tunisie\/2020\/01\/06\/defense-la-tunisie-se-procure-9-vehicules-blindes-aupres-de-lentreprise-turque-bmc\/embed\/#?secret=RfAyxYfzvn#?secret=WFMMMpSCdO\" data-secret=\"WFMMMpSCdO\" width=\"600\" height=\"338\" frameborder=\"0\" marginwidth=\"0\" marginheight=\"0\" scrolling=\"no\"><\/iframe>\n<\/div><\/figure>\n","protected":false},"excerpt":{"rendered":"<p>G\u00e9n\u00e9ralement tenues top-secret \u2013et c\u2019est normal\u2013, les acquisitions militaires finissent par \u00eatre \u00e9vent\u00e9es. La discr\u00e9tion de ce type de n\u00e9goce n\u2019est pas infaillible. D\u00e9but janvier, par exemple, c\u2019\u00e9tait le cas de l\u2019achat par notre pays de huit v\u00e9hicules blind\u00e9s polyvalents aupr\u00e8s du g\u00e9ant turc BMC. Une fois encore, notre minist\u00e8re de la D\u00e9fense fait appel&#8230;<\/p>\n","protected":false},"author":25,"featured_media":274959,"comment_status":"open","ping_status":"open","sticky":false,"template":"","format":"standard","meta":{"footnotes":""},"categories":[997,2433],"tags":[72146,1855],"class_list":["post-274914","post","type-post","status-publish","format-standard","has-post-thumbnail","hentry","category-politique","category-tunisie","tag-bmc","tag-turquie"],"yoast_head":"<!-- This site is optimized with the Yoast SEO plugin v26.6 - https:\/\/yoast.com\/wordpress\/plugins\/seo\/ -->\n<title>Les achats militaires de la Tunisie aupr\u00e8s de la Turquie vont bon train - Kapitalis<\/title>\n<meta name=\"robots\" content=\"index, follow, max-snippet:-1, max-image-preview:large, max-video-preview:-1\" \/>\n<link rel=\"canonical\" href=\"https:\/\/kapitalis.com\/tunisie\/2020\/01\/22\/les-achats-militaires-de-la-tunisie-aupres-de-la-turquie-vont-bon-train\/\" \/>\n<meta property=\"og:locale\" content=\"fr_FR\" \/>\n<meta property=\"og:type\" content=\"article\" \/>\n<meta property=\"og:title\" content=\"Les achats militaires de la Tunisie aupr\u00e8s de la Turquie vont bon train - Kapitalis\" \/>\n<meta property=\"og:description\" content=\"G\u00e9n\u00e9ralement tenues top-secret \u2013et c\u2019est normal\u2013, les acquisitions militaires finissent par \u00eatre \u00e9vent\u00e9es. La discr\u00e9tion de ce type de n\u00e9goce n\u2019est pas infaillible. D\u00e9but janvier, par exemple, c\u2019\u00e9tait le cas de l\u2019achat par notre pays de huit v\u00e9hicules blind\u00e9s polyvalents aupr\u00e8s du g\u00e9ant turc BMC. Une fois encore, notre minist\u00e8re de la D\u00e9fense fait appel...\" \/>\n<meta property=\"og:url\" content=\"https:\/\/kapitalis.com\/tunisie\/2020\/01\/22\/les-achats-militaires-de-la-tunisie-aupres-de-la-turquie-vont-bon-train\/\" \/>\n<meta property=\"og:site_name\" content=\"Kapitalis\" \/>\n<meta property=\"article:publisher\" content=\"https:\/\/www.facebook.com\/KapitalisInfo\/\" \/>\n<meta property=\"article:published_time\" content=\"2020-01-22T14:34:19+00:00\" \/>\n<meta property=\"article:modified_time\" content=\"2020-01-22T14:35:22+00:00\" \/>\n<meta property=\"og:image\" content=\"https:\/\/kapitalis.com\/tunisie\/wp-content\/uploads\/2022\/05\/kapitalis-logo-fb.png\" \/>\n\t<meta property=\"og:image:width\" content=\"1200\" \/>\n\t<meta property=\"og:image:height\" content=\"630\" \/>\n\t<meta property=\"og:image:type\" content=\"image\/png\" \/>\n<meta name=\"author\" content=\"Moncef Dhambri\" \/>\n<meta name=\"twitter:card\" content=\"summary_large_image\" \/>\n<meta name=\"twitter:creator\" content=\"@KapitalisInfo\" \/>\n<meta name=\"twitter:site\" content=\"@KapitalisInfo\" \/>\n<meta name=\"twitter:label1\" content=\"\u00c9crit par\" \/>\n\t<meta name=\"twitter:data1\" content=\"Moncef Dhambri\" \/>\n\t<meta name=\"twitter:label2\" content=\"Dur\u00e9e de lecture estim\u00e9e\" \/>\n\t<meta name=\"twitter:data2\" content=\"1 minute\" \/>\n<script type=\"application\/ld+json\" class=\"yoast-schema-graph\">{\"@context\":\"https:\/\/schema.org\",\"@graph\":[{\"@type\":\"Article\",\"@id\":\"https:\/\/kapitalis.com\/tunisie\/2020\/01\/22\/les-achats-militaires-de-la-tunisie-aupres-de-la-turquie-vont-bon-train\/#article\",\"isPartOf\":{\"@id\":\"https:\/\/kapitalis.com\/tunisie\/2020\/01\/22\/les-achats-militaires-de-la-tunisie-aupres-de-la-turquie-vont-bon-train\/\"},\"author\":{\"name\":\"Moncef Dhambri\",\"@id\":\"https:\/\/kapitalis.com\/tunisie\/#\/schema\/person\/48fdbea283a929dd284e69d21e31a3d1\"},\"headline\":\"Les achats militaires de la Tunisie aupr\u00e8s de la Turquie vont bon train\",\"datePublished\":\"2020-01-22T14:34:19+00:00\",\"dateModified\":\"2020-01-22T14:35:22+00:00\",\"mainEntityOfPage\":{\"@id\":\"https:\/\/kapitalis.com\/tunisie\/2020\/01\/22\/les-achats-militaires-de-la-tunisie-aupres-de-la-turquie-vont-bon-train\/\"},\"wordCount\":221,\"commentCount\":26,\"publisher\":{\"@id\":\"https:\/\/kapitalis.com\/tunisie\/#organization\"},\"image\":{\"@id\":\"https:\/\/kapitalis.com\/tunisie\/2020\/01\/22\/les-achats-militaires-de-la-tunisie-aupres-de-la-turquie-vont-bon-train\/#primaryimage\"},\"thumbnailUrl\":\"\",\"keywords\":[\"BMC\",\"Turquie\"],\"articleSection\":[\"POLITIQUE\",\"Tunisie\"],\"inLanguage\":\"fr-FR\",\"potentialAction\":[{\"@type\":\"CommentAction\",\"name\":\"Comment\",\"target\":[\"https:\/\/kapitalis.com\/tunisie\/2020\/01\/22\/les-achats-militaires-de-la-tunisie-aupres-de-la-turquie-vont-bon-train\/#respond\"]}]},{\"@type\":\"WebPage\",\"@id\":\"https:\/\/kapitalis.com\/tunisie\/2020\/01\/22\/les-achats-militaires-de-la-tunisie-aupres-de-la-turquie-vont-bon-train\/\",\"url\":\"https:\/\/kapitalis.com\/tunisie\/2020\/01\/22\/les-achats-militaires-de-la-tunisie-aupres-de-la-turquie-vont-bon-train\/\",\"name\":\"Les achats militaires de la Tunisie aupr\u00e8s de la Turquie vont bon train - Kapitalis\",\"isPartOf\":{\"@id\":\"https:\/\/kapitalis.com\/tunisie\/#website\"},\"primaryImageOfPage\":{\"@id\":\"https:\/\/kapitalis.com\/tunisie\/2020\/01\/22\/les-achats-militaires-de-la-tunisie-aupres-de-la-turquie-vont-bon-train\/#primaryimage\"},\"image\":{\"@id\":\"https:\/\/kapitalis.com\/tunisie\/2020\/01\/22\/les-achats-militaires-de-la-tunisie-aupres-de-la-turquie-vont-bon-train\/#primaryimage\"},\"thumbnailUrl\":\"\",\"datePublished\":\"2020-01-22T14:34:19+00:00\",\"dateModified\":\"2020-01-22T14:35:22+00:00\",\"breadcrumb\":{\"@id\":\"https:\/\/kapitalis.com\/tunisie\/2020\/01\/22\/les-achats-militaires-de-la-tunisie-aupres-de-la-turquie-vont-bon-train\/#breadcrumb\"},\"inLanguage\":\"fr-FR\",\"potentialAction\":[{\"@type\":\"ReadAction\",\"target\":[\"https:\/\/kapitalis.com\/tunisie\/2020\/01\/22\/les-achats-militaires-de-la-tunisie-aupres-de-la-turquie-vont-bon-train\/\"]}]},{\"@type\":\"ImageObject\",\"inLanguage\":\"fr-FR\",\"@id\":\"https:\/\/kapitalis.com\/tunisie\/2020\/01\/22\/les-achats-militaires-de-la-tunisie-aupres-de-la-turquie-vont-bon-train\/#primaryimage\",\"url\":\"\",\"contentUrl\":\"\"},{\"@type\":\"BreadcrumbList\",\"@id\":\"https:\/\/kapitalis.com\/tunisie\/2020\/01\/22\/les-achats-militaires-de-la-tunisie-aupres-de-la-turquie-vont-bon-train\/#breadcrumb\",\"itemListElement\":[{\"@type\":\"ListItem\",\"position\":1,\"name\":\"Accueil\",\"item\":\"https:\/\/kapitalis.com\/tunisie\/\"},{\"@type\":\"ListItem\",\"position\":2,\"name\":\"Les achats militaires de la Tunisie aupr\u00e8s de la Turquie vont bon train\"}]},{\"@type\":\"WebSite\",\"@id\":\"https:\/\/kapitalis.com\/tunisie\/#website\",\"url\":\"https:\/\/kapitalis.com\/tunisie\/\",\"name\":\"Kapitalis\",\"description\":\"L&#039;actualit\u00e9 en Tunisie et dans le monde\",\"publisher\":{\"@id\":\"https:\/\/kapitalis.com\/tunisie\/#organization\"},\"potentialAction\":[{\"@type\":\"SearchAction\",\"target\":{\"@type\":\"EntryPoint\",\"urlTemplate\":\"https:\/\/kapitalis.com\/tunisie\/?s={search_term_string}\"},\"query-input\":{\"@type\":\"PropertyValueSpecification\",\"valueRequired\":true,\"valueName\":\"search_term_string\"}}],\"inLanguage\":\"fr-FR\"},{\"@type\":\"Organization\",\"@id\":\"https:\/\/kapitalis.com\/tunisie\/#organization\",\"name\":\"Kapitalis\",\"url\":\"https:\/\/kapitalis.com\/tunisie\/\",\"logo\":{\"@type\":\"ImageObject\",\"inLanguage\":\"fr-FR\",\"@id\":\"https:\/\/kapitalis.com\/tunisie\/#\/schema\/logo\/image\/\",\"url\":\"https:\/\/kapitalis.com\/tunisie\/wp-content\/uploads\/2022\/05\/Kapitalis-big-size.png\",\"contentUrl\":\"https:\/\/kapitalis.com\/tunisie\/wp-content\/uploads\/2022\/05\/Kapitalis-big-size.png\",\"width\":5000,\"height\":1500,\"caption\":\"Kapitalis\"},\"image\":{\"@id\":\"https:\/\/kapitalis.com\/tunisie\/#\/schema\/logo\/image\/\"},\"sameAs\":[\"https:\/\/www.facebook.com\/KapitalisInfo\/\",\"https:\/\/x.com\/KapitalisInfo\",\"https:\/\/www.youtube.com\/channel\/UC-yDYrHyfFBWWZaOw3FPg9Q\"]},{\"@type\":\"Person\",\"@id\":\"https:\/\/kapitalis.com\/tunisie\/#\/schema\/person\/48fdbea283a929dd284e69d21e31a3d1\",\"name\":\"Moncef Dhambri\",\"url\":\"https:\/\/kapitalis.com\/tunisie\/author\/moncef\/\"}]}<\/script>\n<!-- \/ Yoast SEO plugin. -->","yoast_head_json":{"title":"Les achats militaires de la Tunisie aupr\u00e8s de la Turquie vont bon train - Kapitalis","robots":{"index":"index","follow":"follow","max-snippet":"max-snippet:-1","max-image-preview":"max-image-preview:large","max-video-preview":"max-video-preview:-1"},"canonical":"https:\/\/kapitalis.com\/tunisie\/2020\/01\/22\/les-achats-militaires-de-la-tunisie-aupres-de-la-turquie-vont-bon-train\/","og_locale":"fr_FR","og_type":"article","og_title":"Les achats militaires de la Tunisie aupr\u00e8s de la Turquie vont bon train - Kapitalis","og_description":"G\u00e9n\u00e9ralement tenues top-secret \u2013et c\u2019est normal\u2013, les acquisitions militaires finissent par \u00eatre \u00e9vent\u00e9es. La discr\u00e9tion de ce type de n\u00e9goce n\u2019est pas infaillible. D\u00e9but janvier, par exemple, c\u2019\u00e9tait le cas de l\u2019achat par notre pays de huit v\u00e9hicules blind\u00e9s polyvalents aupr\u00e8s du g\u00e9ant turc BMC. Une fois encore, notre minist\u00e8re de la D\u00e9fense fait appel...","og_url":"https:\/\/kapitalis.com\/tunisie\/2020\/01\/22\/les-achats-militaires-de-la-tunisie-aupres-de-la-turquie-vont-bon-train\/","og_site_name":"Kapitalis","article_publisher":"https:\/\/www.facebook.com\/KapitalisInfo\/","article_published_time":"2020-01-22T14:34:19+00:00","article_modified_time":"2020-01-22T14:35:22+00:00","og_image":[{"width":1200,"height":630,"url":"https:\/\/kapitalis.com\/tunisie\/wp-content\/uploads\/2022\/05\/kapitalis-logo-fb.png","type":"image\/png"}],"author":"Moncef Dhambri","twitter_card":"summary_large_image","twitter_creator":"@KapitalisInfo","twitter_site":"@KapitalisInfo","twitter_misc":{"\u00c9crit par":"Moncef Dhambri","Dur\u00e9e de lecture estim\u00e9e":"1 minute"},"schema":{"@context":"https:\/\/schema.org","@graph":[{"@type":"Article","@id":"https:\/\/kapitalis.com\/tunisie\/2020\/01\/22\/les-achats-militaires-de-la-tunisie-aupres-de-la-turquie-vont-bon-train\/#article","isPartOf":{"@id":"https:\/\/kapitalis.com\/tunisie\/2020\/01\/22\/les-achats-militaires-de-la-tunisie-aupres-de-la-turquie-vont-bon-train\/"},"author":{"name":"Moncef Dhambri","@id":"https:\/\/kapitalis.com\/tunisie\/#\/schema\/person\/48fdbea283a929dd284e69d21e31a3d1"},"headline":"Les achats militaires de la Tunisie aupr\u00e8s de la Turquie vont bon train","datePublished":"2020-01-22T14:34:19+00:00","dateModified":"2020-01-22T14:35:22+00:00","mainEntityOfPage":{"@id":"https:\/\/kapitalis.com\/tunisie\/2020\/01\/22\/les-achats-militaires-de-la-tunisie-aupres-de-la-turquie-vont-bon-train\/"},"wordCount":221,"commentCount":26,"publisher":{"@id":"https:\/\/kapitalis.com\/tunisie\/#organization"},"image":{"@id":"https:\/\/kapitalis.com\/tunisie\/2020\/01\/22\/les-achats-militaires-de-la-tunisie-aupres-de-la-turquie-vont-bon-train\/#primaryimage"},"thumbnailUrl":"","keywords":["BMC","Turquie"],"articleSection":["POLITIQUE","Tunisie"],"inLanguage":"fr-FR","potentialAction":[{"@type":"CommentAction","name":"Comment","target":["https:\/\/kapitalis.com\/tunisie\/2020\/01\/22\/les-achats-militaires-de-la-tunisie-aupres-de-la-turquie-vont-bon-train\/#respond"]}]},{"@type":"WebPage","@id":"https:\/\/kapitalis.com\/tunisie\/2020\/01\/22\/les-achats-militaires-de-la-tunisie-aupres-de-la-turquie-vont-bon-train\/","url":"https:\/\/kapitalis.com\/tunisie\/2020\/01\/22\/les-achats-militaires-de-la-tunisie-aupres-de-la-turquie-vont-bon-train\/","name":"Les achats militaires de la Tunisie aupr\u00e8s de la Turquie vont bon train - Kapitalis","isPartOf":{"@id":"https:\/\/kapitalis.com\/tunisie\/#website"},"primaryImageOfPage":{"@id":"https:\/\/kapitalis.com\/tunisie\/2020\/01\/22\/les-achats-militaires-de-la-tunisie-aupres-de-la-turquie-vont-bon-train\/#primaryimage"},"image":{"@id":"https:\/\/kapitalis.com\/tunisie\/2020\/01\/22\/les-achats-militaires-de-la-tunisie-aupres-de-la-turquie-vont-bon-train\/#primaryimage"},"thumbnailUrl":"","datePublished":"2020-01-22T14:34:19+00:00","dateModified":"2020-01-22T14:35:22+00:00","breadcrumb":{"@id":"https:\/\/kapitalis.com\/tunisie\/2020\/01\/22\/les-achats-militaires-de-la-tunisie-aupres-de-la-turquie-vont-bon-train\/#breadcrumb"},"inLanguage":"fr-FR","potentialAction":[{"@type":"ReadAction","target":["https:\/\/kapitalis.com\/tunisie\/2020\/01\/22\/les-achats-militaires-de-la-tunisie-aupres-de-la-turquie-vont-bon-train\/"]}]},{"@type":"ImageObject","inLanguage":"fr-FR","@id":"https:\/\/kapitalis.com\/tunisie\/2020\/01\/22\/les-achats-militaires-de-la-tunisie-aupres-de-la-turquie-vont-bon-train\/#primaryimage","url":"","contentUrl":""},{"@type":"BreadcrumbList","@id":"https:\/\/kapitalis.com\/tunisie\/2020\/01\/22\/les-achats-militaires-de-la-tunisie-aupres-de-la-turquie-vont-bon-train\/#breadcrumb","itemListElement":[{"@type":"ListItem","position":1,"name":"Accueil","item":"https:\/\/kapitalis.com\/tunisie\/"},{"@type":"ListItem","position":2,"name":"Les achats militaires de la Tunisie aupr\u00e8s de la Turquie vont bon train"}]},{"@type":"WebSite","@id":"https:\/\/kapitalis.com\/tunisie\/#website","url":"https:\/\/kapitalis.com\/tunisie\/","name":"Kapitalis","description":"L&#039;actualit\u00e9 en Tunisie et dans le monde","publisher":{"@id":"https:\/\/kapitalis.com\/tunisie\/#organization"},"potentialAction":[{"@type":"SearchAction","target":{"@type":"EntryPoint","urlTemplate":"https:\/\/kapitalis.com\/tunisie\/?s={search_term_string}"},"query-input":{"@type":"PropertyValueSpecification","valueRequired":true,"valueName":"search_term_string"}}],"inLanguage":"fr-FR"},{"@type":"Organization","@id":"https:\/\/kapitalis.com\/tunisie\/#organization","name":"Kapitalis","url":"https:\/\/kapitalis.com\/tunisie\/","logo":{"@type":"ImageObject","inLanguage":"fr-FR","@id":"https:\/\/kapitalis.com\/tunisie\/#\/schema\/logo\/image\/","url":"https:\/\/kapitalis.com\/tunisie\/wp-content\/uploads\/2022\/05\/Kapitalis-big-size.png","contentUrl":"https:\/\/kapitalis.com\/tunisie\/wp-content\/uploads\/2022\/05\/Kapitalis-big-size.png","width":5000,"height":1500,"caption":"Kapitalis"},"image":{"@id":"https:\/\/kapitalis.com\/tunisie\/#\/schema\/logo\/image\/"},"sameAs":["https:\/\/www.facebook.com\/KapitalisInfo\/","https:\/\/x.com\/KapitalisInfo","https:\/\/www.youtube.com\/channel\/UC-yDYrHyfFBWWZaOw3FPg9Q"]},{"@type":"Person","@id":"https:\/\/kapitalis.com\/tunisie\/#\/schema\/person\/48fdbea283a929dd284e69d21e31a3d1","name":"Moncef Dhambri","url":"https:\/\/kapitalis.com\/tunisie\/author\/moncef\/"}]}},"_links":{"self":[{"href":"https:\/\/kapitalis.com\/tunisie\/wp-json\/wp\/v2\/posts\/274914","targetHints":{"allow":["GET"]}}],"collection":[{"href":"https:\/\/kapitalis.com\/tunisie\/wp-json\/wp\/v2\/posts"}],"about":[{"href":"https:\/\/kapitalis.com\/tunisie\/wp-json\/wp\/v2\/types\/post"}],"author":[{"embeddable":true,"href":"https:\/\/kapitalis.com\/tunisie\/wp-json\/wp\/v2\/users\/25"}],"replies":[{"embeddable":true,"href":"https:\/\/kapitalis.com\/tunisie\/wp-json\/wp\/v2\/comments?post=274914"}],"version-history":[{"count":0,"href":"https:\/\/kapitalis.com\/tunisie\/wp-json\/wp\/v2\/posts\/274914\/revisions"}],"wp:featuredmedia":[{"embeddable":true,"href":"https:\/\/kapitalis.com\/tunisie\/wp-json\/wp\/v2\/media\/274959"}],"wp:attachment":[{"href":"https:\/\/kapitalis.com\/tunisie\/wp-json\/wp\/v2\/media?parent=274914"}],"wp:term":[{"taxonomy":"category","embeddable":true,"href":"https:\/\/kapitalis.com\/tunisie\/wp-json\/wp\/v2\/categories?post=274914"},{"taxonomy":"post_tag","embeddable":true,"href":"https:\/\/kapitalis.com\/tunisie\/wp-json\/wp\/v2\/tags?post=274914"}],"curies":[{"name":"wp","href":"https:\/\/api.w.org\/{rel}","templated":true}]}}