{"id":274973,"date":"2020-01-22T17:15:22","date_gmt":"2020-01-22T16:15:22","guid":{"rendered":"http:\/\/kapitalis.com\/tunisie\/?p=274973"},"modified":"2020-01-22T17:15:27","modified_gmt":"2020-01-22T16:15:27","slug":"une-maison-de-tunisie-va-bientot-voir-le-jour-a-mazara-del-vallo-en-sicile-italie","status":"publish","type":"post","link":"https:\/\/kapitalis.com\/tunisie\/2020\/01\/22\/une-maison-de-tunisie-va-bientot-voir-le-jour-a-mazara-del-vallo-en-sicile-italie\/","title":{"rendered":"Une \u00abMaison de Tunisie\u00bb va bient\u00f4t voir le jour \u00e0 Mazara del Vallo, en Sicile, Italie"},"content":{"rendered":"\n<figure class=\"wp-block-image size-large\"><img decoding=\"async\" src=\"http:\/\/kapitalis.com\/tunisie\/wp-content\/uploads\/2020\/01\/Mazara-del-Vallo.jpg\" alt=\"\" class=\"wp-image-274993\"\/><figcaption><em>Mazara del Vallo.<\/em><\/figcaption><\/figure>\n\n\n\n<p><strong><em>Une Maison de Tunisie sera bient\u00f4t ouverte \u00e0 la commune sicilienne Mazaro del Vallo, pour am\u00e9liorer les services \u00e9ducatifs, culturels, sociaux et juridiques des habitants tunisiens de l&rsquo;\u00eele situ\u00e9e au sud de l&rsquo;Italie, notamment les marins.<\/em><\/strong><\/p>\n\n\n\n<!--more-->\n\n\n\n<p>La Maison de Tunisie est n\u00e9e d&rsquo;un accord d&rsquo;une dur\u00e9e de 5 ans, sign\u00e9 vendredi 17 janvier 2020, entre l&rsquo;Office des tunisiens \u00e0 l&rsquo;\u00e9tranger (OTE) et la municipalit\u00e9 de Mazara del Vallo relevant de Trapani, en Sicile. <\/p>\n\n\n\n<p>Cet accord pr\u00e9voit notamment la prise en charge, par la municipalit\u00e9 italienne, des frais d&rsquo;am\u00e9nagement et d&rsquo;entretien de la Maison de Tunisie, ainsi qu&rsquo;un soutien financier pour aider \u00e0 l&rsquo;organisation d&rsquo;activit\u00e9s culturelles et sociales au profit de la communaut\u00e9 tunisienne.<\/p>\n\n\n\n<p>Notons que pr\u00e8s de 4.000 tunisiens &#8211; essentiellement des p\u00eacheurs &#8211; r\u00e9sident actuellement \u00e0 Mazara del Vallo, qui doit son nom \u00e0 la p\u00e9riode d&rsquo;occupation arabe, entre le 8e et le 10e si\u00e8cles.<\/p>\n\n\n\n<p>En 827 la conqu\u00eate de la Sicile de la part des Arabes commence par Capo Granitola sur le territoire de Mazara del Vallo. Par la suite, la Sicile est partag\u00e9e en trois circonscriptions : Val di Mazara, la plus \u00e9tendu, Val Demone et Val di Noto. <\/p>\n\n\n\n<p>Gr\u00e2ce \u00e0 l&rsquo;introduction de nouvelles cultures apport\u00e9es par les musulmans, comme les citronniers, les orangers et de nouvelles techniques d&rsquo;irrigation, l&rsquo;agriculture recommence \u00e0 se d\u00e9velopper. <\/p>\n\n\n\n<p>L&rsquo;activit\u00e9 portuaire redevient importante pour les \u00e9changes commerciaux avec les pays africains et espagnols. <\/p>\n\n\n\n<p>Avec le gouvernement de Ibn Mankut, Mazara devient un important centre d&rsquo;\u00e9tudes islamiques pour l&rsquo;enseignement de la litt\u00e9rature, de la po\u00e9sie, du droit et de la religion. <\/p>\n\n\n\n<p>Le r\u00e9seau routier du centre historique, connu comme Kasbah, encore visible aujourd&rsquo;hui, rappelle les origines arabes de la ville.<\/p>\n\n\n\n<p class=\"has-text-align-right\"><strong>A. M.  <\/strong><\/p>\n","protected":false},"excerpt":{"rendered":"<p>Une Maison de Tunisie sera bient\u00f4t ouverte \u00e0 la commune sicilienne Mazaro del Vallo, pour am\u00e9liorer les services \u00e9ducatifs, culturels, sociaux et juridiques des habitants tunisiens de l&rsquo;\u00eele situ\u00e9e au sud de l&rsquo;Italie, notamment les marins.<\/p>\n","protected":false},"author":22,"featured_media":274993,"comment_status":"open","ping_status":"open","sticky":false,"template":"","format":"standard","meta":{"footnotes":""},"categories":[998,2433],"tags":[14560,22940],"class_list":["post-274973","post","type-post","status-publish","format-standard","has-post-thumbnail","hentry","category-societe","category-tunisie","tag-maison-de-tunisie","tag-mazara-del-vallo"],"yoast_head":"<!-- This site is optimized with the Yoast SEO plugin v26.6 - https:\/\/yoast.com\/wordpress\/plugins\/seo\/ -->\n<title>Une \u00abMaison de Tunisie\u00bb va bient\u00f4t voir le jour \u00e0 Mazara del Vallo, en Sicile, Italie - Kapitalis<\/title>\n<meta name=\"robots\" content=\"index, follow, max-snippet:-1, max-image-preview:large, max-video-preview:-1\" \/>\n<link rel=\"canonical\" href=\"https:\/\/kapitalis.com\/tunisie\/2020\/01\/22\/une-maison-de-tunisie-va-bientot-voir-le-jour-a-mazara-del-vallo-en-sicile-italie\/\" \/>\n<meta property=\"og:locale\" content=\"fr_FR\" \/>\n<meta property=\"og:type\" content=\"article\" \/>\n<meta property=\"og:title\" content=\"Une \u00abMaison de Tunisie\u00bb va bient\u00f4t voir le jour \u00e0 Mazara del Vallo, en Sicile, Italie - Kapitalis\" \/>\n<meta property=\"og:description\" content=\"Une Maison de Tunisie sera bient\u00f4t ouverte \u00e0 la commune sicilienne Mazaro del Vallo, pour am\u00e9liorer les services \u00e9ducatifs, culturels, sociaux et juridiques des habitants tunisiens de l&rsquo;\u00eele situ\u00e9e au sud de l&rsquo;Italie, notamment les marins.\" \/>\n<meta property=\"og:url\" content=\"https:\/\/kapitalis.com\/tunisie\/2020\/01\/22\/une-maison-de-tunisie-va-bientot-voir-le-jour-a-mazara-del-vallo-en-sicile-italie\/\" \/>\n<meta property=\"og:site_name\" content=\"Kapitalis\" \/>\n<meta property=\"article:publisher\" content=\"https:\/\/www.facebook.com\/KapitalisInfo\/\" \/>\n<meta property=\"article:published_time\" content=\"2020-01-22T16:15:22+00:00\" \/>\n<meta property=\"article:modified_time\" content=\"2020-01-22T16:15:27+00:00\" \/>\n<meta property=\"og:image\" content=\"https:\/\/kapitalis.com\/tunisie\/wp-content\/uploads\/2022\/05\/kapitalis-logo-fb.png\" \/>\n\t<meta property=\"og:image:width\" content=\"1200\" \/>\n\t<meta property=\"og:image:height\" content=\"630\" \/>\n\t<meta property=\"og:image:type\" content=\"image\/png\" \/>\n<meta name=\"author\" content=\"Amina Mkada\" \/>\n<meta name=\"twitter:card\" content=\"summary_large_image\" \/>\n<meta name=\"twitter:creator\" content=\"@KapitalisInfo\" \/>\n<meta name=\"twitter:site\" content=\"@KapitalisInfo\" \/>\n<meta name=\"twitter:label1\" content=\"\u00c9crit par\" \/>\n\t<meta name=\"twitter:data1\" content=\"Amina Mkada\" \/>\n\t<meta name=\"twitter:label2\" content=\"Dur\u00e9e de lecture estim\u00e9e\" \/>\n\t<meta name=\"twitter:data2\" content=\"1 minute\" \/>\n<script type=\"application\/ld+json\" class=\"yoast-schema-graph\">{\"@context\":\"https:\/\/schema.org\",\"@graph\":[{\"@type\":\"Article\",\"@id\":\"https:\/\/kapitalis.com\/tunisie\/2020\/01\/22\/une-maison-de-tunisie-va-bientot-voir-le-jour-a-mazara-del-vallo-en-sicile-italie\/#article\",\"isPartOf\":{\"@id\":\"https:\/\/kapitalis.com\/tunisie\/2020\/01\/22\/une-maison-de-tunisie-va-bientot-voir-le-jour-a-mazara-del-vallo-en-sicile-italie\/\"},\"author\":{\"name\":\"Amina Mkada\",\"@id\":\"https:\/\/kapitalis.com\/tunisie\/#\/schema\/person\/093913313d3017554cb3ad077fff3fbd\"},\"headline\":\"Une \u00abMaison de Tunisie\u00bb va bient\u00f4t voir le jour \u00e0 Mazara del Vallo, en Sicile, Italie\",\"datePublished\":\"2020-01-22T16:15:22+00:00\",\"dateModified\":\"2020-01-22T16:15:27+00:00\",\"mainEntityOfPage\":{\"@id\":\"https:\/\/kapitalis.com\/tunisie\/2020\/01\/22\/une-maison-de-tunisie-va-bientot-voir-le-jour-a-mazara-del-vallo-en-sicile-italie\/\"},\"wordCount\":309,\"commentCount\":1,\"publisher\":{\"@id\":\"https:\/\/kapitalis.com\/tunisie\/#organization\"},\"image\":{\"@id\":\"https:\/\/kapitalis.com\/tunisie\/2020\/01\/22\/une-maison-de-tunisie-va-bientot-voir-le-jour-a-mazara-del-vallo-en-sicile-italie\/#primaryimage\"},\"thumbnailUrl\":\"\",\"keywords\":[\"Maison de Tunisie\",\"Mazara del Vallo\"],\"articleSection\":[\"SOCIETE\",\"Tunisie\"],\"inLanguage\":\"fr-FR\",\"potentialAction\":[{\"@type\":\"CommentAction\",\"name\":\"Comment\",\"target\":[\"https:\/\/kapitalis.com\/tunisie\/2020\/01\/22\/une-maison-de-tunisie-va-bientot-voir-le-jour-a-mazara-del-vallo-en-sicile-italie\/#respond\"]}]},{\"@type\":\"WebPage\",\"@id\":\"https:\/\/kapitalis.com\/tunisie\/2020\/01\/22\/une-maison-de-tunisie-va-bientot-voir-le-jour-a-mazara-del-vallo-en-sicile-italie\/\",\"url\":\"https:\/\/kapitalis.com\/tunisie\/2020\/01\/22\/une-maison-de-tunisie-va-bientot-voir-le-jour-a-mazara-del-vallo-en-sicile-italie\/\",\"name\":\"Une \u00abMaison de Tunisie\u00bb va bient\u00f4t voir le jour \u00e0 Mazara del Vallo, en Sicile, Italie - Kapitalis\",\"isPartOf\":{\"@id\":\"https:\/\/kapitalis.com\/tunisie\/#website\"},\"primaryImageOfPage\":{\"@id\":\"https:\/\/kapitalis.com\/tunisie\/2020\/01\/22\/une-maison-de-tunisie-va-bientot-voir-le-jour-a-mazara-del-vallo-en-sicile-italie\/#primaryimage\"},\"image\":{\"@id\":\"https:\/\/kapitalis.com\/tunisie\/2020\/01\/22\/une-maison-de-tunisie-va-bientot-voir-le-jour-a-mazara-del-vallo-en-sicile-italie\/#primaryimage\"},\"thumbnailUrl\":\"\",\"datePublished\":\"2020-01-22T16:15:22+00:00\",\"dateModified\":\"2020-01-22T16:15:27+00:00\",\"breadcrumb\":{\"@id\":\"https:\/\/kapitalis.com\/tunisie\/2020\/01\/22\/une-maison-de-tunisie-va-bientot-voir-le-jour-a-mazara-del-vallo-en-sicile-italie\/#breadcrumb\"},\"inLanguage\":\"fr-FR\",\"potentialAction\":[{\"@type\":\"ReadAction\",\"target\":[\"https:\/\/kapitalis.com\/tunisie\/2020\/01\/22\/une-maison-de-tunisie-va-bientot-voir-le-jour-a-mazara-del-vallo-en-sicile-italie\/\"]}]},{\"@type\":\"ImageObject\",\"inLanguage\":\"fr-FR\",\"@id\":\"https:\/\/kapitalis.com\/tunisie\/2020\/01\/22\/une-maison-de-tunisie-va-bientot-voir-le-jour-a-mazara-del-vallo-en-sicile-italie\/#primaryimage\",\"url\":\"\",\"contentUrl\":\"\"},{\"@type\":\"BreadcrumbList\",\"@id\":\"https:\/\/kapitalis.com\/tunisie\/2020\/01\/22\/une-maison-de-tunisie-va-bientot-voir-le-jour-a-mazara-del-vallo-en-sicile-italie\/#breadcrumb\",\"itemListElement\":[{\"@type\":\"ListItem\",\"position\":1,\"name\":\"Accueil\",\"item\":\"https:\/\/kapitalis.com\/tunisie\/\"},{\"@type\":\"ListItem\",\"position\":2,\"name\":\"Une \u00abMaison de Tunisie\u00bb va bient\u00f4t voir le jour \u00e0 Mazara del Vallo, en Sicile, Italie\"}]},{\"@type\":\"WebSite\",\"@id\":\"https:\/\/kapitalis.com\/tunisie\/#website\",\"url\":\"https:\/\/kapitalis.com\/tunisie\/\",\"name\":\"Kapitalis\",\"description\":\"L&#039;actualit\u00e9 en Tunisie et dans le monde\",\"publisher\":{\"@id\":\"https:\/\/kapitalis.com\/tunisie\/#organization\"},\"potentialAction\":[{\"@type\":\"SearchAction\",\"target\":{\"@type\":\"EntryPoint\",\"urlTemplate\":\"https:\/\/kapitalis.com\/tunisie\/?s={search_term_string}\"},\"query-input\":{\"@type\":\"PropertyValueSpecification\",\"valueRequired\":true,\"valueName\":\"search_term_string\"}}],\"inLanguage\":\"fr-FR\"},{\"@type\":\"Organization\",\"@id\":\"https:\/\/kapitalis.com\/tunisie\/#organization\",\"name\":\"Kapitalis\",\"url\":\"https:\/\/kapitalis.com\/tunisie\/\",\"logo\":{\"@type\":\"ImageObject\",\"inLanguage\":\"fr-FR\",\"@id\":\"https:\/\/kapitalis.com\/tunisie\/#\/schema\/logo\/image\/\",\"url\":\"https:\/\/kapitalis.com\/tunisie\/wp-content\/uploads\/2022\/05\/Kapitalis-big-size.png\",\"contentUrl\":\"https:\/\/kapitalis.com\/tunisie\/wp-content\/uploads\/2022\/05\/Kapitalis-big-size.png\",\"width\":5000,\"height\":1500,\"caption\":\"Kapitalis\"},\"image\":{\"@id\":\"https:\/\/kapitalis.com\/tunisie\/#\/schema\/logo\/image\/\"},\"sameAs\":[\"https:\/\/www.facebook.com\/KapitalisInfo\/\",\"https:\/\/x.com\/KapitalisInfo\",\"https:\/\/www.youtube.com\/channel\/UC-yDYrHyfFBWWZaOw3FPg9Q\"]},{\"@type\":\"Person\",\"@id\":\"https:\/\/kapitalis.com\/tunisie\/#\/schema\/person\/093913313d3017554cb3ad077fff3fbd\",\"name\":\"Amina Mkada\",\"url\":\"https:\/\/kapitalis.com\/tunisie\/author\/amina\/\"}]}<\/script>\n<!-- \/ Yoast SEO plugin. -->","yoast_head_json":{"title":"Une \u00abMaison de Tunisie\u00bb va bient\u00f4t voir le jour \u00e0 Mazara del Vallo, en Sicile, Italie - Kapitalis","robots":{"index":"index","follow":"follow","max-snippet":"max-snippet:-1","max-image-preview":"max-image-preview:large","max-video-preview":"max-video-preview:-1"},"canonical":"https:\/\/kapitalis.com\/tunisie\/2020\/01\/22\/une-maison-de-tunisie-va-bientot-voir-le-jour-a-mazara-del-vallo-en-sicile-italie\/","og_locale":"fr_FR","og_type":"article","og_title":"Une \u00abMaison de Tunisie\u00bb va bient\u00f4t voir le jour \u00e0 Mazara del Vallo, en Sicile, Italie - Kapitalis","og_description":"Une Maison de Tunisie sera bient\u00f4t ouverte \u00e0 la commune sicilienne Mazaro del Vallo, pour am\u00e9liorer les services \u00e9ducatifs, culturels, sociaux et juridiques des habitants tunisiens de l&rsquo;\u00eele situ\u00e9e au sud de l&rsquo;Italie, notamment les marins.","og_url":"https:\/\/kapitalis.com\/tunisie\/2020\/01\/22\/une-maison-de-tunisie-va-bientot-voir-le-jour-a-mazara-del-vallo-en-sicile-italie\/","og_site_name":"Kapitalis","article_publisher":"https:\/\/www.facebook.com\/KapitalisInfo\/","article_published_time":"2020-01-22T16:15:22+00:00","article_modified_time":"2020-01-22T16:15:27+00:00","og_image":[{"width":1200,"height":630,"url":"https:\/\/kapitalis.com\/tunisie\/wp-content\/uploads\/2022\/05\/kapitalis-logo-fb.png","type":"image\/png"}],"author":"Amina Mkada","twitter_card":"summary_large_image","twitter_creator":"@KapitalisInfo","twitter_site":"@KapitalisInfo","twitter_misc":{"\u00c9crit par":"Amina Mkada","Dur\u00e9e de lecture estim\u00e9e":"1 minute"},"schema":{"@context":"https:\/\/schema.org","@graph":[{"@type":"Article","@id":"https:\/\/kapitalis.com\/tunisie\/2020\/01\/22\/une-maison-de-tunisie-va-bientot-voir-le-jour-a-mazara-del-vallo-en-sicile-italie\/#article","isPartOf":{"@id":"https:\/\/kapitalis.com\/tunisie\/2020\/01\/22\/une-maison-de-tunisie-va-bientot-voir-le-jour-a-mazara-del-vallo-en-sicile-italie\/"},"author":{"name":"Amina Mkada","@id":"https:\/\/kapitalis.com\/tunisie\/#\/schema\/person\/093913313d3017554cb3ad077fff3fbd"},"headline":"Une \u00abMaison de Tunisie\u00bb va bient\u00f4t voir le jour \u00e0 Mazara del Vallo, en Sicile, Italie","datePublished":"2020-01-22T16:15:22+00:00","dateModified":"2020-01-22T16:15:27+00:00","mainEntityOfPage":{"@id":"https:\/\/kapitalis.com\/tunisie\/2020\/01\/22\/une-maison-de-tunisie-va-bientot-voir-le-jour-a-mazara-del-vallo-en-sicile-italie\/"},"wordCount":309,"commentCount":1,"publisher":{"@id":"https:\/\/kapitalis.com\/tunisie\/#organization"},"image":{"@id":"https:\/\/kapitalis.com\/tunisie\/2020\/01\/22\/une-maison-de-tunisie-va-bientot-voir-le-jour-a-mazara-del-vallo-en-sicile-italie\/#primaryimage"},"thumbnailUrl":"","keywords":["Maison de Tunisie","Mazara del Vallo"],"articleSection":["SOCIETE","Tunisie"],"inLanguage":"fr-FR","potentialAction":[{"@type":"CommentAction","name":"Comment","target":["https:\/\/kapitalis.com\/tunisie\/2020\/01\/22\/une-maison-de-tunisie-va-bientot-voir-le-jour-a-mazara-del-vallo-en-sicile-italie\/#respond"]}]},{"@type":"WebPage","@id":"https:\/\/kapitalis.com\/tunisie\/2020\/01\/22\/une-maison-de-tunisie-va-bientot-voir-le-jour-a-mazara-del-vallo-en-sicile-italie\/","url":"https:\/\/kapitalis.com\/tunisie\/2020\/01\/22\/une-maison-de-tunisie-va-bientot-voir-le-jour-a-mazara-del-vallo-en-sicile-italie\/","name":"Une \u00abMaison de Tunisie\u00bb va bient\u00f4t voir le jour \u00e0 Mazara del Vallo, en Sicile, Italie - Kapitalis","isPartOf":{"@id":"https:\/\/kapitalis.com\/tunisie\/#website"},"primaryImageOfPage":{"@id":"https:\/\/kapitalis.com\/tunisie\/2020\/01\/22\/une-maison-de-tunisie-va-bientot-voir-le-jour-a-mazara-del-vallo-en-sicile-italie\/#primaryimage"},"image":{"@id":"https:\/\/kapitalis.com\/tunisie\/2020\/01\/22\/une-maison-de-tunisie-va-bientot-voir-le-jour-a-mazara-del-vallo-en-sicile-italie\/#primaryimage"},"thumbnailUrl":"","datePublished":"2020-01-22T16:15:22+00:00","dateModified":"2020-01-22T16:15:27+00:00","breadcrumb":{"@id":"https:\/\/kapitalis.com\/tunisie\/2020\/01\/22\/une-maison-de-tunisie-va-bientot-voir-le-jour-a-mazara-del-vallo-en-sicile-italie\/#breadcrumb"},"inLanguage":"fr-FR","potentialAction":[{"@type":"ReadAction","target":["https:\/\/kapitalis.com\/tunisie\/2020\/01\/22\/une-maison-de-tunisie-va-bientot-voir-le-jour-a-mazara-del-vallo-en-sicile-italie\/"]}]},{"@type":"ImageObject","inLanguage":"fr-FR","@id":"https:\/\/kapitalis.com\/tunisie\/2020\/01\/22\/une-maison-de-tunisie-va-bientot-voir-le-jour-a-mazara-del-vallo-en-sicile-italie\/#primaryimage","url":"","contentUrl":""},{"@type":"BreadcrumbList","@id":"https:\/\/kapitalis.com\/tunisie\/2020\/01\/22\/une-maison-de-tunisie-va-bientot-voir-le-jour-a-mazara-del-vallo-en-sicile-italie\/#breadcrumb","itemListElement":[{"@type":"ListItem","position":1,"name":"Accueil","item":"https:\/\/kapitalis.com\/tunisie\/"},{"@type":"ListItem","position":2,"name":"Une \u00abMaison de Tunisie\u00bb va bient\u00f4t voir le jour \u00e0 Mazara del Vallo, en Sicile, Italie"}]},{"@type":"WebSite","@id":"https:\/\/kapitalis.com\/tunisie\/#website","url":"https:\/\/kapitalis.com\/tunisie\/","name":"Kapitalis","description":"L&#039;actualit\u00e9 en Tunisie et dans le monde","publisher":{"@id":"https:\/\/kapitalis.com\/tunisie\/#organization"},"potentialAction":[{"@type":"SearchAction","target":{"@type":"EntryPoint","urlTemplate":"https:\/\/kapitalis.com\/tunisie\/?s={search_term_string}"},"query-input":{"@type":"PropertyValueSpecification","valueRequired":true,"valueName":"search_term_string"}}],"inLanguage":"fr-FR"},{"@type":"Organization","@id":"https:\/\/kapitalis.com\/tunisie\/#organization","name":"Kapitalis","url":"https:\/\/kapitalis.com\/tunisie\/","logo":{"@type":"ImageObject","inLanguage":"fr-FR","@id":"https:\/\/kapitalis.com\/tunisie\/#\/schema\/logo\/image\/","url":"https:\/\/kapitalis.com\/tunisie\/wp-content\/uploads\/2022\/05\/Kapitalis-big-size.png","contentUrl":"https:\/\/kapitalis.com\/tunisie\/wp-content\/uploads\/2022\/05\/Kapitalis-big-size.png","width":5000,"height":1500,"caption":"Kapitalis"},"image":{"@id":"https:\/\/kapitalis.com\/tunisie\/#\/schema\/logo\/image\/"},"sameAs":["https:\/\/www.facebook.com\/KapitalisInfo\/","https:\/\/x.com\/KapitalisInfo","https:\/\/www.youtube.com\/channel\/UC-yDYrHyfFBWWZaOw3FPg9Q"]},{"@type":"Person","@id":"https:\/\/kapitalis.com\/tunisie\/#\/schema\/person\/093913313d3017554cb3ad077fff3fbd","name":"Amina Mkada","url":"https:\/\/kapitalis.com\/tunisie\/author\/amina\/"}]}},"_links":{"self":[{"href":"https:\/\/kapitalis.com\/tunisie\/wp-json\/wp\/v2\/posts\/274973","targetHints":{"allow":["GET"]}}],"collection":[{"href":"https:\/\/kapitalis.com\/tunisie\/wp-json\/wp\/v2\/posts"}],"about":[{"href":"https:\/\/kapitalis.com\/tunisie\/wp-json\/wp\/v2\/types\/post"}],"author":[{"embeddable":true,"href":"https:\/\/kapitalis.com\/tunisie\/wp-json\/wp\/v2\/users\/22"}],"replies":[{"embeddable":true,"href":"https:\/\/kapitalis.com\/tunisie\/wp-json\/wp\/v2\/comments?post=274973"}],"version-history":[{"count":0,"href":"https:\/\/kapitalis.com\/tunisie\/wp-json\/wp\/v2\/posts\/274973\/revisions"}],"wp:featuredmedia":[{"embeddable":true,"href":"https:\/\/kapitalis.com\/tunisie\/wp-json\/wp\/v2\/media\/274993"}],"wp:attachment":[{"href":"https:\/\/kapitalis.com\/tunisie\/wp-json\/wp\/v2\/media?parent=274973"}],"wp:term":[{"taxonomy":"category","embeddable":true,"href":"https:\/\/kapitalis.com\/tunisie\/wp-json\/wp\/v2\/categories?post=274973"},{"taxonomy":"post_tag","embeddable":true,"href":"https:\/\/kapitalis.com\/tunisie\/wp-json\/wp\/v2\/tags?post=274973"}],"curies":[{"name":"wp","href":"https:\/\/api.w.org\/{rel}","templated":true}]}}