{"id":275257,"date":"2020-01-23T14:38:05","date_gmt":"2020-01-23T13:38:05","guid":{"rendered":"http:\/\/kapitalis.com\/tunisie\/?p=275257"},"modified":"2020-01-23T14:38:11","modified_gmt":"2020-01-23T13:38:11","slug":"marche-a-tunis-a-la-memoire-des-victimes-de-lesclavage","status":"publish","type":"post","link":"https:\/\/kapitalis.com\/tunisie\/2020\/01\/23\/marche-a-tunis-a-la-memoire-des-victimes-de-lesclavage\/","title":{"rendered":"Marche \u00e0 Tunis \u00e0 la m\u00e9moire des victimes de l&rsquo;esclavage"},"content":{"rendered":"\n<figure class=\"wp-block-image size-large\"><img decoding=\"async\" src=\"http:\/\/kapitalis.com\/tunisie\/wp-content\/uploads\/2020\/01\/comm\u00e9moration-abolition-esclavage.jpg\" alt=\"\" class=\"wp-image-275283\"\/><\/figure>\n\n\n\n<p><strong><em>Une marche pacifique et symbolique vient d&rsquo;avoir lieu ce jeudi 23 janvier 2020, partant de l&rsquo;h\u00f4tel de ville de Tunis, \u00e0 la Kasbah, vers la Place du 23 Janvier 1846, jadis utilis\u00e9e comme lieu de vente des esclaves, \u00e0 Souk El Berka, dans la m\u00e9dina de la capitale.  <\/em><\/strong><\/p>\n\n\n\n<!--more-->\n\n\n\n<p>Les victimes de l\u2019esclavage \u00e9taient vendues \u00e0 Souk El Berka jusqu\u2019\u00e0 l&rsquo;abolition de cette pratique en Tunisie par le D\u00e9cret Beylical de Ahmed Bey du 23 janvier 1846, puis en 1890 par la France, apr\u00e8s l&rsquo;instauration du protectorat fran\u00e7ais de\u00a0Tunisie. L&rsquo;esclavage\u00a0a cependant persist\u00e9 en Tunisie jusqu&rsquo;au d\u00e9but du XX\u00a0<sup>e<\/sup>\u00a0si\u00e8cle. <\/p>\n\n\n\n<p>La Tunisie est ainsi devenue le 1er pays arabe et musulman \u00e0 avoir aboli l&rsquo;esclavage il y a d\u00e9j\u00e0 174 ans, bien avant la France et les Etats-Unis. <\/p>\n\n\n\n<div class=\"wp-block-image\"><figure class=\"aligncenter size-large is-resized\"><img decoding=\"async\" src=\"http:\/\/kapitalis.com\/tunisie\/wp-content\/uploads\/2020\/01\/esclavage-decret-abolition-23-janvier-1846.jpg\" alt=\"\" class=\"wp-image-275281\" width=\"500\"\/><figcaption><em>D\u00e9cret de Ahmed Bey du 23 janvier 1846.<\/em><\/figcaption><\/figure><\/div>\n\n\n\n<p>Ce souci des droits humains, si profond\u00e9ment enracin\u00e9 dans la conscience des Tunisiens, est sans doute pour beaucoup dans les avanc\u00e9es r\u00e9alis\u00e9es par notre pays, notamment sur le plan des droits et des libert\u00e9s publiques. Le fait que la Tunisie soit le premier pays du monde arabo-musulmans \u00e0 acc\u00e9der \u00e0 la d\u00e9mocratie pluraliste trouve son explication, en grande partie, dans l&rsquo;esprit r\u00e9formiste et progressiste de ses \u00e9lites intellectuelles depuis le d\u00e9but du 19e si\u00e8cle.  <\/p>\n\n\n\n<p class=\"has-text-align-right\"><strong>A. M.<\/strong><\/p>\n\n\n\n<figure class=\"wp-block-embed-wordpress wp-block-embed is-type-wp-embed is-provider-kapitalis\"><div class=\"wp-block-embed__wrapper\">\n<blockquote class=\"wp-embedded-content\" data-secret=\"46z8q0sQZo\"><a href=\"https:\/\/kapitalis.com\/tunisie\/2019\/01\/22\/tunisie-le-23-janvier-decrete-journee-de-labolition-de-lesclavage-video\/\">Tunisie : Le 23 janvier d\u00e9cr\u00e9t\u00e9 Journ\u00e9e de l\u2019abolition de l\u2019esclavage (vid\u00e9o)<\/a><\/blockquote><iframe loading=\"lazy\" class=\"wp-embedded-content\" sandbox=\"allow-scripts\" security=\"restricted\" style=\"position: absolute; clip: rect(1px, 1px, 1px, 1px);\" title=\"\u00ab\u00a0Tunisie : Le 23 janvier d\u00e9cr\u00e9t\u00e9 Journ\u00e9e de l\u2019abolition de l\u2019esclavage (vid\u00e9o)\u00a0\u00bb &#8212; Kapitalis\" src=\"https:\/\/kapitalis.com\/tunisie\/2019\/01\/22\/tunisie-le-23-janvier-decrete-journee-de-labolition-de-lesclavage-video\/embed\/#?secret=wk8hcPMA9A#?secret=46z8q0sQZo\" data-secret=\"46z8q0sQZo\" width=\"600\" height=\"338\" frameborder=\"0\" marginwidth=\"0\" marginheight=\"0\" scrolling=\"no\"><\/iframe>\n<\/div><\/figure>\n","protected":false},"excerpt":{"rendered":"<p>Une marche pacifique et symbolique vient d&rsquo;avoir lieu ce jeudi 23 janvier 2020, partant de l&rsquo;h\u00f4tel de ville de Tunis, \u00e0 la Kasbah, vers la Place du 23 Janvier 1846, jadis utilis\u00e9e comme lieu de vente des esclaves, \u00e0 Souk El Berka, dans la m\u00e9dina de la capitale.<\/p>\n","protected":false},"author":22,"featured_media":275281,"comment_status":"open","ping_status":"open","sticky":false,"template":"","format":"standard","meta":{"footnotes":""},"categories":[998,2433],"tags":[349,395,8866],"class_list":["post-275257","post","type-post","status-publish","format-standard","has-post-thumbnail","hentry","category-societe","category-tunisie","tag-etats-unis","tag-france","tag-medina-de-tunis"],"yoast_head":"<!-- This site is optimized with the Yoast SEO plugin v26.6 - https:\/\/yoast.com\/wordpress\/plugins\/seo\/ -->\n<title>Marche \u00e0 Tunis \u00e0 la m\u00e9moire des victimes de l&#039;esclavage - Kapitalis<\/title>\n<meta name=\"robots\" content=\"index, follow, max-snippet:-1, max-image-preview:large, max-video-preview:-1\" \/>\n<link rel=\"canonical\" href=\"https:\/\/kapitalis.com\/tunisie\/2020\/01\/23\/marche-a-tunis-a-la-memoire-des-victimes-de-lesclavage\/\" \/>\n<meta property=\"og:locale\" content=\"fr_FR\" \/>\n<meta property=\"og:type\" content=\"article\" \/>\n<meta property=\"og:title\" content=\"Marche \u00e0 Tunis \u00e0 la m\u00e9moire des victimes de l&#039;esclavage - Kapitalis\" \/>\n<meta property=\"og:description\" content=\"Une marche pacifique et symbolique vient d&rsquo;avoir lieu ce jeudi 23 janvier 2020, partant de l&rsquo;h\u00f4tel de ville de Tunis, \u00e0 la Kasbah, vers la Place du 23 Janvier 1846, jadis utilis\u00e9e comme lieu de vente des esclaves, \u00e0 Souk El Berka, dans la m\u00e9dina de la capitale.\" \/>\n<meta property=\"og:url\" content=\"https:\/\/kapitalis.com\/tunisie\/2020\/01\/23\/marche-a-tunis-a-la-memoire-des-victimes-de-lesclavage\/\" \/>\n<meta property=\"og:site_name\" content=\"Kapitalis\" \/>\n<meta property=\"article:publisher\" content=\"https:\/\/www.facebook.com\/KapitalisInfo\/\" \/>\n<meta property=\"article:published_time\" content=\"2020-01-23T13:38:05+00:00\" \/>\n<meta property=\"article:modified_time\" content=\"2020-01-23T13:38:11+00:00\" \/>\n<meta property=\"og:image\" content=\"https:\/\/kapitalis.com\/tunisie\/wp-content\/uploads\/2022\/05\/kapitalis-logo-fb.png\" \/>\n\t<meta property=\"og:image:width\" content=\"1200\" \/>\n\t<meta property=\"og:image:height\" content=\"630\" \/>\n\t<meta property=\"og:image:type\" content=\"image\/png\" \/>\n<meta name=\"author\" content=\"Amina Mkada\" \/>\n<meta name=\"twitter:card\" content=\"summary_large_image\" \/>\n<meta name=\"twitter:creator\" content=\"@KapitalisInfo\" \/>\n<meta name=\"twitter:site\" content=\"@KapitalisInfo\" \/>\n<meta name=\"twitter:label1\" content=\"\u00c9crit par\" \/>\n\t<meta name=\"twitter:data1\" content=\"Amina Mkada\" \/>\n\t<meta name=\"twitter:label2\" content=\"Dur\u00e9e de lecture estim\u00e9e\" \/>\n\t<meta name=\"twitter:data2\" content=\"1 minute\" \/>\n<script type=\"application\/ld+json\" class=\"yoast-schema-graph\">{\"@context\":\"https:\/\/schema.org\",\"@graph\":[{\"@type\":\"Article\",\"@id\":\"https:\/\/kapitalis.com\/tunisie\/2020\/01\/23\/marche-a-tunis-a-la-memoire-des-victimes-de-lesclavage\/#article\",\"isPartOf\":{\"@id\":\"https:\/\/kapitalis.com\/tunisie\/2020\/01\/23\/marche-a-tunis-a-la-memoire-des-victimes-de-lesclavage\/\"},\"author\":{\"name\":\"Amina Mkada\",\"@id\":\"https:\/\/kapitalis.com\/tunisie\/#\/schema\/person\/093913313d3017554cb3ad077fff3fbd\"},\"headline\":\"Marche \u00e0 Tunis \u00e0 la m\u00e9moire des victimes de l&rsquo;esclavage\",\"datePublished\":\"2020-01-23T13:38:05+00:00\",\"dateModified\":\"2020-01-23T13:38:11+00:00\",\"mainEntityOfPage\":{\"@id\":\"https:\/\/kapitalis.com\/tunisie\/2020\/01\/23\/marche-a-tunis-a-la-memoire-des-victimes-de-lesclavage\/\"},\"wordCount\":233,\"commentCount\":2,\"publisher\":{\"@id\":\"https:\/\/kapitalis.com\/tunisie\/#organization\"},\"image\":{\"@id\":\"https:\/\/kapitalis.com\/tunisie\/2020\/01\/23\/marche-a-tunis-a-la-memoire-des-victimes-de-lesclavage\/#primaryimage\"},\"thumbnailUrl\":\"\",\"keywords\":[\"Etats Unis\",\"France\",\"m\u00e9dina de Tunis\"],\"articleSection\":[\"SOCIETE\",\"Tunisie\"],\"inLanguage\":\"fr-FR\",\"potentialAction\":[{\"@type\":\"CommentAction\",\"name\":\"Comment\",\"target\":[\"https:\/\/kapitalis.com\/tunisie\/2020\/01\/23\/marche-a-tunis-a-la-memoire-des-victimes-de-lesclavage\/#respond\"]}]},{\"@type\":\"WebPage\",\"@id\":\"https:\/\/kapitalis.com\/tunisie\/2020\/01\/23\/marche-a-tunis-a-la-memoire-des-victimes-de-lesclavage\/\",\"url\":\"https:\/\/kapitalis.com\/tunisie\/2020\/01\/23\/marche-a-tunis-a-la-memoire-des-victimes-de-lesclavage\/\",\"name\":\"Marche \u00e0 Tunis \u00e0 la m\u00e9moire des victimes de l'esclavage - Kapitalis\",\"isPartOf\":{\"@id\":\"https:\/\/kapitalis.com\/tunisie\/#website\"},\"primaryImageOfPage\":{\"@id\":\"https:\/\/kapitalis.com\/tunisie\/2020\/01\/23\/marche-a-tunis-a-la-memoire-des-victimes-de-lesclavage\/#primaryimage\"},\"image\":{\"@id\":\"https:\/\/kapitalis.com\/tunisie\/2020\/01\/23\/marche-a-tunis-a-la-memoire-des-victimes-de-lesclavage\/#primaryimage\"},\"thumbnailUrl\":\"\",\"datePublished\":\"2020-01-23T13:38:05+00:00\",\"dateModified\":\"2020-01-23T13:38:11+00:00\",\"breadcrumb\":{\"@id\":\"https:\/\/kapitalis.com\/tunisie\/2020\/01\/23\/marche-a-tunis-a-la-memoire-des-victimes-de-lesclavage\/#breadcrumb\"},\"inLanguage\":\"fr-FR\",\"potentialAction\":[{\"@type\":\"ReadAction\",\"target\":[\"https:\/\/kapitalis.com\/tunisie\/2020\/01\/23\/marche-a-tunis-a-la-memoire-des-victimes-de-lesclavage\/\"]}]},{\"@type\":\"ImageObject\",\"inLanguage\":\"fr-FR\",\"@id\":\"https:\/\/kapitalis.com\/tunisie\/2020\/01\/23\/marche-a-tunis-a-la-memoire-des-victimes-de-lesclavage\/#primaryimage\",\"url\":\"\",\"contentUrl\":\"\"},{\"@type\":\"BreadcrumbList\",\"@id\":\"https:\/\/kapitalis.com\/tunisie\/2020\/01\/23\/marche-a-tunis-a-la-memoire-des-victimes-de-lesclavage\/#breadcrumb\",\"itemListElement\":[{\"@type\":\"ListItem\",\"position\":1,\"name\":\"Accueil\",\"item\":\"https:\/\/kapitalis.com\/tunisie\/\"},{\"@type\":\"ListItem\",\"position\":2,\"name\":\"Marche \u00e0 Tunis \u00e0 la m\u00e9moire des victimes de l&rsquo;esclavage\"}]},{\"@type\":\"WebSite\",\"@id\":\"https:\/\/kapitalis.com\/tunisie\/#website\",\"url\":\"https:\/\/kapitalis.com\/tunisie\/\",\"name\":\"Kapitalis\",\"description\":\"L&#039;actualit\u00e9 en Tunisie et dans le monde\",\"publisher\":{\"@id\":\"https:\/\/kapitalis.com\/tunisie\/#organization\"},\"potentialAction\":[{\"@type\":\"SearchAction\",\"target\":{\"@type\":\"EntryPoint\",\"urlTemplate\":\"https:\/\/kapitalis.com\/tunisie\/?s={search_term_string}\"},\"query-input\":{\"@type\":\"PropertyValueSpecification\",\"valueRequired\":true,\"valueName\":\"search_term_string\"}}],\"inLanguage\":\"fr-FR\"},{\"@type\":\"Organization\",\"@id\":\"https:\/\/kapitalis.com\/tunisie\/#organization\",\"name\":\"Kapitalis\",\"url\":\"https:\/\/kapitalis.com\/tunisie\/\",\"logo\":{\"@type\":\"ImageObject\",\"inLanguage\":\"fr-FR\",\"@id\":\"https:\/\/kapitalis.com\/tunisie\/#\/schema\/logo\/image\/\",\"url\":\"https:\/\/kapitalis.com\/tunisie\/wp-content\/uploads\/2022\/05\/Kapitalis-big-size.png\",\"contentUrl\":\"https:\/\/kapitalis.com\/tunisie\/wp-content\/uploads\/2022\/05\/Kapitalis-big-size.png\",\"width\":5000,\"height\":1500,\"caption\":\"Kapitalis\"},\"image\":{\"@id\":\"https:\/\/kapitalis.com\/tunisie\/#\/schema\/logo\/image\/\"},\"sameAs\":[\"https:\/\/www.facebook.com\/KapitalisInfo\/\",\"https:\/\/x.com\/KapitalisInfo\",\"https:\/\/www.youtube.com\/channel\/UC-yDYrHyfFBWWZaOw3FPg9Q\"]},{\"@type\":\"Person\",\"@id\":\"https:\/\/kapitalis.com\/tunisie\/#\/schema\/person\/093913313d3017554cb3ad077fff3fbd\",\"name\":\"Amina Mkada\",\"url\":\"https:\/\/kapitalis.com\/tunisie\/author\/amina\/\"}]}<\/script>\n<!-- \/ Yoast SEO plugin. -->","yoast_head_json":{"title":"Marche \u00e0 Tunis \u00e0 la m\u00e9moire des victimes de l'esclavage - Kapitalis","robots":{"index":"index","follow":"follow","max-snippet":"max-snippet:-1","max-image-preview":"max-image-preview:large","max-video-preview":"max-video-preview:-1"},"canonical":"https:\/\/kapitalis.com\/tunisie\/2020\/01\/23\/marche-a-tunis-a-la-memoire-des-victimes-de-lesclavage\/","og_locale":"fr_FR","og_type":"article","og_title":"Marche \u00e0 Tunis \u00e0 la m\u00e9moire des victimes de l'esclavage - Kapitalis","og_description":"Une marche pacifique et symbolique vient d&rsquo;avoir lieu ce jeudi 23 janvier 2020, partant de l&rsquo;h\u00f4tel de ville de Tunis, \u00e0 la Kasbah, vers la Place du 23 Janvier 1846, jadis utilis\u00e9e comme lieu de vente des esclaves, \u00e0 Souk El Berka, dans la m\u00e9dina de la capitale.","og_url":"https:\/\/kapitalis.com\/tunisie\/2020\/01\/23\/marche-a-tunis-a-la-memoire-des-victimes-de-lesclavage\/","og_site_name":"Kapitalis","article_publisher":"https:\/\/www.facebook.com\/KapitalisInfo\/","article_published_time":"2020-01-23T13:38:05+00:00","article_modified_time":"2020-01-23T13:38:11+00:00","og_image":[{"width":1200,"height":630,"url":"https:\/\/kapitalis.com\/tunisie\/wp-content\/uploads\/2022\/05\/kapitalis-logo-fb.png","type":"image\/png"}],"author":"Amina Mkada","twitter_card":"summary_large_image","twitter_creator":"@KapitalisInfo","twitter_site":"@KapitalisInfo","twitter_misc":{"\u00c9crit par":"Amina Mkada","Dur\u00e9e de lecture estim\u00e9e":"1 minute"},"schema":{"@context":"https:\/\/schema.org","@graph":[{"@type":"Article","@id":"https:\/\/kapitalis.com\/tunisie\/2020\/01\/23\/marche-a-tunis-a-la-memoire-des-victimes-de-lesclavage\/#article","isPartOf":{"@id":"https:\/\/kapitalis.com\/tunisie\/2020\/01\/23\/marche-a-tunis-a-la-memoire-des-victimes-de-lesclavage\/"},"author":{"name":"Amina Mkada","@id":"https:\/\/kapitalis.com\/tunisie\/#\/schema\/person\/093913313d3017554cb3ad077fff3fbd"},"headline":"Marche \u00e0 Tunis \u00e0 la m\u00e9moire des victimes de l&rsquo;esclavage","datePublished":"2020-01-23T13:38:05+00:00","dateModified":"2020-01-23T13:38:11+00:00","mainEntityOfPage":{"@id":"https:\/\/kapitalis.com\/tunisie\/2020\/01\/23\/marche-a-tunis-a-la-memoire-des-victimes-de-lesclavage\/"},"wordCount":233,"commentCount":2,"publisher":{"@id":"https:\/\/kapitalis.com\/tunisie\/#organization"},"image":{"@id":"https:\/\/kapitalis.com\/tunisie\/2020\/01\/23\/marche-a-tunis-a-la-memoire-des-victimes-de-lesclavage\/#primaryimage"},"thumbnailUrl":"","keywords":["Etats Unis","France","m\u00e9dina de Tunis"],"articleSection":["SOCIETE","Tunisie"],"inLanguage":"fr-FR","potentialAction":[{"@type":"CommentAction","name":"Comment","target":["https:\/\/kapitalis.com\/tunisie\/2020\/01\/23\/marche-a-tunis-a-la-memoire-des-victimes-de-lesclavage\/#respond"]}]},{"@type":"WebPage","@id":"https:\/\/kapitalis.com\/tunisie\/2020\/01\/23\/marche-a-tunis-a-la-memoire-des-victimes-de-lesclavage\/","url":"https:\/\/kapitalis.com\/tunisie\/2020\/01\/23\/marche-a-tunis-a-la-memoire-des-victimes-de-lesclavage\/","name":"Marche \u00e0 Tunis \u00e0 la m\u00e9moire des victimes de l'esclavage - Kapitalis","isPartOf":{"@id":"https:\/\/kapitalis.com\/tunisie\/#website"},"primaryImageOfPage":{"@id":"https:\/\/kapitalis.com\/tunisie\/2020\/01\/23\/marche-a-tunis-a-la-memoire-des-victimes-de-lesclavage\/#primaryimage"},"image":{"@id":"https:\/\/kapitalis.com\/tunisie\/2020\/01\/23\/marche-a-tunis-a-la-memoire-des-victimes-de-lesclavage\/#primaryimage"},"thumbnailUrl":"","datePublished":"2020-01-23T13:38:05+00:00","dateModified":"2020-01-23T13:38:11+00:00","breadcrumb":{"@id":"https:\/\/kapitalis.com\/tunisie\/2020\/01\/23\/marche-a-tunis-a-la-memoire-des-victimes-de-lesclavage\/#breadcrumb"},"inLanguage":"fr-FR","potentialAction":[{"@type":"ReadAction","target":["https:\/\/kapitalis.com\/tunisie\/2020\/01\/23\/marche-a-tunis-a-la-memoire-des-victimes-de-lesclavage\/"]}]},{"@type":"ImageObject","inLanguage":"fr-FR","@id":"https:\/\/kapitalis.com\/tunisie\/2020\/01\/23\/marche-a-tunis-a-la-memoire-des-victimes-de-lesclavage\/#primaryimage","url":"","contentUrl":""},{"@type":"BreadcrumbList","@id":"https:\/\/kapitalis.com\/tunisie\/2020\/01\/23\/marche-a-tunis-a-la-memoire-des-victimes-de-lesclavage\/#breadcrumb","itemListElement":[{"@type":"ListItem","position":1,"name":"Accueil","item":"https:\/\/kapitalis.com\/tunisie\/"},{"@type":"ListItem","position":2,"name":"Marche \u00e0 Tunis \u00e0 la m\u00e9moire des victimes de l&rsquo;esclavage"}]},{"@type":"WebSite","@id":"https:\/\/kapitalis.com\/tunisie\/#website","url":"https:\/\/kapitalis.com\/tunisie\/","name":"Kapitalis","description":"L&#039;actualit\u00e9 en Tunisie et dans le monde","publisher":{"@id":"https:\/\/kapitalis.com\/tunisie\/#organization"},"potentialAction":[{"@type":"SearchAction","target":{"@type":"EntryPoint","urlTemplate":"https:\/\/kapitalis.com\/tunisie\/?s={search_term_string}"},"query-input":{"@type":"PropertyValueSpecification","valueRequired":true,"valueName":"search_term_string"}}],"inLanguage":"fr-FR"},{"@type":"Organization","@id":"https:\/\/kapitalis.com\/tunisie\/#organization","name":"Kapitalis","url":"https:\/\/kapitalis.com\/tunisie\/","logo":{"@type":"ImageObject","inLanguage":"fr-FR","@id":"https:\/\/kapitalis.com\/tunisie\/#\/schema\/logo\/image\/","url":"https:\/\/kapitalis.com\/tunisie\/wp-content\/uploads\/2022\/05\/Kapitalis-big-size.png","contentUrl":"https:\/\/kapitalis.com\/tunisie\/wp-content\/uploads\/2022\/05\/Kapitalis-big-size.png","width":5000,"height":1500,"caption":"Kapitalis"},"image":{"@id":"https:\/\/kapitalis.com\/tunisie\/#\/schema\/logo\/image\/"},"sameAs":["https:\/\/www.facebook.com\/KapitalisInfo\/","https:\/\/x.com\/KapitalisInfo","https:\/\/www.youtube.com\/channel\/UC-yDYrHyfFBWWZaOw3FPg9Q"]},{"@type":"Person","@id":"https:\/\/kapitalis.com\/tunisie\/#\/schema\/person\/093913313d3017554cb3ad077fff3fbd","name":"Amina Mkada","url":"https:\/\/kapitalis.com\/tunisie\/author\/amina\/"}]}},"_links":{"self":[{"href":"https:\/\/kapitalis.com\/tunisie\/wp-json\/wp\/v2\/posts\/275257","targetHints":{"allow":["GET"]}}],"collection":[{"href":"https:\/\/kapitalis.com\/tunisie\/wp-json\/wp\/v2\/posts"}],"about":[{"href":"https:\/\/kapitalis.com\/tunisie\/wp-json\/wp\/v2\/types\/post"}],"author":[{"embeddable":true,"href":"https:\/\/kapitalis.com\/tunisie\/wp-json\/wp\/v2\/users\/22"}],"replies":[{"embeddable":true,"href":"https:\/\/kapitalis.com\/tunisie\/wp-json\/wp\/v2\/comments?post=275257"}],"version-history":[{"count":0,"href":"https:\/\/kapitalis.com\/tunisie\/wp-json\/wp\/v2\/posts\/275257\/revisions"}],"wp:featuredmedia":[{"embeddable":true,"href":"https:\/\/kapitalis.com\/tunisie\/wp-json\/wp\/v2\/media\/275281"}],"wp:attachment":[{"href":"https:\/\/kapitalis.com\/tunisie\/wp-json\/wp\/v2\/media?parent=275257"}],"wp:term":[{"taxonomy":"category","embeddable":true,"href":"https:\/\/kapitalis.com\/tunisie\/wp-json\/wp\/v2\/categories?post=275257"},{"taxonomy":"post_tag","embeddable":true,"href":"https:\/\/kapitalis.com\/tunisie\/wp-json\/wp\/v2\/tags?post=275257"}],"curies":[{"name":"wp","href":"https:\/\/api.w.org\/{rel}","templated":true}]}}