{"id":275324,"date":"2020-01-23T15:08:28","date_gmt":"2020-01-23T14:08:28","guid":{"rendered":"http:\/\/kapitalis.com\/tunisie\/?p=275324"},"modified":"2020-01-23T15:09:09","modified_gmt":"2020-01-23T14:09:09","slug":"esperance-de-tunis-ben-hammouda-et-meziane-ajoutes-a-la-liste-africaine","status":"publish","type":"post","link":"https:\/\/kapitalis.com\/tunisie\/2020\/01\/23\/esperance-de-tunis-ben-hammouda-et-meziane-ajoutes-a-la-liste-africaine\/","title":{"rendered":"Esp\u00e9rance de Tunis : Ben Hammouda et Meziane ajout\u00e9s \u00e0 la liste africaine"},"content":{"rendered":"\n<figure class=\"wp-block-image size-large\"><img decoding=\"async\" src=\"http:\/\/kapitalis.com\/tunisie\/wp-content\/uploads\/2020\/01\/Mohamed-Ali-Ben-Hammouda-et-Abderrahmane-Meziane.jpg\" alt=\"\" class=\"wp-image-275326\"\/><figcaption> <em>Mohamed Ali Ben Hamouda<\/em> \/ <em>Abderrahmane Meziane<\/em>.<\/figcaption><\/figure>\n\n\n\n<p><strong><em> L&rsquo;Esp\u00e9rance sportive de Tunis (EST) annonce aujourd&rsquo;hui, jeudi 23 janvier 2020, qu\u2019elle avait ajout\u00e9 \u00e0 sa liste africaine les deux nouvelles recrues, l\u2019Alg\u00e9rien Abderrahmane Meziane et Mohamed Ali Ben Hamouda, qui remplacent Anice Badri et Haythem Jouini, partis en Arabie Saoudite.<\/em><\/strong><\/p>\n\n\n\n<!--more-->\n\n\n\n<p> La liste compl\u00e8te compte 27 joueurs s\u2019\u00e9tablit comme suit : Moez Ben Cherifia, Rami Jeridi, Sedki Debchi (gardiens), Sameh Derbali, Iheb Mbarki, Raed Fedaa, Ilyes Chetti, Houcine Rabii, Mohamed Ali Yaakoubi, Chamseddine Dhaouadi, Abdelkader Bedrane, Khalil Chammam, Mohamed Amine Meskini, Mohamed Ali Ben Romdhane, Youssef Mosrati, Kouam\u00e9 Bonso, Abderraouf Benguit, Bilal Bensaha, Hamdou Elhouni, Fedi Benchoug, Fousseny Coulibaly, Zied Berrima, Taha Yassine Khenissi, Abderrahmane Meziane, Ibrahim Ouattara, Mohamed Ali Ben Hammouda, Maher Ben Sghaier.<\/p>\n\n\n\n<p> L\u2019EST affrontera le Raja Casablanca, demain vendredi 24 janvier, \u00e0 partir de 20 heures, au stade de Rad\u00e8s, pour le compte de la 5e journ\u00e9e de la phase de groupes de la Ligue des champions.<\/p>\n\n\n\n<p> L&rsquo;EST m\u00e8ne en t\u00eate du quatri\u00e8me groupe, avec 10 points, avec 3 points devant Raja. <\/p>\n\n\n\n<p> D\u2019autre part, l\u2019\u00e9quipe Bab Souika va mettre aujourd\u2019hui en circulation les billets pour son match contre le Raja.<\/p>\n\n\n\n<p> La vente des billets se poursuivra jusqu&rsquo;au jour de la rencontre, avec des prix variant entre 10 et 40 dinars. <\/p>\n\n\n\n<p class=\"has-text-align-right\"><strong> H. M.<\/strong> <\/p>\n","protected":false},"excerpt":{"rendered":"<p>L&rsquo;Esp\u00e9rance sportive de Tunis (EST) annonce aujourd&rsquo;hui, jeudi 23 janvier 2020, qu\u2019elle avait ajout\u00e9 \u00e0 sa liste africaine les deux nouvelles recrues, l\u2019Alg\u00e9rien Abderrahmane Meziane et Mohamed Ali Ben Hamouda, qui remplacent Anice Badri et Haythem Jouini, partis en Arabie Saoudite.<\/p>\n","protected":false},"author":8,"featured_media":275326,"comment_status":"open","ping_status":"open","sticky":false,"template":"","format":"standard","meta":{"footnotes":""},"categories":[999,2433],"tags":[73037,1619,54600,30028,72468,1853],"class_list":["post-275324","post","type-post","status-publish","format-standard","has-post-thumbnail","hentry","category-sport","category-tunisie","tag-abderrahmane-meziane","tag-esperance-de-tunis","tag-hamdou-elhouni","tag-ligue-des-champions","tag-mohamed-ali-ben-hammouda","tag-raja-casablanca"],"yoast_head":"<!-- This site is optimized with the Yoast SEO plugin v26.6 - https:\/\/yoast.com\/wordpress\/plugins\/seo\/ -->\n<title>Esp\u00e9rance de Tunis : Ben Hammouda et Meziane ajout\u00e9s \u00e0 la liste africaine - Kapitalis<\/title>\n<meta name=\"robots\" content=\"index, follow, max-snippet:-1, max-image-preview:large, max-video-preview:-1\" \/>\n<link rel=\"canonical\" href=\"https:\/\/kapitalis.com\/tunisie\/2020\/01\/23\/esperance-de-tunis-ben-hammouda-et-meziane-ajoutes-a-la-liste-africaine\/\" \/>\n<meta property=\"og:locale\" content=\"fr_FR\" \/>\n<meta property=\"og:type\" content=\"article\" \/>\n<meta property=\"og:title\" content=\"Esp\u00e9rance de Tunis : Ben Hammouda et Meziane ajout\u00e9s \u00e0 la liste africaine - Kapitalis\" \/>\n<meta property=\"og:description\" content=\"L&rsquo;Esp\u00e9rance sportive de Tunis (EST) annonce aujourd&rsquo;hui, jeudi 23 janvier 2020, qu\u2019elle avait ajout\u00e9 \u00e0 sa liste africaine les deux nouvelles recrues, l\u2019Alg\u00e9rien Abderrahmane Meziane et Mohamed Ali Ben Hamouda, qui remplacent Anice Badri et Haythem Jouini, partis en Arabie Saoudite.\" \/>\n<meta property=\"og:url\" content=\"https:\/\/kapitalis.com\/tunisie\/2020\/01\/23\/esperance-de-tunis-ben-hammouda-et-meziane-ajoutes-a-la-liste-africaine\/\" \/>\n<meta property=\"og:site_name\" content=\"Kapitalis\" \/>\n<meta property=\"article:publisher\" content=\"https:\/\/www.facebook.com\/KapitalisInfo\/\" \/>\n<meta property=\"article:published_time\" content=\"2020-01-23T14:08:28+00:00\" \/>\n<meta property=\"article:modified_time\" content=\"2020-01-23T14:09:09+00:00\" \/>\n<meta property=\"og:image\" content=\"https:\/\/kapitalis.com\/tunisie\/wp-content\/uploads\/2022\/05\/kapitalis-logo-fb.png\" \/>\n\t<meta property=\"og:image:width\" content=\"1200\" \/>\n\t<meta property=\"og:image:height\" content=\"630\" \/>\n\t<meta property=\"og:image:type\" content=\"image\/png\" \/>\n<meta name=\"author\" content=\"webmaster kapitalis\" \/>\n<meta name=\"twitter:card\" content=\"summary_large_image\" \/>\n<meta name=\"twitter:creator\" content=\"@KapitalisInfo\" \/>\n<meta name=\"twitter:site\" content=\"@KapitalisInfo\" \/>\n<meta name=\"twitter:label1\" content=\"\u00c9crit par\" \/>\n\t<meta name=\"twitter:data1\" content=\"webmaster kapitalis\" \/>\n\t<meta name=\"twitter:label2\" content=\"Dur\u00e9e de lecture estim\u00e9e\" \/>\n\t<meta name=\"twitter:data2\" content=\"1 minute\" \/>\n<script type=\"application\/ld+json\" class=\"yoast-schema-graph\">{\"@context\":\"https:\/\/schema.org\",\"@graph\":[{\"@type\":\"Article\",\"@id\":\"https:\/\/kapitalis.com\/tunisie\/2020\/01\/23\/esperance-de-tunis-ben-hammouda-et-meziane-ajoutes-a-la-liste-africaine\/#article\",\"isPartOf\":{\"@id\":\"https:\/\/kapitalis.com\/tunisie\/2020\/01\/23\/esperance-de-tunis-ben-hammouda-et-meziane-ajoutes-a-la-liste-africaine\/\"},\"author\":{\"name\":\"webmaster kapitalis\",\"@id\":\"https:\/\/kapitalis.com\/tunisie\/#\/schema\/person\/d71f33a9ca44f7bad4698210b480c8e9\"},\"headline\":\"Esp\u00e9rance de Tunis : Ben Hammouda et Meziane ajout\u00e9s \u00e0 la liste africaine\",\"datePublished\":\"2020-01-23T14:08:28+00:00\",\"dateModified\":\"2020-01-23T14:09:09+00:00\",\"mainEntityOfPage\":{\"@id\":\"https:\/\/kapitalis.com\/tunisie\/2020\/01\/23\/esperance-de-tunis-ben-hammouda-et-meziane-ajoutes-a-la-liste-africaine\/\"},\"wordCount\":227,\"commentCount\":0,\"publisher\":{\"@id\":\"https:\/\/kapitalis.com\/tunisie\/#organization\"},\"image\":{\"@id\":\"https:\/\/kapitalis.com\/tunisie\/2020\/01\/23\/esperance-de-tunis-ben-hammouda-et-meziane-ajoutes-a-la-liste-africaine\/#primaryimage\"},\"thumbnailUrl\":\"\",\"keywords\":[\"Abderrahmane Meziane\",\"Esp\u00e9rance de Tunis\",\"Hamdou Elhouni\",\"Ligue des champions\",\"Mohamed Ali Ben Hammouda\",\"Raja Casablanca\"],\"articleSection\":[\"SPORT\",\"Tunisie\"],\"inLanguage\":\"fr-FR\",\"potentialAction\":[{\"@type\":\"CommentAction\",\"name\":\"Comment\",\"target\":[\"https:\/\/kapitalis.com\/tunisie\/2020\/01\/23\/esperance-de-tunis-ben-hammouda-et-meziane-ajoutes-a-la-liste-africaine\/#respond\"]}]},{\"@type\":\"WebPage\",\"@id\":\"https:\/\/kapitalis.com\/tunisie\/2020\/01\/23\/esperance-de-tunis-ben-hammouda-et-meziane-ajoutes-a-la-liste-africaine\/\",\"url\":\"https:\/\/kapitalis.com\/tunisie\/2020\/01\/23\/esperance-de-tunis-ben-hammouda-et-meziane-ajoutes-a-la-liste-africaine\/\",\"name\":\"Esp\u00e9rance de Tunis : Ben Hammouda et Meziane ajout\u00e9s \u00e0 la liste africaine - Kapitalis\",\"isPartOf\":{\"@id\":\"https:\/\/kapitalis.com\/tunisie\/#website\"},\"primaryImageOfPage\":{\"@id\":\"https:\/\/kapitalis.com\/tunisie\/2020\/01\/23\/esperance-de-tunis-ben-hammouda-et-meziane-ajoutes-a-la-liste-africaine\/#primaryimage\"},\"image\":{\"@id\":\"https:\/\/kapitalis.com\/tunisie\/2020\/01\/23\/esperance-de-tunis-ben-hammouda-et-meziane-ajoutes-a-la-liste-africaine\/#primaryimage\"},\"thumbnailUrl\":\"\",\"datePublished\":\"2020-01-23T14:08:28+00:00\",\"dateModified\":\"2020-01-23T14:09:09+00:00\",\"breadcrumb\":{\"@id\":\"https:\/\/kapitalis.com\/tunisie\/2020\/01\/23\/esperance-de-tunis-ben-hammouda-et-meziane-ajoutes-a-la-liste-africaine\/#breadcrumb\"},\"inLanguage\":\"fr-FR\",\"potentialAction\":[{\"@type\":\"ReadAction\",\"target\":[\"https:\/\/kapitalis.com\/tunisie\/2020\/01\/23\/esperance-de-tunis-ben-hammouda-et-meziane-ajoutes-a-la-liste-africaine\/\"]}]},{\"@type\":\"ImageObject\",\"inLanguage\":\"fr-FR\",\"@id\":\"https:\/\/kapitalis.com\/tunisie\/2020\/01\/23\/esperance-de-tunis-ben-hammouda-et-meziane-ajoutes-a-la-liste-africaine\/#primaryimage\",\"url\":\"\",\"contentUrl\":\"\"},{\"@type\":\"BreadcrumbList\",\"@id\":\"https:\/\/kapitalis.com\/tunisie\/2020\/01\/23\/esperance-de-tunis-ben-hammouda-et-meziane-ajoutes-a-la-liste-africaine\/#breadcrumb\",\"itemListElement\":[{\"@type\":\"ListItem\",\"position\":1,\"name\":\"Accueil\",\"item\":\"https:\/\/kapitalis.com\/tunisie\/\"},{\"@type\":\"ListItem\",\"position\":2,\"name\":\"Esp\u00e9rance de Tunis : Ben Hammouda et Meziane ajout\u00e9s \u00e0 la liste africaine\"}]},{\"@type\":\"WebSite\",\"@id\":\"https:\/\/kapitalis.com\/tunisie\/#website\",\"url\":\"https:\/\/kapitalis.com\/tunisie\/\",\"name\":\"Kapitalis\",\"description\":\"L&#039;actualit\u00e9 en Tunisie et dans le monde\",\"publisher\":{\"@id\":\"https:\/\/kapitalis.com\/tunisie\/#organization\"},\"potentialAction\":[{\"@type\":\"SearchAction\",\"target\":{\"@type\":\"EntryPoint\",\"urlTemplate\":\"https:\/\/kapitalis.com\/tunisie\/?s={search_term_string}\"},\"query-input\":{\"@type\":\"PropertyValueSpecification\",\"valueRequired\":true,\"valueName\":\"search_term_string\"}}],\"inLanguage\":\"fr-FR\"},{\"@type\":\"Organization\",\"@id\":\"https:\/\/kapitalis.com\/tunisie\/#organization\",\"name\":\"Kapitalis\",\"url\":\"https:\/\/kapitalis.com\/tunisie\/\",\"logo\":{\"@type\":\"ImageObject\",\"inLanguage\":\"fr-FR\",\"@id\":\"https:\/\/kapitalis.com\/tunisie\/#\/schema\/logo\/image\/\",\"url\":\"https:\/\/kapitalis.com\/tunisie\/wp-content\/uploads\/2022\/05\/Kapitalis-big-size.png\",\"contentUrl\":\"https:\/\/kapitalis.com\/tunisie\/wp-content\/uploads\/2022\/05\/Kapitalis-big-size.png\",\"width\":5000,\"height\":1500,\"caption\":\"Kapitalis\"},\"image\":{\"@id\":\"https:\/\/kapitalis.com\/tunisie\/#\/schema\/logo\/image\/\"},\"sameAs\":[\"https:\/\/www.facebook.com\/KapitalisInfo\/\",\"https:\/\/x.com\/KapitalisInfo\",\"https:\/\/www.youtube.com\/channel\/UC-yDYrHyfFBWWZaOw3FPg9Q\"]},{\"@type\":\"Person\",\"@id\":\"https:\/\/kapitalis.com\/tunisie\/#\/schema\/person\/d71f33a9ca44f7bad4698210b480c8e9\",\"name\":\"webmaster kapitalis\",\"url\":\"https:\/\/kapitalis.com\/tunisie\/author\/webmaster-kapitalis\/\"}]}<\/script>\n<!-- \/ Yoast SEO plugin. -->","yoast_head_json":{"title":"Esp\u00e9rance de Tunis : Ben Hammouda et Meziane ajout\u00e9s \u00e0 la liste africaine - Kapitalis","robots":{"index":"index","follow":"follow","max-snippet":"max-snippet:-1","max-image-preview":"max-image-preview:large","max-video-preview":"max-video-preview:-1"},"canonical":"https:\/\/kapitalis.com\/tunisie\/2020\/01\/23\/esperance-de-tunis-ben-hammouda-et-meziane-ajoutes-a-la-liste-africaine\/","og_locale":"fr_FR","og_type":"article","og_title":"Esp\u00e9rance de Tunis : Ben Hammouda et Meziane ajout\u00e9s \u00e0 la liste africaine - Kapitalis","og_description":"L&rsquo;Esp\u00e9rance sportive de Tunis (EST) annonce aujourd&rsquo;hui, jeudi 23 janvier 2020, qu\u2019elle avait ajout\u00e9 \u00e0 sa liste africaine les deux nouvelles recrues, l\u2019Alg\u00e9rien Abderrahmane Meziane et Mohamed Ali Ben Hamouda, qui remplacent Anice Badri et Haythem Jouini, partis en Arabie Saoudite.","og_url":"https:\/\/kapitalis.com\/tunisie\/2020\/01\/23\/esperance-de-tunis-ben-hammouda-et-meziane-ajoutes-a-la-liste-africaine\/","og_site_name":"Kapitalis","article_publisher":"https:\/\/www.facebook.com\/KapitalisInfo\/","article_published_time":"2020-01-23T14:08:28+00:00","article_modified_time":"2020-01-23T14:09:09+00:00","og_image":[{"width":1200,"height":630,"url":"https:\/\/kapitalis.com\/tunisie\/wp-content\/uploads\/2022\/05\/kapitalis-logo-fb.png","type":"image\/png"}],"author":"webmaster kapitalis","twitter_card":"summary_large_image","twitter_creator":"@KapitalisInfo","twitter_site":"@KapitalisInfo","twitter_misc":{"\u00c9crit par":"webmaster kapitalis","Dur\u00e9e de lecture estim\u00e9e":"1 minute"},"schema":{"@context":"https:\/\/schema.org","@graph":[{"@type":"Article","@id":"https:\/\/kapitalis.com\/tunisie\/2020\/01\/23\/esperance-de-tunis-ben-hammouda-et-meziane-ajoutes-a-la-liste-africaine\/#article","isPartOf":{"@id":"https:\/\/kapitalis.com\/tunisie\/2020\/01\/23\/esperance-de-tunis-ben-hammouda-et-meziane-ajoutes-a-la-liste-africaine\/"},"author":{"name":"webmaster kapitalis","@id":"https:\/\/kapitalis.com\/tunisie\/#\/schema\/person\/d71f33a9ca44f7bad4698210b480c8e9"},"headline":"Esp\u00e9rance de Tunis : Ben Hammouda et Meziane ajout\u00e9s \u00e0 la liste africaine","datePublished":"2020-01-23T14:08:28+00:00","dateModified":"2020-01-23T14:09:09+00:00","mainEntityOfPage":{"@id":"https:\/\/kapitalis.com\/tunisie\/2020\/01\/23\/esperance-de-tunis-ben-hammouda-et-meziane-ajoutes-a-la-liste-africaine\/"},"wordCount":227,"commentCount":0,"publisher":{"@id":"https:\/\/kapitalis.com\/tunisie\/#organization"},"image":{"@id":"https:\/\/kapitalis.com\/tunisie\/2020\/01\/23\/esperance-de-tunis-ben-hammouda-et-meziane-ajoutes-a-la-liste-africaine\/#primaryimage"},"thumbnailUrl":"","keywords":["Abderrahmane Meziane","Esp\u00e9rance de Tunis","Hamdou Elhouni","Ligue des champions","Mohamed Ali Ben Hammouda","Raja Casablanca"],"articleSection":["SPORT","Tunisie"],"inLanguage":"fr-FR","potentialAction":[{"@type":"CommentAction","name":"Comment","target":["https:\/\/kapitalis.com\/tunisie\/2020\/01\/23\/esperance-de-tunis-ben-hammouda-et-meziane-ajoutes-a-la-liste-africaine\/#respond"]}]},{"@type":"WebPage","@id":"https:\/\/kapitalis.com\/tunisie\/2020\/01\/23\/esperance-de-tunis-ben-hammouda-et-meziane-ajoutes-a-la-liste-africaine\/","url":"https:\/\/kapitalis.com\/tunisie\/2020\/01\/23\/esperance-de-tunis-ben-hammouda-et-meziane-ajoutes-a-la-liste-africaine\/","name":"Esp\u00e9rance de Tunis : Ben Hammouda et Meziane ajout\u00e9s \u00e0 la liste africaine - Kapitalis","isPartOf":{"@id":"https:\/\/kapitalis.com\/tunisie\/#website"},"primaryImageOfPage":{"@id":"https:\/\/kapitalis.com\/tunisie\/2020\/01\/23\/esperance-de-tunis-ben-hammouda-et-meziane-ajoutes-a-la-liste-africaine\/#primaryimage"},"image":{"@id":"https:\/\/kapitalis.com\/tunisie\/2020\/01\/23\/esperance-de-tunis-ben-hammouda-et-meziane-ajoutes-a-la-liste-africaine\/#primaryimage"},"thumbnailUrl":"","datePublished":"2020-01-23T14:08:28+00:00","dateModified":"2020-01-23T14:09:09+00:00","breadcrumb":{"@id":"https:\/\/kapitalis.com\/tunisie\/2020\/01\/23\/esperance-de-tunis-ben-hammouda-et-meziane-ajoutes-a-la-liste-africaine\/#breadcrumb"},"inLanguage":"fr-FR","potentialAction":[{"@type":"ReadAction","target":["https:\/\/kapitalis.com\/tunisie\/2020\/01\/23\/esperance-de-tunis-ben-hammouda-et-meziane-ajoutes-a-la-liste-africaine\/"]}]},{"@type":"ImageObject","inLanguage":"fr-FR","@id":"https:\/\/kapitalis.com\/tunisie\/2020\/01\/23\/esperance-de-tunis-ben-hammouda-et-meziane-ajoutes-a-la-liste-africaine\/#primaryimage","url":"","contentUrl":""},{"@type":"BreadcrumbList","@id":"https:\/\/kapitalis.com\/tunisie\/2020\/01\/23\/esperance-de-tunis-ben-hammouda-et-meziane-ajoutes-a-la-liste-africaine\/#breadcrumb","itemListElement":[{"@type":"ListItem","position":1,"name":"Accueil","item":"https:\/\/kapitalis.com\/tunisie\/"},{"@type":"ListItem","position":2,"name":"Esp\u00e9rance de Tunis : Ben Hammouda et Meziane ajout\u00e9s \u00e0 la liste africaine"}]},{"@type":"WebSite","@id":"https:\/\/kapitalis.com\/tunisie\/#website","url":"https:\/\/kapitalis.com\/tunisie\/","name":"Kapitalis","description":"L&#039;actualit\u00e9 en Tunisie et dans le monde","publisher":{"@id":"https:\/\/kapitalis.com\/tunisie\/#organization"},"potentialAction":[{"@type":"SearchAction","target":{"@type":"EntryPoint","urlTemplate":"https:\/\/kapitalis.com\/tunisie\/?s={search_term_string}"},"query-input":{"@type":"PropertyValueSpecification","valueRequired":true,"valueName":"search_term_string"}}],"inLanguage":"fr-FR"},{"@type":"Organization","@id":"https:\/\/kapitalis.com\/tunisie\/#organization","name":"Kapitalis","url":"https:\/\/kapitalis.com\/tunisie\/","logo":{"@type":"ImageObject","inLanguage":"fr-FR","@id":"https:\/\/kapitalis.com\/tunisie\/#\/schema\/logo\/image\/","url":"https:\/\/kapitalis.com\/tunisie\/wp-content\/uploads\/2022\/05\/Kapitalis-big-size.png","contentUrl":"https:\/\/kapitalis.com\/tunisie\/wp-content\/uploads\/2022\/05\/Kapitalis-big-size.png","width":5000,"height":1500,"caption":"Kapitalis"},"image":{"@id":"https:\/\/kapitalis.com\/tunisie\/#\/schema\/logo\/image\/"},"sameAs":["https:\/\/www.facebook.com\/KapitalisInfo\/","https:\/\/x.com\/KapitalisInfo","https:\/\/www.youtube.com\/channel\/UC-yDYrHyfFBWWZaOw3FPg9Q"]},{"@type":"Person","@id":"https:\/\/kapitalis.com\/tunisie\/#\/schema\/person\/d71f33a9ca44f7bad4698210b480c8e9","name":"webmaster kapitalis","url":"https:\/\/kapitalis.com\/tunisie\/author\/webmaster-kapitalis\/"}]}},"_links":{"self":[{"href":"https:\/\/kapitalis.com\/tunisie\/wp-json\/wp\/v2\/posts\/275324","targetHints":{"allow":["GET"]}}],"collection":[{"href":"https:\/\/kapitalis.com\/tunisie\/wp-json\/wp\/v2\/posts"}],"about":[{"href":"https:\/\/kapitalis.com\/tunisie\/wp-json\/wp\/v2\/types\/post"}],"author":[{"embeddable":true,"href":"https:\/\/kapitalis.com\/tunisie\/wp-json\/wp\/v2\/users\/8"}],"replies":[{"embeddable":true,"href":"https:\/\/kapitalis.com\/tunisie\/wp-json\/wp\/v2\/comments?post=275324"}],"version-history":[{"count":0,"href":"https:\/\/kapitalis.com\/tunisie\/wp-json\/wp\/v2\/posts\/275324\/revisions"}],"wp:featuredmedia":[{"embeddable":true,"href":"https:\/\/kapitalis.com\/tunisie\/wp-json\/wp\/v2\/media\/275326"}],"wp:attachment":[{"href":"https:\/\/kapitalis.com\/tunisie\/wp-json\/wp\/v2\/media?parent=275324"}],"wp:term":[{"taxonomy":"category","embeddable":true,"href":"https:\/\/kapitalis.com\/tunisie\/wp-json\/wp\/v2\/categories?post=275324"},{"taxonomy":"post_tag","embeddable":true,"href":"https:\/\/kapitalis.com\/tunisie\/wp-json\/wp\/v2\/tags?post=275324"}],"curies":[{"name":"wp","href":"https:\/\/api.w.org\/{rel}","templated":true}]}}