{"id":275560,"date":"2020-01-24T10:43:51","date_gmt":"2020-01-24T09:43:51","guid":{"rendered":"http:\/\/kapitalis.com\/tunisie\/?p=275560"},"modified":"2020-01-24T10:57:35","modified_gmt":"2020-01-24T09:57:35","slug":"deces-de-lhomme-daffaires-slaheddine-letaief-il-sera-inhume-samedi-a-la-marsa","status":"publish","type":"post","link":"https:\/\/kapitalis.com\/tunisie\/2020\/01\/24\/deces-de-lhomme-daffaires-slaheddine-letaief-il-sera-inhume-samedi-a-la-marsa\/","title":{"rendered":"D\u00e9c\u00e8s de l\u2019homme d\u2019affaires Slaheddine Letaief, il sera inhum\u00e9 samedi \u00e0 La Marsa"},"content":{"rendered":"\n<figure class=\"wp-block-image size-large\"><img decoding=\"async\" src=\"http:\/\/kapitalis.com\/tunisie\/wp-content\/uploads\/2020\/01\/Deces.jpg\" alt=\"\" class=\"wp-image-275563\"\/><\/figure>\n\n\n\n<p> <strong><em>L\u2019homme d\u2019affaires Slaheddine Letaief, fr\u00e8re a\u00een\u00e9 de Kamel et Raouf Letaief, eux aussi dans les affaires, est d\u00e9c\u00e9d\u00e9 aujourd\u2019hui, vendredi 24 janvier 2020, \u00e0 l\u2019\u00e2ge de 72 ans. Il sera inhum\u00e9 demain, samedi, au cimeti\u00e8re Sidi Abdelaziz \u00e0 La Marsa. <\/em><\/strong><\/p>\n\n\n\n<!--more-->\n\n\n\n<p> Le d\u00e9funt, originaire de Hammam-Sousse, a longtemps dirig\u00e9 l\u2019entreprise familiale, sp\u00e9cialis\u00e9e dans les travaux publics et le b\u00e2timent, fond\u00e9e par son p\u00e8re Youssef Letaief. <\/p>\n","protected":false},"excerpt":{"rendered":"<p>L\u2019homme d\u2019affaires Slaheddine Letaief, fr\u00e8re a\u00een\u00e9 de Kamel et Raouf Letaief, eux aussi dans les affaires, est d\u00e9c\u00e9d\u00e9 aujourd\u2019hui, vendredi 24 janvier 2020, \u00e0 l\u2019\u00e2ge de 72 ans. Il sera inhum\u00e9 demain, samedi, au cimeti\u00e8re Sidi Abdelaziz \u00e0 La Marsa.<\/p>\n","protected":false},"author":8,"featured_media":275563,"comment_status":"open","ping_status":"open","sticky":false,"template":"","format":"standard","meta":{"footnotes":""},"categories":[995,2433],"tags":[],"class_list":["post-275560","post","type-post","status-publish","format-standard","has-post-thumbnail","hentry","category-economie","category-tunisie"],"yoast_head":"<!-- This site is optimized with the Yoast SEO plugin v26.6 - https:\/\/yoast.com\/wordpress\/plugins\/seo\/ -->\n<title>D\u00e9c\u00e8s de l\u2019homme d\u2019affaires Slaheddine Letaief, il sera inhum\u00e9 samedi \u00e0 La Marsa - Kapitalis<\/title>\n<meta name=\"robots\" content=\"index, follow, max-snippet:-1, max-image-preview:large, max-video-preview:-1\" \/>\n<link rel=\"canonical\" href=\"https:\/\/kapitalis.com\/tunisie\/2020\/01\/24\/deces-de-lhomme-daffaires-slaheddine-letaief-il-sera-inhume-samedi-a-la-marsa\/\" \/>\n<meta property=\"og:locale\" content=\"fr_FR\" \/>\n<meta property=\"og:type\" content=\"article\" \/>\n<meta property=\"og:title\" content=\"D\u00e9c\u00e8s de l\u2019homme d\u2019affaires Slaheddine Letaief, il sera inhum\u00e9 samedi \u00e0 La Marsa - Kapitalis\" \/>\n<meta property=\"og:description\" content=\"L\u2019homme d\u2019affaires Slaheddine Letaief, fr\u00e8re a\u00een\u00e9 de Kamel et Raouf Letaief, eux aussi dans les affaires, est d\u00e9c\u00e9d\u00e9 aujourd\u2019hui, vendredi 24 janvier 2020, \u00e0 l\u2019\u00e2ge de 72 ans. Il sera inhum\u00e9 demain, samedi, au cimeti\u00e8re Sidi Abdelaziz \u00e0 La Marsa.\" \/>\n<meta property=\"og:url\" content=\"https:\/\/kapitalis.com\/tunisie\/2020\/01\/24\/deces-de-lhomme-daffaires-slaheddine-letaief-il-sera-inhume-samedi-a-la-marsa\/\" \/>\n<meta property=\"og:site_name\" content=\"Kapitalis\" \/>\n<meta property=\"article:publisher\" content=\"https:\/\/www.facebook.com\/KapitalisInfo\/\" \/>\n<meta property=\"article:published_time\" content=\"2020-01-24T09:43:51+00:00\" \/>\n<meta property=\"article:modified_time\" content=\"2020-01-24T09:57:35+00:00\" \/>\n<meta property=\"og:image\" content=\"https:\/\/kapitalis.com\/tunisie\/wp-content\/uploads\/2022\/05\/kapitalis-logo-fb.png\" \/>\n\t<meta property=\"og:image:width\" content=\"1200\" \/>\n\t<meta property=\"og:image:height\" content=\"630\" \/>\n\t<meta property=\"og:image:type\" content=\"image\/png\" \/>\n<meta name=\"author\" content=\"webmaster kapitalis\" \/>\n<meta name=\"twitter:card\" content=\"summary_large_image\" \/>\n<meta name=\"twitter:creator\" content=\"@KapitalisInfo\" \/>\n<meta name=\"twitter:site\" content=\"@KapitalisInfo\" \/>\n<meta name=\"twitter:label1\" content=\"\u00c9crit par\" \/>\n\t<meta name=\"twitter:data1\" content=\"webmaster kapitalis\" \/>\n<script type=\"application\/ld+json\" class=\"yoast-schema-graph\">{\"@context\":\"https:\/\/schema.org\",\"@graph\":[{\"@type\":\"Article\",\"@id\":\"https:\/\/kapitalis.com\/tunisie\/2020\/01\/24\/deces-de-lhomme-daffaires-slaheddine-letaief-il-sera-inhume-samedi-a-la-marsa\/#article\",\"isPartOf\":{\"@id\":\"https:\/\/kapitalis.com\/tunisie\/2020\/01\/24\/deces-de-lhomme-daffaires-slaheddine-letaief-il-sera-inhume-samedi-a-la-marsa\/\"},\"author\":{\"name\":\"webmaster kapitalis\",\"@id\":\"https:\/\/kapitalis.com\/tunisie\/#\/schema\/person\/d71f33a9ca44f7bad4698210b480c8e9\"},\"headline\":\"D\u00e9c\u00e8s de l\u2019homme d\u2019affaires Slaheddine Letaief, il sera inhum\u00e9 samedi \u00e0 La Marsa\",\"datePublished\":\"2020-01-24T09:43:51+00:00\",\"dateModified\":\"2020-01-24T09:57:35+00:00\",\"mainEntityOfPage\":{\"@id\":\"https:\/\/kapitalis.com\/tunisie\/2020\/01\/24\/deces-de-lhomme-daffaires-slaheddine-letaief-il-sera-inhume-samedi-a-la-marsa\/\"},\"wordCount\":91,\"commentCount\":0,\"publisher\":{\"@id\":\"https:\/\/kapitalis.com\/tunisie\/#organization\"},\"image\":{\"@id\":\"https:\/\/kapitalis.com\/tunisie\/2020\/01\/24\/deces-de-lhomme-daffaires-slaheddine-letaief-il-sera-inhume-samedi-a-la-marsa\/#primaryimage\"},\"thumbnailUrl\":\"\",\"articleSection\":[\"ECONOMIE\",\"Tunisie\"],\"inLanguage\":\"fr-FR\",\"potentialAction\":[{\"@type\":\"CommentAction\",\"name\":\"Comment\",\"target\":[\"https:\/\/kapitalis.com\/tunisie\/2020\/01\/24\/deces-de-lhomme-daffaires-slaheddine-letaief-il-sera-inhume-samedi-a-la-marsa\/#respond\"]}]},{\"@type\":\"WebPage\",\"@id\":\"https:\/\/kapitalis.com\/tunisie\/2020\/01\/24\/deces-de-lhomme-daffaires-slaheddine-letaief-il-sera-inhume-samedi-a-la-marsa\/\",\"url\":\"https:\/\/kapitalis.com\/tunisie\/2020\/01\/24\/deces-de-lhomme-daffaires-slaheddine-letaief-il-sera-inhume-samedi-a-la-marsa\/\",\"name\":\"D\u00e9c\u00e8s de l\u2019homme d\u2019affaires Slaheddine Letaief, il sera inhum\u00e9 samedi \u00e0 La Marsa - Kapitalis\",\"isPartOf\":{\"@id\":\"https:\/\/kapitalis.com\/tunisie\/#website\"},\"primaryImageOfPage\":{\"@id\":\"https:\/\/kapitalis.com\/tunisie\/2020\/01\/24\/deces-de-lhomme-daffaires-slaheddine-letaief-il-sera-inhume-samedi-a-la-marsa\/#primaryimage\"},\"image\":{\"@id\":\"https:\/\/kapitalis.com\/tunisie\/2020\/01\/24\/deces-de-lhomme-daffaires-slaheddine-letaief-il-sera-inhume-samedi-a-la-marsa\/#primaryimage\"},\"thumbnailUrl\":\"\",\"datePublished\":\"2020-01-24T09:43:51+00:00\",\"dateModified\":\"2020-01-24T09:57:35+00:00\",\"breadcrumb\":{\"@id\":\"https:\/\/kapitalis.com\/tunisie\/2020\/01\/24\/deces-de-lhomme-daffaires-slaheddine-letaief-il-sera-inhume-samedi-a-la-marsa\/#breadcrumb\"},\"inLanguage\":\"fr-FR\",\"potentialAction\":[{\"@type\":\"ReadAction\",\"target\":[\"https:\/\/kapitalis.com\/tunisie\/2020\/01\/24\/deces-de-lhomme-daffaires-slaheddine-letaief-il-sera-inhume-samedi-a-la-marsa\/\"]}]},{\"@type\":\"ImageObject\",\"inLanguage\":\"fr-FR\",\"@id\":\"https:\/\/kapitalis.com\/tunisie\/2020\/01\/24\/deces-de-lhomme-daffaires-slaheddine-letaief-il-sera-inhume-samedi-a-la-marsa\/#primaryimage\",\"url\":\"\",\"contentUrl\":\"\"},{\"@type\":\"BreadcrumbList\",\"@id\":\"https:\/\/kapitalis.com\/tunisie\/2020\/01\/24\/deces-de-lhomme-daffaires-slaheddine-letaief-il-sera-inhume-samedi-a-la-marsa\/#breadcrumb\",\"itemListElement\":[{\"@type\":\"ListItem\",\"position\":1,\"name\":\"Accueil\",\"item\":\"https:\/\/kapitalis.com\/tunisie\/\"},{\"@type\":\"ListItem\",\"position\":2,\"name\":\"D\u00e9c\u00e8s de l\u2019homme d\u2019affaires Slaheddine Letaief, il sera inhum\u00e9 samedi \u00e0 La Marsa\"}]},{\"@type\":\"WebSite\",\"@id\":\"https:\/\/kapitalis.com\/tunisie\/#website\",\"url\":\"https:\/\/kapitalis.com\/tunisie\/\",\"name\":\"Kapitalis\",\"description\":\"L&#039;actualit\u00e9 en Tunisie et dans le monde\",\"publisher\":{\"@id\":\"https:\/\/kapitalis.com\/tunisie\/#organization\"},\"potentialAction\":[{\"@type\":\"SearchAction\",\"target\":{\"@type\":\"EntryPoint\",\"urlTemplate\":\"https:\/\/kapitalis.com\/tunisie\/?s={search_term_string}\"},\"query-input\":{\"@type\":\"PropertyValueSpecification\",\"valueRequired\":true,\"valueName\":\"search_term_string\"}}],\"inLanguage\":\"fr-FR\"},{\"@type\":\"Organization\",\"@id\":\"https:\/\/kapitalis.com\/tunisie\/#organization\",\"name\":\"Kapitalis\",\"url\":\"https:\/\/kapitalis.com\/tunisie\/\",\"logo\":{\"@type\":\"ImageObject\",\"inLanguage\":\"fr-FR\",\"@id\":\"https:\/\/kapitalis.com\/tunisie\/#\/schema\/logo\/image\/\",\"url\":\"https:\/\/kapitalis.com\/tunisie\/wp-content\/uploads\/2022\/05\/Kapitalis-big-size.png\",\"contentUrl\":\"https:\/\/kapitalis.com\/tunisie\/wp-content\/uploads\/2022\/05\/Kapitalis-big-size.png\",\"width\":5000,\"height\":1500,\"caption\":\"Kapitalis\"},\"image\":{\"@id\":\"https:\/\/kapitalis.com\/tunisie\/#\/schema\/logo\/image\/\"},\"sameAs\":[\"https:\/\/www.facebook.com\/KapitalisInfo\/\",\"https:\/\/x.com\/KapitalisInfo\",\"https:\/\/www.youtube.com\/channel\/UC-yDYrHyfFBWWZaOw3FPg9Q\"]},{\"@type\":\"Person\",\"@id\":\"https:\/\/kapitalis.com\/tunisie\/#\/schema\/person\/d71f33a9ca44f7bad4698210b480c8e9\",\"name\":\"webmaster kapitalis\",\"url\":\"https:\/\/kapitalis.com\/tunisie\/author\/webmaster-kapitalis\/\"}]}<\/script>\n<!-- \/ Yoast SEO plugin. -->","yoast_head_json":{"title":"D\u00e9c\u00e8s de l\u2019homme d\u2019affaires Slaheddine Letaief, il sera inhum\u00e9 samedi \u00e0 La Marsa - Kapitalis","robots":{"index":"index","follow":"follow","max-snippet":"max-snippet:-1","max-image-preview":"max-image-preview:large","max-video-preview":"max-video-preview:-1"},"canonical":"https:\/\/kapitalis.com\/tunisie\/2020\/01\/24\/deces-de-lhomme-daffaires-slaheddine-letaief-il-sera-inhume-samedi-a-la-marsa\/","og_locale":"fr_FR","og_type":"article","og_title":"D\u00e9c\u00e8s de l\u2019homme d\u2019affaires Slaheddine Letaief, il sera inhum\u00e9 samedi \u00e0 La Marsa - Kapitalis","og_description":"L\u2019homme d\u2019affaires Slaheddine Letaief, fr\u00e8re a\u00een\u00e9 de Kamel et Raouf Letaief, eux aussi dans les affaires, est d\u00e9c\u00e9d\u00e9 aujourd\u2019hui, vendredi 24 janvier 2020, \u00e0 l\u2019\u00e2ge de 72 ans. Il sera inhum\u00e9 demain, samedi, au cimeti\u00e8re Sidi Abdelaziz \u00e0 La Marsa.","og_url":"https:\/\/kapitalis.com\/tunisie\/2020\/01\/24\/deces-de-lhomme-daffaires-slaheddine-letaief-il-sera-inhume-samedi-a-la-marsa\/","og_site_name":"Kapitalis","article_publisher":"https:\/\/www.facebook.com\/KapitalisInfo\/","article_published_time":"2020-01-24T09:43:51+00:00","article_modified_time":"2020-01-24T09:57:35+00:00","og_image":[{"width":1200,"height":630,"url":"https:\/\/kapitalis.com\/tunisie\/wp-content\/uploads\/2022\/05\/kapitalis-logo-fb.png","type":"image\/png"}],"author":"webmaster kapitalis","twitter_card":"summary_large_image","twitter_creator":"@KapitalisInfo","twitter_site":"@KapitalisInfo","twitter_misc":{"\u00c9crit par":"webmaster kapitalis"},"schema":{"@context":"https:\/\/schema.org","@graph":[{"@type":"Article","@id":"https:\/\/kapitalis.com\/tunisie\/2020\/01\/24\/deces-de-lhomme-daffaires-slaheddine-letaief-il-sera-inhume-samedi-a-la-marsa\/#article","isPartOf":{"@id":"https:\/\/kapitalis.com\/tunisie\/2020\/01\/24\/deces-de-lhomme-daffaires-slaheddine-letaief-il-sera-inhume-samedi-a-la-marsa\/"},"author":{"name":"webmaster kapitalis","@id":"https:\/\/kapitalis.com\/tunisie\/#\/schema\/person\/d71f33a9ca44f7bad4698210b480c8e9"},"headline":"D\u00e9c\u00e8s de l\u2019homme d\u2019affaires Slaheddine Letaief, il sera inhum\u00e9 samedi \u00e0 La Marsa","datePublished":"2020-01-24T09:43:51+00:00","dateModified":"2020-01-24T09:57:35+00:00","mainEntityOfPage":{"@id":"https:\/\/kapitalis.com\/tunisie\/2020\/01\/24\/deces-de-lhomme-daffaires-slaheddine-letaief-il-sera-inhume-samedi-a-la-marsa\/"},"wordCount":91,"commentCount":0,"publisher":{"@id":"https:\/\/kapitalis.com\/tunisie\/#organization"},"image":{"@id":"https:\/\/kapitalis.com\/tunisie\/2020\/01\/24\/deces-de-lhomme-daffaires-slaheddine-letaief-il-sera-inhume-samedi-a-la-marsa\/#primaryimage"},"thumbnailUrl":"","articleSection":["ECONOMIE","Tunisie"],"inLanguage":"fr-FR","potentialAction":[{"@type":"CommentAction","name":"Comment","target":["https:\/\/kapitalis.com\/tunisie\/2020\/01\/24\/deces-de-lhomme-daffaires-slaheddine-letaief-il-sera-inhume-samedi-a-la-marsa\/#respond"]}]},{"@type":"WebPage","@id":"https:\/\/kapitalis.com\/tunisie\/2020\/01\/24\/deces-de-lhomme-daffaires-slaheddine-letaief-il-sera-inhume-samedi-a-la-marsa\/","url":"https:\/\/kapitalis.com\/tunisie\/2020\/01\/24\/deces-de-lhomme-daffaires-slaheddine-letaief-il-sera-inhume-samedi-a-la-marsa\/","name":"D\u00e9c\u00e8s de l\u2019homme d\u2019affaires Slaheddine Letaief, il sera inhum\u00e9 samedi \u00e0 La Marsa - Kapitalis","isPartOf":{"@id":"https:\/\/kapitalis.com\/tunisie\/#website"},"primaryImageOfPage":{"@id":"https:\/\/kapitalis.com\/tunisie\/2020\/01\/24\/deces-de-lhomme-daffaires-slaheddine-letaief-il-sera-inhume-samedi-a-la-marsa\/#primaryimage"},"image":{"@id":"https:\/\/kapitalis.com\/tunisie\/2020\/01\/24\/deces-de-lhomme-daffaires-slaheddine-letaief-il-sera-inhume-samedi-a-la-marsa\/#primaryimage"},"thumbnailUrl":"","datePublished":"2020-01-24T09:43:51+00:00","dateModified":"2020-01-24T09:57:35+00:00","breadcrumb":{"@id":"https:\/\/kapitalis.com\/tunisie\/2020\/01\/24\/deces-de-lhomme-daffaires-slaheddine-letaief-il-sera-inhume-samedi-a-la-marsa\/#breadcrumb"},"inLanguage":"fr-FR","potentialAction":[{"@type":"ReadAction","target":["https:\/\/kapitalis.com\/tunisie\/2020\/01\/24\/deces-de-lhomme-daffaires-slaheddine-letaief-il-sera-inhume-samedi-a-la-marsa\/"]}]},{"@type":"ImageObject","inLanguage":"fr-FR","@id":"https:\/\/kapitalis.com\/tunisie\/2020\/01\/24\/deces-de-lhomme-daffaires-slaheddine-letaief-il-sera-inhume-samedi-a-la-marsa\/#primaryimage","url":"","contentUrl":""},{"@type":"BreadcrumbList","@id":"https:\/\/kapitalis.com\/tunisie\/2020\/01\/24\/deces-de-lhomme-daffaires-slaheddine-letaief-il-sera-inhume-samedi-a-la-marsa\/#breadcrumb","itemListElement":[{"@type":"ListItem","position":1,"name":"Accueil","item":"https:\/\/kapitalis.com\/tunisie\/"},{"@type":"ListItem","position":2,"name":"D\u00e9c\u00e8s de l\u2019homme d\u2019affaires Slaheddine Letaief, il sera inhum\u00e9 samedi \u00e0 La Marsa"}]},{"@type":"WebSite","@id":"https:\/\/kapitalis.com\/tunisie\/#website","url":"https:\/\/kapitalis.com\/tunisie\/","name":"Kapitalis","description":"L&#039;actualit\u00e9 en Tunisie et dans le monde","publisher":{"@id":"https:\/\/kapitalis.com\/tunisie\/#organization"},"potentialAction":[{"@type":"SearchAction","target":{"@type":"EntryPoint","urlTemplate":"https:\/\/kapitalis.com\/tunisie\/?s={search_term_string}"},"query-input":{"@type":"PropertyValueSpecification","valueRequired":true,"valueName":"search_term_string"}}],"inLanguage":"fr-FR"},{"@type":"Organization","@id":"https:\/\/kapitalis.com\/tunisie\/#organization","name":"Kapitalis","url":"https:\/\/kapitalis.com\/tunisie\/","logo":{"@type":"ImageObject","inLanguage":"fr-FR","@id":"https:\/\/kapitalis.com\/tunisie\/#\/schema\/logo\/image\/","url":"https:\/\/kapitalis.com\/tunisie\/wp-content\/uploads\/2022\/05\/Kapitalis-big-size.png","contentUrl":"https:\/\/kapitalis.com\/tunisie\/wp-content\/uploads\/2022\/05\/Kapitalis-big-size.png","width":5000,"height":1500,"caption":"Kapitalis"},"image":{"@id":"https:\/\/kapitalis.com\/tunisie\/#\/schema\/logo\/image\/"},"sameAs":["https:\/\/www.facebook.com\/KapitalisInfo\/","https:\/\/x.com\/KapitalisInfo","https:\/\/www.youtube.com\/channel\/UC-yDYrHyfFBWWZaOw3FPg9Q"]},{"@type":"Person","@id":"https:\/\/kapitalis.com\/tunisie\/#\/schema\/person\/d71f33a9ca44f7bad4698210b480c8e9","name":"webmaster kapitalis","url":"https:\/\/kapitalis.com\/tunisie\/author\/webmaster-kapitalis\/"}]}},"_links":{"self":[{"href":"https:\/\/kapitalis.com\/tunisie\/wp-json\/wp\/v2\/posts\/275560","targetHints":{"allow":["GET"]}}],"collection":[{"href":"https:\/\/kapitalis.com\/tunisie\/wp-json\/wp\/v2\/posts"}],"about":[{"href":"https:\/\/kapitalis.com\/tunisie\/wp-json\/wp\/v2\/types\/post"}],"author":[{"embeddable":true,"href":"https:\/\/kapitalis.com\/tunisie\/wp-json\/wp\/v2\/users\/8"}],"replies":[{"embeddable":true,"href":"https:\/\/kapitalis.com\/tunisie\/wp-json\/wp\/v2\/comments?post=275560"}],"version-history":[{"count":0,"href":"https:\/\/kapitalis.com\/tunisie\/wp-json\/wp\/v2\/posts\/275560\/revisions"}],"wp:featuredmedia":[{"embeddable":true,"href":"https:\/\/kapitalis.com\/tunisie\/wp-json\/wp\/v2\/media\/275563"}],"wp:attachment":[{"href":"https:\/\/kapitalis.com\/tunisie\/wp-json\/wp\/v2\/media?parent=275560"}],"wp:term":[{"taxonomy":"category","embeddable":true,"href":"https:\/\/kapitalis.com\/tunisie\/wp-json\/wp\/v2\/categories?post=275560"},{"taxonomy":"post_tag","embeddable":true,"href":"https:\/\/kapitalis.com\/tunisie\/wp-json\/wp\/v2\/tags?post=275560"}],"curies":[{"name":"wp","href":"https:\/\/api.w.org\/{rel}","templated":true}]}}