{"id":275571,"date":"2020-01-25T08:41:37","date_gmt":"2020-01-25T07:41:37","guid":{"rendered":"http:\/\/kapitalis.com\/tunisie\/?p=275571"},"modified":"2020-01-25T08:41:41","modified_gmt":"2020-01-25T07:41:41","slug":"le-forum-mondial-chokri-belaid-pour-les-arts-et-la-culture-en-fevrier-2020","status":"publish","type":"post","link":"https:\/\/kapitalis.com\/tunisie\/2020\/01\/25\/le-forum-mondial-chokri-belaid-pour-les-arts-et-la-culture-en-fevrier-2020\/","title":{"rendered":"Le Forum mondial Chokri Belaid pour les arts et la culture en f\u00e9vrier 2020"},"content":{"rendered":"\n<figure class=\"wp-block-image size-large\"><img decoding=\"async\" src=\"http:\/\/kapitalis.com\/tunisie\/wp-content\/uploads\/2020\/01\/forum-chokri-belaid-des-arts-fev-2020.jpg\" alt=\"\" class=\"wp-image-275584\"\/><\/figure>\n\n\n\n<p><strong><em>La 3e \u00e9dition du Forum mondial Chokri Belaid pour les arts et la culture se tiendra du 5 au 16 f\u00e9vrier 2020 \u00e0 Tunis, sous le slogan \u00abL&rsquo;art et la culture font face \u00e0 la violence\u00bb \u00e0 la Maison de la Culture Chokri Belaid de Jebel Djelloud, au sud de Tunis. <\/em><\/strong><\/p>\n\n\n\n<!--more-->\n\n\n\n<p>Organis\u00e9 en collaboration avec la Soci\u00e9t\u00e9 internationale pour la culture et les arts, le Forum mondial Chokri Belaid pour les arts et la culture comportera un riche programme, avec des spectacles de th\u00e9\u00e2tre, de chant et de  musique, mais aussi des projections de cin\u00e9ma, des r\u00e9citals de po\u00e9sie, des conf\u00e9rences et diverses animations culturelles.<\/p>\n\n\n\n<p>Le forum porte le nom du dirigeant de gauche Chokri Belaid, ancien secr\u00e9taire g\u00e9n\u00e9ral du Parti des patriotes d\u00e9mocrate unifi\u00e9 (Watad) et co-fondateur du Front populaire, avocat et po\u00e8te, assassin\u00e9 par des extr\u00e9mistes religieux, le 6 f\u00e9vrier 2013, devant chez lui, \u00e0 El-Menzah 6, par des extr\u00e9mistes religieux. <\/p>\n\n\n\n<p class=\"has-text-align-right\"><strong>A. M.<\/strong><\/p>\n","protected":false},"excerpt":{"rendered":"<p>La 3e \u00e9dition du Forum mondial Chokri Belaid pour les arts et la culture se tiendra du 5 au 16 f\u00e9vrier 2020 \u00e0 Tunis, sous le slogan \u00abL&rsquo;art et la culture font face \u00e0 la violence\u00bb \u00e0 la Maison de la Culture Chokri Belaid de Jebel Djelloud, au sud de Tunis.<\/p>\n","protected":false},"author":22,"featured_media":275584,"comment_status":"open","ping_status":"open","sticky":false,"template":"","format":"standard","meta":{"footnotes":""},"categories":[994,2433],"tags":[],"class_list":["post-275571","post","type-post","status-publish","format-standard","has-post-thumbnail","hentry","category-culture","category-tunisie"],"yoast_head":"<!-- This site is optimized with the Yoast SEO plugin v26.6 - https:\/\/yoast.com\/wordpress\/plugins\/seo\/ -->\n<title>Le Forum mondial Chokri Belaid pour les arts et la culture en f\u00e9vrier 2020 - Kapitalis<\/title>\n<meta name=\"robots\" content=\"index, follow, max-snippet:-1, max-image-preview:large, max-video-preview:-1\" \/>\n<link rel=\"canonical\" href=\"https:\/\/kapitalis.com\/tunisie\/2020\/01\/25\/le-forum-mondial-chokri-belaid-pour-les-arts-et-la-culture-en-fevrier-2020\/\" \/>\n<meta property=\"og:locale\" content=\"fr_FR\" \/>\n<meta property=\"og:type\" content=\"article\" \/>\n<meta property=\"og:title\" content=\"Le Forum mondial Chokri Belaid pour les arts et la culture en f\u00e9vrier 2020 - Kapitalis\" \/>\n<meta property=\"og:description\" content=\"La 3e \u00e9dition du Forum mondial Chokri Belaid pour les arts et la culture se tiendra du 5 au 16 f\u00e9vrier 2020 \u00e0 Tunis, sous le slogan \u00abL&rsquo;art et la culture font face \u00e0 la violence\u00bb \u00e0 la Maison de la Culture Chokri Belaid de Jebel Djelloud, au sud de Tunis.\" \/>\n<meta property=\"og:url\" content=\"https:\/\/kapitalis.com\/tunisie\/2020\/01\/25\/le-forum-mondial-chokri-belaid-pour-les-arts-et-la-culture-en-fevrier-2020\/\" \/>\n<meta property=\"og:site_name\" content=\"Kapitalis\" \/>\n<meta property=\"article:publisher\" content=\"https:\/\/www.facebook.com\/KapitalisInfo\/\" \/>\n<meta property=\"article:published_time\" content=\"2020-01-25T07:41:37+00:00\" \/>\n<meta property=\"article:modified_time\" content=\"2020-01-25T07:41:41+00:00\" \/>\n<meta property=\"og:image\" content=\"https:\/\/kapitalis.com\/tunisie\/wp-content\/uploads\/2022\/05\/kapitalis-logo-fb.png\" \/>\n\t<meta property=\"og:image:width\" content=\"1200\" \/>\n\t<meta property=\"og:image:height\" content=\"630\" \/>\n\t<meta property=\"og:image:type\" content=\"image\/png\" \/>\n<meta name=\"author\" content=\"Amina Mkada\" \/>\n<meta name=\"twitter:card\" content=\"summary_large_image\" \/>\n<meta name=\"twitter:creator\" content=\"@KapitalisInfo\" \/>\n<meta name=\"twitter:site\" content=\"@KapitalisInfo\" \/>\n<meta name=\"twitter:label1\" content=\"\u00c9crit par\" \/>\n\t<meta name=\"twitter:data1\" content=\"Amina Mkada\" \/>\n\t<meta name=\"twitter:label2\" content=\"Dur\u00e9e de lecture estim\u00e9e\" \/>\n\t<meta name=\"twitter:data2\" content=\"1 minute\" \/>\n<script type=\"application\/ld+json\" class=\"yoast-schema-graph\">{\"@context\":\"https:\/\/schema.org\",\"@graph\":[{\"@type\":\"Article\",\"@id\":\"https:\/\/kapitalis.com\/tunisie\/2020\/01\/25\/le-forum-mondial-chokri-belaid-pour-les-arts-et-la-culture-en-fevrier-2020\/#article\",\"isPartOf\":{\"@id\":\"https:\/\/kapitalis.com\/tunisie\/2020\/01\/25\/le-forum-mondial-chokri-belaid-pour-les-arts-et-la-culture-en-fevrier-2020\/\"},\"author\":{\"name\":\"Amina Mkada\",\"@id\":\"https:\/\/kapitalis.com\/tunisie\/#\/schema\/person\/093913313d3017554cb3ad077fff3fbd\"},\"headline\":\"Le Forum mondial Chokri Belaid pour les arts et la culture en f\u00e9vrier 2020\",\"datePublished\":\"2020-01-25T07:41:37+00:00\",\"dateModified\":\"2020-01-25T07:41:41+00:00\",\"mainEntityOfPage\":{\"@id\":\"https:\/\/kapitalis.com\/tunisie\/2020\/01\/25\/le-forum-mondial-chokri-belaid-pour-les-arts-et-la-culture-en-fevrier-2020\/\"},\"wordCount\":174,\"commentCount\":0,\"publisher\":{\"@id\":\"https:\/\/kapitalis.com\/tunisie\/#organization\"},\"image\":{\"@id\":\"https:\/\/kapitalis.com\/tunisie\/2020\/01\/25\/le-forum-mondial-chokri-belaid-pour-les-arts-et-la-culture-en-fevrier-2020\/#primaryimage\"},\"thumbnailUrl\":\"\",\"articleSection\":[\"CULTURE\",\"Tunisie\"],\"inLanguage\":\"fr-FR\",\"potentialAction\":[{\"@type\":\"CommentAction\",\"name\":\"Comment\",\"target\":[\"https:\/\/kapitalis.com\/tunisie\/2020\/01\/25\/le-forum-mondial-chokri-belaid-pour-les-arts-et-la-culture-en-fevrier-2020\/#respond\"]}]},{\"@type\":\"WebPage\",\"@id\":\"https:\/\/kapitalis.com\/tunisie\/2020\/01\/25\/le-forum-mondial-chokri-belaid-pour-les-arts-et-la-culture-en-fevrier-2020\/\",\"url\":\"https:\/\/kapitalis.com\/tunisie\/2020\/01\/25\/le-forum-mondial-chokri-belaid-pour-les-arts-et-la-culture-en-fevrier-2020\/\",\"name\":\"Le Forum mondial Chokri Belaid pour les arts et la culture en f\u00e9vrier 2020 - Kapitalis\",\"isPartOf\":{\"@id\":\"https:\/\/kapitalis.com\/tunisie\/#website\"},\"primaryImageOfPage\":{\"@id\":\"https:\/\/kapitalis.com\/tunisie\/2020\/01\/25\/le-forum-mondial-chokri-belaid-pour-les-arts-et-la-culture-en-fevrier-2020\/#primaryimage\"},\"image\":{\"@id\":\"https:\/\/kapitalis.com\/tunisie\/2020\/01\/25\/le-forum-mondial-chokri-belaid-pour-les-arts-et-la-culture-en-fevrier-2020\/#primaryimage\"},\"thumbnailUrl\":\"\",\"datePublished\":\"2020-01-25T07:41:37+00:00\",\"dateModified\":\"2020-01-25T07:41:41+00:00\",\"breadcrumb\":{\"@id\":\"https:\/\/kapitalis.com\/tunisie\/2020\/01\/25\/le-forum-mondial-chokri-belaid-pour-les-arts-et-la-culture-en-fevrier-2020\/#breadcrumb\"},\"inLanguage\":\"fr-FR\",\"potentialAction\":[{\"@type\":\"ReadAction\",\"target\":[\"https:\/\/kapitalis.com\/tunisie\/2020\/01\/25\/le-forum-mondial-chokri-belaid-pour-les-arts-et-la-culture-en-fevrier-2020\/\"]}]},{\"@type\":\"ImageObject\",\"inLanguage\":\"fr-FR\",\"@id\":\"https:\/\/kapitalis.com\/tunisie\/2020\/01\/25\/le-forum-mondial-chokri-belaid-pour-les-arts-et-la-culture-en-fevrier-2020\/#primaryimage\",\"url\":\"\",\"contentUrl\":\"\"},{\"@type\":\"BreadcrumbList\",\"@id\":\"https:\/\/kapitalis.com\/tunisie\/2020\/01\/25\/le-forum-mondial-chokri-belaid-pour-les-arts-et-la-culture-en-fevrier-2020\/#breadcrumb\",\"itemListElement\":[{\"@type\":\"ListItem\",\"position\":1,\"name\":\"Accueil\",\"item\":\"https:\/\/kapitalis.com\/tunisie\/\"},{\"@type\":\"ListItem\",\"position\":2,\"name\":\"Le Forum mondial Chokri Belaid pour les arts et la culture en f\u00e9vrier 2020\"}]},{\"@type\":\"WebSite\",\"@id\":\"https:\/\/kapitalis.com\/tunisie\/#website\",\"url\":\"https:\/\/kapitalis.com\/tunisie\/\",\"name\":\"Kapitalis\",\"description\":\"L&#039;actualit\u00e9 en Tunisie et dans le monde\",\"publisher\":{\"@id\":\"https:\/\/kapitalis.com\/tunisie\/#organization\"},\"potentialAction\":[{\"@type\":\"SearchAction\",\"target\":{\"@type\":\"EntryPoint\",\"urlTemplate\":\"https:\/\/kapitalis.com\/tunisie\/?s={search_term_string}\"},\"query-input\":{\"@type\":\"PropertyValueSpecification\",\"valueRequired\":true,\"valueName\":\"search_term_string\"}}],\"inLanguage\":\"fr-FR\"},{\"@type\":\"Organization\",\"@id\":\"https:\/\/kapitalis.com\/tunisie\/#organization\",\"name\":\"Kapitalis\",\"url\":\"https:\/\/kapitalis.com\/tunisie\/\",\"logo\":{\"@type\":\"ImageObject\",\"inLanguage\":\"fr-FR\",\"@id\":\"https:\/\/kapitalis.com\/tunisie\/#\/schema\/logo\/image\/\",\"url\":\"https:\/\/kapitalis.com\/tunisie\/wp-content\/uploads\/2022\/05\/Kapitalis-big-size.png\",\"contentUrl\":\"https:\/\/kapitalis.com\/tunisie\/wp-content\/uploads\/2022\/05\/Kapitalis-big-size.png\",\"width\":5000,\"height\":1500,\"caption\":\"Kapitalis\"},\"image\":{\"@id\":\"https:\/\/kapitalis.com\/tunisie\/#\/schema\/logo\/image\/\"},\"sameAs\":[\"https:\/\/www.facebook.com\/KapitalisInfo\/\",\"https:\/\/x.com\/KapitalisInfo\",\"https:\/\/www.youtube.com\/channel\/UC-yDYrHyfFBWWZaOw3FPg9Q\"]},{\"@type\":\"Person\",\"@id\":\"https:\/\/kapitalis.com\/tunisie\/#\/schema\/person\/093913313d3017554cb3ad077fff3fbd\",\"name\":\"Amina Mkada\",\"url\":\"https:\/\/kapitalis.com\/tunisie\/author\/amina\/\"}]}<\/script>\n<!-- \/ Yoast SEO plugin. -->","yoast_head_json":{"title":"Le Forum mondial Chokri Belaid pour les arts et la culture en f\u00e9vrier 2020 - Kapitalis","robots":{"index":"index","follow":"follow","max-snippet":"max-snippet:-1","max-image-preview":"max-image-preview:large","max-video-preview":"max-video-preview:-1"},"canonical":"https:\/\/kapitalis.com\/tunisie\/2020\/01\/25\/le-forum-mondial-chokri-belaid-pour-les-arts-et-la-culture-en-fevrier-2020\/","og_locale":"fr_FR","og_type":"article","og_title":"Le Forum mondial Chokri Belaid pour les arts et la culture en f\u00e9vrier 2020 - Kapitalis","og_description":"La 3e \u00e9dition du Forum mondial Chokri Belaid pour les arts et la culture se tiendra du 5 au 16 f\u00e9vrier 2020 \u00e0 Tunis, sous le slogan \u00abL&rsquo;art et la culture font face \u00e0 la violence\u00bb \u00e0 la Maison de la Culture Chokri Belaid de Jebel Djelloud, au sud de Tunis.","og_url":"https:\/\/kapitalis.com\/tunisie\/2020\/01\/25\/le-forum-mondial-chokri-belaid-pour-les-arts-et-la-culture-en-fevrier-2020\/","og_site_name":"Kapitalis","article_publisher":"https:\/\/www.facebook.com\/KapitalisInfo\/","article_published_time":"2020-01-25T07:41:37+00:00","article_modified_time":"2020-01-25T07:41:41+00:00","og_image":[{"width":1200,"height":630,"url":"https:\/\/kapitalis.com\/tunisie\/wp-content\/uploads\/2022\/05\/kapitalis-logo-fb.png","type":"image\/png"}],"author":"Amina Mkada","twitter_card":"summary_large_image","twitter_creator":"@KapitalisInfo","twitter_site":"@KapitalisInfo","twitter_misc":{"\u00c9crit par":"Amina Mkada","Dur\u00e9e de lecture estim\u00e9e":"1 minute"},"schema":{"@context":"https:\/\/schema.org","@graph":[{"@type":"Article","@id":"https:\/\/kapitalis.com\/tunisie\/2020\/01\/25\/le-forum-mondial-chokri-belaid-pour-les-arts-et-la-culture-en-fevrier-2020\/#article","isPartOf":{"@id":"https:\/\/kapitalis.com\/tunisie\/2020\/01\/25\/le-forum-mondial-chokri-belaid-pour-les-arts-et-la-culture-en-fevrier-2020\/"},"author":{"name":"Amina Mkada","@id":"https:\/\/kapitalis.com\/tunisie\/#\/schema\/person\/093913313d3017554cb3ad077fff3fbd"},"headline":"Le Forum mondial Chokri Belaid pour les arts et la culture en f\u00e9vrier 2020","datePublished":"2020-01-25T07:41:37+00:00","dateModified":"2020-01-25T07:41:41+00:00","mainEntityOfPage":{"@id":"https:\/\/kapitalis.com\/tunisie\/2020\/01\/25\/le-forum-mondial-chokri-belaid-pour-les-arts-et-la-culture-en-fevrier-2020\/"},"wordCount":174,"commentCount":0,"publisher":{"@id":"https:\/\/kapitalis.com\/tunisie\/#organization"},"image":{"@id":"https:\/\/kapitalis.com\/tunisie\/2020\/01\/25\/le-forum-mondial-chokri-belaid-pour-les-arts-et-la-culture-en-fevrier-2020\/#primaryimage"},"thumbnailUrl":"","articleSection":["CULTURE","Tunisie"],"inLanguage":"fr-FR","potentialAction":[{"@type":"CommentAction","name":"Comment","target":["https:\/\/kapitalis.com\/tunisie\/2020\/01\/25\/le-forum-mondial-chokri-belaid-pour-les-arts-et-la-culture-en-fevrier-2020\/#respond"]}]},{"@type":"WebPage","@id":"https:\/\/kapitalis.com\/tunisie\/2020\/01\/25\/le-forum-mondial-chokri-belaid-pour-les-arts-et-la-culture-en-fevrier-2020\/","url":"https:\/\/kapitalis.com\/tunisie\/2020\/01\/25\/le-forum-mondial-chokri-belaid-pour-les-arts-et-la-culture-en-fevrier-2020\/","name":"Le Forum mondial Chokri Belaid pour les arts et la culture en f\u00e9vrier 2020 - Kapitalis","isPartOf":{"@id":"https:\/\/kapitalis.com\/tunisie\/#website"},"primaryImageOfPage":{"@id":"https:\/\/kapitalis.com\/tunisie\/2020\/01\/25\/le-forum-mondial-chokri-belaid-pour-les-arts-et-la-culture-en-fevrier-2020\/#primaryimage"},"image":{"@id":"https:\/\/kapitalis.com\/tunisie\/2020\/01\/25\/le-forum-mondial-chokri-belaid-pour-les-arts-et-la-culture-en-fevrier-2020\/#primaryimage"},"thumbnailUrl":"","datePublished":"2020-01-25T07:41:37+00:00","dateModified":"2020-01-25T07:41:41+00:00","breadcrumb":{"@id":"https:\/\/kapitalis.com\/tunisie\/2020\/01\/25\/le-forum-mondial-chokri-belaid-pour-les-arts-et-la-culture-en-fevrier-2020\/#breadcrumb"},"inLanguage":"fr-FR","potentialAction":[{"@type":"ReadAction","target":["https:\/\/kapitalis.com\/tunisie\/2020\/01\/25\/le-forum-mondial-chokri-belaid-pour-les-arts-et-la-culture-en-fevrier-2020\/"]}]},{"@type":"ImageObject","inLanguage":"fr-FR","@id":"https:\/\/kapitalis.com\/tunisie\/2020\/01\/25\/le-forum-mondial-chokri-belaid-pour-les-arts-et-la-culture-en-fevrier-2020\/#primaryimage","url":"","contentUrl":""},{"@type":"BreadcrumbList","@id":"https:\/\/kapitalis.com\/tunisie\/2020\/01\/25\/le-forum-mondial-chokri-belaid-pour-les-arts-et-la-culture-en-fevrier-2020\/#breadcrumb","itemListElement":[{"@type":"ListItem","position":1,"name":"Accueil","item":"https:\/\/kapitalis.com\/tunisie\/"},{"@type":"ListItem","position":2,"name":"Le Forum mondial Chokri Belaid pour les arts et la culture en f\u00e9vrier 2020"}]},{"@type":"WebSite","@id":"https:\/\/kapitalis.com\/tunisie\/#website","url":"https:\/\/kapitalis.com\/tunisie\/","name":"Kapitalis","description":"L&#039;actualit\u00e9 en Tunisie et dans le monde","publisher":{"@id":"https:\/\/kapitalis.com\/tunisie\/#organization"},"potentialAction":[{"@type":"SearchAction","target":{"@type":"EntryPoint","urlTemplate":"https:\/\/kapitalis.com\/tunisie\/?s={search_term_string}"},"query-input":{"@type":"PropertyValueSpecification","valueRequired":true,"valueName":"search_term_string"}}],"inLanguage":"fr-FR"},{"@type":"Organization","@id":"https:\/\/kapitalis.com\/tunisie\/#organization","name":"Kapitalis","url":"https:\/\/kapitalis.com\/tunisie\/","logo":{"@type":"ImageObject","inLanguage":"fr-FR","@id":"https:\/\/kapitalis.com\/tunisie\/#\/schema\/logo\/image\/","url":"https:\/\/kapitalis.com\/tunisie\/wp-content\/uploads\/2022\/05\/Kapitalis-big-size.png","contentUrl":"https:\/\/kapitalis.com\/tunisie\/wp-content\/uploads\/2022\/05\/Kapitalis-big-size.png","width":5000,"height":1500,"caption":"Kapitalis"},"image":{"@id":"https:\/\/kapitalis.com\/tunisie\/#\/schema\/logo\/image\/"},"sameAs":["https:\/\/www.facebook.com\/KapitalisInfo\/","https:\/\/x.com\/KapitalisInfo","https:\/\/www.youtube.com\/channel\/UC-yDYrHyfFBWWZaOw3FPg9Q"]},{"@type":"Person","@id":"https:\/\/kapitalis.com\/tunisie\/#\/schema\/person\/093913313d3017554cb3ad077fff3fbd","name":"Amina Mkada","url":"https:\/\/kapitalis.com\/tunisie\/author\/amina\/"}]}},"_links":{"self":[{"href":"https:\/\/kapitalis.com\/tunisie\/wp-json\/wp\/v2\/posts\/275571","targetHints":{"allow":["GET"]}}],"collection":[{"href":"https:\/\/kapitalis.com\/tunisie\/wp-json\/wp\/v2\/posts"}],"about":[{"href":"https:\/\/kapitalis.com\/tunisie\/wp-json\/wp\/v2\/types\/post"}],"author":[{"embeddable":true,"href":"https:\/\/kapitalis.com\/tunisie\/wp-json\/wp\/v2\/users\/22"}],"replies":[{"embeddable":true,"href":"https:\/\/kapitalis.com\/tunisie\/wp-json\/wp\/v2\/comments?post=275571"}],"version-history":[{"count":0,"href":"https:\/\/kapitalis.com\/tunisie\/wp-json\/wp\/v2\/posts\/275571\/revisions"}],"wp:featuredmedia":[{"embeddable":true,"href":"https:\/\/kapitalis.com\/tunisie\/wp-json\/wp\/v2\/media\/275584"}],"wp:attachment":[{"href":"https:\/\/kapitalis.com\/tunisie\/wp-json\/wp\/v2\/media?parent=275571"}],"wp:term":[{"taxonomy":"category","embeddable":true,"href":"https:\/\/kapitalis.com\/tunisie\/wp-json\/wp\/v2\/categories?post=275571"},{"taxonomy":"post_tag","embeddable":true,"href":"https:\/\/kapitalis.com\/tunisie\/wp-json\/wp\/v2\/tags?post=275571"}],"curies":[{"name":"wp","href":"https:\/\/api.w.org\/{rel}","templated":true}]}}