{"id":275738,"date":"2020-01-25T09:50:50","date_gmt":"2020-01-25T08:50:50","guid":{"rendered":"http:\/\/kapitalis.com\/tunisie\/?p=275738"},"modified":"2020-01-25T09:50:52","modified_gmt":"2020-01-25T08:50:52","slug":"le-projet-daccord-bilateral-de-securite-sociale-entre-la-tunisie-et-le-quebec-est-pret-a-etre-signe","status":"publish","type":"post","link":"https:\/\/kapitalis.com\/tunisie\/2020\/01\/25\/le-projet-daccord-bilateral-de-securite-sociale-entre-la-tunisie-et-le-quebec-est-pret-a-etre-signe\/","title":{"rendered":"Le projet d&rsquo;accord de s\u00e9curit\u00e9 sociale entre la Tunisie et le Qu\u00e9bec est pr\u00eat \u00e0 \u00eatre sign\u00e9"},"content":{"rendered":"\n<figure class=\"wp-block-image size-large\"><img decoding=\"async\" src=\"http:\/\/kapitalis.com\/tunisie\/wp-content\/uploads\/2020\/01\/accord-secu-sociale-Tunisie-Qu\u00e9bec-....jpg\" alt=\"\" class=\"wp-image-275768\"\/><\/figure>\n\n\n\n<p><strong><em>Une \u00e9quipe d&rsquo;experts tunisiens et qu\u00e9b\u00e9cois en s\u00e9curit\u00e9 sociale a tenu un 2e cycle de n\u00e9gociations \u00e0 Tunis du 20 au 23 janvier 2020, et a finalis\u00e9 les termes du projet d&rsquo;accord bilat\u00e9ral de s\u00e9curit\u00e9 sociale \u00e0 signer entre les 2 pays. <\/em><\/strong><\/p>\n\n\n\n<!--more-->\n\n\n\n<p>Une \u00e9tude de tous les termes de cet accord a \u00e9t\u00e9 conclue et paraph\u00e9e au minist\u00e8re des Affaires sociales, le 23 janvier 2020. Il sera sign\u00e9 en marge du Sommet de la francophonie des 12-13 d\u00e9cembre 2020 \u00e0 Tunis.<\/p>\n\n\n\n<p>Le projet d&rsquo;accord tuniso-qu\u00e9b\u00e9cois de s\u00e9curit\u00e9 sociale inclut les prestations de retraite et d&rsquo;invalidit\u00e9, les ayant-droits, les dommages lors des accidents de travail, les maladies professionnelles, les prestations de couverture maladie pour les salari\u00e9s et les non-salari\u00e9s, en plus d&rsquo;une prise en charge d&rsquo;une couverture sur la sant\u00e9 pour les \u00e9tudiants tunisiens au Qu\u00e9bec par l&rsquo;Agence qu\u00e9b\u00e9coise de la sant\u00e9, et \u00e9viter ainsi les frais qu&rsquo;auraient \u00e0 supporter les \u00e9tudiants tunisiens pour des contrats d&rsquo;assurance priv\u00e9e.<\/p>\n\n\n\n<p>Le projet d&rsquo;accord pr\u00e9voit \u00e9galement des prestations d&rsquo;assurance maladie pour les Tunisiens retrait\u00e9s qui vont r\u00e9sider au Qu\u00e9bec, ou les retrait\u00e9s au titre de la loi qu\u00e9b\u00e9coise qui vont en Tunisie pendant une p\u00e9riode d\u00e9termin\u00e9e.<\/p>\n\n\n\n<p>Le projet comporte \u00e9galement des dispositions relatives \u00e0 l&rsquo;organisation des proc\u00e9dures de placement des travailleurs ou des employ\u00e9s de l&rsquo;\u00c9tat sur le sol des 2 pays, et une couverture sanitaire \u00e0 leur profit.<\/p>\n\n\n\n<p>Selon le principe de l&rsquo;\u00e9galit\u00e9 de traitement, tous les Tunisiens au Qu\u00e9bec b\u00e9n\u00e9ficieront de tous les avantages de la s\u00e9curit\u00e9 sociale tels que pratiqu\u00e9s par les structures de s\u00e9curit\u00e9 sociale du Qu\u00e9bec. Ils auront \u00e9galement le droit de transf\u00e9rer de l&rsquo;argent vers leur pays.<\/p>\n\n\n\n<p>Cet accord est venu renforcer la protection sociale des Tunisiens au Canada apr\u00e8s la finalisation en mars 2017 d&rsquo;un accord bilat\u00e9ral de s\u00e9curit\u00e9 sociale avec l&rsquo;\u00c9tat du Canada, qui fournira un ensemble de prestations de s\u00e9curit\u00e9 sociale aux Tunisiens travaillant ou \u00e9tudiant dans ce pays.<\/p>\n\n\n\n<p class=\"has-text-align-right\"><strong>A. M.<\/strong><\/p>\n","protected":false},"excerpt":{"rendered":"<p>Une \u00e9quipe d&rsquo;experts tunisiens et qu\u00e9b\u00e9cois en s\u00e9curit\u00e9 sociale a tenu un 2e cycle de n\u00e9gociations \u00e0 Tunis du 20 au 23 janvier 2020, et a finalis\u00e9 les termes du projet d&rsquo;accord bilat\u00e9ral de s\u00e9curit\u00e9 sociale \u00e0 signer entre les 2 pays.<\/p>\n","protected":false},"author":22,"featured_media":275768,"comment_status":"open","ping_status":"open","sticky":false,"template":"","format":"standard","meta":{"footnotes":""},"categories":[998,2433],"tags":[6537,10932,18773],"class_list":["post-275738","post","type-post","status-publish","format-standard","has-post-thumbnail","hentry","category-societe","category-tunisie","tag-canada","tag-ministere-des-affaires-sociales","tag-quebec"],"yoast_head":"<!-- This site is optimized with the Yoast SEO plugin v26.6 - https:\/\/yoast.com\/wordpress\/plugins\/seo\/ -->\n<title>Le projet d&#039;accord de s\u00e9curit\u00e9 sociale entre la Tunisie et le Qu\u00e9bec est pr\u00eat \u00e0 \u00eatre sign\u00e9 - Kapitalis<\/title>\n<meta name=\"robots\" content=\"index, follow, max-snippet:-1, max-image-preview:large, max-video-preview:-1\" \/>\n<link rel=\"canonical\" href=\"https:\/\/kapitalis.com\/tunisie\/2020\/01\/25\/le-projet-daccord-bilateral-de-securite-sociale-entre-la-tunisie-et-le-quebec-est-pret-a-etre-signe\/\" \/>\n<meta property=\"og:locale\" content=\"fr_FR\" \/>\n<meta property=\"og:type\" content=\"article\" \/>\n<meta property=\"og:title\" content=\"Le projet d&#039;accord de s\u00e9curit\u00e9 sociale entre la Tunisie et le Qu\u00e9bec est pr\u00eat \u00e0 \u00eatre sign\u00e9 - Kapitalis\" \/>\n<meta property=\"og:description\" content=\"Une \u00e9quipe d&rsquo;experts tunisiens et qu\u00e9b\u00e9cois en s\u00e9curit\u00e9 sociale a tenu un 2e cycle de n\u00e9gociations \u00e0 Tunis du 20 au 23 janvier 2020, et a finalis\u00e9 les termes du projet d&rsquo;accord bilat\u00e9ral de s\u00e9curit\u00e9 sociale \u00e0 signer entre les 2 pays.\" \/>\n<meta property=\"og:url\" content=\"https:\/\/kapitalis.com\/tunisie\/2020\/01\/25\/le-projet-daccord-bilateral-de-securite-sociale-entre-la-tunisie-et-le-quebec-est-pret-a-etre-signe\/\" \/>\n<meta property=\"og:site_name\" content=\"Kapitalis\" \/>\n<meta property=\"article:publisher\" content=\"https:\/\/www.facebook.com\/KapitalisInfo\/\" \/>\n<meta property=\"article:published_time\" content=\"2020-01-25T08:50:50+00:00\" \/>\n<meta property=\"article:modified_time\" content=\"2020-01-25T08:50:52+00:00\" \/>\n<meta property=\"og:image\" content=\"https:\/\/kapitalis.com\/tunisie\/wp-content\/uploads\/2022\/05\/kapitalis-logo-fb.png\" \/>\n\t<meta property=\"og:image:width\" content=\"1200\" \/>\n\t<meta property=\"og:image:height\" content=\"630\" \/>\n\t<meta property=\"og:image:type\" content=\"image\/png\" \/>\n<meta name=\"author\" content=\"Amina Mkada\" \/>\n<meta name=\"twitter:card\" content=\"summary_large_image\" \/>\n<meta name=\"twitter:creator\" content=\"@KapitalisInfo\" \/>\n<meta name=\"twitter:site\" content=\"@KapitalisInfo\" \/>\n<meta name=\"twitter:label1\" content=\"\u00c9crit par\" \/>\n\t<meta name=\"twitter:data1\" content=\"Amina Mkada\" \/>\n\t<meta name=\"twitter:label2\" content=\"Dur\u00e9e de lecture estim\u00e9e\" \/>\n\t<meta name=\"twitter:data2\" content=\"2 minutes\" \/>\n<script type=\"application\/ld+json\" class=\"yoast-schema-graph\">{\"@context\":\"https:\/\/schema.org\",\"@graph\":[{\"@type\":\"Article\",\"@id\":\"https:\/\/kapitalis.com\/tunisie\/2020\/01\/25\/le-projet-daccord-bilateral-de-securite-sociale-entre-la-tunisie-et-le-quebec-est-pret-a-etre-signe\/#article\",\"isPartOf\":{\"@id\":\"https:\/\/kapitalis.com\/tunisie\/2020\/01\/25\/le-projet-daccord-bilateral-de-securite-sociale-entre-la-tunisie-et-le-quebec-est-pret-a-etre-signe\/\"},\"author\":{\"name\":\"Amina Mkada\",\"@id\":\"https:\/\/kapitalis.com\/tunisie\/#\/schema\/person\/093913313d3017554cb3ad077fff3fbd\"},\"headline\":\"Le projet d&rsquo;accord de s\u00e9curit\u00e9 sociale entre la Tunisie et le Qu\u00e9bec est pr\u00eat \u00e0 \u00eatre sign\u00e9\",\"datePublished\":\"2020-01-25T08:50:50+00:00\",\"dateModified\":\"2020-01-25T08:50:52+00:00\",\"mainEntityOfPage\":{\"@id\":\"https:\/\/kapitalis.com\/tunisie\/2020\/01\/25\/le-projet-daccord-bilateral-de-securite-sociale-entre-la-tunisie-et-le-quebec-est-pret-a-etre-signe\/\"},\"wordCount\":365,\"commentCount\":1,\"publisher\":{\"@id\":\"https:\/\/kapitalis.com\/tunisie\/#organization\"},\"image\":{\"@id\":\"https:\/\/kapitalis.com\/tunisie\/2020\/01\/25\/le-projet-daccord-bilateral-de-securite-sociale-entre-la-tunisie-et-le-quebec-est-pret-a-etre-signe\/#primaryimage\"},\"thumbnailUrl\":\"\",\"keywords\":[\"Canada\",\"minist\u00e8re des affaires sociales\",\"Qu\u00e9bec\"],\"articleSection\":[\"SOCIETE\",\"Tunisie\"],\"inLanguage\":\"fr-FR\",\"potentialAction\":[{\"@type\":\"CommentAction\",\"name\":\"Comment\",\"target\":[\"https:\/\/kapitalis.com\/tunisie\/2020\/01\/25\/le-projet-daccord-bilateral-de-securite-sociale-entre-la-tunisie-et-le-quebec-est-pret-a-etre-signe\/#respond\"]}]},{\"@type\":\"WebPage\",\"@id\":\"https:\/\/kapitalis.com\/tunisie\/2020\/01\/25\/le-projet-daccord-bilateral-de-securite-sociale-entre-la-tunisie-et-le-quebec-est-pret-a-etre-signe\/\",\"url\":\"https:\/\/kapitalis.com\/tunisie\/2020\/01\/25\/le-projet-daccord-bilateral-de-securite-sociale-entre-la-tunisie-et-le-quebec-est-pret-a-etre-signe\/\",\"name\":\"Le projet d'accord de s\u00e9curit\u00e9 sociale entre la Tunisie et le Qu\u00e9bec est pr\u00eat \u00e0 \u00eatre sign\u00e9 - Kapitalis\",\"isPartOf\":{\"@id\":\"https:\/\/kapitalis.com\/tunisie\/#website\"},\"primaryImageOfPage\":{\"@id\":\"https:\/\/kapitalis.com\/tunisie\/2020\/01\/25\/le-projet-daccord-bilateral-de-securite-sociale-entre-la-tunisie-et-le-quebec-est-pret-a-etre-signe\/#primaryimage\"},\"image\":{\"@id\":\"https:\/\/kapitalis.com\/tunisie\/2020\/01\/25\/le-projet-daccord-bilateral-de-securite-sociale-entre-la-tunisie-et-le-quebec-est-pret-a-etre-signe\/#primaryimage\"},\"thumbnailUrl\":\"\",\"datePublished\":\"2020-01-25T08:50:50+00:00\",\"dateModified\":\"2020-01-25T08:50:52+00:00\",\"breadcrumb\":{\"@id\":\"https:\/\/kapitalis.com\/tunisie\/2020\/01\/25\/le-projet-daccord-bilateral-de-securite-sociale-entre-la-tunisie-et-le-quebec-est-pret-a-etre-signe\/#breadcrumb\"},\"inLanguage\":\"fr-FR\",\"potentialAction\":[{\"@type\":\"ReadAction\",\"target\":[\"https:\/\/kapitalis.com\/tunisie\/2020\/01\/25\/le-projet-daccord-bilateral-de-securite-sociale-entre-la-tunisie-et-le-quebec-est-pret-a-etre-signe\/\"]}]},{\"@type\":\"ImageObject\",\"inLanguage\":\"fr-FR\",\"@id\":\"https:\/\/kapitalis.com\/tunisie\/2020\/01\/25\/le-projet-daccord-bilateral-de-securite-sociale-entre-la-tunisie-et-le-quebec-est-pret-a-etre-signe\/#primaryimage\",\"url\":\"\",\"contentUrl\":\"\"},{\"@type\":\"BreadcrumbList\",\"@id\":\"https:\/\/kapitalis.com\/tunisie\/2020\/01\/25\/le-projet-daccord-bilateral-de-securite-sociale-entre-la-tunisie-et-le-quebec-est-pret-a-etre-signe\/#breadcrumb\",\"itemListElement\":[{\"@type\":\"ListItem\",\"position\":1,\"name\":\"Accueil\",\"item\":\"https:\/\/kapitalis.com\/tunisie\/\"},{\"@type\":\"ListItem\",\"position\":2,\"name\":\"Le projet d&rsquo;accord de s\u00e9curit\u00e9 sociale entre la Tunisie et le Qu\u00e9bec est pr\u00eat \u00e0 \u00eatre sign\u00e9\"}]},{\"@type\":\"WebSite\",\"@id\":\"https:\/\/kapitalis.com\/tunisie\/#website\",\"url\":\"https:\/\/kapitalis.com\/tunisie\/\",\"name\":\"Kapitalis\",\"description\":\"L&#039;actualit\u00e9 en Tunisie et dans le monde\",\"publisher\":{\"@id\":\"https:\/\/kapitalis.com\/tunisie\/#organization\"},\"potentialAction\":[{\"@type\":\"SearchAction\",\"target\":{\"@type\":\"EntryPoint\",\"urlTemplate\":\"https:\/\/kapitalis.com\/tunisie\/?s={search_term_string}\"},\"query-input\":{\"@type\":\"PropertyValueSpecification\",\"valueRequired\":true,\"valueName\":\"search_term_string\"}}],\"inLanguage\":\"fr-FR\"},{\"@type\":\"Organization\",\"@id\":\"https:\/\/kapitalis.com\/tunisie\/#organization\",\"name\":\"Kapitalis\",\"url\":\"https:\/\/kapitalis.com\/tunisie\/\",\"logo\":{\"@type\":\"ImageObject\",\"inLanguage\":\"fr-FR\",\"@id\":\"https:\/\/kapitalis.com\/tunisie\/#\/schema\/logo\/image\/\",\"url\":\"https:\/\/kapitalis.com\/tunisie\/wp-content\/uploads\/2022\/05\/Kapitalis-big-size.png\",\"contentUrl\":\"https:\/\/kapitalis.com\/tunisie\/wp-content\/uploads\/2022\/05\/Kapitalis-big-size.png\",\"width\":5000,\"height\":1500,\"caption\":\"Kapitalis\"},\"image\":{\"@id\":\"https:\/\/kapitalis.com\/tunisie\/#\/schema\/logo\/image\/\"},\"sameAs\":[\"https:\/\/www.facebook.com\/KapitalisInfo\/\",\"https:\/\/x.com\/KapitalisInfo\",\"https:\/\/www.youtube.com\/channel\/UC-yDYrHyfFBWWZaOw3FPg9Q\"]},{\"@type\":\"Person\",\"@id\":\"https:\/\/kapitalis.com\/tunisie\/#\/schema\/person\/093913313d3017554cb3ad077fff3fbd\",\"name\":\"Amina Mkada\",\"url\":\"https:\/\/kapitalis.com\/tunisie\/author\/amina\/\"}]}<\/script>\n<!-- \/ Yoast SEO plugin. -->","yoast_head_json":{"title":"Le projet d'accord de s\u00e9curit\u00e9 sociale entre la Tunisie et le Qu\u00e9bec est pr\u00eat \u00e0 \u00eatre sign\u00e9 - Kapitalis","robots":{"index":"index","follow":"follow","max-snippet":"max-snippet:-1","max-image-preview":"max-image-preview:large","max-video-preview":"max-video-preview:-1"},"canonical":"https:\/\/kapitalis.com\/tunisie\/2020\/01\/25\/le-projet-daccord-bilateral-de-securite-sociale-entre-la-tunisie-et-le-quebec-est-pret-a-etre-signe\/","og_locale":"fr_FR","og_type":"article","og_title":"Le projet d'accord de s\u00e9curit\u00e9 sociale entre la Tunisie et le Qu\u00e9bec est pr\u00eat \u00e0 \u00eatre sign\u00e9 - Kapitalis","og_description":"Une \u00e9quipe d&rsquo;experts tunisiens et qu\u00e9b\u00e9cois en s\u00e9curit\u00e9 sociale a tenu un 2e cycle de n\u00e9gociations \u00e0 Tunis du 20 au 23 janvier 2020, et a finalis\u00e9 les termes du projet d&rsquo;accord bilat\u00e9ral de s\u00e9curit\u00e9 sociale \u00e0 signer entre les 2 pays.","og_url":"https:\/\/kapitalis.com\/tunisie\/2020\/01\/25\/le-projet-daccord-bilateral-de-securite-sociale-entre-la-tunisie-et-le-quebec-est-pret-a-etre-signe\/","og_site_name":"Kapitalis","article_publisher":"https:\/\/www.facebook.com\/KapitalisInfo\/","article_published_time":"2020-01-25T08:50:50+00:00","article_modified_time":"2020-01-25T08:50:52+00:00","og_image":[{"width":1200,"height":630,"url":"https:\/\/kapitalis.com\/tunisie\/wp-content\/uploads\/2022\/05\/kapitalis-logo-fb.png","type":"image\/png"}],"author":"Amina Mkada","twitter_card":"summary_large_image","twitter_creator":"@KapitalisInfo","twitter_site":"@KapitalisInfo","twitter_misc":{"\u00c9crit par":"Amina Mkada","Dur\u00e9e de lecture estim\u00e9e":"2 minutes"},"schema":{"@context":"https:\/\/schema.org","@graph":[{"@type":"Article","@id":"https:\/\/kapitalis.com\/tunisie\/2020\/01\/25\/le-projet-daccord-bilateral-de-securite-sociale-entre-la-tunisie-et-le-quebec-est-pret-a-etre-signe\/#article","isPartOf":{"@id":"https:\/\/kapitalis.com\/tunisie\/2020\/01\/25\/le-projet-daccord-bilateral-de-securite-sociale-entre-la-tunisie-et-le-quebec-est-pret-a-etre-signe\/"},"author":{"name":"Amina Mkada","@id":"https:\/\/kapitalis.com\/tunisie\/#\/schema\/person\/093913313d3017554cb3ad077fff3fbd"},"headline":"Le projet d&rsquo;accord de s\u00e9curit\u00e9 sociale entre la Tunisie et le Qu\u00e9bec est pr\u00eat \u00e0 \u00eatre sign\u00e9","datePublished":"2020-01-25T08:50:50+00:00","dateModified":"2020-01-25T08:50:52+00:00","mainEntityOfPage":{"@id":"https:\/\/kapitalis.com\/tunisie\/2020\/01\/25\/le-projet-daccord-bilateral-de-securite-sociale-entre-la-tunisie-et-le-quebec-est-pret-a-etre-signe\/"},"wordCount":365,"commentCount":1,"publisher":{"@id":"https:\/\/kapitalis.com\/tunisie\/#organization"},"image":{"@id":"https:\/\/kapitalis.com\/tunisie\/2020\/01\/25\/le-projet-daccord-bilateral-de-securite-sociale-entre-la-tunisie-et-le-quebec-est-pret-a-etre-signe\/#primaryimage"},"thumbnailUrl":"","keywords":["Canada","minist\u00e8re des affaires sociales","Qu\u00e9bec"],"articleSection":["SOCIETE","Tunisie"],"inLanguage":"fr-FR","potentialAction":[{"@type":"CommentAction","name":"Comment","target":["https:\/\/kapitalis.com\/tunisie\/2020\/01\/25\/le-projet-daccord-bilateral-de-securite-sociale-entre-la-tunisie-et-le-quebec-est-pret-a-etre-signe\/#respond"]}]},{"@type":"WebPage","@id":"https:\/\/kapitalis.com\/tunisie\/2020\/01\/25\/le-projet-daccord-bilateral-de-securite-sociale-entre-la-tunisie-et-le-quebec-est-pret-a-etre-signe\/","url":"https:\/\/kapitalis.com\/tunisie\/2020\/01\/25\/le-projet-daccord-bilateral-de-securite-sociale-entre-la-tunisie-et-le-quebec-est-pret-a-etre-signe\/","name":"Le projet d'accord de s\u00e9curit\u00e9 sociale entre la Tunisie et le Qu\u00e9bec est pr\u00eat \u00e0 \u00eatre sign\u00e9 - Kapitalis","isPartOf":{"@id":"https:\/\/kapitalis.com\/tunisie\/#website"},"primaryImageOfPage":{"@id":"https:\/\/kapitalis.com\/tunisie\/2020\/01\/25\/le-projet-daccord-bilateral-de-securite-sociale-entre-la-tunisie-et-le-quebec-est-pret-a-etre-signe\/#primaryimage"},"image":{"@id":"https:\/\/kapitalis.com\/tunisie\/2020\/01\/25\/le-projet-daccord-bilateral-de-securite-sociale-entre-la-tunisie-et-le-quebec-est-pret-a-etre-signe\/#primaryimage"},"thumbnailUrl":"","datePublished":"2020-01-25T08:50:50+00:00","dateModified":"2020-01-25T08:50:52+00:00","breadcrumb":{"@id":"https:\/\/kapitalis.com\/tunisie\/2020\/01\/25\/le-projet-daccord-bilateral-de-securite-sociale-entre-la-tunisie-et-le-quebec-est-pret-a-etre-signe\/#breadcrumb"},"inLanguage":"fr-FR","potentialAction":[{"@type":"ReadAction","target":["https:\/\/kapitalis.com\/tunisie\/2020\/01\/25\/le-projet-daccord-bilateral-de-securite-sociale-entre-la-tunisie-et-le-quebec-est-pret-a-etre-signe\/"]}]},{"@type":"ImageObject","inLanguage":"fr-FR","@id":"https:\/\/kapitalis.com\/tunisie\/2020\/01\/25\/le-projet-daccord-bilateral-de-securite-sociale-entre-la-tunisie-et-le-quebec-est-pret-a-etre-signe\/#primaryimage","url":"","contentUrl":""},{"@type":"BreadcrumbList","@id":"https:\/\/kapitalis.com\/tunisie\/2020\/01\/25\/le-projet-daccord-bilateral-de-securite-sociale-entre-la-tunisie-et-le-quebec-est-pret-a-etre-signe\/#breadcrumb","itemListElement":[{"@type":"ListItem","position":1,"name":"Accueil","item":"https:\/\/kapitalis.com\/tunisie\/"},{"@type":"ListItem","position":2,"name":"Le projet d&rsquo;accord de s\u00e9curit\u00e9 sociale entre la Tunisie et le Qu\u00e9bec est pr\u00eat \u00e0 \u00eatre sign\u00e9"}]},{"@type":"WebSite","@id":"https:\/\/kapitalis.com\/tunisie\/#website","url":"https:\/\/kapitalis.com\/tunisie\/","name":"Kapitalis","description":"L&#039;actualit\u00e9 en Tunisie et dans le monde","publisher":{"@id":"https:\/\/kapitalis.com\/tunisie\/#organization"},"potentialAction":[{"@type":"SearchAction","target":{"@type":"EntryPoint","urlTemplate":"https:\/\/kapitalis.com\/tunisie\/?s={search_term_string}"},"query-input":{"@type":"PropertyValueSpecification","valueRequired":true,"valueName":"search_term_string"}}],"inLanguage":"fr-FR"},{"@type":"Organization","@id":"https:\/\/kapitalis.com\/tunisie\/#organization","name":"Kapitalis","url":"https:\/\/kapitalis.com\/tunisie\/","logo":{"@type":"ImageObject","inLanguage":"fr-FR","@id":"https:\/\/kapitalis.com\/tunisie\/#\/schema\/logo\/image\/","url":"https:\/\/kapitalis.com\/tunisie\/wp-content\/uploads\/2022\/05\/Kapitalis-big-size.png","contentUrl":"https:\/\/kapitalis.com\/tunisie\/wp-content\/uploads\/2022\/05\/Kapitalis-big-size.png","width":5000,"height":1500,"caption":"Kapitalis"},"image":{"@id":"https:\/\/kapitalis.com\/tunisie\/#\/schema\/logo\/image\/"},"sameAs":["https:\/\/www.facebook.com\/KapitalisInfo\/","https:\/\/x.com\/KapitalisInfo","https:\/\/www.youtube.com\/channel\/UC-yDYrHyfFBWWZaOw3FPg9Q"]},{"@type":"Person","@id":"https:\/\/kapitalis.com\/tunisie\/#\/schema\/person\/093913313d3017554cb3ad077fff3fbd","name":"Amina Mkada","url":"https:\/\/kapitalis.com\/tunisie\/author\/amina\/"}]}},"_links":{"self":[{"href":"https:\/\/kapitalis.com\/tunisie\/wp-json\/wp\/v2\/posts\/275738","targetHints":{"allow":["GET"]}}],"collection":[{"href":"https:\/\/kapitalis.com\/tunisie\/wp-json\/wp\/v2\/posts"}],"about":[{"href":"https:\/\/kapitalis.com\/tunisie\/wp-json\/wp\/v2\/types\/post"}],"author":[{"embeddable":true,"href":"https:\/\/kapitalis.com\/tunisie\/wp-json\/wp\/v2\/users\/22"}],"replies":[{"embeddable":true,"href":"https:\/\/kapitalis.com\/tunisie\/wp-json\/wp\/v2\/comments?post=275738"}],"version-history":[{"count":0,"href":"https:\/\/kapitalis.com\/tunisie\/wp-json\/wp\/v2\/posts\/275738\/revisions"}],"wp:featuredmedia":[{"embeddable":true,"href":"https:\/\/kapitalis.com\/tunisie\/wp-json\/wp\/v2\/media\/275768"}],"wp:attachment":[{"href":"https:\/\/kapitalis.com\/tunisie\/wp-json\/wp\/v2\/media?parent=275738"}],"wp:term":[{"taxonomy":"category","embeddable":true,"href":"https:\/\/kapitalis.com\/tunisie\/wp-json\/wp\/v2\/categories?post=275738"},{"taxonomy":"post_tag","embeddable":true,"href":"https:\/\/kapitalis.com\/tunisie\/wp-json\/wp\/v2\/tags?post=275738"}],"curies":[{"name":"wp","href":"https:\/\/api.w.org\/{rel}","templated":true}]}}