{"id":275787,"date":"2020-01-24T18:59:01","date_gmt":"2020-01-24T17:59:01","guid":{"rendered":"http:\/\/kapitalis.com\/tunisie\/?p=275787"},"modified":"2020-01-25T07:28:08","modified_gmt":"2020-01-25T06:28:08","slug":"trente-six-enfants-de-terroristes-tunisiens-bloques-dans-les-prisons-libyennes","status":"publish","type":"post","link":"https:\/\/kapitalis.com\/tunisie\/2020\/01\/24\/trente-six-enfants-de-terroristes-tunisiens-bloques-dans-les-prisons-libyennes\/","title":{"rendered":"Trente-six enfants de terroristes tunisiens bloqu\u00e9s dans les prisons libyennes"},"content":{"rendered":"\n<figure class=\"wp-block-image size-large\"><img decoding=\"async\" src=\"http:\/\/kapitalis.com\/tunisie\/wp-content\/uploads\/2020\/01\/enfants-tunisiens-Libye.jpg\" alt=\"\" class=\"wp-image-275790\"\/><\/figure>\n\n\n\n<p><strong><em>Le consul g\u00e9n\u00e9ral de Tunisie en Libye, Taoufik Guesmi, a indiqu\u00e9 que 36 enfants de terroristes tunisiens sont encore bloqu\u00e9s dans les prisons de Misrata et Tripoli en Libye, avec leurs m\u00e8res, incarc\u00e9r\u00e9es et poursuivies par les autorit\u00e9s libyennes pour des affaires de terrorisme.<\/em><\/strong><\/p>\n\n\n\n<!--more-->\n\n\n\n<p>Taoufik Guesmi a pr\u00e9cis\u00e9 aujourd&rsquo;hui, vendredi 24 janvier 2020, dans une d\u00e9claration \u00e0 l\u2019agence Tap, que 10 m\u00e8res et leurs 15 enfants sont dans les prisons de Misrata et que 10 autres et leurs 21 enfants sont dans les prisons de Tripoli. <\/p>\n\n\n\n<p>\u00ab<em>Le rapatriement de ces enfants d\u00e9pend de l\u2019aboutissement du processus judiciaire entre la Tunisie et la Libye\u00bb<\/em>, a-t-il soulign\u00e9, en esp\u00e9rant voir la justice libyenne prioriser l\u2019int\u00e9r\u00eat des enfants, en autorisant leur retour en Tunisie, afin qu&rsquo;ils puissent \u00eatre r\u00e9int\u00e9gr\u00e9s dans leurs familles ou \u00eatre pris en charge dans des centres sp\u00e9cialis\u00e9s, a-t-il ajout\u00e9.<\/p>\n\n\n\n<p>Rappelons que 6 enfants de terroristes tunisiens morts \u00e0 Syrte ont \u00e9t\u00e9 rapatri\u00e9s, hier, et re\u00e7us par le pr\u00e9sident de la r\u00e9publique, Ka\u00efs Sa\u00efed, au Palais de Carthage. <\/p>\n\n\n\n<p>Leur rapatriement est le fruit d&rsquo;un effort conjoint des autorit\u00e9s et d&rsquo;associations tunisiennes ainsi que du Croissant rouge de Misrata, qui les a pris en charge depuis 2016.<\/p>\n\n\n\n<p class=\"has-text-align-right\"><strong>Y. N.<\/strong><\/p>\n\n\n\n<figure class=\"wp-block-embed-wordpress wp-block-embed is-type-wp-embed is-provider-kapitalis\"><div class=\"wp-block-embed__wrapper\">\n<blockquote class=\"wp-embedded-content\" data-secret=\"plCA7vDJdh\"><a href=\"https:\/\/kapitalis.com\/tunisie\/2020\/01\/23\/carthage-rapatries-de-libye-les-6-enfants-de-jihadistes-tunisiens-recus-par-kais-saied\/\">Carthage : Rapatri\u00e9s de Libye, les 6 enfants de jihadistes tunisiens re\u00e7us par Ka\u00efs Sa\u00efed<\/a><\/blockquote><iframe loading=\"lazy\" class=\"wp-embedded-content\" sandbox=\"allow-scripts\" security=\"restricted\" style=\"position: absolute; clip: rect(1px, 1px, 1px, 1px);\" title=\"\u00ab\u00a0Carthage : Rapatri\u00e9s de Libye, les 6 enfants de jihadistes tunisiens re\u00e7us par Ka\u00efs Sa\u00efed\u00a0\u00bb &#8212; Kapitalis\" src=\"https:\/\/kapitalis.com\/tunisie\/2020\/01\/23\/carthage-rapatries-de-libye-les-6-enfants-de-jihadistes-tunisiens-recus-par-kais-saied\/embed\/#?secret=BOMFMkWhO4#?secret=plCA7vDJdh\" data-secret=\"plCA7vDJdh\" width=\"600\" height=\"338\" frameborder=\"0\" marginwidth=\"0\" marginheight=\"0\" scrolling=\"no\"><\/iframe>\n<\/div><\/figure>\n\n\n\n<figure class=\"wp-block-embed-wordpress wp-block-embed is-type-wp-embed is-provider-kapitalis\"><div class=\"wp-block-embed__wrapper\">\n<blockquote class=\"wp-embedded-content\" data-secret=\"nmuRm7uFkR\"><a href=\"https:\/\/kapitalis.com\/tunisie\/2019\/01\/28\/libye-six-enfants-de-jihadistes-tunisiens-pourraient-etre-rapatries\/\">Libye : Six enfants de jihadistes tunisiens pourraient \u00eatre rapatri\u00e9s<\/a><\/blockquote><iframe loading=\"lazy\" class=\"wp-embedded-content\" sandbox=\"allow-scripts\" security=\"restricted\" style=\"position: absolute; clip: rect(1px, 1px, 1px, 1px);\" title=\"\u00ab\u00a0Libye : Six enfants de jihadistes tunisiens pourraient \u00eatre rapatri\u00e9s\u00a0\u00bb &#8212; Kapitalis\" src=\"https:\/\/kapitalis.com\/tunisie\/2019\/01\/28\/libye-six-enfants-de-jihadistes-tunisiens-pourraient-etre-rapatries\/embed\/#?secret=OWIIK73CZm#?secret=nmuRm7uFkR\" data-secret=\"nmuRm7uFkR\" width=\"600\" height=\"338\" frameborder=\"0\" marginwidth=\"0\" marginheight=\"0\" scrolling=\"no\"><\/iframe>\n<\/div><\/figure>\n","protected":false},"excerpt":{"rendered":"<p>Le consul g\u00e9n\u00e9ral de Tunisie en Libye, Taoufik Guesmi, a indiqu\u00e9 que 36 enfants de terroristes tunisiens sont encore bloqu\u00e9s dans les prisons de Misrata et Tripoli en Libye, avec leurs m\u00e8res, incarc\u00e9r\u00e9es et poursuivies par les autorit\u00e9s libyennes pour des affaires de terrorisme.<\/p>\n","protected":false},"author":6,"featured_media":275790,"comment_status":"open","ping_status":"open","sticky":false,"template":"","format":"standard","meta":{"footnotes":""},"categories":[998,2433],"tags":[321,544,897,899,62643,1117],"class_list":["post-275787","post","type-post","status-publish","format-standard","has-post-thumbnail","hentry","category-societe","category-tunisie","tag-enfants","tag-libye","tag-terrorisme","tag-terroristes","tag-tunisie","tag-tunisiens"],"yoast_head":"<!-- This site is optimized with the Yoast SEO plugin v26.6 - https:\/\/yoast.com\/wordpress\/plugins\/seo\/ -->\n<title>Trente-six enfants de terroristes tunisiens bloqu\u00e9s dans les prisons libyennes - Kapitalis<\/title>\n<meta name=\"robots\" content=\"index, follow, max-snippet:-1, max-image-preview:large, max-video-preview:-1\" \/>\n<link rel=\"canonical\" href=\"https:\/\/kapitalis.com\/tunisie\/2020\/01\/24\/trente-six-enfants-de-terroristes-tunisiens-bloques-dans-les-prisons-libyennes\/\" \/>\n<meta property=\"og:locale\" content=\"fr_FR\" \/>\n<meta property=\"og:type\" content=\"article\" \/>\n<meta property=\"og:title\" content=\"Trente-six enfants de terroristes tunisiens bloqu\u00e9s dans les prisons libyennes - Kapitalis\" \/>\n<meta property=\"og:description\" content=\"Le consul g\u00e9n\u00e9ral de Tunisie en Libye, Taoufik Guesmi, a indiqu\u00e9 que 36 enfants de terroristes tunisiens sont encore bloqu\u00e9s dans les prisons de Misrata et Tripoli en Libye, avec leurs m\u00e8res, incarc\u00e9r\u00e9es et poursuivies par les autorit\u00e9s libyennes pour des affaires de terrorisme.\" \/>\n<meta property=\"og:url\" content=\"https:\/\/kapitalis.com\/tunisie\/2020\/01\/24\/trente-six-enfants-de-terroristes-tunisiens-bloques-dans-les-prisons-libyennes\/\" \/>\n<meta property=\"og:site_name\" content=\"Kapitalis\" \/>\n<meta property=\"article:publisher\" content=\"https:\/\/www.facebook.com\/KapitalisInfo\/\" \/>\n<meta property=\"article:published_time\" content=\"2020-01-24T17:59:01+00:00\" \/>\n<meta property=\"article:modified_time\" content=\"2020-01-25T06:28:08+00:00\" \/>\n<meta property=\"og:image\" content=\"https:\/\/kapitalis.com\/tunisie\/wp-content\/uploads\/2022\/05\/kapitalis-logo-fb.png\" \/>\n\t<meta property=\"og:image:width\" content=\"1200\" \/>\n\t<meta property=\"og:image:height\" content=\"630\" \/>\n\t<meta property=\"og:image:type\" content=\"image\/png\" \/>\n<meta name=\"author\" content=\"Yusra NY\" \/>\n<meta name=\"twitter:card\" content=\"summary_large_image\" \/>\n<meta name=\"twitter:creator\" content=\"@KapitalisInfo\" \/>\n<meta name=\"twitter:site\" content=\"@KapitalisInfo\" \/>\n<meta name=\"twitter:label1\" content=\"\u00c9crit par\" \/>\n\t<meta name=\"twitter:data1\" content=\"Yusra NY\" \/>\n\t<meta name=\"twitter:label2\" content=\"Dur\u00e9e de lecture estim\u00e9e\" \/>\n\t<meta name=\"twitter:data2\" content=\"1 minute\" \/>\n<script type=\"application\/ld+json\" class=\"yoast-schema-graph\">{\"@context\":\"https:\/\/schema.org\",\"@graph\":[{\"@type\":\"Article\",\"@id\":\"https:\/\/kapitalis.com\/tunisie\/2020\/01\/24\/trente-six-enfants-de-terroristes-tunisiens-bloques-dans-les-prisons-libyennes\/#article\",\"isPartOf\":{\"@id\":\"https:\/\/kapitalis.com\/tunisie\/2020\/01\/24\/trente-six-enfants-de-terroristes-tunisiens-bloques-dans-les-prisons-libyennes\/\"},\"author\":{\"name\":\"Yusra NY\",\"@id\":\"https:\/\/kapitalis.com\/tunisie\/#\/schema\/person\/74bbde0154d49d790a92aaeac5bc01d5\"},\"headline\":\"Trente-six enfants de terroristes tunisiens bloqu\u00e9s dans les prisons libyennes\",\"datePublished\":\"2020-01-24T17:59:01+00:00\",\"dateModified\":\"2020-01-25T06:28:08+00:00\",\"mainEntityOfPage\":{\"@id\":\"https:\/\/kapitalis.com\/tunisie\/2020\/01\/24\/trente-six-enfants-de-terroristes-tunisiens-bloques-dans-les-prisons-libyennes\/\"},\"wordCount\":238,\"commentCount\":3,\"publisher\":{\"@id\":\"https:\/\/kapitalis.com\/tunisie\/#organization\"},\"image\":{\"@id\":\"https:\/\/kapitalis.com\/tunisie\/2020\/01\/24\/trente-six-enfants-de-terroristes-tunisiens-bloques-dans-les-prisons-libyennes\/#primaryimage\"},\"thumbnailUrl\":\"\",\"keywords\":[\"enfants\",\"Libye\",\"terrorisme\",\"terroristes\",\"Tunisie\",\"tunisiens\"],\"articleSection\":[\"SOCIETE\",\"Tunisie\"],\"inLanguage\":\"fr-FR\",\"potentialAction\":[{\"@type\":\"CommentAction\",\"name\":\"Comment\",\"target\":[\"https:\/\/kapitalis.com\/tunisie\/2020\/01\/24\/trente-six-enfants-de-terroristes-tunisiens-bloques-dans-les-prisons-libyennes\/#respond\"]}]},{\"@type\":\"WebPage\",\"@id\":\"https:\/\/kapitalis.com\/tunisie\/2020\/01\/24\/trente-six-enfants-de-terroristes-tunisiens-bloques-dans-les-prisons-libyennes\/\",\"url\":\"https:\/\/kapitalis.com\/tunisie\/2020\/01\/24\/trente-six-enfants-de-terroristes-tunisiens-bloques-dans-les-prisons-libyennes\/\",\"name\":\"Trente-six enfants de terroristes tunisiens bloqu\u00e9s dans les prisons libyennes - Kapitalis\",\"isPartOf\":{\"@id\":\"https:\/\/kapitalis.com\/tunisie\/#website\"},\"primaryImageOfPage\":{\"@id\":\"https:\/\/kapitalis.com\/tunisie\/2020\/01\/24\/trente-six-enfants-de-terroristes-tunisiens-bloques-dans-les-prisons-libyennes\/#primaryimage\"},\"image\":{\"@id\":\"https:\/\/kapitalis.com\/tunisie\/2020\/01\/24\/trente-six-enfants-de-terroristes-tunisiens-bloques-dans-les-prisons-libyennes\/#primaryimage\"},\"thumbnailUrl\":\"\",\"datePublished\":\"2020-01-24T17:59:01+00:00\",\"dateModified\":\"2020-01-25T06:28:08+00:00\",\"breadcrumb\":{\"@id\":\"https:\/\/kapitalis.com\/tunisie\/2020\/01\/24\/trente-six-enfants-de-terroristes-tunisiens-bloques-dans-les-prisons-libyennes\/#breadcrumb\"},\"inLanguage\":\"fr-FR\",\"potentialAction\":[{\"@type\":\"ReadAction\",\"target\":[\"https:\/\/kapitalis.com\/tunisie\/2020\/01\/24\/trente-six-enfants-de-terroristes-tunisiens-bloques-dans-les-prisons-libyennes\/\"]}]},{\"@type\":\"ImageObject\",\"inLanguage\":\"fr-FR\",\"@id\":\"https:\/\/kapitalis.com\/tunisie\/2020\/01\/24\/trente-six-enfants-de-terroristes-tunisiens-bloques-dans-les-prisons-libyennes\/#primaryimage\",\"url\":\"\",\"contentUrl\":\"\"},{\"@type\":\"BreadcrumbList\",\"@id\":\"https:\/\/kapitalis.com\/tunisie\/2020\/01\/24\/trente-six-enfants-de-terroristes-tunisiens-bloques-dans-les-prisons-libyennes\/#breadcrumb\",\"itemListElement\":[{\"@type\":\"ListItem\",\"position\":1,\"name\":\"Accueil\",\"item\":\"https:\/\/kapitalis.com\/tunisie\/\"},{\"@type\":\"ListItem\",\"position\":2,\"name\":\"Trente-six enfants de terroristes tunisiens bloqu\u00e9s dans les prisons libyennes\"}]},{\"@type\":\"WebSite\",\"@id\":\"https:\/\/kapitalis.com\/tunisie\/#website\",\"url\":\"https:\/\/kapitalis.com\/tunisie\/\",\"name\":\"Kapitalis\",\"description\":\"L&#039;actualit\u00e9 en Tunisie et dans le monde\",\"publisher\":{\"@id\":\"https:\/\/kapitalis.com\/tunisie\/#organization\"},\"potentialAction\":[{\"@type\":\"SearchAction\",\"target\":{\"@type\":\"EntryPoint\",\"urlTemplate\":\"https:\/\/kapitalis.com\/tunisie\/?s={search_term_string}\"},\"query-input\":{\"@type\":\"PropertyValueSpecification\",\"valueRequired\":true,\"valueName\":\"search_term_string\"}}],\"inLanguage\":\"fr-FR\"},{\"@type\":\"Organization\",\"@id\":\"https:\/\/kapitalis.com\/tunisie\/#organization\",\"name\":\"Kapitalis\",\"url\":\"https:\/\/kapitalis.com\/tunisie\/\",\"logo\":{\"@type\":\"ImageObject\",\"inLanguage\":\"fr-FR\",\"@id\":\"https:\/\/kapitalis.com\/tunisie\/#\/schema\/logo\/image\/\",\"url\":\"https:\/\/kapitalis.com\/tunisie\/wp-content\/uploads\/2022\/05\/Kapitalis-big-size.png\",\"contentUrl\":\"https:\/\/kapitalis.com\/tunisie\/wp-content\/uploads\/2022\/05\/Kapitalis-big-size.png\",\"width\":5000,\"height\":1500,\"caption\":\"Kapitalis\"},\"image\":{\"@id\":\"https:\/\/kapitalis.com\/tunisie\/#\/schema\/logo\/image\/\"},\"sameAs\":[\"https:\/\/www.facebook.com\/KapitalisInfo\/\",\"https:\/\/x.com\/KapitalisInfo\",\"https:\/\/www.youtube.com\/channel\/UC-yDYrHyfFBWWZaOw3FPg9Q\"]},{\"@type\":\"Person\",\"@id\":\"https:\/\/kapitalis.com\/tunisie\/#\/schema\/person\/74bbde0154d49d790a92aaeac5bc01d5\",\"name\":\"Yusra NY\",\"url\":\"https:\/\/kapitalis.com\/tunisie\/author\/yuza_adam\/\"}]}<\/script>\n<!-- \/ Yoast SEO plugin. -->","yoast_head_json":{"title":"Trente-six enfants de terroristes tunisiens bloqu\u00e9s dans les prisons libyennes - Kapitalis","robots":{"index":"index","follow":"follow","max-snippet":"max-snippet:-1","max-image-preview":"max-image-preview:large","max-video-preview":"max-video-preview:-1"},"canonical":"https:\/\/kapitalis.com\/tunisie\/2020\/01\/24\/trente-six-enfants-de-terroristes-tunisiens-bloques-dans-les-prisons-libyennes\/","og_locale":"fr_FR","og_type":"article","og_title":"Trente-six enfants de terroristes tunisiens bloqu\u00e9s dans les prisons libyennes - Kapitalis","og_description":"Le consul g\u00e9n\u00e9ral de Tunisie en Libye, Taoufik Guesmi, a indiqu\u00e9 que 36 enfants de terroristes tunisiens sont encore bloqu\u00e9s dans les prisons de Misrata et Tripoli en Libye, avec leurs m\u00e8res, incarc\u00e9r\u00e9es et poursuivies par les autorit\u00e9s libyennes pour des affaires de terrorisme.","og_url":"https:\/\/kapitalis.com\/tunisie\/2020\/01\/24\/trente-six-enfants-de-terroristes-tunisiens-bloques-dans-les-prisons-libyennes\/","og_site_name":"Kapitalis","article_publisher":"https:\/\/www.facebook.com\/KapitalisInfo\/","article_published_time":"2020-01-24T17:59:01+00:00","article_modified_time":"2020-01-25T06:28:08+00:00","og_image":[{"width":1200,"height":630,"url":"https:\/\/kapitalis.com\/tunisie\/wp-content\/uploads\/2022\/05\/kapitalis-logo-fb.png","type":"image\/png"}],"author":"Yusra NY","twitter_card":"summary_large_image","twitter_creator":"@KapitalisInfo","twitter_site":"@KapitalisInfo","twitter_misc":{"\u00c9crit par":"Yusra NY","Dur\u00e9e de lecture estim\u00e9e":"1 minute"},"schema":{"@context":"https:\/\/schema.org","@graph":[{"@type":"Article","@id":"https:\/\/kapitalis.com\/tunisie\/2020\/01\/24\/trente-six-enfants-de-terroristes-tunisiens-bloques-dans-les-prisons-libyennes\/#article","isPartOf":{"@id":"https:\/\/kapitalis.com\/tunisie\/2020\/01\/24\/trente-six-enfants-de-terroristes-tunisiens-bloques-dans-les-prisons-libyennes\/"},"author":{"name":"Yusra NY","@id":"https:\/\/kapitalis.com\/tunisie\/#\/schema\/person\/74bbde0154d49d790a92aaeac5bc01d5"},"headline":"Trente-six enfants de terroristes tunisiens bloqu\u00e9s dans les prisons libyennes","datePublished":"2020-01-24T17:59:01+00:00","dateModified":"2020-01-25T06:28:08+00:00","mainEntityOfPage":{"@id":"https:\/\/kapitalis.com\/tunisie\/2020\/01\/24\/trente-six-enfants-de-terroristes-tunisiens-bloques-dans-les-prisons-libyennes\/"},"wordCount":238,"commentCount":3,"publisher":{"@id":"https:\/\/kapitalis.com\/tunisie\/#organization"},"image":{"@id":"https:\/\/kapitalis.com\/tunisie\/2020\/01\/24\/trente-six-enfants-de-terroristes-tunisiens-bloques-dans-les-prisons-libyennes\/#primaryimage"},"thumbnailUrl":"","keywords":["enfants","Libye","terrorisme","terroristes","Tunisie","tunisiens"],"articleSection":["SOCIETE","Tunisie"],"inLanguage":"fr-FR","potentialAction":[{"@type":"CommentAction","name":"Comment","target":["https:\/\/kapitalis.com\/tunisie\/2020\/01\/24\/trente-six-enfants-de-terroristes-tunisiens-bloques-dans-les-prisons-libyennes\/#respond"]}]},{"@type":"WebPage","@id":"https:\/\/kapitalis.com\/tunisie\/2020\/01\/24\/trente-six-enfants-de-terroristes-tunisiens-bloques-dans-les-prisons-libyennes\/","url":"https:\/\/kapitalis.com\/tunisie\/2020\/01\/24\/trente-six-enfants-de-terroristes-tunisiens-bloques-dans-les-prisons-libyennes\/","name":"Trente-six enfants de terroristes tunisiens bloqu\u00e9s dans les prisons libyennes - Kapitalis","isPartOf":{"@id":"https:\/\/kapitalis.com\/tunisie\/#website"},"primaryImageOfPage":{"@id":"https:\/\/kapitalis.com\/tunisie\/2020\/01\/24\/trente-six-enfants-de-terroristes-tunisiens-bloques-dans-les-prisons-libyennes\/#primaryimage"},"image":{"@id":"https:\/\/kapitalis.com\/tunisie\/2020\/01\/24\/trente-six-enfants-de-terroristes-tunisiens-bloques-dans-les-prisons-libyennes\/#primaryimage"},"thumbnailUrl":"","datePublished":"2020-01-24T17:59:01+00:00","dateModified":"2020-01-25T06:28:08+00:00","breadcrumb":{"@id":"https:\/\/kapitalis.com\/tunisie\/2020\/01\/24\/trente-six-enfants-de-terroristes-tunisiens-bloques-dans-les-prisons-libyennes\/#breadcrumb"},"inLanguage":"fr-FR","potentialAction":[{"@type":"ReadAction","target":["https:\/\/kapitalis.com\/tunisie\/2020\/01\/24\/trente-six-enfants-de-terroristes-tunisiens-bloques-dans-les-prisons-libyennes\/"]}]},{"@type":"ImageObject","inLanguage":"fr-FR","@id":"https:\/\/kapitalis.com\/tunisie\/2020\/01\/24\/trente-six-enfants-de-terroristes-tunisiens-bloques-dans-les-prisons-libyennes\/#primaryimage","url":"","contentUrl":""},{"@type":"BreadcrumbList","@id":"https:\/\/kapitalis.com\/tunisie\/2020\/01\/24\/trente-six-enfants-de-terroristes-tunisiens-bloques-dans-les-prisons-libyennes\/#breadcrumb","itemListElement":[{"@type":"ListItem","position":1,"name":"Accueil","item":"https:\/\/kapitalis.com\/tunisie\/"},{"@type":"ListItem","position":2,"name":"Trente-six enfants de terroristes tunisiens bloqu\u00e9s dans les prisons libyennes"}]},{"@type":"WebSite","@id":"https:\/\/kapitalis.com\/tunisie\/#website","url":"https:\/\/kapitalis.com\/tunisie\/","name":"Kapitalis","description":"L&#039;actualit\u00e9 en Tunisie et dans le monde","publisher":{"@id":"https:\/\/kapitalis.com\/tunisie\/#organization"},"potentialAction":[{"@type":"SearchAction","target":{"@type":"EntryPoint","urlTemplate":"https:\/\/kapitalis.com\/tunisie\/?s={search_term_string}"},"query-input":{"@type":"PropertyValueSpecification","valueRequired":true,"valueName":"search_term_string"}}],"inLanguage":"fr-FR"},{"@type":"Organization","@id":"https:\/\/kapitalis.com\/tunisie\/#organization","name":"Kapitalis","url":"https:\/\/kapitalis.com\/tunisie\/","logo":{"@type":"ImageObject","inLanguage":"fr-FR","@id":"https:\/\/kapitalis.com\/tunisie\/#\/schema\/logo\/image\/","url":"https:\/\/kapitalis.com\/tunisie\/wp-content\/uploads\/2022\/05\/Kapitalis-big-size.png","contentUrl":"https:\/\/kapitalis.com\/tunisie\/wp-content\/uploads\/2022\/05\/Kapitalis-big-size.png","width":5000,"height":1500,"caption":"Kapitalis"},"image":{"@id":"https:\/\/kapitalis.com\/tunisie\/#\/schema\/logo\/image\/"},"sameAs":["https:\/\/www.facebook.com\/KapitalisInfo\/","https:\/\/x.com\/KapitalisInfo","https:\/\/www.youtube.com\/channel\/UC-yDYrHyfFBWWZaOw3FPg9Q"]},{"@type":"Person","@id":"https:\/\/kapitalis.com\/tunisie\/#\/schema\/person\/74bbde0154d49d790a92aaeac5bc01d5","name":"Yusra NY","url":"https:\/\/kapitalis.com\/tunisie\/author\/yuza_adam\/"}]}},"_links":{"self":[{"href":"https:\/\/kapitalis.com\/tunisie\/wp-json\/wp\/v2\/posts\/275787","targetHints":{"allow":["GET"]}}],"collection":[{"href":"https:\/\/kapitalis.com\/tunisie\/wp-json\/wp\/v2\/posts"}],"about":[{"href":"https:\/\/kapitalis.com\/tunisie\/wp-json\/wp\/v2\/types\/post"}],"author":[{"embeddable":true,"href":"https:\/\/kapitalis.com\/tunisie\/wp-json\/wp\/v2\/users\/6"}],"replies":[{"embeddable":true,"href":"https:\/\/kapitalis.com\/tunisie\/wp-json\/wp\/v2\/comments?post=275787"}],"version-history":[{"count":0,"href":"https:\/\/kapitalis.com\/tunisie\/wp-json\/wp\/v2\/posts\/275787\/revisions"}],"wp:featuredmedia":[{"embeddable":true,"href":"https:\/\/kapitalis.com\/tunisie\/wp-json\/wp\/v2\/media\/275790"}],"wp:attachment":[{"href":"https:\/\/kapitalis.com\/tunisie\/wp-json\/wp\/v2\/media?parent=275787"}],"wp:term":[{"taxonomy":"category","embeddable":true,"href":"https:\/\/kapitalis.com\/tunisie\/wp-json\/wp\/v2\/categories?post=275787"},{"taxonomy":"post_tag","embeddable":true,"href":"https:\/\/kapitalis.com\/tunisie\/wp-json\/wp\/v2\/tags?post=275787"}],"curies":[{"name":"wp","href":"https:\/\/api.w.org\/{rel}","templated":true}]}}