{"id":275846,"date":"2020-01-25T10:20:27","date_gmt":"2020-01-25T09:20:27","guid":{"rendered":"http:\/\/kapitalis.com\/tunisie\/?p=275846"},"modified":"2020-01-25T10:20:30","modified_gmt":"2020-01-25T09:20:30","slug":"un-centre-tuniso-indien-pour-linnovation-dans-les-tics-va-voir-le-jour-en-tunisie","status":"publish","type":"post","link":"https:\/\/kapitalis.com\/tunisie\/2020\/01\/25\/un-centre-tuniso-indien-pour-linnovation-dans-les-tics-va-voir-le-jour-en-tunisie\/","title":{"rendered":"Un Centre tuniso-indien pour l&rsquo;innovation dans les TICs va voir le jour en Tunisie"},"content":{"rendered":"\n<figure class=\"wp-block-image size-large\"><img decoding=\"async\" src=\"http:\/\/kapitalis.com\/tunisie\/wp-content\/uploads\/2020\/01\/TIC-Inde-Tunisie.jpg\" alt=\"\" class=\"wp-image-275861\"\/><\/figure>\n\n\n\n<p><strong><em>Un protocole d&rsquo;accord a \u00e9t\u00e9 sign\u00e9 \u00e0 Tunis au cours de la visite de S. Jaishankar, ministre indien des Affaires \u00e9trang\u00e8res, les 22 et 23 janvier 2020, pour mettre en place \u00e0 Tunis un Centre tuniso-indien pour l&rsquo;innovation dans les TICs.<\/em><\/strong><\/p>\n\n\n\n<!--more-->\n\n\n\n<p>Ce protocole d&rsquo;accord entre dans le cadre d&rsquo;un accord \u00e9largi sign\u00e9 entre la Tunisie et l&rsquo;Inde en 2016 pour le renforcement de la coop\u00e9ration bilat\u00e9rale dans les technologies de l&rsquo;information et des communications (TICs) et l&rsquo;\u00e9conomie num\u00e9rique. <\/p>\n\n\n\n<p>Notons que l&rsquo;Inde est un pays assez avanc\u00e9 dans les TICs, et sert notamment de backoffice pour les grandes multinationales du secteur, sans oublier la concurrence qu&rsquo;elle impose activement aupr\u00e8s des acteurs internationaux.<\/p>\n\n\n\n<p>Selon le minist\u00e8re tunisien des Affaires \u00e9trang\u00e8res, conduit par Sabri Bachtobji, la visite de S. Jaishankar a permis d&rsquo;aborder divers aspects de la coop\u00e9ration tuniso-indienne aux niveaux bilat\u00e9ral et multilat\u00e9ral, en plus d&rsquo;un certain nombre de questions r\u00e9gionales et internationales d&rsquo;int\u00e9r\u00eat commun. <\/p>\n\n\n\n<p>Les 2 ministres, tunisien et indien, ont mis en exergue l&rsquo;importance d&rsquo;assurer le suivi de la mise en \u0153uvre des accords sign\u00e9s entre les 2 pays, et la n\u00e9cessit\u00e9 d&rsquo;une bonne pr\u00e9paration de la 13e session du Comit\u00e9 mixte tuniso-indien. Ils ont aussi soulign\u00e9 l&rsquo;imp\u00e9ratif de poursuivre des consultations pour le succ\u00e8s du prochain Sommet Inde-Afrique \u00e0 New Delhi en septembre 2020.<\/p>\n\n\n\n<p class=\"has-text-align-right\"><strong>A. M.<\/strong><\/p>\n","protected":false},"excerpt":{"rendered":"<p>Un protocole d&rsquo;accord a \u00e9t\u00e9 sign\u00e9 \u00e0 Tunis au cours de la visite de S. Jaishankar, ministre indien des Affaires \u00e9trang\u00e8res, les 22 et 23 janvier 2020, pour mettre en place \u00e0 Tunis un Centre tuniso-indien pour l&rsquo;innovation dans les TICs.<\/p>\n","protected":false},"author":22,"featured_media":275861,"comment_status":"open","ping_status":"open","sticky":false,"template":"","format":"standard","meta":{"footnotes":""},"categories":[995,2433],"tags":[73417,3017,73289,73419,73418,73420,62643],"class_list":["post-275846","post","type-post","status-publish","format-standard","has-post-thumbnail","hentry","category-economie","category-tunisie","tag-centre-tuniso-indien-pour-linnovation-dans-les-tics","tag-inde","tag-new-delhi","tag-s-bachtobji","tag-s-jaishankar","tag-sommet-inde-afrique-2020","tag-tunisie"],"yoast_head":"<!-- This site is optimized with the Yoast SEO plugin v26.6 - https:\/\/yoast.com\/wordpress\/plugins\/seo\/ -->\n<title>Un Centre tuniso-indien pour l&#039;innovation dans les TICs va voir le jour en Tunisie - Kapitalis<\/title>\n<meta name=\"robots\" content=\"index, follow, max-snippet:-1, max-image-preview:large, max-video-preview:-1\" \/>\n<link rel=\"canonical\" href=\"https:\/\/kapitalis.com\/tunisie\/2020\/01\/25\/un-centre-tuniso-indien-pour-linnovation-dans-les-tics-va-voir-le-jour-en-tunisie\/\" \/>\n<meta property=\"og:locale\" content=\"fr_FR\" \/>\n<meta property=\"og:type\" content=\"article\" \/>\n<meta property=\"og:title\" content=\"Un Centre tuniso-indien pour l&#039;innovation dans les TICs va voir le jour en Tunisie - Kapitalis\" \/>\n<meta property=\"og:description\" content=\"Un protocole d&rsquo;accord a \u00e9t\u00e9 sign\u00e9 \u00e0 Tunis au cours de la visite de S. Jaishankar, ministre indien des Affaires \u00e9trang\u00e8res, les 22 et 23 janvier 2020, pour mettre en place \u00e0 Tunis un Centre tuniso-indien pour l&rsquo;innovation dans les TICs.\" \/>\n<meta property=\"og:url\" content=\"https:\/\/kapitalis.com\/tunisie\/2020\/01\/25\/un-centre-tuniso-indien-pour-linnovation-dans-les-tics-va-voir-le-jour-en-tunisie\/\" \/>\n<meta property=\"og:site_name\" content=\"Kapitalis\" \/>\n<meta property=\"article:publisher\" content=\"https:\/\/www.facebook.com\/KapitalisInfo\/\" \/>\n<meta property=\"article:published_time\" content=\"2020-01-25T09:20:27+00:00\" \/>\n<meta property=\"article:modified_time\" content=\"2020-01-25T09:20:30+00:00\" \/>\n<meta property=\"og:image\" content=\"https:\/\/kapitalis.com\/tunisie\/wp-content\/uploads\/2022\/05\/kapitalis-logo-fb.png\" \/>\n\t<meta property=\"og:image:width\" content=\"1200\" \/>\n\t<meta property=\"og:image:height\" content=\"630\" \/>\n\t<meta property=\"og:image:type\" content=\"image\/png\" \/>\n<meta name=\"author\" content=\"Amina Mkada\" \/>\n<meta name=\"twitter:card\" content=\"summary_large_image\" \/>\n<meta name=\"twitter:creator\" content=\"@KapitalisInfo\" \/>\n<meta name=\"twitter:site\" content=\"@KapitalisInfo\" \/>\n<meta name=\"twitter:label1\" content=\"\u00c9crit par\" \/>\n\t<meta name=\"twitter:data1\" content=\"Amina Mkada\" \/>\n\t<meta name=\"twitter:label2\" content=\"Dur\u00e9e de lecture estim\u00e9e\" \/>\n\t<meta name=\"twitter:data2\" content=\"1 minute\" \/>\n<script type=\"application\/ld+json\" class=\"yoast-schema-graph\">{\"@context\":\"https:\/\/schema.org\",\"@graph\":[{\"@type\":\"Article\",\"@id\":\"https:\/\/kapitalis.com\/tunisie\/2020\/01\/25\/un-centre-tuniso-indien-pour-linnovation-dans-les-tics-va-voir-le-jour-en-tunisie\/#article\",\"isPartOf\":{\"@id\":\"https:\/\/kapitalis.com\/tunisie\/2020\/01\/25\/un-centre-tuniso-indien-pour-linnovation-dans-les-tics-va-voir-le-jour-en-tunisie\/\"},\"author\":{\"name\":\"Amina Mkada\",\"@id\":\"https:\/\/kapitalis.com\/tunisie\/#\/schema\/person\/093913313d3017554cb3ad077fff3fbd\"},\"headline\":\"Un Centre tuniso-indien pour l&rsquo;innovation dans les TICs va voir le jour en Tunisie\",\"datePublished\":\"2020-01-25T09:20:27+00:00\",\"dateModified\":\"2020-01-25T09:20:30+00:00\",\"mainEntityOfPage\":{\"@id\":\"https:\/\/kapitalis.com\/tunisie\/2020\/01\/25\/un-centre-tuniso-indien-pour-linnovation-dans-les-tics-va-voir-le-jour-en-tunisie\/\"},\"wordCount\":240,\"commentCount\":0,\"publisher\":{\"@id\":\"https:\/\/kapitalis.com\/tunisie\/#organization\"},\"image\":{\"@id\":\"https:\/\/kapitalis.com\/tunisie\/2020\/01\/25\/un-centre-tuniso-indien-pour-linnovation-dans-les-tics-va-voir-le-jour-en-tunisie\/#primaryimage\"},\"thumbnailUrl\":\"\",\"keywords\":[\"Centre tuniso-indien pour linnovation dans les TICs\",\"Inde\",\"New Delhi\",\"S. Bachtobji\",\"S. Jaishankar\",\"Sommet Inde-Afrique 2020\",\"Tunisie\"],\"articleSection\":[\"ECONOMIE\",\"Tunisie\"],\"inLanguage\":\"fr-FR\",\"potentialAction\":[{\"@type\":\"CommentAction\",\"name\":\"Comment\",\"target\":[\"https:\/\/kapitalis.com\/tunisie\/2020\/01\/25\/un-centre-tuniso-indien-pour-linnovation-dans-les-tics-va-voir-le-jour-en-tunisie\/#respond\"]}]},{\"@type\":\"WebPage\",\"@id\":\"https:\/\/kapitalis.com\/tunisie\/2020\/01\/25\/un-centre-tuniso-indien-pour-linnovation-dans-les-tics-va-voir-le-jour-en-tunisie\/\",\"url\":\"https:\/\/kapitalis.com\/tunisie\/2020\/01\/25\/un-centre-tuniso-indien-pour-linnovation-dans-les-tics-va-voir-le-jour-en-tunisie\/\",\"name\":\"Un Centre tuniso-indien pour l'innovation dans les TICs va voir le jour en Tunisie - Kapitalis\",\"isPartOf\":{\"@id\":\"https:\/\/kapitalis.com\/tunisie\/#website\"},\"primaryImageOfPage\":{\"@id\":\"https:\/\/kapitalis.com\/tunisie\/2020\/01\/25\/un-centre-tuniso-indien-pour-linnovation-dans-les-tics-va-voir-le-jour-en-tunisie\/#primaryimage\"},\"image\":{\"@id\":\"https:\/\/kapitalis.com\/tunisie\/2020\/01\/25\/un-centre-tuniso-indien-pour-linnovation-dans-les-tics-va-voir-le-jour-en-tunisie\/#primaryimage\"},\"thumbnailUrl\":\"\",\"datePublished\":\"2020-01-25T09:20:27+00:00\",\"dateModified\":\"2020-01-25T09:20:30+00:00\",\"breadcrumb\":{\"@id\":\"https:\/\/kapitalis.com\/tunisie\/2020\/01\/25\/un-centre-tuniso-indien-pour-linnovation-dans-les-tics-va-voir-le-jour-en-tunisie\/#breadcrumb\"},\"inLanguage\":\"fr-FR\",\"potentialAction\":[{\"@type\":\"ReadAction\",\"target\":[\"https:\/\/kapitalis.com\/tunisie\/2020\/01\/25\/un-centre-tuniso-indien-pour-linnovation-dans-les-tics-va-voir-le-jour-en-tunisie\/\"]}]},{\"@type\":\"ImageObject\",\"inLanguage\":\"fr-FR\",\"@id\":\"https:\/\/kapitalis.com\/tunisie\/2020\/01\/25\/un-centre-tuniso-indien-pour-linnovation-dans-les-tics-va-voir-le-jour-en-tunisie\/#primaryimage\",\"url\":\"\",\"contentUrl\":\"\"},{\"@type\":\"BreadcrumbList\",\"@id\":\"https:\/\/kapitalis.com\/tunisie\/2020\/01\/25\/un-centre-tuniso-indien-pour-linnovation-dans-les-tics-va-voir-le-jour-en-tunisie\/#breadcrumb\",\"itemListElement\":[{\"@type\":\"ListItem\",\"position\":1,\"name\":\"Accueil\",\"item\":\"https:\/\/kapitalis.com\/tunisie\/\"},{\"@type\":\"ListItem\",\"position\":2,\"name\":\"Un Centre tuniso-indien pour l&rsquo;innovation dans les TICs va voir le jour en Tunisie\"}]},{\"@type\":\"WebSite\",\"@id\":\"https:\/\/kapitalis.com\/tunisie\/#website\",\"url\":\"https:\/\/kapitalis.com\/tunisie\/\",\"name\":\"Kapitalis\",\"description\":\"L&#039;actualit\u00e9 en Tunisie et dans le monde\",\"publisher\":{\"@id\":\"https:\/\/kapitalis.com\/tunisie\/#organization\"},\"potentialAction\":[{\"@type\":\"SearchAction\",\"target\":{\"@type\":\"EntryPoint\",\"urlTemplate\":\"https:\/\/kapitalis.com\/tunisie\/?s={search_term_string}\"},\"query-input\":{\"@type\":\"PropertyValueSpecification\",\"valueRequired\":true,\"valueName\":\"search_term_string\"}}],\"inLanguage\":\"fr-FR\"},{\"@type\":\"Organization\",\"@id\":\"https:\/\/kapitalis.com\/tunisie\/#organization\",\"name\":\"Kapitalis\",\"url\":\"https:\/\/kapitalis.com\/tunisie\/\",\"logo\":{\"@type\":\"ImageObject\",\"inLanguage\":\"fr-FR\",\"@id\":\"https:\/\/kapitalis.com\/tunisie\/#\/schema\/logo\/image\/\",\"url\":\"https:\/\/kapitalis.com\/tunisie\/wp-content\/uploads\/2022\/05\/Kapitalis-big-size.png\",\"contentUrl\":\"https:\/\/kapitalis.com\/tunisie\/wp-content\/uploads\/2022\/05\/Kapitalis-big-size.png\",\"width\":5000,\"height\":1500,\"caption\":\"Kapitalis\"},\"image\":{\"@id\":\"https:\/\/kapitalis.com\/tunisie\/#\/schema\/logo\/image\/\"},\"sameAs\":[\"https:\/\/www.facebook.com\/KapitalisInfo\/\",\"https:\/\/x.com\/KapitalisInfo\",\"https:\/\/www.youtube.com\/channel\/UC-yDYrHyfFBWWZaOw3FPg9Q\"]},{\"@type\":\"Person\",\"@id\":\"https:\/\/kapitalis.com\/tunisie\/#\/schema\/person\/093913313d3017554cb3ad077fff3fbd\",\"name\":\"Amina Mkada\",\"url\":\"https:\/\/kapitalis.com\/tunisie\/author\/amina\/\"}]}<\/script>\n<!-- \/ Yoast SEO plugin. -->","yoast_head_json":{"title":"Un Centre tuniso-indien pour l'innovation dans les TICs va voir le jour en Tunisie - Kapitalis","robots":{"index":"index","follow":"follow","max-snippet":"max-snippet:-1","max-image-preview":"max-image-preview:large","max-video-preview":"max-video-preview:-1"},"canonical":"https:\/\/kapitalis.com\/tunisie\/2020\/01\/25\/un-centre-tuniso-indien-pour-linnovation-dans-les-tics-va-voir-le-jour-en-tunisie\/","og_locale":"fr_FR","og_type":"article","og_title":"Un Centre tuniso-indien pour l'innovation dans les TICs va voir le jour en Tunisie - Kapitalis","og_description":"Un protocole d&rsquo;accord a \u00e9t\u00e9 sign\u00e9 \u00e0 Tunis au cours de la visite de S. Jaishankar, ministre indien des Affaires \u00e9trang\u00e8res, les 22 et 23 janvier 2020, pour mettre en place \u00e0 Tunis un Centre tuniso-indien pour l&rsquo;innovation dans les TICs.","og_url":"https:\/\/kapitalis.com\/tunisie\/2020\/01\/25\/un-centre-tuniso-indien-pour-linnovation-dans-les-tics-va-voir-le-jour-en-tunisie\/","og_site_name":"Kapitalis","article_publisher":"https:\/\/www.facebook.com\/KapitalisInfo\/","article_published_time":"2020-01-25T09:20:27+00:00","article_modified_time":"2020-01-25T09:20:30+00:00","og_image":[{"width":1200,"height":630,"url":"https:\/\/kapitalis.com\/tunisie\/wp-content\/uploads\/2022\/05\/kapitalis-logo-fb.png","type":"image\/png"}],"author":"Amina Mkada","twitter_card":"summary_large_image","twitter_creator":"@KapitalisInfo","twitter_site":"@KapitalisInfo","twitter_misc":{"\u00c9crit par":"Amina Mkada","Dur\u00e9e de lecture estim\u00e9e":"1 minute"},"schema":{"@context":"https:\/\/schema.org","@graph":[{"@type":"Article","@id":"https:\/\/kapitalis.com\/tunisie\/2020\/01\/25\/un-centre-tuniso-indien-pour-linnovation-dans-les-tics-va-voir-le-jour-en-tunisie\/#article","isPartOf":{"@id":"https:\/\/kapitalis.com\/tunisie\/2020\/01\/25\/un-centre-tuniso-indien-pour-linnovation-dans-les-tics-va-voir-le-jour-en-tunisie\/"},"author":{"name":"Amina Mkada","@id":"https:\/\/kapitalis.com\/tunisie\/#\/schema\/person\/093913313d3017554cb3ad077fff3fbd"},"headline":"Un Centre tuniso-indien pour l&rsquo;innovation dans les TICs va voir le jour en Tunisie","datePublished":"2020-01-25T09:20:27+00:00","dateModified":"2020-01-25T09:20:30+00:00","mainEntityOfPage":{"@id":"https:\/\/kapitalis.com\/tunisie\/2020\/01\/25\/un-centre-tuniso-indien-pour-linnovation-dans-les-tics-va-voir-le-jour-en-tunisie\/"},"wordCount":240,"commentCount":0,"publisher":{"@id":"https:\/\/kapitalis.com\/tunisie\/#organization"},"image":{"@id":"https:\/\/kapitalis.com\/tunisie\/2020\/01\/25\/un-centre-tuniso-indien-pour-linnovation-dans-les-tics-va-voir-le-jour-en-tunisie\/#primaryimage"},"thumbnailUrl":"","keywords":["Centre tuniso-indien pour linnovation dans les TICs","Inde","New Delhi","S. Bachtobji","S. Jaishankar","Sommet Inde-Afrique 2020","Tunisie"],"articleSection":["ECONOMIE","Tunisie"],"inLanguage":"fr-FR","potentialAction":[{"@type":"CommentAction","name":"Comment","target":["https:\/\/kapitalis.com\/tunisie\/2020\/01\/25\/un-centre-tuniso-indien-pour-linnovation-dans-les-tics-va-voir-le-jour-en-tunisie\/#respond"]}]},{"@type":"WebPage","@id":"https:\/\/kapitalis.com\/tunisie\/2020\/01\/25\/un-centre-tuniso-indien-pour-linnovation-dans-les-tics-va-voir-le-jour-en-tunisie\/","url":"https:\/\/kapitalis.com\/tunisie\/2020\/01\/25\/un-centre-tuniso-indien-pour-linnovation-dans-les-tics-va-voir-le-jour-en-tunisie\/","name":"Un Centre tuniso-indien pour l'innovation dans les TICs va voir le jour en Tunisie - Kapitalis","isPartOf":{"@id":"https:\/\/kapitalis.com\/tunisie\/#website"},"primaryImageOfPage":{"@id":"https:\/\/kapitalis.com\/tunisie\/2020\/01\/25\/un-centre-tuniso-indien-pour-linnovation-dans-les-tics-va-voir-le-jour-en-tunisie\/#primaryimage"},"image":{"@id":"https:\/\/kapitalis.com\/tunisie\/2020\/01\/25\/un-centre-tuniso-indien-pour-linnovation-dans-les-tics-va-voir-le-jour-en-tunisie\/#primaryimage"},"thumbnailUrl":"","datePublished":"2020-01-25T09:20:27+00:00","dateModified":"2020-01-25T09:20:30+00:00","breadcrumb":{"@id":"https:\/\/kapitalis.com\/tunisie\/2020\/01\/25\/un-centre-tuniso-indien-pour-linnovation-dans-les-tics-va-voir-le-jour-en-tunisie\/#breadcrumb"},"inLanguage":"fr-FR","potentialAction":[{"@type":"ReadAction","target":["https:\/\/kapitalis.com\/tunisie\/2020\/01\/25\/un-centre-tuniso-indien-pour-linnovation-dans-les-tics-va-voir-le-jour-en-tunisie\/"]}]},{"@type":"ImageObject","inLanguage":"fr-FR","@id":"https:\/\/kapitalis.com\/tunisie\/2020\/01\/25\/un-centre-tuniso-indien-pour-linnovation-dans-les-tics-va-voir-le-jour-en-tunisie\/#primaryimage","url":"","contentUrl":""},{"@type":"BreadcrumbList","@id":"https:\/\/kapitalis.com\/tunisie\/2020\/01\/25\/un-centre-tuniso-indien-pour-linnovation-dans-les-tics-va-voir-le-jour-en-tunisie\/#breadcrumb","itemListElement":[{"@type":"ListItem","position":1,"name":"Accueil","item":"https:\/\/kapitalis.com\/tunisie\/"},{"@type":"ListItem","position":2,"name":"Un Centre tuniso-indien pour l&rsquo;innovation dans les TICs va voir le jour en Tunisie"}]},{"@type":"WebSite","@id":"https:\/\/kapitalis.com\/tunisie\/#website","url":"https:\/\/kapitalis.com\/tunisie\/","name":"Kapitalis","description":"L&#039;actualit\u00e9 en Tunisie et dans le monde","publisher":{"@id":"https:\/\/kapitalis.com\/tunisie\/#organization"},"potentialAction":[{"@type":"SearchAction","target":{"@type":"EntryPoint","urlTemplate":"https:\/\/kapitalis.com\/tunisie\/?s={search_term_string}"},"query-input":{"@type":"PropertyValueSpecification","valueRequired":true,"valueName":"search_term_string"}}],"inLanguage":"fr-FR"},{"@type":"Organization","@id":"https:\/\/kapitalis.com\/tunisie\/#organization","name":"Kapitalis","url":"https:\/\/kapitalis.com\/tunisie\/","logo":{"@type":"ImageObject","inLanguage":"fr-FR","@id":"https:\/\/kapitalis.com\/tunisie\/#\/schema\/logo\/image\/","url":"https:\/\/kapitalis.com\/tunisie\/wp-content\/uploads\/2022\/05\/Kapitalis-big-size.png","contentUrl":"https:\/\/kapitalis.com\/tunisie\/wp-content\/uploads\/2022\/05\/Kapitalis-big-size.png","width":5000,"height":1500,"caption":"Kapitalis"},"image":{"@id":"https:\/\/kapitalis.com\/tunisie\/#\/schema\/logo\/image\/"},"sameAs":["https:\/\/www.facebook.com\/KapitalisInfo\/","https:\/\/x.com\/KapitalisInfo","https:\/\/www.youtube.com\/channel\/UC-yDYrHyfFBWWZaOw3FPg9Q"]},{"@type":"Person","@id":"https:\/\/kapitalis.com\/tunisie\/#\/schema\/person\/093913313d3017554cb3ad077fff3fbd","name":"Amina Mkada","url":"https:\/\/kapitalis.com\/tunisie\/author\/amina\/"}]}},"_links":{"self":[{"href":"https:\/\/kapitalis.com\/tunisie\/wp-json\/wp\/v2\/posts\/275846","targetHints":{"allow":["GET"]}}],"collection":[{"href":"https:\/\/kapitalis.com\/tunisie\/wp-json\/wp\/v2\/posts"}],"about":[{"href":"https:\/\/kapitalis.com\/tunisie\/wp-json\/wp\/v2\/types\/post"}],"author":[{"embeddable":true,"href":"https:\/\/kapitalis.com\/tunisie\/wp-json\/wp\/v2\/users\/22"}],"replies":[{"embeddable":true,"href":"https:\/\/kapitalis.com\/tunisie\/wp-json\/wp\/v2\/comments?post=275846"}],"version-history":[{"count":0,"href":"https:\/\/kapitalis.com\/tunisie\/wp-json\/wp\/v2\/posts\/275846\/revisions"}],"wp:featuredmedia":[{"embeddable":true,"href":"https:\/\/kapitalis.com\/tunisie\/wp-json\/wp\/v2\/media\/275861"}],"wp:attachment":[{"href":"https:\/\/kapitalis.com\/tunisie\/wp-json\/wp\/v2\/media?parent=275846"}],"wp:term":[{"taxonomy":"category","embeddable":true,"href":"https:\/\/kapitalis.com\/tunisie\/wp-json\/wp\/v2\/categories?post=275846"},{"taxonomy":"post_tag","embeddable":true,"href":"https:\/\/kapitalis.com\/tunisie\/wp-json\/wp\/v2\/tags?post=275846"}],"curies":[{"name":"wp","href":"https:\/\/api.w.org\/{rel}","templated":true}]}}