{"id":27592,"date":"2015-11-27T11:01:06","date_gmt":"2015-11-27T10:01:06","guid":{"rendered":"http:\/\/kapitalis.com\/tunisie\/?p=27592"},"modified":"2015-11-27T11:19:59","modified_gmt":"2015-11-27T10:19:59","slug":"medias-la-radio-pirate-al-quran-al-karim-nargue-la-haica","status":"publish","type":"post","link":"https:\/\/kapitalis.com\/tunisie\/2015\/11\/27\/medias-la-radio-pirate-al-quran-al-karim-nargue-la-haica\/","title":{"rendered":"M\u00e9dias : La radio pirate Al-Quran Al-Karim nargue la Haica"},"content":{"rendered":"<p><img loading=\"lazy\" decoding=\"async\" class=\"alignnone size-full wp-image-27593 aligncenter\" src=\"http:\/\/kapitalis.com\/tunisie\/wp-content\/uploads\/2015\/11\/Said-Jaziri-.jpg\" alt=\"Said-Jaziri-\" width=\"680\" height=\"380\" \/><\/p>\n<p style=\"text-align: center;\"><em>L&rsquo;imam extr\u00e9miste Sa\u00efd Jaziri.<\/em><\/p>\n<p><em><strong>Ferm\u00e9e l\u2019\u00e9t\u00e9 dernier par la force publique, la radio Al-Quran Al-Karim a repris la diffusion des discours extr\u00e9mistes sur la Grand Tunis. \u00a0<\/strong><\/em><\/p>\n<p style=\"text-align: center;\"><!--more--><\/p>\n<p>Les locaux de cette radio non autoris\u00e9e avait \u00e9t\u00e9 perquisitionn\u00e9s, en ao\u00fbt dernier, \u00e0 la demande la Haute autorit\u00e9 ind\u00e9pendante de la communication audiovisuelle (Haica), et de la cire avait \u00e9t\u00e9 appos\u00e9e aux serrures de ses portes, mais cela n\u2019a pas emp\u00each\u00e9 ses promoteurs de poursuivre d\u2019\u00e9mettre de fa\u00e7on ill\u00e9gale et de diffuser des \u00e9missions au contenu extr\u00e9miste religieux, en se basant sur une d\u00e9cision du tribunal de premi\u00e8re instance de Ben Arous qui a jug\u00e9 ill\u00e9gale la perquisition des locaux par la Haica.<\/p>\n<p><em>\u00abAlors que le procureur de la r\u00e9publique a fait appel de cette d\u00e9cision, Sa\u00efd Jaziri, responsable de cette radio pirate, a rouvert les locaux et poursuivi l\u2019\u00e9mission. Dans tous les cas, cette radio, dont le si\u00e8ge se trouve \u00e0 Boumhel (gouvernorat de Ben Arous), n\u2019est pas autoris\u00e9e et n\u2019est pas en droit d\u2019\u00e9mettre\u00bb<\/em>, a pr\u00e9cis\u00e9, aujourd\u2019hui \u00e0 Kapitalis, Hichem Senoussi, membre de la Haica.<\/p>\n<p>Mari\u00e9 \u00e0 une Qu\u00e9b\u00e9coise, Sa\u00efd Jaziri, ancien imam de la mosqu\u00e9e montr\u00e9alaise Al-Qods, a souvent \u00e9t\u00e9 poursuivi par la loi, en Tunisie et \u00e0 l\u2019\u00e9tranger, et son casier judiciaire n\u2019est pas vierge. Malgr\u00e9 son extradition du Canada en 2013, il esp\u00e8re revenir dans ce pays o\u00f9 il poss\u00e8de plusieurs biens.<\/p>\n<p style=\"text-align: center;\"><img loading=\"lazy\" decoding=\"async\" class=\"alignnone size-full wp-image-27594\" src=\"http:\/\/kapitalis.com\/tunisie\/wp-content\/uploads\/2015\/11\/Said-Jaziri-2.jpg\" alt=\"Said-Jaziri-2\" width=\"500\" height=\"350\" \/><\/p>\n<p style=\"text-align: center;\"><em>Cet homme fait le lit du terrorisme avec sa radio pirate<\/em> <em>Al-Quran Al-Karim<\/em><\/p>\n<p>En 1991, Sa\u00efd Jaziri, alors en fuite \u00e0 l&rsquo;\u00e9tranger, a \u00e9t\u00e9 condamn\u00e9 par contumace en Tunisie \u00e0 3 ans de prison pour distribution de tracts djihadistes et appartenance au mouvement Ennahdha, consid\u00e9r\u00e9 \u00e0 l\u2019\u00e9poque comme \u00e9tant une organisation\u00a0 terroriste.<\/p>\n<p>En 1994, il a \u00e9t\u00e9 condamn\u00e9 en France (o\u00f9 il faisait des \u00e9tudes) \u00e0 18 mois de prison ferme avec mandat d&rsquo;arr\u00eat pour complicit\u00e9 de coups et blessures volontaires et d\u00e9gradations de biens appartenant \u00e0 autrui en d\u00e9truisant un ordinateur et en ordonnant \u00e0 ses coreligionnaires d&rsquo;agresser un fonctionnaire suite \u00e0 la fermeture d&rsquo;une salle de pri\u00e8re clandestine.<\/p>\n<p>En 2014, Sa\u00efd Jaziri, rentr\u00e9 entretemps en Tunisie au b\u00e9n\u00e9fice de l&rsquo;amnistie g\u00e9n\u00e9rale de mars 2011, a cr\u00e9\u00e9 la radio Al-Quran Al-Karim sans l\u2019autorisation de la Haica.<\/p>\n<p>Cet hors-la-loi b\u00e9n\u00e9ficie de l&rsquo;appui de ses copains du parti islamiste Ennahdha, membre de la coalition gouvernementale et alli\u00e9 du parti au pouvoir Nidaa Tounes. Cherchez l&rsquo;erreur!<\/p>\n<p style=\"text-align: right;\"><strong>Z. A.<\/strong><\/p>\n","protected":false},"excerpt":{"rendered":"<p>L&rsquo;imam extr\u00e9miste Sa\u00efd Jaziri. Ferm\u00e9e l\u2019\u00e9t\u00e9 dernier par la force publique, la radio Al-Quran Al-Karim a repris la diffusion des discours extr\u00e9mistes sur la Grand Tunis. \u00a0<\/p>\n","protected":false},"author":8,"featured_media":27593,"comment_status":"open","ping_status":"open","sticky":false,"template":"","format":"standard","meta":{"footnotes":""},"categories":[996,2433],"tags":[6537,395,1843,2898,10437],"class_list":["post-27592","post","type-post","status-publish","format-standard","has-post-thumbnail","hentry","category-media","category-tunisie","tag-canada","tag-france","tag-haica","tag-imam","tag-said-jaziri"],"yoast_head":"<!-- This site is optimized with the Yoast SEO plugin v26.6 - https:\/\/yoast.com\/wordpress\/plugins\/seo\/ -->\n<title>M\u00e9dias : La radio pirate Al-Quran Al-Karim nargue la Haica - Kapitalis<\/title>\n<meta name=\"robots\" content=\"index, follow, max-snippet:-1, max-image-preview:large, max-video-preview:-1\" \/>\n<link rel=\"canonical\" href=\"https:\/\/kapitalis.com\/tunisie\/2015\/11\/27\/medias-la-radio-pirate-al-quran-al-karim-nargue-la-haica\/\" \/>\n<meta property=\"og:locale\" content=\"fr_FR\" \/>\n<meta property=\"og:type\" content=\"article\" \/>\n<meta property=\"og:title\" content=\"M\u00e9dias : La radio pirate Al-Quran Al-Karim nargue la Haica - Kapitalis\" \/>\n<meta property=\"og:description\" content=\"L&rsquo;imam extr\u00e9miste Sa\u00efd Jaziri. Ferm\u00e9e l\u2019\u00e9t\u00e9 dernier par la force publique, la radio Al-Quran Al-Karim a repris la diffusion des discours extr\u00e9mistes sur la Grand Tunis. \u00a0\" \/>\n<meta property=\"og:url\" content=\"https:\/\/kapitalis.com\/tunisie\/2015\/11\/27\/medias-la-radio-pirate-al-quran-al-karim-nargue-la-haica\/\" \/>\n<meta property=\"og:site_name\" content=\"Kapitalis\" \/>\n<meta property=\"article:publisher\" content=\"https:\/\/www.facebook.com\/KapitalisInfo\/\" \/>\n<meta property=\"article:published_time\" content=\"2015-11-27T10:01:06+00:00\" \/>\n<meta property=\"article:modified_time\" content=\"2015-11-27T10:19:59+00:00\" \/>\n<meta property=\"og:image\" content=\"https:\/\/kapitalis.com\/tunisie\/wp-content\/uploads\/2022\/05\/kapitalis-logo-fb.png\" \/>\n\t<meta property=\"og:image:width\" content=\"1200\" \/>\n\t<meta property=\"og:image:height\" content=\"630\" \/>\n\t<meta property=\"og:image:type\" content=\"image\/png\" \/>\n<meta name=\"author\" content=\"webmaster kapitalis\" \/>\n<meta name=\"twitter:card\" content=\"summary_large_image\" \/>\n<meta name=\"twitter:creator\" content=\"@KapitalisInfo\" \/>\n<meta name=\"twitter:site\" content=\"@KapitalisInfo\" \/>\n<meta name=\"twitter:label1\" content=\"\u00c9crit par\" \/>\n\t<meta name=\"twitter:data1\" content=\"webmaster kapitalis\" \/>\n\t<meta name=\"twitter:label2\" content=\"Dur\u00e9e de lecture estim\u00e9e\" \/>\n\t<meta name=\"twitter:data2\" content=\"2 minutes\" \/>\n<script type=\"application\/ld+json\" class=\"yoast-schema-graph\">{\"@context\":\"https:\/\/schema.org\",\"@graph\":[{\"@type\":\"Article\",\"@id\":\"https:\/\/kapitalis.com\/tunisie\/2015\/11\/27\/medias-la-radio-pirate-al-quran-al-karim-nargue-la-haica\/#article\",\"isPartOf\":{\"@id\":\"https:\/\/kapitalis.com\/tunisie\/2015\/11\/27\/medias-la-radio-pirate-al-quran-al-karim-nargue-la-haica\/\"},\"author\":{\"name\":\"webmaster kapitalis\",\"@id\":\"https:\/\/kapitalis.com\/tunisie\/#\/schema\/person\/d71f33a9ca44f7bad4698210b480c8e9\"},\"headline\":\"M\u00e9dias : La radio pirate Al-Quran Al-Karim nargue la Haica\",\"datePublished\":\"2015-11-27T10:01:06+00:00\",\"dateModified\":\"2015-11-27T10:19:59+00:00\",\"mainEntityOfPage\":{\"@id\":\"https:\/\/kapitalis.com\/tunisie\/2015\/11\/27\/medias-la-radio-pirate-al-quran-al-karim-nargue-la-haica\/\"},\"wordCount\":436,\"commentCount\":5,\"publisher\":{\"@id\":\"https:\/\/kapitalis.com\/tunisie\/#organization\"},\"image\":{\"@id\":\"https:\/\/kapitalis.com\/tunisie\/2015\/11\/27\/medias-la-radio-pirate-al-quran-al-karim-nargue-la-haica\/#primaryimage\"},\"thumbnailUrl\":\"\",\"keywords\":[\"Canada\",\"France\",\"Haica\",\"imam\",\"Sa\u00efd Jaziri\"],\"articleSection\":[\"MEDIA\",\"Tunisie\"],\"inLanguage\":\"fr-FR\",\"potentialAction\":[{\"@type\":\"CommentAction\",\"name\":\"Comment\",\"target\":[\"https:\/\/kapitalis.com\/tunisie\/2015\/11\/27\/medias-la-radio-pirate-al-quran-al-karim-nargue-la-haica\/#respond\"]}]},{\"@type\":\"WebPage\",\"@id\":\"https:\/\/kapitalis.com\/tunisie\/2015\/11\/27\/medias-la-radio-pirate-al-quran-al-karim-nargue-la-haica\/\",\"url\":\"https:\/\/kapitalis.com\/tunisie\/2015\/11\/27\/medias-la-radio-pirate-al-quran-al-karim-nargue-la-haica\/\",\"name\":\"M\u00e9dias : La radio pirate Al-Quran Al-Karim nargue la Haica - Kapitalis\",\"isPartOf\":{\"@id\":\"https:\/\/kapitalis.com\/tunisie\/#website\"},\"primaryImageOfPage\":{\"@id\":\"https:\/\/kapitalis.com\/tunisie\/2015\/11\/27\/medias-la-radio-pirate-al-quran-al-karim-nargue-la-haica\/#primaryimage\"},\"image\":{\"@id\":\"https:\/\/kapitalis.com\/tunisie\/2015\/11\/27\/medias-la-radio-pirate-al-quran-al-karim-nargue-la-haica\/#primaryimage\"},\"thumbnailUrl\":\"\",\"datePublished\":\"2015-11-27T10:01:06+00:00\",\"dateModified\":\"2015-11-27T10:19:59+00:00\",\"breadcrumb\":{\"@id\":\"https:\/\/kapitalis.com\/tunisie\/2015\/11\/27\/medias-la-radio-pirate-al-quran-al-karim-nargue-la-haica\/#breadcrumb\"},\"inLanguage\":\"fr-FR\",\"potentialAction\":[{\"@type\":\"ReadAction\",\"target\":[\"https:\/\/kapitalis.com\/tunisie\/2015\/11\/27\/medias-la-radio-pirate-al-quran-al-karim-nargue-la-haica\/\"]}]},{\"@type\":\"ImageObject\",\"inLanguage\":\"fr-FR\",\"@id\":\"https:\/\/kapitalis.com\/tunisie\/2015\/11\/27\/medias-la-radio-pirate-al-quran-al-karim-nargue-la-haica\/#primaryimage\",\"url\":\"\",\"contentUrl\":\"\"},{\"@type\":\"BreadcrumbList\",\"@id\":\"https:\/\/kapitalis.com\/tunisie\/2015\/11\/27\/medias-la-radio-pirate-al-quran-al-karim-nargue-la-haica\/#breadcrumb\",\"itemListElement\":[{\"@type\":\"ListItem\",\"position\":1,\"name\":\"Accueil\",\"item\":\"https:\/\/kapitalis.com\/tunisie\/\"},{\"@type\":\"ListItem\",\"position\":2,\"name\":\"M\u00e9dias : La radio pirate Al-Quran Al-Karim nargue la Haica\"}]},{\"@type\":\"WebSite\",\"@id\":\"https:\/\/kapitalis.com\/tunisie\/#website\",\"url\":\"https:\/\/kapitalis.com\/tunisie\/\",\"name\":\"Kapitalis\",\"description\":\"L&#039;actualit\u00e9 en Tunisie et dans le monde\",\"publisher\":{\"@id\":\"https:\/\/kapitalis.com\/tunisie\/#organization\"},\"potentialAction\":[{\"@type\":\"SearchAction\",\"target\":{\"@type\":\"EntryPoint\",\"urlTemplate\":\"https:\/\/kapitalis.com\/tunisie\/?s={search_term_string}\"},\"query-input\":{\"@type\":\"PropertyValueSpecification\",\"valueRequired\":true,\"valueName\":\"search_term_string\"}}],\"inLanguage\":\"fr-FR\"},{\"@type\":\"Organization\",\"@id\":\"https:\/\/kapitalis.com\/tunisie\/#organization\",\"name\":\"Kapitalis\",\"url\":\"https:\/\/kapitalis.com\/tunisie\/\",\"logo\":{\"@type\":\"ImageObject\",\"inLanguage\":\"fr-FR\",\"@id\":\"https:\/\/kapitalis.com\/tunisie\/#\/schema\/logo\/image\/\",\"url\":\"https:\/\/kapitalis.com\/tunisie\/wp-content\/uploads\/2022\/05\/Kapitalis-big-size.png\",\"contentUrl\":\"https:\/\/kapitalis.com\/tunisie\/wp-content\/uploads\/2022\/05\/Kapitalis-big-size.png\",\"width\":5000,\"height\":1500,\"caption\":\"Kapitalis\"},\"image\":{\"@id\":\"https:\/\/kapitalis.com\/tunisie\/#\/schema\/logo\/image\/\"},\"sameAs\":[\"https:\/\/www.facebook.com\/KapitalisInfo\/\",\"https:\/\/x.com\/KapitalisInfo\",\"https:\/\/www.youtube.com\/channel\/UC-yDYrHyfFBWWZaOw3FPg9Q\"]},{\"@type\":\"Person\",\"@id\":\"https:\/\/kapitalis.com\/tunisie\/#\/schema\/person\/d71f33a9ca44f7bad4698210b480c8e9\",\"name\":\"webmaster kapitalis\",\"url\":\"https:\/\/kapitalis.com\/tunisie\/author\/webmaster-kapitalis\/\"}]}<\/script>\n<!-- \/ Yoast SEO plugin. -->","yoast_head_json":{"title":"M\u00e9dias : La radio pirate Al-Quran Al-Karim nargue la Haica - Kapitalis","robots":{"index":"index","follow":"follow","max-snippet":"max-snippet:-1","max-image-preview":"max-image-preview:large","max-video-preview":"max-video-preview:-1"},"canonical":"https:\/\/kapitalis.com\/tunisie\/2015\/11\/27\/medias-la-radio-pirate-al-quran-al-karim-nargue-la-haica\/","og_locale":"fr_FR","og_type":"article","og_title":"M\u00e9dias : La radio pirate Al-Quran Al-Karim nargue la Haica - Kapitalis","og_description":"L&rsquo;imam extr\u00e9miste Sa\u00efd Jaziri. Ferm\u00e9e l\u2019\u00e9t\u00e9 dernier par la force publique, la radio Al-Quran Al-Karim a repris la diffusion des discours extr\u00e9mistes sur la Grand Tunis. \u00a0","og_url":"https:\/\/kapitalis.com\/tunisie\/2015\/11\/27\/medias-la-radio-pirate-al-quran-al-karim-nargue-la-haica\/","og_site_name":"Kapitalis","article_publisher":"https:\/\/www.facebook.com\/KapitalisInfo\/","article_published_time":"2015-11-27T10:01:06+00:00","article_modified_time":"2015-11-27T10:19:59+00:00","og_image":[{"width":1200,"height":630,"url":"https:\/\/kapitalis.com\/tunisie\/wp-content\/uploads\/2022\/05\/kapitalis-logo-fb.png","type":"image\/png"}],"author":"webmaster kapitalis","twitter_card":"summary_large_image","twitter_creator":"@KapitalisInfo","twitter_site":"@KapitalisInfo","twitter_misc":{"\u00c9crit par":"webmaster kapitalis","Dur\u00e9e de lecture estim\u00e9e":"2 minutes"},"schema":{"@context":"https:\/\/schema.org","@graph":[{"@type":"Article","@id":"https:\/\/kapitalis.com\/tunisie\/2015\/11\/27\/medias-la-radio-pirate-al-quran-al-karim-nargue-la-haica\/#article","isPartOf":{"@id":"https:\/\/kapitalis.com\/tunisie\/2015\/11\/27\/medias-la-radio-pirate-al-quran-al-karim-nargue-la-haica\/"},"author":{"name":"webmaster kapitalis","@id":"https:\/\/kapitalis.com\/tunisie\/#\/schema\/person\/d71f33a9ca44f7bad4698210b480c8e9"},"headline":"M\u00e9dias : La radio pirate Al-Quran Al-Karim nargue la Haica","datePublished":"2015-11-27T10:01:06+00:00","dateModified":"2015-11-27T10:19:59+00:00","mainEntityOfPage":{"@id":"https:\/\/kapitalis.com\/tunisie\/2015\/11\/27\/medias-la-radio-pirate-al-quran-al-karim-nargue-la-haica\/"},"wordCount":436,"commentCount":5,"publisher":{"@id":"https:\/\/kapitalis.com\/tunisie\/#organization"},"image":{"@id":"https:\/\/kapitalis.com\/tunisie\/2015\/11\/27\/medias-la-radio-pirate-al-quran-al-karim-nargue-la-haica\/#primaryimage"},"thumbnailUrl":"","keywords":["Canada","France","Haica","imam","Sa\u00efd Jaziri"],"articleSection":["MEDIA","Tunisie"],"inLanguage":"fr-FR","potentialAction":[{"@type":"CommentAction","name":"Comment","target":["https:\/\/kapitalis.com\/tunisie\/2015\/11\/27\/medias-la-radio-pirate-al-quran-al-karim-nargue-la-haica\/#respond"]}]},{"@type":"WebPage","@id":"https:\/\/kapitalis.com\/tunisie\/2015\/11\/27\/medias-la-radio-pirate-al-quran-al-karim-nargue-la-haica\/","url":"https:\/\/kapitalis.com\/tunisie\/2015\/11\/27\/medias-la-radio-pirate-al-quran-al-karim-nargue-la-haica\/","name":"M\u00e9dias : La radio pirate Al-Quran Al-Karim nargue la Haica - Kapitalis","isPartOf":{"@id":"https:\/\/kapitalis.com\/tunisie\/#website"},"primaryImageOfPage":{"@id":"https:\/\/kapitalis.com\/tunisie\/2015\/11\/27\/medias-la-radio-pirate-al-quran-al-karim-nargue-la-haica\/#primaryimage"},"image":{"@id":"https:\/\/kapitalis.com\/tunisie\/2015\/11\/27\/medias-la-radio-pirate-al-quran-al-karim-nargue-la-haica\/#primaryimage"},"thumbnailUrl":"","datePublished":"2015-11-27T10:01:06+00:00","dateModified":"2015-11-27T10:19:59+00:00","breadcrumb":{"@id":"https:\/\/kapitalis.com\/tunisie\/2015\/11\/27\/medias-la-radio-pirate-al-quran-al-karim-nargue-la-haica\/#breadcrumb"},"inLanguage":"fr-FR","potentialAction":[{"@type":"ReadAction","target":["https:\/\/kapitalis.com\/tunisie\/2015\/11\/27\/medias-la-radio-pirate-al-quran-al-karim-nargue-la-haica\/"]}]},{"@type":"ImageObject","inLanguage":"fr-FR","@id":"https:\/\/kapitalis.com\/tunisie\/2015\/11\/27\/medias-la-radio-pirate-al-quran-al-karim-nargue-la-haica\/#primaryimage","url":"","contentUrl":""},{"@type":"BreadcrumbList","@id":"https:\/\/kapitalis.com\/tunisie\/2015\/11\/27\/medias-la-radio-pirate-al-quran-al-karim-nargue-la-haica\/#breadcrumb","itemListElement":[{"@type":"ListItem","position":1,"name":"Accueil","item":"https:\/\/kapitalis.com\/tunisie\/"},{"@type":"ListItem","position":2,"name":"M\u00e9dias : La radio pirate Al-Quran Al-Karim nargue la Haica"}]},{"@type":"WebSite","@id":"https:\/\/kapitalis.com\/tunisie\/#website","url":"https:\/\/kapitalis.com\/tunisie\/","name":"Kapitalis","description":"L&#039;actualit\u00e9 en Tunisie et dans le monde","publisher":{"@id":"https:\/\/kapitalis.com\/tunisie\/#organization"},"potentialAction":[{"@type":"SearchAction","target":{"@type":"EntryPoint","urlTemplate":"https:\/\/kapitalis.com\/tunisie\/?s={search_term_string}"},"query-input":{"@type":"PropertyValueSpecification","valueRequired":true,"valueName":"search_term_string"}}],"inLanguage":"fr-FR"},{"@type":"Organization","@id":"https:\/\/kapitalis.com\/tunisie\/#organization","name":"Kapitalis","url":"https:\/\/kapitalis.com\/tunisie\/","logo":{"@type":"ImageObject","inLanguage":"fr-FR","@id":"https:\/\/kapitalis.com\/tunisie\/#\/schema\/logo\/image\/","url":"https:\/\/kapitalis.com\/tunisie\/wp-content\/uploads\/2022\/05\/Kapitalis-big-size.png","contentUrl":"https:\/\/kapitalis.com\/tunisie\/wp-content\/uploads\/2022\/05\/Kapitalis-big-size.png","width":5000,"height":1500,"caption":"Kapitalis"},"image":{"@id":"https:\/\/kapitalis.com\/tunisie\/#\/schema\/logo\/image\/"},"sameAs":["https:\/\/www.facebook.com\/KapitalisInfo\/","https:\/\/x.com\/KapitalisInfo","https:\/\/www.youtube.com\/channel\/UC-yDYrHyfFBWWZaOw3FPg9Q"]},{"@type":"Person","@id":"https:\/\/kapitalis.com\/tunisie\/#\/schema\/person\/d71f33a9ca44f7bad4698210b480c8e9","name":"webmaster kapitalis","url":"https:\/\/kapitalis.com\/tunisie\/author\/webmaster-kapitalis\/"}]}},"_links":{"self":[{"href":"https:\/\/kapitalis.com\/tunisie\/wp-json\/wp\/v2\/posts\/27592","targetHints":{"allow":["GET"]}}],"collection":[{"href":"https:\/\/kapitalis.com\/tunisie\/wp-json\/wp\/v2\/posts"}],"about":[{"href":"https:\/\/kapitalis.com\/tunisie\/wp-json\/wp\/v2\/types\/post"}],"author":[{"embeddable":true,"href":"https:\/\/kapitalis.com\/tunisie\/wp-json\/wp\/v2\/users\/8"}],"replies":[{"embeddable":true,"href":"https:\/\/kapitalis.com\/tunisie\/wp-json\/wp\/v2\/comments?post=27592"}],"version-history":[{"count":0,"href":"https:\/\/kapitalis.com\/tunisie\/wp-json\/wp\/v2\/posts\/27592\/revisions"}],"wp:featuredmedia":[{"embeddable":true,"href":"https:\/\/kapitalis.com\/tunisie\/wp-json\/wp\/v2\/media\/27593"}],"wp:attachment":[{"href":"https:\/\/kapitalis.com\/tunisie\/wp-json\/wp\/v2\/media?parent=27592"}],"wp:term":[{"taxonomy":"category","embeddable":true,"href":"https:\/\/kapitalis.com\/tunisie\/wp-json\/wp\/v2\/categories?post=27592"},{"taxonomy":"post_tag","embeddable":true,"href":"https:\/\/kapitalis.com\/tunisie\/wp-json\/wp\/v2\/tags?post=27592"}],"curies":[{"name":"wp","href":"https:\/\/api.w.org\/{rel}","templated":true}]}}