{"id":276290,"date":"2020-01-27T13:31:33","date_gmt":"2020-01-27T12:31:33","guid":{"rendered":"http:\/\/kapitalis.com\/tunisie\/?p=276290"},"modified":"2020-01-27T13:31:36","modified_gmt":"2020-01-27T12:31:36","slug":"france-algerie-memoires-incandescentes","status":"publish","type":"post","link":"https:\/\/kapitalis.com\/tunisie\/2020\/01\/27\/france-algerie-memoires-incandescentes\/","title":{"rendered":"France-Alg\u00e9rie : M\u00e9moires incandescentes"},"content":{"rendered":"\n<figure class=\"wp-block-image size-large\"><img decoding=\"async\" src=\"http:\/\/kapitalis.com\/tunisie\/wp-content\/uploads\/2020\/01\/Macron-France-Algerie.jpg\" alt=\"\" class=\"wp-image-276291\"\/><\/figure>\n\n\n\n<p> <strong><em>Pr\u00e8s de soixante ans apr\u00e8s la fin des combats, la guerre d\u2019Alg\u00e9rie continue \u00e0 hanter la m\u00e9moire fran\u00e7aise pour des raisons \u00e9thiques, mais aussi parce l\u2019ind\u00e9pendance est rest\u00e9e en travers de la gorge de ceux qui avaient jou\u00e9 leur sort aux d\u00e8s en misant sur leur attachement visc\u00e9ral \u00e0 \u00abl\u2019Alg\u00e9rie fran\u00e7aise\u00bb.<\/em><\/strong><\/p>\n\n\n\n<p> Par <strong>Hassen Zenati <\/strong><\/p>\n\n\n\n<!--more-->\n\n\n\n<div class=\"wp-block-image\"><figure class=\"alignleft size-large\"><img decoding=\"async\" src=\"http:\/\/kapitalis.com\/tunisie\/wp-content\/uploads\/2019\/11\/Hassen-Zenati-2.jpg\" alt=\"\" class=\"wp-image-253792\"\/><\/figure><\/div>\n\n\n\n<p> Le pr\u00e9sident fran\u00e7ais Emmanuel Macron a jet\u00e9 une poign\u00e9e d\u2019huile sur des braises en relan\u00e7ant le d\u00e9bat r\u00e9current sur les atrocit\u00e9s coloniales durant la Guerre d\u2019Alg\u00e9rie, qu\u2019il veut traiter, au plan m\u00e9moriel, comme son pr\u00e9d\u00e9cesseur Jacques Chirac avait trait\u00e9 la rafle du V\u00e9lodrome d\u2019Hiver (Vel d\u2019Hiv), le 12 juillet 1942, \u00e0 Paris, un \u00e9pisode fran\u00e7ais de l\u2019Holocauste, le g\u00e9nocide commis par l\u2019Allemagne nazie contre les juifs, durant la seconde guerre mondiale. <\/p>\n\n\n\n<p> Le 16 juillet 1995, Jacques Chirac avait en effet reconnu solennellement la responsabilit\u00e9 de la France dans la d\u00e9portation de juifs fran\u00e7ais et \u00e9trangers r\u00e9sidant en France. <em>\u00abCes heures noires souillent \u00e0 jamais notre Histoire et sont une injure \u00e0 notre pass\u00e9 et \u00e0 nos traditions. La France, patrie des lumi\u00e8res et des droits de l\u2019Homme, terre d\u2019accueil et d\u2019asile, la France, ce jour-l\u00e0, accomplissait l\u2019irr\u00e9parable. Oui, la folie criminelle de l\u2019occupant a \u00e9t\u00e9 second\u00e9e par des Fran\u00e7ais, par l\u2019Etat fran\u00e7ais\u00bb<\/em>, avait-il proclam\u00e9.<br> Jusque-l\u00e0, du g\u00e9n\u00e9ral Charles de Gaulle \u00e0 Fran\u00e7ois Mitterrand, la doxa officielle \u00e9tait que la R\u00e9publique fran\u00e7aise ne pouvait pas \u00eatre tenue pour responsable de ce qui avait \u00e9t\u00e9 accompli par l\u2019Etat fran\u00e7ais institu\u00e9 par le Mar\u00e9chal Philippe P\u00e9tain, sur les d\u00e9combres de la R\u00e9publique, apr\u00e8s la d\u00e9faite de 1940 contre les arm\u00e9es nazies. <em>\u00abJe ne ferai pas d\u2019excuses au nom de la France. La R\u00e9publique n\u2019a rien \u00e0 voir avec \u00e7a. J\u2019estime que la France n\u2019est pas responsable\u00bb<\/em>, avait ainsi affirm\u00e9 l\u2019ancien pr\u00e9sident socialiste en 1994.<\/p>\n\n\n\n<h3 class=\"wp-block-heading\"> Macron cherche \u00e0 enjamber le conflit m\u00e9moriel<\/h3>\n\n\n\n<p> Emmanuel Macron, N\u00e9 en 1977, qui appartient \u00e0 une g\u00e9n\u00e9ration qui n\u2019a connu ni la seconde guerre mondiale (1940-45), ni la guerre d\u2019Alg\u00e9rie (1954-62), affiche depuis son accession au pouvoir sa volont\u00e9 d\u2019enjamber le conflit m\u00e9moriel qui oppose la France \u00e0 l\u2019Alg\u00e9rie.<em> \u00abJe suis tr\u00e8s lucide sur les d\u00e9fis que j\u2019ai devant moi d\u2019un point de vue m\u00e9moriel et qui sont politiques. La guerre d\u2019Alg\u00e9rie, sans doute, est le plus dramatique d\u2019entre eux\u00bb<\/em>, a-t-il affirm\u00e9, vendredi dernier, 24 d\u00e9cembre 2020, \u00e0 des journalistes qui l\u2019accompagnaient dans son voyage en Isra\u00ebl.<\/p>\n\n\n\n<p> Longtemps occult\u00e9e, la Guerre d\u2019Alg\u00e9rie n\u2019\u00e9tait d\u00e9sign\u00e9 pendant des d\u00e9cennies, dans la langue de bois officielle, que sous le qualificatif d\u2019<em>\u00ab\u00e9v\u00e9nements d\u2019Alg\u00e9rie\u00bb<\/em>, partant de la fiction que l\u2019Alg\u00e9rie \u00e9tant une <em>\u00abterre fran\u00e7aise\u00bb<\/em> depuis plus d\u2019un si\u00e8cle, il ne pouvait y avoir de guerre d\u00e9clar\u00e9e par l\u2019Etat fran\u00e7ais sur son propre territoire, mais seulement des op\u00e9rations de maintien de l\u2019ordre. La torture inflig\u00e9e aux combattants alg\u00e9riens de la lib\u00e9ration, notamment  pendant la Bataille d\u2019Alger (1957), d\u00e9nonc\u00e9e et condamn\u00e9e d\u00e8s sa mise en \u0153uvre par des intellectuels de gauche comme de droite en France, a subi elle aussi un long d\u00e9ni officiel. Ce n\u2019est qu\u2019en novembre 2000, que le g\u00e9n\u00e9ral Aussaresses, un pied d\u00e9j\u00e0 dans la tombe, peut-\u00eatre pour soulager enfin sa conscience, reconnaissait, sans formuler <em>\u00abaucun regret\u00bb<\/em>, avoir exerc\u00e9 la torture, sous l\u2019autorit\u00e9 du g\u00e9n\u00e9ral Massu, en pleine connaissance des autorit\u00e9s civiles d\u2019Alger.<\/p>\n\n\n\n<h3 class=\"wp-block-heading\"> Macron honore la m\u00e9moire du supplici\u00e9 Maurice Audin<\/h3>\n\n\n\n<p> Le cas de Maurice Audin, jeune doctorant en math\u00e9matiques de l\u2019Universit\u00e9 d\u2019Alger, natif de B\u00e9ja, en Tunisie, est embl\u00e9matique. Sympathisant actif du Front de lib\u00e9ration nationale (FLN), il avait \u00e9t\u00e9 arr\u00eat\u00e9 de nuit en juin 1957, \u00e0 son domicile au centre d\u2019Alger, en pr\u00e9sence de son \u00e9pouse et de ses jeunes enfants. Il a disparu sans jamais donner de nouvelles. Il a fallu attendre les aveux du g\u00e9n\u00e9ral Aussaresses en 2001, pour apprendre qu\u2019il avait \u00e9t\u00e9 ex\u00e9cut\u00e9 apr\u00e8s avoir \u00e9t\u00e9 tortur\u00e9, alors que la version officielle \u00e9tait qu\u2019il s\u2019\u00e9tait \u00e9vad\u00e9 pendant son transfert et que les autorit\u00e9s ne savaient rien de ce qui lui \u00e9tait advenu. Emmanuel Macron d\u00e9cidera des ann\u00e9es plus tard, en septembre 2018, qu\u2019il s\u2019agissait d\u2019un <em>\u00abcrime d\u2019Etat\u00bb<\/em>, et d\u2019honorer la m\u00e9moire du supplici\u00e9, en se rendant aupr\u00e8s de son \u00e9pouse. Celle-ci quittera la vie quelques mois apr\u00e8s, en janvier 2019, \u00e0 l\u2019issue d\u2019un combat \u00e9puisant pour la v\u00e9rit\u00e9 de soixante un ans. Une place du centre d\u2019Alger est baptis\u00e9e depuis l\u2019ind\u00e9pendance du nom de Maurice Audin, en reconnaissance de son sacrifice.<\/p>\n\n\n\n<p> En revanche, Larbi Ben M\u2019Hidi, un des neuf <em>\u00abhistoriques\u00bb<\/em>, qui avaient d\u00e9clench\u00e9 la guerre de lib\u00e9ration, est toujours consid\u00e9r\u00e9 officiellement en France comme s\u2019\u00e9tant donn\u00e9 la mort par suicide, malgr\u00e9 la reconnaissance par les g\u00e9n\u00e9raux Aussaresses et Bigeard, deux acteurs principaux de la Bataille d\u2019Alger, qu\u2019il avait bien \u00e9t\u00e9 <em>\u00absuicid\u00e9\u00bb<\/em> par pendaison en mars 1957, sur ordre militaire, apr\u00e8s avoir refus\u00e9 de parler sous la torture. Sa s\u0153ur Drifa Ben M\u2019Hidi a \u00e9crit en vain \u00e0 Emmanuel Macron pour lui demander de reconna\u00eetre ce crime d\u2019Etat, en faisant preuve du m\u00eame courage que pour Maurice Audin. Il en est de m\u00eame de l\u2019avocat Ali Boumendjel, dont l\u2019ex\u00e9cution sous la torture a \u00e9t\u00e9 \u00e9galement maquill\u00e9e en <em>\u00absuicide\u00bb, sans parler de la multitude de militants envoy\u00e9s \u00e0 la \u00abcorv\u00e9e de bois\u00bb, <\/em>un euph\u00e9misme qui cachait sous le pouvoir militaire les ex\u00e9cutions extra-judiciaires.<\/p>\n\n\n\n<h3 class=\"wp-block-heading\"> Les tergiversations des responsables fran\u00e7ais<\/h3>\n\n\n\n<p> Lorsque Jacques Chirac fit un premier pas timide vers la condamnation du colonialisme en affirmant en octobre 2001, que les conqu\u00e9rants et les colonisateurs <em>\u00abcherchaient \u00e0 imposer par la force &#8212; force des armes ou pressions de toutes natures &#8212; en parfaite bonne conscience, des croyances et des syst\u00e8mes de pens\u00e9e \u00e9trangers aux peuples colonis\u00e9s<\/em>\u00bb, son discours fut accueilli par un toll\u00e9 g\u00e9n\u00e9ral des ultras, nostalgiques de l\u2019Empire. Il fut oblig\u00e9 \u00e0 r\u00e9trop\u00e9daler en promulguant, en 2005, une loi vantant les <em>\u00abbienfaits\u00bb<\/em> de la colonisation, ce qui ne fut pas non plus du go\u00fbt des anticolonialistes visc\u00e9raux.<\/p>\n\n\n\n<p> Emmanuel Macron tenta d\u2019approcher la question sans d\u00e9tours, peu avant son \u00e9lection, en qualifiant la colonisation d\u2019<em>\u00abacte de barbarie\u00bb<\/em>, qu\u2019il a <em>\u00abtoujours condamn\u00e9\u00bb,<\/em> dit-il, et<em> \u00abun crime contre l\u2019humanit\u00e9<\/em>\u00bb. Il fut \u00e0 son tour oblig\u00e9 de revenir en arri\u00e8re, \u00e0 nouveau sous la pression des ultras aux aguets, et de nuancer ses propos : <em>\u00abEn Alg\u00e9rie, il y a eu des \u00e9l\u00e9ments de civilisation et des \u00e9l\u00e9ments de barbarie\u00bb,<\/em> s\u2019est-il repris. Sans apaiser ses contradicteurs, ni m\u00eame les d\u00e9crisper, tout en estimant cependant les avoir ainsi <em>\u00abramen\u00e9 dans une capacit\u00e9 \u00e0 dialoguer\u00bb. <\/em><\/p>\n\n\n\n<p> La pol\u00e9mique est repartie de plus belle, la semaine derni\u00e8re, lorsque, risque calcul\u00e9 ou pas de clerc, soucieux de \u00abrevisiter la m\u00e9moire\u00bb<em> de la Guerre d\u2019Alg\u00e9rie, il a fait un rapprochemen<\/em>t entre celle-ci et la Shoah, en mettant ses pas dans ceux de Jacques Chirac. Au terme d\u2019un travail m\u00e9moriel qu\u2019il entend entreprendre, le sujet de la Guerre d\u2019Alg\u00e9rie aura, selon lui, <em>\u00ab\u00e0 peu pr\u00e8s le m\u00eame statut que celui qu\u2019avait la Shoah pour Chirac en 1995\u00bb.<\/em> Il a \u00e9t\u00e9 imm\u00e9diatement harponn\u00e9 par l\u2019essayiste et historien Jean S\u00e9villia, auteur du livre : <em>\u2018\u2018Les V\u00e9rit\u00e9s cach\u00e9es de la guerre d&rsquo;Alg\u00e9rie\u2019\u2019<\/em>, dans lequel il d\u00e9nonce <em>\u00ables travers de l\u2019historiquement correct\u00bb<\/em>, farouchement attach\u00e9 aux <em>\u00abracines chr\u00e9tiennes de la France<\/em>\u00bb, versant tant\u00f4t dans l\u2019islamophobie, qui a estim\u00e9 que <em>\u00able simple \u00e9nonc\u00e9 de cette id\u00e9e est obsc\u00e8ne\u00bb<\/em>. D\u2019autre que lui, surtout \u00e0 droite de l\u2019\u00e9chiquier politique, comme Marine Le Pen, pr\u00e9sidente du Rassemblement Nationale, ou Bruno Retailleau, chef de file de Les R\u00e9publicains, ont utilis\u00e9 la m\u00eame \u00e9pith\u00e8te. <em>\u00abIl est quand m\u00eame effarant d\u2019entendre le chef de l\u2019\u00c9tat \u00e9voquer sur le mode improvis\u00e9 des \u00e9v\u00e9nements historiques majeurs et aussi lourds dans la m\u00e9moire nationale que la Shoah ou la Guerre d\u2019Alg\u00e9rie en utilisant des expressions qui sont de la nitroglyc\u00e9rine politique, mais en donnant l\u2019impression qu\u2019il n\u2019a pas envisag\u00e9 ou mesur\u00e9 leurs cons\u00e9quences\u00bb,<\/em> a affirm\u00e9 Jean S\u00e9villia dans un entretien au <em>\u2018\u2018Figaro\u2019\u2019<\/em>, proche des Pieds-Noirs et traditionnellement hostile \u00e0 tout rapprochement des m\u00e9moires sur la guerre d\u2019Alg\u00e9rie, de crainte de d\u00e9boucher sur une repentance. <\/p>\n\n\n\n<h3 class=\"wp-block-heading\"> La rente m\u00e9morielle des lobbys politiques <\/h3>\n\n\n\n<p>  <em>\u00abAffirmer que la guerre d\u2019Alg\u00e9rie pourrait avoir \u2018\u2018\u00e0 peu pr\u00e8s le m\u00eame statut que celui qu\u2019avait la Shoah pour Chirac en 1995\u2019\u2019 semble annoncer une reconnaissance de culpabilit\u00e9 de la France dans la guerre d\u2019Alg\u00e9rie, ce \u00e0 quoi se sont oppos\u00e9s tous les pr\u00e9sidents qui ont pr\u00e9c\u00e9d\u00e9 Emmanuel Macron, quoi qu\u2019on en pense\u00bb<\/em>, a dit aussi l\u2019historien, consid\u00e9rant que <em>\u00abc\u2019est de la folie sur tous les plans : historique, politique et diplomatique\u00bb. <\/em><\/p>\n\n\n\n<p> Pour Jean S\u00e9villia, il n\u2019est pas question que ce rapprochement conduise \u00e0 faire perdre \u00e0 la Shoah sa <em>\u00absingularit\u00e9\u00bb<\/em> face \u00e0 un conflit, la Guerre d\u2019Alg\u00e9rie, qui appara\u00eet somme toute mineur \u00e0 ses yeux. D\u00e9j\u00e0, les d\u00e9fenseurs de la <em>\u00absingularit\u00e9\u00bb <\/em>de la Shoah s\u2019\u00e9taient indign\u00e9s lorsque le Parlement fran\u00e7ais avait reconnu le \u00abg\u00e9nocide\u00bb arm\u00e9nien de 1915. <\/p>\n\n\n\n<p> Dans ces batailles \u00e0 contre-courant, l\u2019historien Benjamin Stora voit un <em>\u00abjeu des lobbys politiques qui en ont fait une rente m\u00e9morielle\u00bb.<\/em> D\u00e9plorant l\u2019absence de proc\u00e8s du fait des amnisties successive en faveur des principaux acteurs de la guerre alg\u00e9rienne, il plaide pour une <em>\u00abr\u00e9conciliation des m\u00e9moires\u00bb<\/em>, ce qui, selon lui,<em> \u00abn\u2019est pas qu\u2019un enjeu m\u00e9moriel, mais une n\u00e9cessit\u00e9 historique\u00bb.<\/em> Mais, selon les sondages, les Fran\u00e7ais restent en grande majorit\u00e9 hostiles \u00e0 un acte de repentance officiel sur la guerre d\u2019Alg\u00e9rie.<\/p>\n","protected":false},"excerpt":{"rendered":"<p>Pr\u00e8s de soixante ans apr\u00e8s la fin des combats, la guerre d\u2019Alg\u00e9rie continue \u00e0 hanter la m\u00e9moire fran\u00e7aise pour des raisons \u00e9thiques, mais aussi parce l\u2019ind\u00e9pendance est rest\u00e9e en travers de la gorge de ceux qui avaient jou\u00e9 leur sort aux d\u00e8s en misant sur leur attachement visc\u00e9ral \u00e0 \u00abl\u2019Alg\u00e9rie fran\u00e7aise\u00bb. Par Hassen Zenati<\/p>\n","protected":false},"author":8,"featured_media":276291,"comment_status":"open","ping_status":"open","sticky":false,"template":"","format":"standard","meta":{"footnotes":""},"categories":[992,997],"tags":[64,19579,395,65569],"class_list":["post-276290","post","type-post","status-publish","format-standard","has-post-thumbnail","hentry","category-a-la-une","category-politique","tag-algerie","tag-emmanuel-macron","tag-france","tag-jacques-chirac"],"yoast_head":"<!-- This site is optimized with the Yoast SEO plugin v26.6 - https:\/\/yoast.com\/wordpress\/plugins\/seo\/ -->\n<title>France-Alg\u00e9rie : M\u00e9moires incandescentes - Kapitalis<\/title>\n<meta name=\"robots\" content=\"index, follow, max-snippet:-1, max-image-preview:large, max-video-preview:-1\" \/>\n<link rel=\"canonical\" href=\"https:\/\/kapitalis.com\/tunisie\/2020\/01\/27\/france-algerie-memoires-incandescentes\/\" \/>\n<meta property=\"og:locale\" content=\"fr_FR\" \/>\n<meta property=\"og:type\" content=\"article\" \/>\n<meta property=\"og:title\" content=\"France-Alg\u00e9rie : M\u00e9moires incandescentes - Kapitalis\" \/>\n<meta property=\"og:description\" content=\"Pr\u00e8s de soixante ans apr\u00e8s la fin des combats, la guerre d\u2019Alg\u00e9rie continue \u00e0 hanter la m\u00e9moire fran\u00e7aise pour des raisons \u00e9thiques, mais aussi parce l\u2019ind\u00e9pendance est rest\u00e9e en travers de la gorge de ceux qui avaient jou\u00e9 leur sort aux d\u00e8s en misant sur leur attachement visc\u00e9ral \u00e0 \u00abl\u2019Alg\u00e9rie fran\u00e7aise\u00bb. Par Hassen Zenati\" \/>\n<meta property=\"og:url\" content=\"https:\/\/kapitalis.com\/tunisie\/2020\/01\/27\/france-algerie-memoires-incandescentes\/\" \/>\n<meta property=\"og:site_name\" content=\"Kapitalis\" \/>\n<meta property=\"article:publisher\" content=\"https:\/\/www.facebook.com\/KapitalisInfo\/\" \/>\n<meta property=\"article:published_time\" content=\"2020-01-27T12:31:33+00:00\" \/>\n<meta property=\"article:modified_time\" content=\"2020-01-27T12:31:36+00:00\" \/>\n<meta property=\"og:image\" content=\"https:\/\/kapitalis.com\/tunisie\/wp-content\/uploads\/2022\/05\/kapitalis-logo-fb.png\" \/>\n\t<meta property=\"og:image:width\" content=\"1200\" \/>\n\t<meta property=\"og:image:height\" content=\"630\" \/>\n\t<meta property=\"og:image:type\" content=\"image\/png\" \/>\n<meta name=\"author\" content=\"webmaster kapitalis\" \/>\n<meta name=\"twitter:card\" content=\"summary_large_image\" \/>\n<meta name=\"twitter:creator\" content=\"@KapitalisInfo\" \/>\n<meta name=\"twitter:site\" content=\"@KapitalisInfo\" \/>\n<meta name=\"twitter:label1\" content=\"\u00c9crit par\" \/>\n\t<meta name=\"twitter:data1\" content=\"webmaster kapitalis\" \/>\n\t<meta name=\"twitter:label2\" content=\"Dur\u00e9e de lecture estim\u00e9e\" \/>\n\t<meta name=\"twitter:data2\" content=\"9 minutes\" \/>\n<script type=\"application\/ld+json\" class=\"yoast-schema-graph\">{\"@context\":\"https:\/\/schema.org\",\"@graph\":[{\"@type\":\"Article\",\"@id\":\"https:\/\/kapitalis.com\/tunisie\/2020\/01\/27\/france-algerie-memoires-incandescentes\/#article\",\"isPartOf\":{\"@id\":\"https:\/\/kapitalis.com\/tunisie\/2020\/01\/27\/france-algerie-memoires-incandescentes\/\"},\"author\":{\"name\":\"webmaster kapitalis\",\"@id\":\"https:\/\/kapitalis.com\/tunisie\/#\/schema\/person\/d71f33a9ca44f7bad4698210b480c8e9\"},\"headline\":\"France-Alg\u00e9rie : M\u00e9moires incandescentes\",\"datePublished\":\"2020-01-27T12:31:33+00:00\",\"dateModified\":\"2020-01-27T12:31:36+00:00\",\"mainEntityOfPage\":{\"@id\":\"https:\/\/kapitalis.com\/tunisie\/2020\/01\/27\/france-algerie-memoires-incandescentes\/\"},\"wordCount\":1771,\"commentCount\":3,\"publisher\":{\"@id\":\"https:\/\/kapitalis.com\/tunisie\/#organization\"},\"image\":{\"@id\":\"https:\/\/kapitalis.com\/tunisie\/2020\/01\/27\/france-algerie-memoires-incandescentes\/#primaryimage\"},\"thumbnailUrl\":\"\",\"keywords\":[\"Alg\u00e9rie\",\"Emmanuel Macron\",\"France\",\"Jacques Chirac\"],\"articleSection\":[\"A LA UNE\",\"POLITIQUE\"],\"inLanguage\":\"fr-FR\",\"potentialAction\":[{\"@type\":\"CommentAction\",\"name\":\"Comment\",\"target\":[\"https:\/\/kapitalis.com\/tunisie\/2020\/01\/27\/france-algerie-memoires-incandescentes\/#respond\"]}]},{\"@type\":\"WebPage\",\"@id\":\"https:\/\/kapitalis.com\/tunisie\/2020\/01\/27\/france-algerie-memoires-incandescentes\/\",\"url\":\"https:\/\/kapitalis.com\/tunisie\/2020\/01\/27\/france-algerie-memoires-incandescentes\/\",\"name\":\"France-Alg\u00e9rie : M\u00e9moires incandescentes - Kapitalis\",\"isPartOf\":{\"@id\":\"https:\/\/kapitalis.com\/tunisie\/#website\"},\"primaryImageOfPage\":{\"@id\":\"https:\/\/kapitalis.com\/tunisie\/2020\/01\/27\/france-algerie-memoires-incandescentes\/#primaryimage\"},\"image\":{\"@id\":\"https:\/\/kapitalis.com\/tunisie\/2020\/01\/27\/france-algerie-memoires-incandescentes\/#primaryimage\"},\"thumbnailUrl\":\"\",\"datePublished\":\"2020-01-27T12:31:33+00:00\",\"dateModified\":\"2020-01-27T12:31:36+00:00\",\"breadcrumb\":{\"@id\":\"https:\/\/kapitalis.com\/tunisie\/2020\/01\/27\/france-algerie-memoires-incandescentes\/#breadcrumb\"},\"inLanguage\":\"fr-FR\",\"potentialAction\":[{\"@type\":\"ReadAction\",\"target\":[\"https:\/\/kapitalis.com\/tunisie\/2020\/01\/27\/france-algerie-memoires-incandescentes\/\"]}]},{\"@type\":\"ImageObject\",\"inLanguage\":\"fr-FR\",\"@id\":\"https:\/\/kapitalis.com\/tunisie\/2020\/01\/27\/france-algerie-memoires-incandescentes\/#primaryimage\",\"url\":\"\",\"contentUrl\":\"\"},{\"@type\":\"BreadcrumbList\",\"@id\":\"https:\/\/kapitalis.com\/tunisie\/2020\/01\/27\/france-algerie-memoires-incandescentes\/#breadcrumb\",\"itemListElement\":[{\"@type\":\"ListItem\",\"position\":1,\"name\":\"Accueil\",\"item\":\"https:\/\/kapitalis.com\/tunisie\/\"},{\"@type\":\"ListItem\",\"position\":2,\"name\":\"France-Alg\u00e9rie : M\u00e9moires incandescentes\"}]},{\"@type\":\"WebSite\",\"@id\":\"https:\/\/kapitalis.com\/tunisie\/#website\",\"url\":\"https:\/\/kapitalis.com\/tunisie\/\",\"name\":\"Kapitalis\",\"description\":\"L&#039;actualit\u00e9 en Tunisie et dans le monde\",\"publisher\":{\"@id\":\"https:\/\/kapitalis.com\/tunisie\/#organization\"},\"potentialAction\":[{\"@type\":\"SearchAction\",\"target\":{\"@type\":\"EntryPoint\",\"urlTemplate\":\"https:\/\/kapitalis.com\/tunisie\/?s={search_term_string}\"},\"query-input\":{\"@type\":\"PropertyValueSpecification\",\"valueRequired\":true,\"valueName\":\"search_term_string\"}}],\"inLanguage\":\"fr-FR\"},{\"@type\":\"Organization\",\"@id\":\"https:\/\/kapitalis.com\/tunisie\/#organization\",\"name\":\"Kapitalis\",\"url\":\"https:\/\/kapitalis.com\/tunisie\/\",\"logo\":{\"@type\":\"ImageObject\",\"inLanguage\":\"fr-FR\",\"@id\":\"https:\/\/kapitalis.com\/tunisie\/#\/schema\/logo\/image\/\",\"url\":\"https:\/\/kapitalis.com\/tunisie\/wp-content\/uploads\/2022\/05\/Kapitalis-big-size.png\",\"contentUrl\":\"https:\/\/kapitalis.com\/tunisie\/wp-content\/uploads\/2022\/05\/Kapitalis-big-size.png\",\"width\":5000,\"height\":1500,\"caption\":\"Kapitalis\"},\"image\":{\"@id\":\"https:\/\/kapitalis.com\/tunisie\/#\/schema\/logo\/image\/\"},\"sameAs\":[\"https:\/\/www.facebook.com\/KapitalisInfo\/\",\"https:\/\/x.com\/KapitalisInfo\",\"https:\/\/www.youtube.com\/channel\/UC-yDYrHyfFBWWZaOw3FPg9Q\"]},{\"@type\":\"Person\",\"@id\":\"https:\/\/kapitalis.com\/tunisie\/#\/schema\/person\/d71f33a9ca44f7bad4698210b480c8e9\",\"name\":\"webmaster kapitalis\",\"url\":\"https:\/\/kapitalis.com\/tunisie\/author\/webmaster-kapitalis\/\"}]}<\/script>\n<!-- \/ Yoast SEO plugin. -->","yoast_head_json":{"title":"France-Alg\u00e9rie : M\u00e9moires incandescentes - Kapitalis","robots":{"index":"index","follow":"follow","max-snippet":"max-snippet:-1","max-image-preview":"max-image-preview:large","max-video-preview":"max-video-preview:-1"},"canonical":"https:\/\/kapitalis.com\/tunisie\/2020\/01\/27\/france-algerie-memoires-incandescentes\/","og_locale":"fr_FR","og_type":"article","og_title":"France-Alg\u00e9rie : M\u00e9moires incandescentes - Kapitalis","og_description":"Pr\u00e8s de soixante ans apr\u00e8s la fin des combats, la guerre d\u2019Alg\u00e9rie continue \u00e0 hanter la m\u00e9moire fran\u00e7aise pour des raisons \u00e9thiques, mais aussi parce l\u2019ind\u00e9pendance est rest\u00e9e en travers de la gorge de ceux qui avaient jou\u00e9 leur sort aux d\u00e8s en misant sur leur attachement visc\u00e9ral \u00e0 \u00abl\u2019Alg\u00e9rie fran\u00e7aise\u00bb. Par Hassen Zenati","og_url":"https:\/\/kapitalis.com\/tunisie\/2020\/01\/27\/france-algerie-memoires-incandescentes\/","og_site_name":"Kapitalis","article_publisher":"https:\/\/www.facebook.com\/KapitalisInfo\/","article_published_time":"2020-01-27T12:31:33+00:00","article_modified_time":"2020-01-27T12:31:36+00:00","og_image":[{"width":1200,"height":630,"url":"https:\/\/kapitalis.com\/tunisie\/wp-content\/uploads\/2022\/05\/kapitalis-logo-fb.png","type":"image\/png"}],"author":"webmaster kapitalis","twitter_card":"summary_large_image","twitter_creator":"@KapitalisInfo","twitter_site":"@KapitalisInfo","twitter_misc":{"\u00c9crit par":"webmaster kapitalis","Dur\u00e9e de lecture estim\u00e9e":"9 minutes"},"schema":{"@context":"https:\/\/schema.org","@graph":[{"@type":"Article","@id":"https:\/\/kapitalis.com\/tunisie\/2020\/01\/27\/france-algerie-memoires-incandescentes\/#article","isPartOf":{"@id":"https:\/\/kapitalis.com\/tunisie\/2020\/01\/27\/france-algerie-memoires-incandescentes\/"},"author":{"name":"webmaster kapitalis","@id":"https:\/\/kapitalis.com\/tunisie\/#\/schema\/person\/d71f33a9ca44f7bad4698210b480c8e9"},"headline":"France-Alg\u00e9rie : M\u00e9moires incandescentes","datePublished":"2020-01-27T12:31:33+00:00","dateModified":"2020-01-27T12:31:36+00:00","mainEntityOfPage":{"@id":"https:\/\/kapitalis.com\/tunisie\/2020\/01\/27\/france-algerie-memoires-incandescentes\/"},"wordCount":1771,"commentCount":3,"publisher":{"@id":"https:\/\/kapitalis.com\/tunisie\/#organization"},"image":{"@id":"https:\/\/kapitalis.com\/tunisie\/2020\/01\/27\/france-algerie-memoires-incandescentes\/#primaryimage"},"thumbnailUrl":"","keywords":["Alg\u00e9rie","Emmanuel Macron","France","Jacques Chirac"],"articleSection":["A LA UNE","POLITIQUE"],"inLanguage":"fr-FR","potentialAction":[{"@type":"CommentAction","name":"Comment","target":["https:\/\/kapitalis.com\/tunisie\/2020\/01\/27\/france-algerie-memoires-incandescentes\/#respond"]}]},{"@type":"WebPage","@id":"https:\/\/kapitalis.com\/tunisie\/2020\/01\/27\/france-algerie-memoires-incandescentes\/","url":"https:\/\/kapitalis.com\/tunisie\/2020\/01\/27\/france-algerie-memoires-incandescentes\/","name":"France-Alg\u00e9rie : M\u00e9moires incandescentes - Kapitalis","isPartOf":{"@id":"https:\/\/kapitalis.com\/tunisie\/#website"},"primaryImageOfPage":{"@id":"https:\/\/kapitalis.com\/tunisie\/2020\/01\/27\/france-algerie-memoires-incandescentes\/#primaryimage"},"image":{"@id":"https:\/\/kapitalis.com\/tunisie\/2020\/01\/27\/france-algerie-memoires-incandescentes\/#primaryimage"},"thumbnailUrl":"","datePublished":"2020-01-27T12:31:33+00:00","dateModified":"2020-01-27T12:31:36+00:00","breadcrumb":{"@id":"https:\/\/kapitalis.com\/tunisie\/2020\/01\/27\/france-algerie-memoires-incandescentes\/#breadcrumb"},"inLanguage":"fr-FR","potentialAction":[{"@type":"ReadAction","target":["https:\/\/kapitalis.com\/tunisie\/2020\/01\/27\/france-algerie-memoires-incandescentes\/"]}]},{"@type":"ImageObject","inLanguage":"fr-FR","@id":"https:\/\/kapitalis.com\/tunisie\/2020\/01\/27\/france-algerie-memoires-incandescentes\/#primaryimage","url":"","contentUrl":""},{"@type":"BreadcrumbList","@id":"https:\/\/kapitalis.com\/tunisie\/2020\/01\/27\/france-algerie-memoires-incandescentes\/#breadcrumb","itemListElement":[{"@type":"ListItem","position":1,"name":"Accueil","item":"https:\/\/kapitalis.com\/tunisie\/"},{"@type":"ListItem","position":2,"name":"France-Alg\u00e9rie : M\u00e9moires incandescentes"}]},{"@type":"WebSite","@id":"https:\/\/kapitalis.com\/tunisie\/#website","url":"https:\/\/kapitalis.com\/tunisie\/","name":"Kapitalis","description":"L&#039;actualit\u00e9 en Tunisie et dans le monde","publisher":{"@id":"https:\/\/kapitalis.com\/tunisie\/#organization"},"potentialAction":[{"@type":"SearchAction","target":{"@type":"EntryPoint","urlTemplate":"https:\/\/kapitalis.com\/tunisie\/?s={search_term_string}"},"query-input":{"@type":"PropertyValueSpecification","valueRequired":true,"valueName":"search_term_string"}}],"inLanguage":"fr-FR"},{"@type":"Organization","@id":"https:\/\/kapitalis.com\/tunisie\/#organization","name":"Kapitalis","url":"https:\/\/kapitalis.com\/tunisie\/","logo":{"@type":"ImageObject","inLanguage":"fr-FR","@id":"https:\/\/kapitalis.com\/tunisie\/#\/schema\/logo\/image\/","url":"https:\/\/kapitalis.com\/tunisie\/wp-content\/uploads\/2022\/05\/Kapitalis-big-size.png","contentUrl":"https:\/\/kapitalis.com\/tunisie\/wp-content\/uploads\/2022\/05\/Kapitalis-big-size.png","width":5000,"height":1500,"caption":"Kapitalis"},"image":{"@id":"https:\/\/kapitalis.com\/tunisie\/#\/schema\/logo\/image\/"},"sameAs":["https:\/\/www.facebook.com\/KapitalisInfo\/","https:\/\/x.com\/KapitalisInfo","https:\/\/www.youtube.com\/channel\/UC-yDYrHyfFBWWZaOw3FPg9Q"]},{"@type":"Person","@id":"https:\/\/kapitalis.com\/tunisie\/#\/schema\/person\/d71f33a9ca44f7bad4698210b480c8e9","name":"webmaster kapitalis","url":"https:\/\/kapitalis.com\/tunisie\/author\/webmaster-kapitalis\/"}]}},"_links":{"self":[{"href":"https:\/\/kapitalis.com\/tunisie\/wp-json\/wp\/v2\/posts\/276290","targetHints":{"allow":["GET"]}}],"collection":[{"href":"https:\/\/kapitalis.com\/tunisie\/wp-json\/wp\/v2\/posts"}],"about":[{"href":"https:\/\/kapitalis.com\/tunisie\/wp-json\/wp\/v2\/types\/post"}],"author":[{"embeddable":true,"href":"https:\/\/kapitalis.com\/tunisie\/wp-json\/wp\/v2\/users\/8"}],"replies":[{"embeddable":true,"href":"https:\/\/kapitalis.com\/tunisie\/wp-json\/wp\/v2\/comments?post=276290"}],"version-history":[{"count":0,"href":"https:\/\/kapitalis.com\/tunisie\/wp-json\/wp\/v2\/posts\/276290\/revisions"}],"wp:featuredmedia":[{"embeddable":true,"href":"https:\/\/kapitalis.com\/tunisie\/wp-json\/wp\/v2\/media\/276291"}],"wp:attachment":[{"href":"https:\/\/kapitalis.com\/tunisie\/wp-json\/wp\/v2\/media?parent=276290"}],"wp:term":[{"taxonomy":"category","embeddable":true,"href":"https:\/\/kapitalis.com\/tunisie\/wp-json\/wp\/v2\/categories?post=276290"},{"taxonomy":"post_tag","embeddable":true,"href":"https:\/\/kapitalis.com\/tunisie\/wp-json\/wp\/v2\/tags?post=276290"}],"curies":[{"name":"wp","href":"https:\/\/api.w.org\/{rel}","templated":true}]}}