{"id":276390,"date":"2020-01-27T17:32:20","date_gmt":"2020-01-27T16:32:20","guid":{"rendered":"http:\/\/kapitalis.com\/tunisie\/?p=276390"},"modified":"2020-01-27T17:56:29","modified_gmt":"2020-01-27T16:56:29","slug":"les-natech-days-les-21-et-22-fevrier-2020-a-sfax","status":"publish","type":"post","link":"https:\/\/kapitalis.com\/tunisie\/2020\/01\/27\/les-natech-days-les-21-et-22-fevrier-2020-a-sfax\/","title":{"rendered":"Les Natech Days, les 21 et 22 f\u00e9vrier 2020, \u00e0 Sfax"},"content":{"rendered":"\n<figure class=\"wp-block-image size-large\"><img decoding=\"async\" src=\"http:\/\/kapitalis.com\/tunisie\/wp-content\/uploads\/2020\/01\/Natech-Days.jpg\" alt=\"\" class=\"wp-image-276421\"\/><\/figure>\n\n\n\n<p><strong><em>L\u2019association North American Tunisian Engineers Group (<a rel=\"noreferrer noopener\" aria-label=\"Nateg (s\u2019ouvre dans un nouvel onglet)\" href=\"http:\/\/www.nateg.org\" target=\"_blank\">Nateg<\/a>) organise la 2e \u00e9dition des Natech Days (Natech Technology Days), les 22 et 23 f\u00e9vrier 2020, au Centre de recherche de Sfax, \u00e0 la cit\u00e9 El Ons.<\/em><\/strong><\/p>\n\n\n\n<!--more-->\n\n\n\n<p>Le but de cet \u00e9v\u00e9nement est de contribuer \u00e0 la promotion de la pens\u00e9e cr\u00e9ative et du design innovant, notamment aupr\u00e8s des jeunes ing\u00e9nieurs et \u00e9tudiants tunisiens.  <\/p>\n\n\n\n<p>Le programme de ces 2 journ\u00e9es comportera des conf\u00e9rences pour partager des cas de r\u00e9ussite, ainsi que des ateliers sur plusieurs sujets tels que les SolidWorks (logiciel de mod\u00e9lisation 3D par conception param\u00e9trique), l&rsquo;intelligence artificielle, la cybers\u00e9curit\u00e9, et l&rsquo;IoT &#8211;<em>Internet Of Things<\/em> (infrastructure mondiale permettant de disposer de services \u00e9volu\u00e9s en interconnectant des objets physiques ou virtuels gr\u00e2ce aux TICs interop\u00e9rables existants ou en \u00e9volution).&nbsp; <\/p>\n\n\n\n<p>Des comp\u00e9titions seront organis\u00e9es le soir pour cr\u00e9er l&rsquo;interaction et le t\u00e9moignage des participants. Les gagnants de chaque comp\u00e9tition seront gratifi\u00e9s par des prix.   <\/p>\n\n\n\n<p>Pr\u00e8s de 220 participants sont attendus aux Natech Days, parmi les futurs ing\u00e9nieurs. <\/p>\n\n\n\n<p>L\u2019association Nateg &#8211; apolitique, \u00e0 but non lucratif et non gouvernementale &#8211; est fond\u00e9e par des ing\u00e9nieurs et des \u00e9tudiants tunisiens en ing\u00e9nierie r\u00e9sidents en Am\u00e9rique du Nord.  <\/p>\n\n\n\n<p class=\"has-text-align-right\"><strong>A. M.<\/strong><\/p>\n","protected":false},"excerpt":{"rendered":"<p>L\u2019association North American Tunisian Engineers Group (Nateg) organise la 2e \u00e9dition des Natech Days (Natech Technology Days), les 22 et 23 f\u00e9vrier 2020, au Centre de recherche de Sfax, \u00e0 la cit\u00e9 El Ons.<\/p>\n","protected":false},"author":22,"featured_media":276421,"comment_status":"open","ping_status":"open","sticky":false,"template":"","format":"standard","meta":{"footnotes":""},"categories":[995,2433],"tags":[73510],"class_list":["post-276390","post","type-post","status-publish","format-standard","has-post-thumbnail","hentry","category-economie","category-tunisie","tag-amerique-du-nord"],"yoast_head":"<!-- This site is optimized with the Yoast SEO plugin v26.6 - https:\/\/yoast.com\/wordpress\/plugins\/seo\/ -->\n<title>Les Natech Days, les 21 et 22 f\u00e9vrier 2020, \u00e0 Sfax - Kapitalis<\/title>\n<meta name=\"robots\" content=\"index, follow, max-snippet:-1, max-image-preview:large, max-video-preview:-1\" \/>\n<link rel=\"canonical\" href=\"https:\/\/kapitalis.com\/tunisie\/2020\/01\/27\/les-natech-days-les-21-et-22-fevrier-2020-a-sfax\/\" \/>\n<meta property=\"og:locale\" content=\"fr_FR\" \/>\n<meta property=\"og:type\" content=\"article\" \/>\n<meta property=\"og:title\" content=\"Les Natech Days, les 21 et 22 f\u00e9vrier 2020, \u00e0 Sfax - Kapitalis\" \/>\n<meta property=\"og:description\" content=\"L\u2019association North American Tunisian Engineers Group (Nateg) organise la 2e \u00e9dition des Natech Days (Natech Technology Days), les 22 et 23 f\u00e9vrier 2020, au Centre de recherche de Sfax, \u00e0 la cit\u00e9 El Ons.\" \/>\n<meta property=\"og:url\" content=\"https:\/\/kapitalis.com\/tunisie\/2020\/01\/27\/les-natech-days-les-21-et-22-fevrier-2020-a-sfax\/\" \/>\n<meta property=\"og:site_name\" content=\"Kapitalis\" \/>\n<meta property=\"article:publisher\" content=\"https:\/\/www.facebook.com\/KapitalisInfo\/\" \/>\n<meta property=\"article:published_time\" content=\"2020-01-27T16:32:20+00:00\" \/>\n<meta property=\"article:modified_time\" content=\"2020-01-27T16:56:29+00:00\" \/>\n<meta property=\"og:image\" content=\"https:\/\/kapitalis.com\/tunisie\/wp-content\/uploads\/2022\/05\/kapitalis-logo-fb.png\" \/>\n\t<meta property=\"og:image:width\" content=\"1200\" \/>\n\t<meta property=\"og:image:height\" content=\"630\" \/>\n\t<meta property=\"og:image:type\" content=\"image\/png\" \/>\n<meta name=\"author\" content=\"Amina Mkada\" \/>\n<meta name=\"twitter:card\" content=\"summary_large_image\" \/>\n<meta name=\"twitter:creator\" content=\"@KapitalisInfo\" \/>\n<meta name=\"twitter:site\" content=\"@KapitalisInfo\" \/>\n<meta name=\"twitter:label1\" content=\"\u00c9crit par\" \/>\n\t<meta name=\"twitter:data1\" content=\"Amina Mkada\" \/>\n\t<meta name=\"twitter:label2\" content=\"Dur\u00e9e de lecture estim\u00e9e\" \/>\n\t<meta name=\"twitter:data2\" content=\"1 minute\" \/>\n<script type=\"application\/ld+json\" class=\"yoast-schema-graph\">{\"@context\":\"https:\/\/schema.org\",\"@graph\":[{\"@type\":\"Article\",\"@id\":\"https:\/\/kapitalis.com\/tunisie\/2020\/01\/27\/les-natech-days-les-21-et-22-fevrier-2020-a-sfax\/#article\",\"isPartOf\":{\"@id\":\"https:\/\/kapitalis.com\/tunisie\/2020\/01\/27\/les-natech-days-les-21-et-22-fevrier-2020-a-sfax\/\"},\"author\":{\"name\":\"Amina Mkada\",\"@id\":\"https:\/\/kapitalis.com\/tunisie\/#\/schema\/person\/093913313d3017554cb3ad077fff3fbd\"},\"headline\":\"Les Natech Days, les 21 et 22 f\u00e9vrier 2020, \u00e0 Sfax\",\"datePublished\":\"2020-01-27T16:32:20+00:00\",\"dateModified\":\"2020-01-27T16:56:29+00:00\",\"mainEntityOfPage\":{\"@id\":\"https:\/\/kapitalis.com\/tunisie\/2020\/01\/27\/les-natech-days-les-21-et-22-fevrier-2020-a-sfax\/\"},\"wordCount\":224,\"commentCount\":0,\"publisher\":{\"@id\":\"https:\/\/kapitalis.com\/tunisie\/#organization\"},\"image\":{\"@id\":\"https:\/\/kapitalis.com\/tunisie\/2020\/01\/27\/les-natech-days-les-21-et-22-fevrier-2020-a-sfax\/#primaryimage\"},\"thumbnailUrl\":\"\",\"keywords\":[\"Am\u00e9rique du Nord\"],\"articleSection\":[\"ECONOMIE\",\"Tunisie\"],\"inLanguage\":\"fr-FR\",\"potentialAction\":[{\"@type\":\"CommentAction\",\"name\":\"Comment\",\"target\":[\"https:\/\/kapitalis.com\/tunisie\/2020\/01\/27\/les-natech-days-les-21-et-22-fevrier-2020-a-sfax\/#respond\"]}]},{\"@type\":\"WebPage\",\"@id\":\"https:\/\/kapitalis.com\/tunisie\/2020\/01\/27\/les-natech-days-les-21-et-22-fevrier-2020-a-sfax\/\",\"url\":\"https:\/\/kapitalis.com\/tunisie\/2020\/01\/27\/les-natech-days-les-21-et-22-fevrier-2020-a-sfax\/\",\"name\":\"Les Natech Days, les 21 et 22 f\u00e9vrier 2020, \u00e0 Sfax - Kapitalis\",\"isPartOf\":{\"@id\":\"https:\/\/kapitalis.com\/tunisie\/#website\"},\"primaryImageOfPage\":{\"@id\":\"https:\/\/kapitalis.com\/tunisie\/2020\/01\/27\/les-natech-days-les-21-et-22-fevrier-2020-a-sfax\/#primaryimage\"},\"image\":{\"@id\":\"https:\/\/kapitalis.com\/tunisie\/2020\/01\/27\/les-natech-days-les-21-et-22-fevrier-2020-a-sfax\/#primaryimage\"},\"thumbnailUrl\":\"\",\"datePublished\":\"2020-01-27T16:32:20+00:00\",\"dateModified\":\"2020-01-27T16:56:29+00:00\",\"breadcrumb\":{\"@id\":\"https:\/\/kapitalis.com\/tunisie\/2020\/01\/27\/les-natech-days-les-21-et-22-fevrier-2020-a-sfax\/#breadcrumb\"},\"inLanguage\":\"fr-FR\",\"potentialAction\":[{\"@type\":\"ReadAction\",\"target\":[\"https:\/\/kapitalis.com\/tunisie\/2020\/01\/27\/les-natech-days-les-21-et-22-fevrier-2020-a-sfax\/\"]}]},{\"@type\":\"ImageObject\",\"inLanguage\":\"fr-FR\",\"@id\":\"https:\/\/kapitalis.com\/tunisie\/2020\/01\/27\/les-natech-days-les-21-et-22-fevrier-2020-a-sfax\/#primaryimage\",\"url\":\"\",\"contentUrl\":\"\"},{\"@type\":\"BreadcrumbList\",\"@id\":\"https:\/\/kapitalis.com\/tunisie\/2020\/01\/27\/les-natech-days-les-21-et-22-fevrier-2020-a-sfax\/#breadcrumb\",\"itemListElement\":[{\"@type\":\"ListItem\",\"position\":1,\"name\":\"Accueil\",\"item\":\"https:\/\/kapitalis.com\/tunisie\/\"},{\"@type\":\"ListItem\",\"position\":2,\"name\":\"Les Natech Days, les 21 et 22 f\u00e9vrier 2020, \u00e0 Sfax\"}]},{\"@type\":\"WebSite\",\"@id\":\"https:\/\/kapitalis.com\/tunisie\/#website\",\"url\":\"https:\/\/kapitalis.com\/tunisie\/\",\"name\":\"Kapitalis\",\"description\":\"L&#039;actualit\u00e9 en Tunisie et dans le monde\",\"publisher\":{\"@id\":\"https:\/\/kapitalis.com\/tunisie\/#organization\"},\"potentialAction\":[{\"@type\":\"SearchAction\",\"target\":{\"@type\":\"EntryPoint\",\"urlTemplate\":\"https:\/\/kapitalis.com\/tunisie\/?s={search_term_string}\"},\"query-input\":{\"@type\":\"PropertyValueSpecification\",\"valueRequired\":true,\"valueName\":\"search_term_string\"}}],\"inLanguage\":\"fr-FR\"},{\"@type\":\"Organization\",\"@id\":\"https:\/\/kapitalis.com\/tunisie\/#organization\",\"name\":\"Kapitalis\",\"url\":\"https:\/\/kapitalis.com\/tunisie\/\",\"logo\":{\"@type\":\"ImageObject\",\"inLanguage\":\"fr-FR\",\"@id\":\"https:\/\/kapitalis.com\/tunisie\/#\/schema\/logo\/image\/\",\"url\":\"https:\/\/kapitalis.com\/tunisie\/wp-content\/uploads\/2022\/05\/Kapitalis-big-size.png\",\"contentUrl\":\"https:\/\/kapitalis.com\/tunisie\/wp-content\/uploads\/2022\/05\/Kapitalis-big-size.png\",\"width\":5000,\"height\":1500,\"caption\":\"Kapitalis\"},\"image\":{\"@id\":\"https:\/\/kapitalis.com\/tunisie\/#\/schema\/logo\/image\/\"},\"sameAs\":[\"https:\/\/www.facebook.com\/KapitalisInfo\/\",\"https:\/\/x.com\/KapitalisInfo\",\"https:\/\/www.youtube.com\/channel\/UC-yDYrHyfFBWWZaOw3FPg9Q\"]},{\"@type\":\"Person\",\"@id\":\"https:\/\/kapitalis.com\/tunisie\/#\/schema\/person\/093913313d3017554cb3ad077fff3fbd\",\"name\":\"Amina Mkada\",\"url\":\"https:\/\/kapitalis.com\/tunisie\/author\/amina\/\"}]}<\/script>\n<!-- \/ Yoast SEO plugin. -->","yoast_head_json":{"title":"Les Natech Days, les 21 et 22 f\u00e9vrier 2020, \u00e0 Sfax - Kapitalis","robots":{"index":"index","follow":"follow","max-snippet":"max-snippet:-1","max-image-preview":"max-image-preview:large","max-video-preview":"max-video-preview:-1"},"canonical":"https:\/\/kapitalis.com\/tunisie\/2020\/01\/27\/les-natech-days-les-21-et-22-fevrier-2020-a-sfax\/","og_locale":"fr_FR","og_type":"article","og_title":"Les Natech Days, les 21 et 22 f\u00e9vrier 2020, \u00e0 Sfax - Kapitalis","og_description":"L\u2019association North American Tunisian Engineers Group (Nateg) organise la 2e \u00e9dition des Natech Days (Natech Technology Days), les 22 et 23 f\u00e9vrier 2020, au Centre de recherche de Sfax, \u00e0 la cit\u00e9 El Ons.","og_url":"https:\/\/kapitalis.com\/tunisie\/2020\/01\/27\/les-natech-days-les-21-et-22-fevrier-2020-a-sfax\/","og_site_name":"Kapitalis","article_publisher":"https:\/\/www.facebook.com\/KapitalisInfo\/","article_published_time":"2020-01-27T16:32:20+00:00","article_modified_time":"2020-01-27T16:56:29+00:00","og_image":[{"width":1200,"height":630,"url":"https:\/\/kapitalis.com\/tunisie\/wp-content\/uploads\/2022\/05\/kapitalis-logo-fb.png","type":"image\/png"}],"author":"Amina Mkada","twitter_card":"summary_large_image","twitter_creator":"@KapitalisInfo","twitter_site":"@KapitalisInfo","twitter_misc":{"\u00c9crit par":"Amina Mkada","Dur\u00e9e de lecture estim\u00e9e":"1 minute"},"schema":{"@context":"https:\/\/schema.org","@graph":[{"@type":"Article","@id":"https:\/\/kapitalis.com\/tunisie\/2020\/01\/27\/les-natech-days-les-21-et-22-fevrier-2020-a-sfax\/#article","isPartOf":{"@id":"https:\/\/kapitalis.com\/tunisie\/2020\/01\/27\/les-natech-days-les-21-et-22-fevrier-2020-a-sfax\/"},"author":{"name":"Amina Mkada","@id":"https:\/\/kapitalis.com\/tunisie\/#\/schema\/person\/093913313d3017554cb3ad077fff3fbd"},"headline":"Les Natech Days, les 21 et 22 f\u00e9vrier 2020, \u00e0 Sfax","datePublished":"2020-01-27T16:32:20+00:00","dateModified":"2020-01-27T16:56:29+00:00","mainEntityOfPage":{"@id":"https:\/\/kapitalis.com\/tunisie\/2020\/01\/27\/les-natech-days-les-21-et-22-fevrier-2020-a-sfax\/"},"wordCount":224,"commentCount":0,"publisher":{"@id":"https:\/\/kapitalis.com\/tunisie\/#organization"},"image":{"@id":"https:\/\/kapitalis.com\/tunisie\/2020\/01\/27\/les-natech-days-les-21-et-22-fevrier-2020-a-sfax\/#primaryimage"},"thumbnailUrl":"","keywords":["Am\u00e9rique du Nord"],"articleSection":["ECONOMIE","Tunisie"],"inLanguage":"fr-FR","potentialAction":[{"@type":"CommentAction","name":"Comment","target":["https:\/\/kapitalis.com\/tunisie\/2020\/01\/27\/les-natech-days-les-21-et-22-fevrier-2020-a-sfax\/#respond"]}]},{"@type":"WebPage","@id":"https:\/\/kapitalis.com\/tunisie\/2020\/01\/27\/les-natech-days-les-21-et-22-fevrier-2020-a-sfax\/","url":"https:\/\/kapitalis.com\/tunisie\/2020\/01\/27\/les-natech-days-les-21-et-22-fevrier-2020-a-sfax\/","name":"Les Natech Days, les 21 et 22 f\u00e9vrier 2020, \u00e0 Sfax - Kapitalis","isPartOf":{"@id":"https:\/\/kapitalis.com\/tunisie\/#website"},"primaryImageOfPage":{"@id":"https:\/\/kapitalis.com\/tunisie\/2020\/01\/27\/les-natech-days-les-21-et-22-fevrier-2020-a-sfax\/#primaryimage"},"image":{"@id":"https:\/\/kapitalis.com\/tunisie\/2020\/01\/27\/les-natech-days-les-21-et-22-fevrier-2020-a-sfax\/#primaryimage"},"thumbnailUrl":"","datePublished":"2020-01-27T16:32:20+00:00","dateModified":"2020-01-27T16:56:29+00:00","breadcrumb":{"@id":"https:\/\/kapitalis.com\/tunisie\/2020\/01\/27\/les-natech-days-les-21-et-22-fevrier-2020-a-sfax\/#breadcrumb"},"inLanguage":"fr-FR","potentialAction":[{"@type":"ReadAction","target":["https:\/\/kapitalis.com\/tunisie\/2020\/01\/27\/les-natech-days-les-21-et-22-fevrier-2020-a-sfax\/"]}]},{"@type":"ImageObject","inLanguage":"fr-FR","@id":"https:\/\/kapitalis.com\/tunisie\/2020\/01\/27\/les-natech-days-les-21-et-22-fevrier-2020-a-sfax\/#primaryimage","url":"","contentUrl":""},{"@type":"BreadcrumbList","@id":"https:\/\/kapitalis.com\/tunisie\/2020\/01\/27\/les-natech-days-les-21-et-22-fevrier-2020-a-sfax\/#breadcrumb","itemListElement":[{"@type":"ListItem","position":1,"name":"Accueil","item":"https:\/\/kapitalis.com\/tunisie\/"},{"@type":"ListItem","position":2,"name":"Les Natech Days, les 21 et 22 f\u00e9vrier 2020, \u00e0 Sfax"}]},{"@type":"WebSite","@id":"https:\/\/kapitalis.com\/tunisie\/#website","url":"https:\/\/kapitalis.com\/tunisie\/","name":"Kapitalis","description":"L&#039;actualit\u00e9 en Tunisie et dans le monde","publisher":{"@id":"https:\/\/kapitalis.com\/tunisie\/#organization"},"potentialAction":[{"@type":"SearchAction","target":{"@type":"EntryPoint","urlTemplate":"https:\/\/kapitalis.com\/tunisie\/?s={search_term_string}"},"query-input":{"@type":"PropertyValueSpecification","valueRequired":true,"valueName":"search_term_string"}}],"inLanguage":"fr-FR"},{"@type":"Organization","@id":"https:\/\/kapitalis.com\/tunisie\/#organization","name":"Kapitalis","url":"https:\/\/kapitalis.com\/tunisie\/","logo":{"@type":"ImageObject","inLanguage":"fr-FR","@id":"https:\/\/kapitalis.com\/tunisie\/#\/schema\/logo\/image\/","url":"https:\/\/kapitalis.com\/tunisie\/wp-content\/uploads\/2022\/05\/Kapitalis-big-size.png","contentUrl":"https:\/\/kapitalis.com\/tunisie\/wp-content\/uploads\/2022\/05\/Kapitalis-big-size.png","width":5000,"height":1500,"caption":"Kapitalis"},"image":{"@id":"https:\/\/kapitalis.com\/tunisie\/#\/schema\/logo\/image\/"},"sameAs":["https:\/\/www.facebook.com\/KapitalisInfo\/","https:\/\/x.com\/KapitalisInfo","https:\/\/www.youtube.com\/channel\/UC-yDYrHyfFBWWZaOw3FPg9Q"]},{"@type":"Person","@id":"https:\/\/kapitalis.com\/tunisie\/#\/schema\/person\/093913313d3017554cb3ad077fff3fbd","name":"Amina Mkada","url":"https:\/\/kapitalis.com\/tunisie\/author\/amina\/"}]}},"_links":{"self":[{"href":"https:\/\/kapitalis.com\/tunisie\/wp-json\/wp\/v2\/posts\/276390","targetHints":{"allow":["GET"]}}],"collection":[{"href":"https:\/\/kapitalis.com\/tunisie\/wp-json\/wp\/v2\/posts"}],"about":[{"href":"https:\/\/kapitalis.com\/tunisie\/wp-json\/wp\/v2\/types\/post"}],"author":[{"embeddable":true,"href":"https:\/\/kapitalis.com\/tunisie\/wp-json\/wp\/v2\/users\/22"}],"replies":[{"embeddable":true,"href":"https:\/\/kapitalis.com\/tunisie\/wp-json\/wp\/v2\/comments?post=276390"}],"version-history":[{"count":0,"href":"https:\/\/kapitalis.com\/tunisie\/wp-json\/wp\/v2\/posts\/276390\/revisions"}],"wp:featuredmedia":[{"embeddable":true,"href":"https:\/\/kapitalis.com\/tunisie\/wp-json\/wp\/v2\/media\/276421"}],"wp:attachment":[{"href":"https:\/\/kapitalis.com\/tunisie\/wp-json\/wp\/v2\/media?parent=276390"}],"wp:term":[{"taxonomy":"category","embeddable":true,"href":"https:\/\/kapitalis.com\/tunisie\/wp-json\/wp\/v2\/categories?post=276390"},{"taxonomy":"post_tag","embeddable":true,"href":"https:\/\/kapitalis.com\/tunisie\/wp-json\/wp\/v2\/tags?post=276390"}],"curies":[{"name":"wp","href":"https:\/\/api.w.org\/{rel}","templated":true}]}}