{"id":276529,"date":"2020-01-28T08:47:15","date_gmt":"2020-01-28T07:47:15","guid":{"rendered":"http:\/\/kapitalis.com\/tunisie\/?p=276529"},"modified":"2020-01-28T08:47:18","modified_gmt":"2020-01-28T07:47:18","slug":"programme-du-festival-arabe-de-musique-engagee-a-tunis-2e-edition","status":"publish","type":"post","link":"https:\/\/kapitalis.com\/tunisie\/2020\/01\/28\/programme-du-festival-arabe-de-musique-engagee-a-tunis-2e-edition\/","title":{"rendered":"Programme du Festival arabe de musique engag\u00e9e \u00e0 Tunis (2e \u00e9dition)"},"content":{"rendered":"\n<figure class=\"wp-block-image size-large\"><img decoding=\"async\" src=\"http:\/\/kapitalis.com\/tunisie\/wp-content\/uploads\/2020\/01\/Festival-arabe-de-musique-engagee.jpg\" alt=\"\" class=\"wp-image-276533\"\/><\/figure>\n\n\n\n<p><strong><em> Le Festival arabe de musique engag\u00e9e de Tunis revient avec une deuxi\u00e8me \u00e9dition qui se tiendra du 1er au 6 f\u00e9vrier 2020 dans diff\u00e9rents espaces de la capitale.<\/em><\/strong><\/p>\n\n\n\n<!--more-->\n\n\n\n<p> Apr\u00e8s le succ\u00e8s de sa premi\u00e8re \u00e9dition lanc\u00e9e en 2019, le nouveau Festival arabe de musique engag\u00e9e revient cette ann\u00e9e avec un nouveau programme encore plus riche et vari\u00e9 mettant \u00e0 l\u2019affiche de jeunes artistes tunisiens issus de la sc\u00e8ne alternative, mais aussi de grands noms arabes comme la chanteuse syrienne Fa\u00efa Younan ou encore le groupe palestinien Trio Joubran.<\/p>\n\n\n\n<p> Le festival se tiendra cette ann\u00e9e dans trois espaces diff\u00e9rents : la Maison de culture Ibn Rachiq, la Maison de culture Ibn Khaldoun et pour la premi\u00e8re fois la Cit\u00e9 de la culture. <\/p>\n\n\n\n<p> Au programme, des concerts quotidiens durant une semaine assur\u00e9s par des chanteurs et musiciens tunisiens, marocains, libanais, syriens et palestiniens.<\/p>\n\n\n\n<p> Parall\u00e8lement au programme officiel, le festival proposera \u00e9galement une exposition, des hommages, des ateliers et des rencontres.<\/p>\n\n\n\n<h3 class=\"has-text-align-center wp-block-heading\"> Le programme :<\/h3>\n\n\n\n<p> <strong><em>Samedi 1er f\u00e9vrier <\/em><\/strong>: Ahmed Kaabour et la troupe Ajras (Liban \u2013 Tunisie);<\/p>\n\n\n\n<p><strong><em>Dimanche 2 f\u00e9vrier<\/em><\/strong> : Yasser Jeradi (Tunisie);<\/p>\n\n\n\n<p> <strong><em>Lundi 3 f\u00e9vrier <\/em><\/strong>: Groupe Ouyoum Al-Kalam \/ Groupe de recherche musicale de Gab\u00e8s (Tunisie);<\/p>\n\n\n\n<p> <strong><em>Mardi 4 f\u00e9vrier <\/em><\/strong>: Trio Joubran (Palestine);<\/p>\n\n\n\n<p> <strong><em>Mercredi 5 f\u00e9vrier<\/em><\/strong> : Duo Omar et Najm \/ Groupe Iskandrella (Tunisie &#8211; Egypte);<\/p>\n\n\n\n<p><em><strong> Jeudi 6 f\u00e9vrier<\/strong><\/em> : Mustapha &amp; Sana \/ Fa\u00efa Younan (Maroc &#8211; Syrie).<\/p>\n\n\n\n<p class=\"has-text-align-right\"><strong> Fawz Ben Ali<\/strong><\/p>\n","protected":false},"excerpt":{"rendered":"<p>Le Festival arabe de musique engag\u00e9e de Tunis revient avec une deuxi\u00e8me \u00e9dition qui se tiendra du 1er au 6 f\u00e9vrier 2020 dans diff\u00e9rents espaces de la capitale.<\/p>\n","protected":false},"author":8,"featured_media":276533,"comment_status":"open","ping_status":"open","sticky":false,"template":"","format":"standard","meta":{"footnotes":""},"categories":[994,2433],"tags":[73522,73524,15030],"class_list":["post-276529","post","type-post","status-publish","format-standard","has-post-thumbnail","hentry","category-culture","category-tunisie","tag-festival-arabe-de-musique-engagee","tag-trio-joubran","tag-yasser-jeradi"],"yoast_head":"<!-- This site is optimized with the Yoast SEO plugin v26.6 - https:\/\/yoast.com\/wordpress\/plugins\/seo\/ -->\n<title>Programme du Festival arabe de musique engag\u00e9e \u00e0 Tunis (2e \u00e9dition) - Kapitalis<\/title>\n<meta name=\"robots\" content=\"index, follow, max-snippet:-1, max-image-preview:large, max-video-preview:-1\" \/>\n<link rel=\"canonical\" href=\"https:\/\/kapitalis.com\/tunisie\/2020\/01\/28\/programme-du-festival-arabe-de-musique-engagee-a-tunis-2e-edition\/\" \/>\n<meta property=\"og:locale\" content=\"fr_FR\" \/>\n<meta property=\"og:type\" content=\"article\" \/>\n<meta property=\"og:title\" content=\"Programme du Festival arabe de musique engag\u00e9e \u00e0 Tunis (2e \u00e9dition) - Kapitalis\" \/>\n<meta property=\"og:description\" content=\"Le Festival arabe de musique engag\u00e9e de Tunis revient avec une deuxi\u00e8me \u00e9dition qui se tiendra du 1er au 6 f\u00e9vrier 2020 dans diff\u00e9rents espaces de la capitale.\" \/>\n<meta property=\"og:url\" content=\"https:\/\/kapitalis.com\/tunisie\/2020\/01\/28\/programme-du-festival-arabe-de-musique-engagee-a-tunis-2e-edition\/\" \/>\n<meta property=\"og:site_name\" content=\"Kapitalis\" \/>\n<meta property=\"article:publisher\" content=\"https:\/\/www.facebook.com\/KapitalisInfo\/\" \/>\n<meta property=\"article:published_time\" content=\"2020-01-28T07:47:15+00:00\" \/>\n<meta property=\"article:modified_time\" content=\"2020-01-28T07:47:18+00:00\" \/>\n<meta property=\"og:image\" content=\"https:\/\/kapitalis.com\/tunisie\/wp-content\/uploads\/2022\/05\/kapitalis-logo-fb.png\" \/>\n\t<meta property=\"og:image:width\" content=\"1200\" \/>\n\t<meta property=\"og:image:height\" content=\"630\" \/>\n\t<meta property=\"og:image:type\" content=\"image\/png\" \/>\n<meta name=\"author\" content=\"webmaster kapitalis\" \/>\n<meta name=\"twitter:card\" content=\"summary_large_image\" \/>\n<meta name=\"twitter:creator\" content=\"@KapitalisInfo\" \/>\n<meta name=\"twitter:site\" content=\"@KapitalisInfo\" \/>\n<meta name=\"twitter:label1\" content=\"\u00c9crit par\" \/>\n\t<meta name=\"twitter:data1\" content=\"webmaster kapitalis\" \/>\n\t<meta name=\"twitter:label2\" content=\"Dur\u00e9e de lecture estim\u00e9e\" \/>\n\t<meta name=\"twitter:data2\" content=\"1 minute\" \/>\n<script type=\"application\/ld+json\" class=\"yoast-schema-graph\">{\"@context\":\"https:\/\/schema.org\",\"@graph\":[{\"@type\":\"Article\",\"@id\":\"https:\/\/kapitalis.com\/tunisie\/2020\/01\/28\/programme-du-festival-arabe-de-musique-engagee-a-tunis-2e-edition\/#article\",\"isPartOf\":{\"@id\":\"https:\/\/kapitalis.com\/tunisie\/2020\/01\/28\/programme-du-festival-arabe-de-musique-engagee-a-tunis-2e-edition\/\"},\"author\":{\"name\":\"webmaster kapitalis\",\"@id\":\"https:\/\/kapitalis.com\/tunisie\/#\/schema\/person\/d71f33a9ca44f7bad4698210b480c8e9\"},\"headline\":\"Programme du Festival arabe de musique engag\u00e9e \u00e0 Tunis (2e \u00e9dition)\",\"datePublished\":\"2020-01-28T07:47:15+00:00\",\"dateModified\":\"2020-01-28T07:47:18+00:00\",\"mainEntityOfPage\":{\"@id\":\"https:\/\/kapitalis.com\/tunisie\/2020\/01\/28\/programme-du-festival-arabe-de-musique-engagee-a-tunis-2e-edition\/\"},\"wordCount\":249,\"commentCount\":0,\"publisher\":{\"@id\":\"https:\/\/kapitalis.com\/tunisie\/#organization\"},\"image\":{\"@id\":\"https:\/\/kapitalis.com\/tunisie\/2020\/01\/28\/programme-du-festival-arabe-de-musique-engagee-a-tunis-2e-edition\/#primaryimage\"},\"thumbnailUrl\":\"\",\"keywords\":[\"Festival arabe de musique engag\u00e9e\",\"Trio Joubran\",\"Yasser Jeradi\"],\"articleSection\":[\"CULTURE\",\"Tunisie\"],\"inLanguage\":\"fr-FR\",\"potentialAction\":[{\"@type\":\"CommentAction\",\"name\":\"Comment\",\"target\":[\"https:\/\/kapitalis.com\/tunisie\/2020\/01\/28\/programme-du-festival-arabe-de-musique-engagee-a-tunis-2e-edition\/#respond\"]}]},{\"@type\":\"WebPage\",\"@id\":\"https:\/\/kapitalis.com\/tunisie\/2020\/01\/28\/programme-du-festival-arabe-de-musique-engagee-a-tunis-2e-edition\/\",\"url\":\"https:\/\/kapitalis.com\/tunisie\/2020\/01\/28\/programme-du-festival-arabe-de-musique-engagee-a-tunis-2e-edition\/\",\"name\":\"Programme du Festival arabe de musique engag\u00e9e \u00e0 Tunis (2e \u00e9dition) - Kapitalis\",\"isPartOf\":{\"@id\":\"https:\/\/kapitalis.com\/tunisie\/#website\"},\"primaryImageOfPage\":{\"@id\":\"https:\/\/kapitalis.com\/tunisie\/2020\/01\/28\/programme-du-festival-arabe-de-musique-engagee-a-tunis-2e-edition\/#primaryimage\"},\"image\":{\"@id\":\"https:\/\/kapitalis.com\/tunisie\/2020\/01\/28\/programme-du-festival-arabe-de-musique-engagee-a-tunis-2e-edition\/#primaryimage\"},\"thumbnailUrl\":\"\",\"datePublished\":\"2020-01-28T07:47:15+00:00\",\"dateModified\":\"2020-01-28T07:47:18+00:00\",\"breadcrumb\":{\"@id\":\"https:\/\/kapitalis.com\/tunisie\/2020\/01\/28\/programme-du-festival-arabe-de-musique-engagee-a-tunis-2e-edition\/#breadcrumb\"},\"inLanguage\":\"fr-FR\",\"potentialAction\":[{\"@type\":\"ReadAction\",\"target\":[\"https:\/\/kapitalis.com\/tunisie\/2020\/01\/28\/programme-du-festival-arabe-de-musique-engagee-a-tunis-2e-edition\/\"]}]},{\"@type\":\"ImageObject\",\"inLanguage\":\"fr-FR\",\"@id\":\"https:\/\/kapitalis.com\/tunisie\/2020\/01\/28\/programme-du-festival-arabe-de-musique-engagee-a-tunis-2e-edition\/#primaryimage\",\"url\":\"\",\"contentUrl\":\"\"},{\"@type\":\"BreadcrumbList\",\"@id\":\"https:\/\/kapitalis.com\/tunisie\/2020\/01\/28\/programme-du-festival-arabe-de-musique-engagee-a-tunis-2e-edition\/#breadcrumb\",\"itemListElement\":[{\"@type\":\"ListItem\",\"position\":1,\"name\":\"Accueil\",\"item\":\"https:\/\/kapitalis.com\/tunisie\/\"},{\"@type\":\"ListItem\",\"position\":2,\"name\":\"Programme du Festival arabe de musique engag\u00e9e \u00e0 Tunis (2e \u00e9dition)\"}]},{\"@type\":\"WebSite\",\"@id\":\"https:\/\/kapitalis.com\/tunisie\/#website\",\"url\":\"https:\/\/kapitalis.com\/tunisie\/\",\"name\":\"Kapitalis\",\"description\":\"L&#039;actualit\u00e9 en Tunisie et dans le monde\",\"publisher\":{\"@id\":\"https:\/\/kapitalis.com\/tunisie\/#organization\"},\"potentialAction\":[{\"@type\":\"SearchAction\",\"target\":{\"@type\":\"EntryPoint\",\"urlTemplate\":\"https:\/\/kapitalis.com\/tunisie\/?s={search_term_string}\"},\"query-input\":{\"@type\":\"PropertyValueSpecification\",\"valueRequired\":true,\"valueName\":\"search_term_string\"}}],\"inLanguage\":\"fr-FR\"},{\"@type\":\"Organization\",\"@id\":\"https:\/\/kapitalis.com\/tunisie\/#organization\",\"name\":\"Kapitalis\",\"url\":\"https:\/\/kapitalis.com\/tunisie\/\",\"logo\":{\"@type\":\"ImageObject\",\"inLanguage\":\"fr-FR\",\"@id\":\"https:\/\/kapitalis.com\/tunisie\/#\/schema\/logo\/image\/\",\"url\":\"https:\/\/kapitalis.com\/tunisie\/wp-content\/uploads\/2022\/05\/Kapitalis-big-size.png\",\"contentUrl\":\"https:\/\/kapitalis.com\/tunisie\/wp-content\/uploads\/2022\/05\/Kapitalis-big-size.png\",\"width\":5000,\"height\":1500,\"caption\":\"Kapitalis\"},\"image\":{\"@id\":\"https:\/\/kapitalis.com\/tunisie\/#\/schema\/logo\/image\/\"},\"sameAs\":[\"https:\/\/www.facebook.com\/KapitalisInfo\/\",\"https:\/\/x.com\/KapitalisInfo\",\"https:\/\/www.youtube.com\/channel\/UC-yDYrHyfFBWWZaOw3FPg9Q\"]},{\"@type\":\"Person\",\"@id\":\"https:\/\/kapitalis.com\/tunisie\/#\/schema\/person\/d71f33a9ca44f7bad4698210b480c8e9\",\"name\":\"webmaster kapitalis\",\"url\":\"https:\/\/kapitalis.com\/tunisie\/author\/webmaster-kapitalis\/\"}]}<\/script>\n<!-- \/ Yoast SEO plugin. -->","yoast_head_json":{"title":"Programme du Festival arabe de musique engag\u00e9e \u00e0 Tunis (2e \u00e9dition) - Kapitalis","robots":{"index":"index","follow":"follow","max-snippet":"max-snippet:-1","max-image-preview":"max-image-preview:large","max-video-preview":"max-video-preview:-1"},"canonical":"https:\/\/kapitalis.com\/tunisie\/2020\/01\/28\/programme-du-festival-arabe-de-musique-engagee-a-tunis-2e-edition\/","og_locale":"fr_FR","og_type":"article","og_title":"Programme du Festival arabe de musique engag\u00e9e \u00e0 Tunis (2e \u00e9dition) - Kapitalis","og_description":"Le Festival arabe de musique engag\u00e9e de Tunis revient avec une deuxi\u00e8me \u00e9dition qui se tiendra du 1er au 6 f\u00e9vrier 2020 dans diff\u00e9rents espaces de la capitale.","og_url":"https:\/\/kapitalis.com\/tunisie\/2020\/01\/28\/programme-du-festival-arabe-de-musique-engagee-a-tunis-2e-edition\/","og_site_name":"Kapitalis","article_publisher":"https:\/\/www.facebook.com\/KapitalisInfo\/","article_published_time":"2020-01-28T07:47:15+00:00","article_modified_time":"2020-01-28T07:47:18+00:00","og_image":[{"width":1200,"height":630,"url":"https:\/\/kapitalis.com\/tunisie\/wp-content\/uploads\/2022\/05\/kapitalis-logo-fb.png","type":"image\/png"}],"author":"webmaster kapitalis","twitter_card":"summary_large_image","twitter_creator":"@KapitalisInfo","twitter_site":"@KapitalisInfo","twitter_misc":{"\u00c9crit par":"webmaster kapitalis","Dur\u00e9e de lecture estim\u00e9e":"1 minute"},"schema":{"@context":"https:\/\/schema.org","@graph":[{"@type":"Article","@id":"https:\/\/kapitalis.com\/tunisie\/2020\/01\/28\/programme-du-festival-arabe-de-musique-engagee-a-tunis-2e-edition\/#article","isPartOf":{"@id":"https:\/\/kapitalis.com\/tunisie\/2020\/01\/28\/programme-du-festival-arabe-de-musique-engagee-a-tunis-2e-edition\/"},"author":{"name":"webmaster kapitalis","@id":"https:\/\/kapitalis.com\/tunisie\/#\/schema\/person\/d71f33a9ca44f7bad4698210b480c8e9"},"headline":"Programme du Festival arabe de musique engag\u00e9e \u00e0 Tunis (2e \u00e9dition)","datePublished":"2020-01-28T07:47:15+00:00","dateModified":"2020-01-28T07:47:18+00:00","mainEntityOfPage":{"@id":"https:\/\/kapitalis.com\/tunisie\/2020\/01\/28\/programme-du-festival-arabe-de-musique-engagee-a-tunis-2e-edition\/"},"wordCount":249,"commentCount":0,"publisher":{"@id":"https:\/\/kapitalis.com\/tunisie\/#organization"},"image":{"@id":"https:\/\/kapitalis.com\/tunisie\/2020\/01\/28\/programme-du-festival-arabe-de-musique-engagee-a-tunis-2e-edition\/#primaryimage"},"thumbnailUrl":"","keywords":["Festival arabe de musique engag\u00e9e","Trio Joubran","Yasser Jeradi"],"articleSection":["CULTURE","Tunisie"],"inLanguage":"fr-FR","potentialAction":[{"@type":"CommentAction","name":"Comment","target":["https:\/\/kapitalis.com\/tunisie\/2020\/01\/28\/programme-du-festival-arabe-de-musique-engagee-a-tunis-2e-edition\/#respond"]}]},{"@type":"WebPage","@id":"https:\/\/kapitalis.com\/tunisie\/2020\/01\/28\/programme-du-festival-arabe-de-musique-engagee-a-tunis-2e-edition\/","url":"https:\/\/kapitalis.com\/tunisie\/2020\/01\/28\/programme-du-festival-arabe-de-musique-engagee-a-tunis-2e-edition\/","name":"Programme du Festival arabe de musique engag\u00e9e \u00e0 Tunis (2e \u00e9dition) - Kapitalis","isPartOf":{"@id":"https:\/\/kapitalis.com\/tunisie\/#website"},"primaryImageOfPage":{"@id":"https:\/\/kapitalis.com\/tunisie\/2020\/01\/28\/programme-du-festival-arabe-de-musique-engagee-a-tunis-2e-edition\/#primaryimage"},"image":{"@id":"https:\/\/kapitalis.com\/tunisie\/2020\/01\/28\/programme-du-festival-arabe-de-musique-engagee-a-tunis-2e-edition\/#primaryimage"},"thumbnailUrl":"","datePublished":"2020-01-28T07:47:15+00:00","dateModified":"2020-01-28T07:47:18+00:00","breadcrumb":{"@id":"https:\/\/kapitalis.com\/tunisie\/2020\/01\/28\/programme-du-festival-arabe-de-musique-engagee-a-tunis-2e-edition\/#breadcrumb"},"inLanguage":"fr-FR","potentialAction":[{"@type":"ReadAction","target":["https:\/\/kapitalis.com\/tunisie\/2020\/01\/28\/programme-du-festival-arabe-de-musique-engagee-a-tunis-2e-edition\/"]}]},{"@type":"ImageObject","inLanguage":"fr-FR","@id":"https:\/\/kapitalis.com\/tunisie\/2020\/01\/28\/programme-du-festival-arabe-de-musique-engagee-a-tunis-2e-edition\/#primaryimage","url":"","contentUrl":""},{"@type":"BreadcrumbList","@id":"https:\/\/kapitalis.com\/tunisie\/2020\/01\/28\/programme-du-festival-arabe-de-musique-engagee-a-tunis-2e-edition\/#breadcrumb","itemListElement":[{"@type":"ListItem","position":1,"name":"Accueil","item":"https:\/\/kapitalis.com\/tunisie\/"},{"@type":"ListItem","position":2,"name":"Programme du Festival arabe de musique engag\u00e9e \u00e0 Tunis (2e \u00e9dition)"}]},{"@type":"WebSite","@id":"https:\/\/kapitalis.com\/tunisie\/#website","url":"https:\/\/kapitalis.com\/tunisie\/","name":"Kapitalis","description":"L&#039;actualit\u00e9 en Tunisie et dans le monde","publisher":{"@id":"https:\/\/kapitalis.com\/tunisie\/#organization"},"potentialAction":[{"@type":"SearchAction","target":{"@type":"EntryPoint","urlTemplate":"https:\/\/kapitalis.com\/tunisie\/?s={search_term_string}"},"query-input":{"@type":"PropertyValueSpecification","valueRequired":true,"valueName":"search_term_string"}}],"inLanguage":"fr-FR"},{"@type":"Organization","@id":"https:\/\/kapitalis.com\/tunisie\/#organization","name":"Kapitalis","url":"https:\/\/kapitalis.com\/tunisie\/","logo":{"@type":"ImageObject","inLanguage":"fr-FR","@id":"https:\/\/kapitalis.com\/tunisie\/#\/schema\/logo\/image\/","url":"https:\/\/kapitalis.com\/tunisie\/wp-content\/uploads\/2022\/05\/Kapitalis-big-size.png","contentUrl":"https:\/\/kapitalis.com\/tunisie\/wp-content\/uploads\/2022\/05\/Kapitalis-big-size.png","width":5000,"height":1500,"caption":"Kapitalis"},"image":{"@id":"https:\/\/kapitalis.com\/tunisie\/#\/schema\/logo\/image\/"},"sameAs":["https:\/\/www.facebook.com\/KapitalisInfo\/","https:\/\/x.com\/KapitalisInfo","https:\/\/www.youtube.com\/channel\/UC-yDYrHyfFBWWZaOw3FPg9Q"]},{"@type":"Person","@id":"https:\/\/kapitalis.com\/tunisie\/#\/schema\/person\/d71f33a9ca44f7bad4698210b480c8e9","name":"webmaster kapitalis","url":"https:\/\/kapitalis.com\/tunisie\/author\/webmaster-kapitalis\/"}]}},"_links":{"self":[{"href":"https:\/\/kapitalis.com\/tunisie\/wp-json\/wp\/v2\/posts\/276529","targetHints":{"allow":["GET"]}}],"collection":[{"href":"https:\/\/kapitalis.com\/tunisie\/wp-json\/wp\/v2\/posts"}],"about":[{"href":"https:\/\/kapitalis.com\/tunisie\/wp-json\/wp\/v2\/types\/post"}],"author":[{"embeddable":true,"href":"https:\/\/kapitalis.com\/tunisie\/wp-json\/wp\/v2\/users\/8"}],"replies":[{"embeddable":true,"href":"https:\/\/kapitalis.com\/tunisie\/wp-json\/wp\/v2\/comments?post=276529"}],"version-history":[{"count":0,"href":"https:\/\/kapitalis.com\/tunisie\/wp-json\/wp\/v2\/posts\/276529\/revisions"}],"wp:featuredmedia":[{"embeddable":true,"href":"https:\/\/kapitalis.com\/tunisie\/wp-json\/wp\/v2\/media\/276533"}],"wp:attachment":[{"href":"https:\/\/kapitalis.com\/tunisie\/wp-json\/wp\/v2\/media?parent=276529"}],"wp:term":[{"taxonomy":"category","embeddable":true,"href":"https:\/\/kapitalis.com\/tunisie\/wp-json\/wp\/v2\/categories?post=276529"},{"taxonomy":"post_tag","embeddable":true,"href":"https:\/\/kapitalis.com\/tunisie\/wp-json\/wp\/v2\/tags?post=276529"}],"curies":[{"name":"wp","href":"https:\/\/api.w.org\/{rel}","templated":true}]}}