{"id":276545,"date":"2020-01-28T09:05:49","date_gmt":"2020-01-28T08:05:49","guid":{"rendered":"http:\/\/kapitalis.com\/tunisie\/?p=276545"},"modified":"2020-01-28T09:05:53","modified_gmt":"2020-01-28T08:05:53","slug":"ete-2020-air-france-consolide-ses-vols-sur-tunis-et-djerba","status":"publish","type":"post","link":"https:\/\/kapitalis.com\/tunisie\/2020\/01\/28\/ete-2020-air-france-consolide-ses-vols-sur-tunis-et-djerba\/","title":{"rendered":"Et\u00e9 2020 : Air France consolide ses vols sur Tunis et Djerba"},"content":{"rendered":"\n<figure class=\"wp-block-image size-large\"><img decoding=\"async\" src=\"http:\/\/kapitalis.com\/tunisie\/wp-content\/uploads\/2020\/01\/Air-France.jpg\" alt=\"\" class=\"wp-image-276551\"\/><\/figure>\n\n\n\n<p><strong><em>Le r\u00e9seau d\u2019Air France s\u2019agrandit avec 5 nouvelles routes dont une nouvelle liaison sur Djerba en Tunisie, pendant la haute saison estivale 2020.<\/em><\/strong><\/p>\n\n\n\n<!--more-->\n\n\n\n<p> <em>\u00abNous avons le plaisir d\u2019annoncer l\u2019ouverture d\u2019une liaison Air France Paris-CDG\/Djerba\/Paris -CDG durant la p\u00e9riode de l\u2019hyper pointe estivale du 14 juillet au 30 ao\u00fbt 2020 avec 4 vols hebdomadaires op\u00e9r\u00e9s les mardis, jeudis, samedis et dimanches en Airbus A320 (174 si\u00e8ges)\u00bb<\/em>, annonce Jean-Marc Breton, directeur d\u2019Air France Tunis.<\/p>\n\n\n\n<p> Le bureau d\u2019Air France \u00e0 Tunis annonce \u00e9galement qu\u2019aux m\u00eames dates, aura lieu le rajout d\u2019une fr\u00e9quence entre Paris-CDG et Tunis, ce qui portera \u00e0 5 le nombre de vols quotidiens entre les deux capitales.<\/p>\n\n\n\n<div class=\"wp-block-image\"><figure class=\"aligncenter size-large\"><img decoding=\"async\" src=\"http:\/\/kapitalis.com\/tunisie\/wp-content\/uploads\/2020\/01\/Vols-Air-France-Tunisie-Djerba.jpg\" alt=\"\" class=\"wp-image-276549\"\/><\/figure><\/div>\n\n\n\n<p><strong> Horaires des vols Paris-CDG &#8211; Djerba (en heure locale) :<\/strong><\/p>\n\n\n\n<p> AF1034 : D\u00e9part de Paris-Charles de Gaulle \u00e0 15h25, arriv\u00e9e \u00e0 Djerba \u00e0 17h20;<\/p>\n\n\n\n<p> AF1035 : d\u00e9part de Djerba \u00e0 18h20, arriv\u00e9e \u00e0 Paris-Charles de Gaulle \u00e0 22h20.<\/p>\n\n\n\n<p><strong><em>Source<\/em><\/strong> : communiqu\u00e9. <\/p>\n","protected":false},"excerpt":{"rendered":"<p>Le r\u00e9seau d\u2019Air France s\u2019agrandit avec 5 nouvelles routes dont une nouvelle liaison sur Djerba en Tunisie, pendant la haute saison estivale 2020.<\/p>\n","protected":false},"author":8,"featured_media":276549,"comment_status":"open","ping_status":"open","sticky":false,"template":"","format":"standard","meta":{"footnotes":""},"categories":[993,995,2433],"tags":[7340,284],"class_list":["post-276545","post","type-post","status-publish","format-standard","has-post-thumbnail","hentry","category-conso","category-economie","category-tunisie","tag-air-france","tag-djerba"],"yoast_head":"<!-- This site is optimized with the Yoast SEO plugin v26.6 - https:\/\/yoast.com\/wordpress\/plugins\/seo\/ -->\n<title>Et\u00e9 2020 : Air France consolide ses vols sur Tunis et Djerba - Kapitalis<\/title>\n<meta name=\"robots\" content=\"index, follow, max-snippet:-1, max-image-preview:large, max-video-preview:-1\" \/>\n<link rel=\"canonical\" href=\"https:\/\/kapitalis.com\/tunisie\/2020\/01\/28\/ete-2020-air-france-consolide-ses-vols-sur-tunis-et-djerba\/\" \/>\n<meta property=\"og:locale\" content=\"fr_FR\" \/>\n<meta property=\"og:type\" content=\"article\" \/>\n<meta property=\"og:title\" content=\"Et\u00e9 2020 : Air France consolide ses vols sur Tunis et Djerba - Kapitalis\" \/>\n<meta property=\"og:description\" content=\"Le r\u00e9seau d\u2019Air France s\u2019agrandit avec 5 nouvelles routes dont une nouvelle liaison sur Djerba en Tunisie, pendant la haute saison estivale 2020.\" \/>\n<meta property=\"og:url\" content=\"https:\/\/kapitalis.com\/tunisie\/2020\/01\/28\/ete-2020-air-france-consolide-ses-vols-sur-tunis-et-djerba\/\" \/>\n<meta property=\"og:site_name\" content=\"Kapitalis\" \/>\n<meta property=\"article:publisher\" content=\"https:\/\/www.facebook.com\/KapitalisInfo\/\" \/>\n<meta property=\"article:published_time\" content=\"2020-01-28T08:05:49+00:00\" \/>\n<meta property=\"article:modified_time\" content=\"2020-01-28T08:05:53+00:00\" \/>\n<meta property=\"og:image\" content=\"https:\/\/kapitalis.com\/tunisie\/wp-content\/uploads\/2022\/05\/kapitalis-logo-fb.png\" \/>\n\t<meta property=\"og:image:width\" content=\"1200\" \/>\n\t<meta property=\"og:image:height\" content=\"630\" \/>\n\t<meta property=\"og:image:type\" content=\"image\/png\" \/>\n<meta name=\"author\" content=\"webmaster kapitalis\" \/>\n<meta name=\"twitter:card\" content=\"summary_large_image\" \/>\n<meta name=\"twitter:creator\" content=\"@KapitalisInfo\" \/>\n<meta name=\"twitter:site\" content=\"@KapitalisInfo\" \/>\n<meta name=\"twitter:label1\" content=\"\u00c9crit par\" \/>\n\t<meta name=\"twitter:data1\" content=\"webmaster kapitalis\" \/>\n\t<meta name=\"twitter:label2\" content=\"Dur\u00e9e de lecture estim\u00e9e\" \/>\n\t<meta name=\"twitter:data2\" content=\"1 minute\" \/>\n<script type=\"application\/ld+json\" class=\"yoast-schema-graph\">{\"@context\":\"https:\/\/schema.org\",\"@graph\":[{\"@type\":\"Article\",\"@id\":\"https:\/\/kapitalis.com\/tunisie\/2020\/01\/28\/ete-2020-air-france-consolide-ses-vols-sur-tunis-et-djerba\/#article\",\"isPartOf\":{\"@id\":\"https:\/\/kapitalis.com\/tunisie\/2020\/01\/28\/ete-2020-air-france-consolide-ses-vols-sur-tunis-et-djerba\/\"},\"author\":{\"name\":\"webmaster kapitalis\",\"@id\":\"https:\/\/kapitalis.com\/tunisie\/#\/schema\/person\/d71f33a9ca44f7bad4698210b480c8e9\"},\"headline\":\"Et\u00e9 2020 : Air France consolide ses vols sur Tunis et Djerba\",\"datePublished\":\"2020-01-28T08:05:49+00:00\",\"dateModified\":\"2020-01-28T08:05:53+00:00\",\"mainEntityOfPage\":{\"@id\":\"https:\/\/kapitalis.com\/tunisie\/2020\/01\/28\/ete-2020-air-france-consolide-ses-vols-sur-tunis-et-djerba\/\"},\"wordCount\":162,\"commentCount\":3,\"publisher\":{\"@id\":\"https:\/\/kapitalis.com\/tunisie\/#organization\"},\"image\":{\"@id\":\"https:\/\/kapitalis.com\/tunisie\/2020\/01\/28\/ete-2020-air-france-consolide-ses-vols-sur-tunis-et-djerba\/#primaryimage\"},\"thumbnailUrl\":\"\",\"keywords\":[\"Air France\",\"Djerba\"],\"articleSection\":[\"CONSO\",\"ECONOMIE\",\"Tunisie\"],\"inLanguage\":\"fr-FR\",\"potentialAction\":[{\"@type\":\"CommentAction\",\"name\":\"Comment\",\"target\":[\"https:\/\/kapitalis.com\/tunisie\/2020\/01\/28\/ete-2020-air-france-consolide-ses-vols-sur-tunis-et-djerba\/#respond\"]}]},{\"@type\":\"WebPage\",\"@id\":\"https:\/\/kapitalis.com\/tunisie\/2020\/01\/28\/ete-2020-air-france-consolide-ses-vols-sur-tunis-et-djerba\/\",\"url\":\"https:\/\/kapitalis.com\/tunisie\/2020\/01\/28\/ete-2020-air-france-consolide-ses-vols-sur-tunis-et-djerba\/\",\"name\":\"Et\u00e9 2020 : Air France consolide ses vols sur Tunis et Djerba - Kapitalis\",\"isPartOf\":{\"@id\":\"https:\/\/kapitalis.com\/tunisie\/#website\"},\"primaryImageOfPage\":{\"@id\":\"https:\/\/kapitalis.com\/tunisie\/2020\/01\/28\/ete-2020-air-france-consolide-ses-vols-sur-tunis-et-djerba\/#primaryimage\"},\"image\":{\"@id\":\"https:\/\/kapitalis.com\/tunisie\/2020\/01\/28\/ete-2020-air-france-consolide-ses-vols-sur-tunis-et-djerba\/#primaryimage\"},\"thumbnailUrl\":\"\",\"datePublished\":\"2020-01-28T08:05:49+00:00\",\"dateModified\":\"2020-01-28T08:05:53+00:00\",\"breadcrumb\":{\"@id\":\"https:\/\/kapitalis.com\/tunisie\/2020\/01\/28\/ete-2020-air-france-consolide-ses-vols-sur-tunis-et-djerba\/#breadcrumb\"},\"inLanguage\":\"fr-FR\",\"potentialAction\":[{\"@type\":\"ReadAction\",\"target\":[\"https:\/\/kapitalis.com\/tunisie\/2020\/01\/28\/ete-2020-air-france-consolide-ses-vols-sur-tunis-et-djerba\/\"]}]},{\"@type\":\"ImageObject\",\"inLanguage\":\"fr-FR\",\"@id\":\"https:\/\/kapitalis.com\/tunisie\/2020\/01\/28\/ete-2020-air-france-consolide-ses-vols-sur-tunis-et-djerba\/#primaryimage\",\"url\":\"\",\"contentUrl\":\"\"},{\"@type\":\"BreadcrumbList\",\"@id\":\"https:\/\/kapitalis.com\/tunisie\/2020\/01\/28\/ete-2020-air-france-consolide-ses-vols-sur-tunis-et-djerba\/#breadcrumb\",\"itemListElement\":[{\"@type\":\"ListItem\",\"position\":1,\"name\":\"Accueil\",\"item\":\"https:\/\/kapitalis.com\/tunisie\/\"},{\"@type\":\"ListItem\",\"position\":2,\"name\":\"Et\u00e9 2020 : Air France consolide ses vols sur Tunis et Djerba\"}]},{\"@type\":\"WebSite\",\"@id\":\"https:\/\/kapitalis.com\/tunisie\/#website\",\"url\":\"https:\/\/kapitalis.com\/tunisie\/\",\"name\":\"Kapitalis\",\"description\":\"L&#039;actualit\u00e9 en Tunisie et dans le monde\",\"publisher\":{\"@id\":\"https:\/\/kapitalis.com\/tunisie\/#organization\"},\"potentialAction\":[{\"@type\":\"SearchAction\",\"target\":{\"@type\":\"EntryPoint\",\"urlTemplate\":\"https:\/\/kapitalis.com\/tunisie\/?s={search_term_string}\"},\"query-input\":{\"@type\":\"PropertyValueSpecification\",\"valueRequired\":true,\"valueName\":\"search_term_string\"}}],\"inLanguage\":\"fr-FR\"},{\"@type\":\"Organization\",\"@id\":\"https:\/\/kapitalis.com\/tunisie\/#organization\",\"name\":\"Kapitalis\",\"url\":\"https:\/\/kapitalis.com\/tunisie\/\",\"logo\":{\"@type\":\"ImageObject\",\"inLanguage\":\"fr-FR\",\"@id\":\"https:\/\/kapitalis.com\/tunisie\/#\/schema\/logo\/image\/\",\"url\":\"https:\/\/kapitalis.com\/tunisie\/wp-content\/uploads\/2022\/05\/Kapitalis-big-size.png\",\"contentUrl\":\"https:\/\/kapitalis.com\/tunisie\/wp-content\/uploads\/2022\/05\/Kapitalis-big-size.png\",\"width\":5000,\"height\":1500,\"caption\":\"Kapitalis\"},\"image\":{\"@id\":\"https:\/\/kapitalis.com\/tunisie\/#\/schema\/logo\/image\/\"},\"sameAs\":[\"https:\/\/www.facebook.com\/KapitalisInfo\/\",\"https:\/\/x.com\/KapitalisInfo\",\"https:\/\/www.youtube.com\/channel\/UC-yDYrHyfFBWWZaOw3FPg9Q\"]},{\"@type\":\"Person\",\"@id\":\"https:\/\/kapitalis.com\/tunisie\/#\/schema\/person\/d71f33a9ca44f7bad4698210b480c8e9\",\"name\":\"webmaster kapitalis\",\"url\":\"https:\/\/kapitalis.com\/tunisie\/author\/webmaster-kapitalis\/\"}]}<\/script>\n<!-- \/ Yoast SEO plugin. -->","yoast_head_json":{"title":"Et\u00e9 2020 : Air France consolide ses vols sur Tunis et Djerba - Kapitalis","robots":{"index":"index","follow":"follow","max-snippet":"max-snippet:-1","max-image-preview":"max-image-preview:large","max-video-preview":"max-video-preview:-1"},"canonical":"https:\/\/kapitalis.com\/tunisie\/2020\/01\/28\/ete-2020-air-france-consolide-ses-vols-sur-tunis-et-djerba\/","og_locale":"fr_FR","og_type":"article","og_title":"Et\u00e9 2020 : Air France consolide ses vols sur Tunis et Djerba - Kapitalis","og_description":"Le r\u00e9seau d\u2019Air France s\u2019agrandit avec 5 nouvelles routes dont une nouvelle liaison sur Djerba en Tunisie, pendant la haute saison estivale 2020.","og_url":"https:\/\/kapitalis.com\/tunisie\/2020\/01\/28\/ete-2020-air-france-consolide-ses-vols-sur-tunis-et-djerba\/","og_site_name":"Kapitalis","article_publisher":"https:\/\/www.facebook.com\/KapitalisInfo\/","article_published_time":"2020-01-28T08:05:49+00:00","article_modified_time":"2020-01-28T08:05:53+00:00","og_image":[{"width":1200,"height":630,"url":"https:\/\/kapitalis.com\/tunisie\/wp-content\/uploads\/2022\/05\/kapitalis-logo-fb.png","type":"image\/png"}],"author":"webmaster kapitalis","twitter_card":"summary_large_image","twitter_creator":"@KapitalisInfo","twitter_site":"@KapitalisInfo","twitter_misc":{"\u00c9crit par":"webmaster kapitalis","Dur\u00e9e de lecture estim\u00e9e":"1 minute"},"schema":{"@context":"https:\/\/schema.org","@graph":[{"@type":"Article","@id":"https:\/\/kapitalis.com\/tunisie\/2020\/01\/28\/ete-2020-air-france-consolide-ses-vols-sur-tunis-et-djerba\/#article","isPartOf":{"@id":"https:\/\/kapitalis.com\/tunisie\/2020\/01\/28\/ete-2020-air-france-consolide-ses-vols-sur-tunis-et-djerba\/"},"author":{"name":"webmaster kapitalis","@id":"https:\/\/kapitalis.com\/tunisie\/#\/schema\/person\/d71f33a9ca44f7bad4698210b480c8e9"},"headline":"Et\u00e9 2020 : Air France consolide ses vols sur Tunis et Djerba","datePublished":"2020-01-28T08:05:49+00:00","dateModified":"2020-01-28T08:05:53+00:00","mainEntityOfPage":{"@id":"https:\/\/kapitalis.com\/tunisie\/2020\/01\/28\/ete-2020-air-france-consolide-ses-vols-sur-tunis-et-djerba\/"},"wordCount":162,"commentCount":3,"publisher":{"@id":"https:\/\/kapitalis.com\/tunisie\/#organization"},"image":{"@id":"https:\/\/kapitalis.com\/tunisie\/2020\/01\/28\/ete-2020-air-france-consolide-ses-vols-sur-tunis-et-djerba\/#primaryimage"},"thumbnailUrl":"","keywords":["Air France","Djerba"],"articleSection":["CONSO","ECONOMIE","Tunisie"],"inLanguage":"fr-FR","potentialAction":[{"@type":"CommentAction","name":"Comment","target":["https:\/\/kapitalis.com\/tunisie\/2020\/01\/28\/ete-2020-air-france-consolide-ses-vols-sur-tunis-et-djerba\/#respond"]}]},{"@type":"WebPage","@id":"https:\/\/kapitalis.com\/tunisie\/2020\/01\/28\/ete-2020-air-france-consolide-ses-vols-sur-tunis-et-djerba\/","url":"https:\/\/kapitalis.com\/tunisie\/2020\/01\/28\/ete-2020-air-france-consolide-ses-vols-sur-tunis-et-djerba\/","name":"Et\u00e9 2020 : Air France consolide ses vols sur Tunis et Djerba - Kapitalis","isPartOf":{"@id":"https:\/\/kapitalis.com\/tunisie\/#website"},"primaryImageOfPage":{"@id":"https:\/\/kapitalis.com\/tunisie\/2020\/01\/28\/ete-2020-air-france-consolide-ses-vols-sur-tunis-et-djerba\/#primaryimage"},"image":{"@id":"https:\/\/kapitalis.com\/tunisie\/2020\/01\/28\/ete-2020-air-france-consolide-ses-vols-sur-tunis-et-djerba\/#primaryimage"},"thumbnailUrl":"","datePublished":"2020-01-28T08:05:49+00:00","dateModified":"2020-01-28T08:05:53+00:00","breadcrumb":{"@id":"https:\/\/kapitalis.com\/tunisie\/2020\/01\/28\/ete-2020-air-france-consolide-ses-vols-sur-tunis-et-djerba\/#breadcrumb"},"inLanguage":"fr-FR","potentialAction":[{"@type":"ReadAction","target":["https:\/\/kapitalis.com\/tunisie\/2020\/01\/28\/ete-2020-air-france-consolide-ses-vols-sur-tunis-et-djerba\/"]}]},{"@type":"ImageObject","inLanguage":"fr-FR","@id":"https:\/\/kapitalis.com\/tunisie\/2020\/01\/28\/ete-2020-air-france-consolide-ses-vols-sur-tunis-et-djerba\/#primaryimage","url":"","contentUrl":""},{"@type":"BreadcrumbList","@id":"https:\/\/kapitalis.com\/tunisie\/2020\/01\/28\/ete-2020-air-france-consolide-ses-vols-sur-tunis-et-djerba\/#breadcrumb","itemListElement":[{"@type":"ListItem","position":1,"name":"Accueil","item":"https:\/\/kapitalis.com\/tunisie\/"},{"@type":"ListItem","position":2,"name":"Et\u00e9 2020 : Air France consolide ses vols sur Tunis et Djerba"}]},{"@type":"WebSite","@id":"https:\/\/kapitalis.com\/tunisie\/#website","url":"https:\/\/kapitalis.com\/tunisie\/","name":"Kapitalis","description":"L&#039;actualit\u00e9 en Tunisie et dans le monde","publisher":{"@id":"https:\/\/kapitalis.com\/tunisie\/#organization"},"potentialAction":[{"@type":"SearchAction","target":{"@type":"EntryPoint","urlTemplate":"https:\/\/kapitalis.com\/tunisie\/?s={search_term_string}"},"query-input":{"@type":"PropertyValueSpecification","valueRequired":true,"valueName":"search_term_string"}}],"inLanguage":"fr-FR"},{"@type":"Organization","@id":"https:\/\/kapitalis.com\/tunisie\/#organization","name":"Kapitalis","url":"https:\/\/kapitalis.com\/tunisie\/","logo":{"@type":"ImageObject","inLanguage":"fr-FR","@id":"https:\/\/kapitalis.com\/tunisie\/#\/schema\/logo\/image\/","url":"https:\/\/kapitalis.com\/tunisie\/wp-content\/uploads\/2022\/05\/Kapitalis-big-size.png","contentUrl":"https:\/\/kapitalis.com\/tunisie\/wp-content\/uploads\/2022\/05\/Kapitalis-big-size.png","width":5000,"height":1500,"caption":"Kapitalis"},"image":{"@id":"https:\/\/kapitalis.com\/tunisie\/#\/schema\/logo\/image\/"},"sameAs":["https:\/\/www.facebook.com\/KapitalisInfo\/","https:\/\/x.com\/KapitalisInfo","https:\/\/www.youtube.com\/channel\/UC-yDYrHyfFBWWZaOw3FPg9Q"]},{"@type":"Person","@id":"https:\/\/kapitalis.com\/tunisie\/#\/schema\/person\/d71f33a9ca44f7bad4698210b480c8e9","name":"webmaster kapitalis","url":"https:\/\/kapitalis.com\/tunisie\/author\/webmaster-kapitalis\/"}]}},"_links":{"self":[{"href":"https:\/\/kapitalis.com\/tunisie\/wp-json\/wp\/v2\/posts\/276545","targetHints":{"allow":["GET"]}}],"collection":[{"href":"https:\/\/kapitalis.com\/tunisie\/wp-json\/wp\/v2\/posts"}],"about":[{"href":"https:\/\/kapitalis.com\/tunisie\/wp-json\/wp\/v2\/types\/post"}],"author":[{"embeddable":true,"href":"https:\/\/kapitalis.com\/tunisie\/wp-json\/wp\/v2\/users\/8"}],"replies":[{"embeddable":true,"href":"https:\/\/kapitalis.com\/tunisie\/wp-json\/wp\/v2\/comments?post=276545"}],"version-history":[{"count":0,"href":"https:\/\/kapitalis.com\/tunisie\/wp-json\/wp\/v2\/posts\/276545\/revisions"}],"wp:featuredmedia":[{"embeddable":true,"href":"https:\/\/kapitalis.com\/tunisie\/wp-json\/wp\/v2\/media\/276549"}],"wp:attachment":[{"href":"https:\/\/kapitalis.com\/tunisie\/wp-json\/wp\/v2\/media?parent=276545"}],"wp:term":[{"taxonomy":"category","embeddable":true,"href":"https:\/\/kapitalis.com\/tunisie\/wp-json\/wp\/v2\/categories?post=276545"},{"taxonomy":"post_tag","embeddable":true,"href":"https:\/\/kapitalis.com\/tunisie\/wp-json\/wp\/v2\/tags?post=276545"}],"curies":[{"name":"wp","href":"https:\/\/api.w.org\/{rel}","templated":true}]}}