{"id":276589,"date":"2020-01-28T11:08:09","date_gmt":"2020-01-28T10:08:09","guid":{"rendered":"http:\/\/kapitalis.com\/tunisie\/?p=276589"},"modified":"2020-01-28T11:08:11","modified_gmt":"2020-01-28T10:08:11","slug":"ecologie-la-tunisie-autorise-limportation-du-1er-vehicule-tout-electrique","status":"publish","type":"post","link":"https:\/\/kapitalis.com\/tunisie\/2020\/01\/28\/ecologie-la-tunisie-autorise-limportation-du-1er-vehicule-tout-electrique\/","title":{"rendered":"Ecologie : La Tunisie autorise l\u2019importation du 1er v\u00e9hicule tout-\u00e9lectrique"},"content":{"rendered":"\n<figure class=\"wp-block-image size-large\"><img decoding=\"async\" src=\"http:\/\/kapitalis.com\/tunisie\/wp-content\/uploads\/2020\/01\/MG-Motor-EZS.jpg\" alt=\"\" class=\"wp-image-276627\"\/><\/figure>\n\n\n\n<p><strong><em>Le constructeur automobile britannique MG Motor a obtenu l\u2019autorisation de l\u2019Etat tunisien de mettre en vente sur le march\u00e9 tunisien son mod\u00e8le EZS.<\/em><\/strong><\/p>\n\n\n\n<!--more-->\n\n\n\n<p>C\u2019est le site <strong><em><a href=\"https:\/\/cleantechnica.com\/2020\/01\/27\/tunisia-approves-first-ev-from-an-importer-can-you-guess-the-model\/\">Clean Technica<\/a><\/em><\/strong> (&lsquo;<em>CT<\/em>&lsquo;) qui a rapport\u00e9 hier, lundi 27 janvier 2020, cette nouvelle du feu vert accord\u00e9 par notre pays \u00e0 l&rsquo;importation de la EZS, un SUV (ou VUS, v\u00e9hicule utilitaire sport) urbain tout-\u00e9lectrique, que le magazine sp\u00e9cialis\u00e9 d\u00e9crit comme \u00e9tant \u00ab<em>polyvalent et de conduite tr\u00e8s facile.<\/em>\u00bb<\/p>\n\n\n\n<p>A plus d\u2019un titre, la EZS de MG Motor est attrayante: par sa basse consommation de 18,6 kWh\/100 km; et par son acc\u00e9l\u00e9ration de 0 \u00e0 50 km en 3,1 secondes et de 0 \u00e0 100 km\/h en 8,2 secondes.<\/p>\n\n\n\n<p>La EZS offre \u00e9galement l\u2019avantage de pouvoir \u00eatre charg\u00e9e en mode normal dans environ 7 heures et en mode rapide \u00e0 80%, en l\u2019espace de 40 minutes.<\/p>\n\n\n\n<p>\u2018<em>CT<\/em>\u2019 croit savoir que la EZS de MG Motor sera mise en vente \u00e0 partir de 69.966 dinars tunisiens (DT).<\/p>\n\n\n\n<p class=\"has-text-align-right\"><strong>M. Ch.<\/strong><\/p>\n","protected":false},"excerpt":{"rendered":"<p>Le constructeur automobile britannique MG Motor a obtenu l\u2019autorisation de l\u2019Etat tunisien de mettre en vente sur le march\u00e9 tunisien son mod\u00e8le EZS.<\/p>\n","protected":false},"author":25,"featured_media":276627,"comment_status":"open","ping_status":"open","sticky":false,"template":"","format":"standard","meta":{"footnotes":""},"categories":[54707,995,2433],"tags":[],"class_list":["post-276589","post","type-post","status-publish","format-standard","has-post-thumbnail","hentry","category-auto","category-economie","category-tunisie"],"yoast_head":"<!-- This site is optimized with the Yoast SEO plugin v26.6 - https:\/\/yoast.com\/wordpress\/plugins\/seo\/ -->\n<title>Ecologie : La Tunisie autorise l\u2019importation du 1er v\u00e9hicule tout-\u00e9lectrique - Kapitalis<\/title>\n<meta name=\"robots\" content=\"index, follow, max-snippet:-1, max-image-preview:large, max-video-preview:-1\" \/>\n<link rel=\"canonical\" href=\"https:\/\/kapitalis.com\/tunisie\/2020\/01\/28\/ecologie-la-tunisie-autorise-limportation-du-1er-vehicule-tout-electrique\/\" \/>\n<meta property=\"og:locale\" content=\"fr_FR\" \/>\n<meta property=\"og:type\" content=\"article\" \/>\n<meta property=\"og:title\" content=\"Ecologie : La Tunisie autorise l\u2019importation du 1er v\u00e9hicule tout-\u00e9lectrique - Kapitalis\" \/>\n<meta property=\"og:description\" content=\"Le constructeur automobile britannique MG Motor a obtenu l\u2019autorisation de l\u2019Etat tunisien de mettre en vente sur le march\u00e9 tunisien son mod\u00e8le EZS.\" \/>\n<meta property=\"og:url\" content=\"https:\/\/kapitalis.com\/tunisie\/2020\/01\/28\/ecologie-la-tunisie-autorise-limportation-du-1er-vehicule-tout-electrique\/\" \/>\n<meta property=\"og:site_name\" content=\"Kapitalis\" \/>\n<meta property=\"article:publisher\" content=\"https:\/\/www.facebook.com\/KapitalisInfo\/\" \/>\n<meta property=\"article:published_time\" content=\"2020-01-28T10:08:09+00:00\" \/>\n<meta property=\"article:modified_time\" content=\"2020-01-28T10:08:11+00:00\" \/>\n<meta property=\"og:image\" content=\"https:\/\/kapitalis.com\/tunisie\/wp-content\/uploads\/2022\/05\/kapitalis-logo-fb.png\" \/>\n\t<meta property=\"og:image:width\" content=\"1200\" \/>\n\t<meta property=\"og:image:height\" content=\"630\" \/>\n\t<meta property=\"og:image:type\" content=\"image\/png\" \/>\n<meta name=\"author\" content=\"Moncef Dhambri\" \/>\n<meta name=\"twitter:card\" content=\"summary_large_image\" \/>\n<meta name=\"twitter:creator\" content=\"@KapitalisInfo\" \/>\n<meta name=\"twitter:site\" content=\"@KapitalisInfo\" \/>\n<meta name=\"twitter:label1\" content=\"\u00c9crit par\" \/>\n\t<meta name=\"twitter:data1\" content=\"Moncef Dhambri\" \/>\n\t<meta name=\"twitter:label2\" content=\"Dur\u00e9e de lecture estim\u00e9e\" \/>\n\t<meta name=\"twitter:data2\" content=\"1 minute\" \/>\n<script type=\"application\/ld+json\" class=\"yoast-schema-graph\">{\"@context\":\"https:\/\/schema.org\",\"@graph\":[{\"@type\":\"Article\",\"@id\":\"https:\/\/kapitalis.com\/tunisie\/2020\/01\/28\/ecologie-la-tunisie-autorise-limportation-du-1er-vehicule-tout-electrique\/#article\",\"isPartOf\":{\"@id\":\"https:\/\/kapitalis.com\/tunisie\/2020\/01\/28\/ecologie-la-tunisie-autorise-limportation-du-1er-vehicule-tout-electrique\/\"},\"author\":{\"name\":\"Moncef Dhambri\",\"@id\":\"https:\/\/kapitalis.com\/tunisie\/#\/schema\/person\/48fdbea283a929dd284e69d21e31a3d1\"},\"headline\":\"Ecologie : La Tunisie autorise l\u2019importation du 1er v\u00e9hicule tout-\u00e9lectrique\",\"datePublished\":\"2020-01-28T10:08:09+00:00\",\"dateModified\":\"2020-01-28T10:08:11+00:00\",\"mainEntityOfPage\":{\"@id\":\"https:\/\/kapitalis.com\/tunisie\/2020\/01\/28\/ecologie-la-tunisie-autorise-limportation-du-1er-vehicule-tout-electrique\/\"},\"wordCount\":172,\"commentCount\":5,\"publisher\":{\"@id\":\"https:\/\/kapitalis.com\/tunisie\/#organization\"},\"image\":{\"@id\":\"https:\/\/kapitalis.com\/tunisie\/2020\/01\/28\/ecologie-la-tunisie-autorise-limportation-du-1er-vehicule-tout-electrique\/#primaryimage\"},\"thumbnailUrl\":\"\",\"articleSection\":[\"AUTO\",\"ECONOMIE\",\"Tunisie\"],\"inLanguage\":\"fr-FR\",\"potentialAction\":[{\"@type\":\"CommentAction\",\"name\":\"Comment\",\"target\":[\"https:\/\/kapitalis.com\/tunisie\/2020\/01\/28\/ecologie-la-tunisie-autorise-limportation-du-1er-vehicule-tout-electrique\/#respond\"]}]},{\"@type\":\"WebPage\",\"@id\":\"https:\/\/kapitalis.com\/tunisie\/2020\/01\/28\/ecologie-la-tunisie-autorise-limportation-du-1er-vehicule-tout-electrique\/\",\"url\":\"https:\/\/kapitalis.com\/tunisie\/2020\/01\/28\/ecologie-la-tunisie-autorise-limportation-du-1er-vehicule-tout-electrique\/\",\"name\":\"Ecologie : La Tunisie autorise l\u2019importation du 1er v\u00e9hicule tout-\u00e9lectrique - Kapitalis\",\"isPartOf\":{\"@id\":\"https:\/\/kapitalis.com\/tunisie\/#website\"},\"primaryImageOfPage\":{\"@id\":\"https:\/\/kapitalis.com\/tunisie\/2020\/01\/28\/ecologie-la-tunisie-autorise-limportation-du-1er-vehicule-tout-electrique\/#primaryimage\"},\"image\":{\"@id\":\"https:\/\/kapitalis.com\/tunisie\/2020\/01\/28\/ecologie-la-tunisie-autorise-limportation-du-1er-vehicule-tout-electrique\/#primaryimage\"},\"thumbnailUrl\":\"\",\"datePublished\":\"2020-01-28T10:08:09+00:00\",\"dateModified\":\"2020-01-28T10:08:11+00:00\",\"breadcrumb\":{\"@id\":\"https:\/\/kapitalis.com\/tunisie\/2020\/01\/28\/ecologie-la-tunisie-autorise-limportation-du-1er-vehicule-tout-electrique\/#breadcrumb\"},\"inLanguage\":\"fr-FR\",\"potentialAction\":[{\"@type\":\"ReadAction\",\"target\":[\"https:\/\/kapitalis.com\/tunisie\/2020\/01\/28\/ecologie-la-tunisie-autorise-limportation-du-1er-vehicule-tout-electrique\/\"]}]},{\"@type\":\"ImageObject\",\"inLanguage\":\"fr-FR\",\"@id\":\"https:\/\/kapitalis.com\/tunisie\/2020\/01\/28\/ecologie-la-tunisie-autorise-limportation-du-1er-vehicule-tout-electrique\/#primaryimage\",\"url\":\"\",\"contentUrl\":\"\"},{\"@type\":\"BreadcrumbList\",\"@id\":\"https:\/\/kapitalis.com\/tunisie\/2020\/01\/28\/ecologie-la-tunisie-autorise-limportation-du-1er-vehicule-tout-electrique\/#breadcrumb\",\"itemListElement\":[{\"@type\":\"ListItem\",\"position\":1,\"name\":\"Accueil\",\"item\":\"https:\/\/kapitalis.com\/tunisie\/\"},{\"@type\":\"ListItem\",\"position\":2,\"name\":\"Ecologie : La Tunisie autorise l\u2019importation du 1er v\u00e9hicule tout-\u00e9lectrique\"}]},{\"@type\":\"WebSite\",\"@id\":\"https:\/\/kapitalis.com\/tunisie\/#website\",\"url\":\"https:\/\/kapitalis.com\/tunisie\/\",\"name\":\"Kapitalis\",\"description\":\"L&#039;actualit\u00e9 en Tunisie et dans le monde\",\"publisher\":{\"@id\":\"https:\/\/kapitalis.com\/tunisie\/#organization\"},\"potentialAction\":[{\"@type\":\"SearchAction\",\"target\":{\"@type\":\"EntryPoint\",\"urlTemplate\":\"https:\/\/kapitalis.com\/tunisie\/?s={search_term_string}\"},\"query-input\":{\"@type\":\"PropertyValueSpecification\",\"valueRequired\":true,\"valueName\":\"search_term_string\"}}],\"inLanguage\":\"fr-FR\"},{\"@type\":\"Organization\",\"@id\":\"https:\/\/kapitalis.com\/tunisie\/#organization\",\"name\":\"Kapitalis\",\"url\":\"https:\/\/kapitalis.com\/tunisie\/\",\"logo\":{\"@type\":\"ImageObject\",\"inLanguage\":\"fr-FR\",\"@id\":\"https:\/\/kapitalis.com\/tunisie\/#\/schema\/logo\/image\/\",\"url\":\"https:\/\/kapitalis.com\/tunisie\/wp-content\/uploads\/2022\/05\/Kapitalis-big-size.png\",\"contentUrl\":\"https:\/\/kapitalis.com\/tunisie\/wp-content\/uploads\/2022\/05\/Kapitalis-big-size.png\",\"width\":5000,\"height\":1500,\"caption\":\"Kapitalis\"},\"image\":{\"@id\":\"https:\/\/kapitalis.com\/tunisie\/#\/schema\/logo\/image\/\"},\"sameAs\":[\"https:\/\/www.facebook.com\/KapitalisInfo\/\",\"https:\/\/x.com\/KapitalisInfo\",\"https:\/\/www.youtube.com\/channel\/UC-yDYrHyfFBWWZaOw3FPg9Q\"]},{\"@type\":\"Person\",\"@id\":\"https:\/\/kapitalis.com\/tunisie\/#\/schema\/person\/48fdbea283a929dd284e69d21e31a3d1\",\"name\":\"Moncef Dhambri\",\"url\":\"https:\/\/kapitalis.com\/tunisie\/author\/moncef\/\"}]}<\/script>\n<!-- \/ Yoast SEO plugin. -->","yoast_head_json":{"title":"Ecologie : La Tunisie autorise l\u2019importation du 1er v\u00e9hicule tout-\u00e9lectrique - Kapitalis","robots":{"index":"index","follow":"follow","max-snippet":"max-snippet:-1","max-image-preview":"max-image-preview:large","max-video-preview":"max-video-preview:-1"},"canonical":"https:\/\/kapitalis.com\/tunisie\/2020\/01\/28\/ecologie-la-tunisie-autorise-limportation-du-1er-vehicule-tout-electrique\/","og_locale":"fr_FR","og_type":"article","og_title":"Ecologie : La Tunisie autorise l\u2019importation du 1er v\u00e9hicule tout-\u00e9lectrique - Kapitalis","og_description":"Le constructeur automobile britannique MG Motor a obtenu l\u2019autorisation de l\u2019Etat tunisien de mettre en vente sur le march\u00e9 tunisien son mod\u00e8le EZS.","og_url":"https:\/\/kapitalis.com\/tunisie\/2020\/01\/28\/ecologie-la-tunisie-autorise-limportation-du-1er-vehicule-tout-electrique\/","og_site_name":"Kapitalis","article_publisher":"https:\/\/www.facebook.com\/KapitalisInfo\/","article_published_time":"2020-01-28T10:08:09+00:00","article_modified_time":"2020-01-28T10:08:11+00:00","og_image":[{"width":1200,"height":630,"url":"https:\/\/kapitalis.com\/tunisie\/wp-content\/uploads\/2022\/05\/kapitalis-logo-fb.png","type":"image\/png"}],"author":"Moncef Dhambri","twitter_card":"summary_large_image","twitter_creator":"@KapitalisInfo","twitter_site":"@KapitalisInfo","twitter_misc":{"\u00c9crit par":"Moncef Dhambri","Dur\u00e9e de lecture estim\u00e9e":"1 minute"},"schema":{"@context":"https:\/\/schema.org","@graph":[{"@type":"Article","@id":"https:\/\/kapitalis.com\/tunisie\/2020\/01\/28\/ecologie-la-tunisie-autorise-limportation-du-1er-vehicule-tout-electrique\/#article","isPartOf":{"@id":"https:\/\/kapitalis.com\/tunisie\/2020\/01\/28\/ecologie-la-tunisie-autorise-limportation-du-1er-vehicule-tout-electrique\/"},"author":{"name":"Moncef Dhambri","@id":"https:\/\/kapitalis.com\/tunisie\/#\/schema\/person\/48fdbea283a929dd284e69d21e31a3d1"},"headline":"Ecologie : La Tunisie autorise l\u2019importation du 1er v\u00e9hicule tout-\u00e9lectrique","datePublished":"2020-01-28T10:08:09+00:00","dateModified":"2020-01-28T10:08:11+00:00","mainEntityOfPage":{"@id":"https:\/\/kapitalis.com\/tunisie\/2020\/01\/28\/ecologie-la-tunisie-autorise-limportation-du-1er-vehicule-tout-electrique\/"},"wordCount":172,"commentCount":5,"publisher":{"@id":"https:\/\/kapitalis.com\/tunisie\/#organization"},"image":{"@id":"https:\/\/kapitalis.com\/tunisie\/2020\/01\/28\/ecologie-la-tunisie-autorise-limportation-du-1er-vehicule-tout-electrique\/#primaryimage"},"thumbnailUrl":"","articleSection":["AUTO","ECONOMIE","Tunisie"],"inLanguage":"fr-FR","potentialAction":[{"@type":"CommentAction","name":"Comment","target":["https:\/\/kapitalis.com\/tunisie\/2020\/01\/28\/ecologie-la-tunisie-autorise-limportation-du-1er-vehicule-tout-electrique\/#respond"]}]},{"@type":"WebPage","@id":"https:\/\/kapitalis.com\/tunisie\/2020\/01\/28\/ecologie-la-tunisie-autorise-limportation-du-1er-vehicule-tout-electrique\/","url":"https:\/\/kapitalis.com\/tunisie\/2020\/01\/28\/ecologie-la-tunisie-autorise-limportation-du-1er-vehicule-tout-electrique\/","name":"Ecologie : La Tunisie autorise l\u2019importation du 1er v\u00e9hicule tout-\u00e9lectrique - Kapitalis","isPartOf":{"@id":"https:\/\/kapitalis.com\/tunisie\/#website"},"primaryImageOfPage":{"@id":"https:\/\/kapitalis.com\/tunisie\/2020\/01\/28\/ecologie-la-tunisie-autorise-limportation-du-1er-vehicule-tout-electrique\/#primaryimage"},"image":{"@id":"https:\/\/kapitalis.com\/tunisie\/2020\/01\/28\/ecologie-la-tunisie-autorise-limportation-du-1er-vehicule-tout-electrique\/#primaryimage"},"thumbnailUrl":"","datePublished":"2020-01-28T10:08:09+00:00","dateModified":"2020-01-28T10:08:11+00:00","breadcrumb":{"@id":"https:\/\/kapitalis.com\/tunisie\/2020\/01\/28\/ecologie-la-tunisie-autorise-limportation-du-1er-vehicule-tout-electrique\/#breadcrumb"},"inLanguage":"fr-FR","potentialAction":[{"@type":"ReadAction","target":["https:\/\/kapitalis.com\/tunisie\/2020\/01\/28\/ecologie-la-tunisie-autorise-limportation-du-1er-vehicule-tout-electrique\/"]}]},{"@type":"ImageObject","inLanguage":"fr-FR","@id":"https:\/\/kapitalis.com\/tunisie\/2020\/01\/28\/ecologie-la-tunisie-autorise-limportation-du-1er-vehicule-tout-electrique\/#primaryimage","url":"","contentUrl":""},{"@type":"BreadcrumbList","@id":"https:\/\/kapitalis.com\/tunisie\/2020\/01\/28\/ecologie-la-tunisie-autorise-limportation-du-1er-vehicule-tout-electrique\/#breadcrumb","itemListElement":[{"@type":"ListItem","position":1,"name":"Accueil","item":"https:\/\/kapitalis.com\/tunisie\/"},{"@type":"ListItem","position":2,"name":"Ecologie : La Tunisie autorise l\u2019importation du 1er v\u00e9hicule tout-\u00e9lectrique"}]},{"@type":"WebSite","@id":"https:\/\/kapitalis.com\/tunisie\/#website","url":"https:\/\/kapitalis.com\/tunisie\/","name":"Kapitalis","description":"L&#039;actualit\u00e9 en Tunisie et dans le monde","publisher":{"@id":"https:\/\/kapitalis.com\/tunisie\/#organization"},"potentialAction":[{"@type":"SearchAction","target":{"@type":"EntryPoint","urlTemplate":"https:\/\/kapitalis.com\/tunisie\/?s={search_term_string}"},"query-input":{"@type":"PropertyValueSpecification","valueRequired":true,"valueName":"search_term_string"}}],"inLanguage":"fr-FR"},{"@type":"Organization","@id":"https:\/\/kapitalis.com\/tunisie\/#organization","name":"Kapitalis","url":"https:\/\/kapitalis.com\/tunisie\/","logo":{"@type":"ImageObject","inLanguage":"fr-FR","@id":"https:\/\/kapitalis.com\/tunisie\/#\/schema\/logo\/image\/","url":"https:\/\/kapitalis.com\/tunisie\/wp-content\/uploads\/2022\/05\/Kapitalis-big-size.png","contentUrl":"https:\/\/kapitalis.com\/tunisie\/wp-content\/uploads\/2022\/05\/Kapitalis-big-size.png","width":5000,"height":1500,"caption":"Kapitalis"},"image":{"@id":"https:\/\/kapitalis.com\/tunisie\/#\/schema\/logo\/image\/"},"sameAs":["https:\/\/www.facebook.com\/KapitalisInfo\/","https:\/\/x.com\/KapitalisInfo","https:\/\/www.youtube.com\/channel\/UC-yDYrHyfFBWWZaOw3FPg9Q"]},{"@type":"Person","@id":"https:\/\/kapitalis.com\/tunisie\/#\/schema\/person\/48fdbea283a929dd284e69d21e31a3d1","name":"Moncef Dhambri","url":"https:\/\/kapitalis.com\/tunisie\/author\/moncef\/"}]}},"_links":{"self":[{"href":"https:\/\/kapitalis.com\/tunisie\/wp-json\/wp\/v2\/posts\/276589","targetHints":{"allow":["GET"]}}],"collection":[{"href":"https:\/\/kapitalis.com\/tunisie\/wp-json\/wp\/v2\/posts"}],"about":[{"href":"https:\/\/kapitalis.com\/tunisie\/wp-json\/wp\/v2\/types\/post"}],"author":[{"embeddable":true,"href":"https:\/\/kapitalis.com\/tunisie\/wp-json\/wp\/v2\/users\/25"}],"replies":[{"embeddable":true,"href":"https:\/\/kapitalis.com\/tunisie\/wp-json\/wp\/v2\/comments?post=276589"}],"version-history":[{"count":0,"href":"https:\/\/kapitalis.com\/tunisie\/wp-json\/wp\/v2\/posts\/276589\/revisions"}],"wp:featuredmedia":[{"embeddable":true,"href":"https:\/\/kapitalis.com\/tunisie\/wp-json\/wp\/v2\/media\/276627"}],"wp:attachment":[{"href":"https:\/\/kapitalis.com\/tunisie\/wp-json\/wp\/v2\/media?parent=276589"}],"wp:term":[{"taxonomy":"category","embeddable":true,"href":"https:\/\/kapitalis.com\/tunisie\/wp-json\/wp\/v2\/categories?post=276589"},{"taxonomy":"post_tag","embeddable":true,"href":"https:\/\/kapitalis.com\/tunisie\/wp-json\/wp\/v2\/tags?post=276589"}],"curies":[{"name":"wp","href":"https:\/\/api.w.org\/{rel}","templated":true}]}}