{"id":276672,"date":"2020-01-28T12:36:35","date_gmt":"2020-01-28T11:36:35","guid":{"rendered":"http:\/\/kapitalis.com\/tunisie\/?p=276672"},"modified":"2020-01-28T13:14:15","modified_gmt":"2020-01-28T12:14:15","slug":"affaire-madison-des-jugements-allant-du-non-lieu-a-1-an-de-prison-contre-les-agresseurs-du-pere","status":"publish","type":"post","link":"https:\/\/kapitalis.com\/tunisie\/2020\/01\/28\/affaire-madison-des-jugements-allant-du-non-lieu-a-1-an-de-prison-contre-les-agresseurs-du-pere\/","title":{"rendered":"Affaire Madison : Des jugements allant du non-lieu \u00e0 1 an de prison contre les agresseurs du p\u00e8re d&rsquo;Adam Boulifa"},"content":{"rendered":"\n<figure class=\"wp-block-image size-large\"><img decoding=\"async\" src=\"http:\/\/kapitalis.com\/tunisie\/wp-content\/uploads\/2020\/01\/wissem-boulifa.jpg\" alt=\"\" class=\"wp-image-276683\"\/><\/figure>\n\n\n\n<p><em><strong>Trois individus parmi les accus\u00e9s d&rsquo;avoir agress\u00e9 Wissem Boulifa, p\u00e8re d&rsquo;Adam Boulifa, dans le cadre de <a href=\"http:\/\/kapitalis.com\/tunisie\/2019\/11\/17\/ouverture-dune-enquete-suite-au-deces-dadam-boulifa-dans-un-hotel-du-centre-ville-de-tunis\/\">l&rsquo;affaire Madison<\/a>, dont deux agents de s\u00e9curit\u00e9 du restaurant, ont \u00e9t\u00e9 condamn\u00e9s \u00e0 des peines de prison allant de 6 mois \u00e0 un an. <\/strong><\/em><\/p>\n\n\n\n<!--more-->\n\n\n\n<p>C&rsquo;est le verdict rendu aujourd&rsquo;hui, mardi 28 janvier 2020, par le tribunal de premi\u00e8re instance de Tunis qui a d\u00e9cid\u00e9 un non-lieu pour 2 autres accus\u00e9s.<\/p>\n\n\n\n<p>Selon la radio Mosa\u00efque FM, le non-lieu concerne le directeur du restaurant et un serveur, alors que la peine d&rsquo;un an d&#8217;emprisonnement est \u00e0 l&rsquo;encontre d&rsquo;un client pr\u00e9sent ce soir-l\u00e0 et que celle de 6 mois d&#8217;emprisonnement est prononc\u00e9e contre 2 agents de s\u00e9curit\u00e9 qui avaient violemment fait sortir Wissem Boulifa du restaurant.<\/p>\n\n\n\n<p>Notons que le tribunal n\u2019a pas encore \u00e9mis de jugement concernant l\u2019affaire du meurtre d&rsquo;Adam Boulifa, tu\u00e9 par les agents de s\u00e9curit\u00e9 lors de la m\u00eame soir\u00e9e.<\/p>\n\n\n\n<p class=\"has-text-align-right\"><strong>C. B. Y.<\/strong><\/p>\n\n\n\n<figure class=\"wp-block-embed-wordpress wp-block-embed is-type-wp-embed is-provider-kapitalis\"><div class=\"wp-block-embed__wrapper\">\n<blockquote class=\"wp-embedded-content\" data-secret=\"nJ5OUqMJbu\"><a href=\"https:\/\/kapitalis.com\/tunisie\/2019\/11\/17\/ouverture-dune-enquete-suite-au-deces-dadam-boulifa-dans-un-hotel-du-centre-ville-de-tunis\/\">Ouverture d&rsquo;une enqu\u00eate suite au d\u00e9c\u00e8s d&rsquo;Adam Boulifa dans un h\u00f4tel du centre-ville de Tunis<\/a><\/blockquote><iframe loading=\"lazy\" class=\"wp-embedded-content\" sandbox=\"allow-scripts\" security=\"restricted\" style=\"position: absolute; clip: rect(1px, 1px, 1px, 1px);\" title=\"\u00ab\u00a0Ouverture d&rsquo;une enqu\u00eate suite au d\u00e9c\u00e8s d&rsquo;Adam Boulifa dans un h\u00f4tel du centre-ville de Tunis\u00a0\u00bb &#8212; Kapitalis\" src=\"https:\/\/kapitalis.com\/tunisie\/2019\/11\/17\/ouverture-dune-enquete-suite-au-deces-dadam-boulifa-dans-un-hotel-du-centre-ville-de-tunis\/embed\/#?secret=ci1e0PLzy2#?secret=nJ5OUqMJbu\" data-secret=\"nJ5OUqMJbu\" width=\"600\" height=\"338\" frameborder=\"0\" marginwidth=\"0\" marginheight=\"0\" scrolling=\"no\"><\/iframe>\n<\/div><\/figure>\n\n\n\n<figure class=\"wp-block-embed-wordpress wp-block-embed is-type-wp-embed is-provider-kapitalis\"><div class=\"wp-block-embed__wrapper\">\n<blockquote class=\"wp-embedded-content\" data-secret=\"CCGtlsuzwJ\"><a href=\"https:\/\/kapitalis.com\/tunisie\/2019\/11\/18\/deces-dadam-boulifa-le-gerant-du-madison-et-6-agents-de-securite-arretes\/\">D\u00e9c\u00e8s d&rsquo;Adam Boulifa : Le g\u00e9rant du Madison et 6 agents de s\u00e9curit\u00e9 arr\u00eat\u00e9s<\/a><\/blockquote><iframe loading=\"lazy\" class=\"wp-embedded-content\" sandbox=\"allow-scripts\" security=\"restricted\" style=\"position: absolute; clip: rect(1px, 1px, 1px, 1px);\" title=\"\u00ab\u00a0D\u00e9c\u00e8s d&rsquo;Adam Boulifa : Le g\u00e9rant du Madison et 6 agents de s\u00e9curit\u00e9 arr\u00eat\u00e9s\u00a0\u00bb &#8212; Kapitalis\" src=\"https:\/\/kapitalis.com\/tunisie\/2019\/11\/18\/deces-dadam-boulifa-le-gerant-du-madison-et-6-agents-de-securite-arretes\/embed\/#?secret=z3ljxSZrDA#?secret=CCGtlsuzwJ\" data-secret=\"CCGtlsuzwJ\" width=\"600\" height=\"338\" frameborder=\"0\" marginwidth=\"0\" marginheight=\"0\" scrolling=\"no\"><\/iframe>\n<\/div><\/figure>\n\n\n\n<figure class=\"wp-block-embed-wordpress wp-block-embed is-type-wp-embed is-provider-kapitalis\"><div class=\"wp-block-embed__wrapper\">\n<blockquote class=\"wp-embedded-content\" data-secret=\"TO1NJOYFtf\"><a href=\"https:\/\/kapitalis.com\/tunisie\/2019\/11\/19\/le-rapport-de-lautopsie-confirme-quadam-boulifa-a-succombe-a-des-coups-et-blessures-affirme-me-ben-mime\/\">Le rapport de l\u2019autopsie confirme qu&rsquo;Adam Boulifa a succomb\u00e9 \u00e0 des coups et blessures, affirme Me Ben Mime<\/a><\/blockquote><iframe loading=\"lazy\" class=\"wp-embedded-content\" sandbox=\"allow-scripts\" security=\"restricted\" style=\"position: absolute; clip: rect(1px, 1px, 1px, 1px);\" title=\"\u00ab\u00a0Le rapport de l\u2019autopsie confirme qu&rsquo;Adam Boulifa a succomb\u00e9 \u00e0 des coups et blessures, affirme Me Ben Mime\u00a0\u00bb &#8212; Kapitalis\" src=\"https:\/\/kapitalis.com\/tunisie\/2019\/11\/19\/le-rapport-de-lautopsie-confirme-quadam-boulifa-a-succombe-a-des-coups-et-blessures-affirme-me-ben-mime\/embed\/#?secret=3G0Hd5nGPE#?secret=TO1NJOYFtf\" data-secret=\"TO1NJOYFtf\" width=\"600\" height=\"338\" frameborder=\"0\" marginwidth=\"0\" marginheight=\"0\" scrolling=\"no\"><\/iframe>\n<\/div><\/figure>\n","protected":false},"excerpt":{"rendered":"<p>Trois individus parmi les accus\u00e9s d&rsquo;avoir agress\u00e9 Wissem Boulifa, p\u00e8re d&rsquo;Adam Boulifa, dans le cadre de l&rsquo;affaire Madison, dont deux agents de s\u00e9curit\u00e9 du restaurant, ont \u00e9t\u00e9 condamn\u00e9s \u00e0 des peines de prison allant de 6 mois \u00e0 un an.<\/p>\n","protected":false},"author":24,"featured_media":276683,"comment_status":"open","ping_status":"open","sticky":false,"template":"","format":"standard","meta":{"footnotes":""},"categories":[998,2433],"tags":[68961,68962,69095],"class_list":["post-276672","post","type-post","status-publish","format-standard","has-post-thumbnail","hentry","category-societe","category-tunisie","tag-adam-boulifa","tag-madison","tag-wissem-boulifa"],"yoast_head":"<!-- This site is optimized with the Yoast SEO plugin v26.6 - https:\/\/yoast.com\/wordpress\/plugins\/seo\/ -->\n<title>Affaire Madison : Des jugements allant du non-lieu \u00e0 1 an de prison contre les agresseurs du p\u00e8re d&#039;Adam Boulifa - Kapitalis<\/title>\n<meta name=\"robots\" content=\"index, follow, max-snippet:-1, max-image-preview:large, max-video-preview:-1\" \/>\n<link rel=\"canonical\" href=\"https:\/\/kapitalis.com\/tunisie\/2020\/01\/28\/affaire-madison-des-jugements-allant-du-non-lieu-a-1-an-de-prison-contre-les-agresseurs-du-pere\/\" \/>\n<meta property=\"og:locale\" content=\"fr_FR\" \/>\n<meta property=\"og:type\" content=\"article\" \/>\n<meta property=\"og:title\" content=\"Affaire Madison : Des jugements allant du non-lieu \u00e0 1 an de prison contre les agresseurs du p\u00e8re d&#039;Adam Boulifa - Kapitalis\" \/>\n<meta property=\"og:description\" content=\"Trois individus parmi les accus\u00e9s d&rsquo;avoir agress\u00e9 Wissem Boulifa, p\u00e8re d&rsquo;Adam Boulifa, dans le cadre de l&rsquo;affaire Madison, dont deux agents de s\u00e9curit\u00e9 du restaurant, ont \u00e9t\u00e9 condamn\u00e9s \u00e0 des peines de prison allant de 6 mois \u00e0 un an.\" \/>\n<meta property=\"og:url\" content=\"https:\/\/kapitalis.com\/tunisie\/2020\/01\/28\/affaire-madison-des-jugements-allant-du-non-lieu-a-1-an-de-prison-contre-les-agresseurs-du-pere\/\" \/>\n<meta property=\"og:site_name\" content=\"Kapitalis\" \/>\n<meta property=\"article:publisher\" content=\"https:\/\/www.facebook.com\/KapitalisInfo\/\" \/>\n<meta property=\"article:published_time\" content=\"2020-01-28T11:36:35+00:00\" \/>\n<meta property=\"article:modified_time\" content=\"2020-01-28T12:14:15+00:00\" \/>\n<meta property=\"og:image\" content=\"https:\/\/kapitalis.com\/tunisie\/wp-content\/uploads\/2022\/05\/kapitalis-logo-fb.png\" \/>\n\t<meta property=\"og:image:width\" content=\"1200\" \/>\n\t<meta property=\"og:image:height\" content=\"630\" \/>\n\t<meta property=\"og:image:type\" content=\"image\/png\" \/>\n<meta name=\"author\" content=\"Cherif Benyounes\" \/>\n<meta name=\"twitter:card\" content=\"summary_large_image\" \/>\n<meta name=\"twitter:creator\" content=\"@KapitalisInfo\" \/>\n<meta name=\"twitter:site\" content=\"@KapitalisInfo\" \/>\n<meta name=\"twitter:label1\" content=\"\u00c9crit par\" \/>\n\t<meta name=\"twitter:data1\" content=\"Cherif Benyounes\" \/>\n\t<meta name=\"twitter:label2\" content=\"Dur\u00e9e de lecture estim\u00e9e\" \/>\n\t<meta name=\"twitter:data2\" content=\"1 minute\" \/>\n<script type=\"application\/ld+json\" class=\"yoast-schema-graph\">{\"@context\":\"https:\/\/schema.org\",\"@graph\":[{\"@type\":\"Article\",\"@id\":\"https:\/\/kapitalis.com\/tunisie\/2020\/01\/28\/affaire-madison-des-jugements-allant-du-non-lieu-a-1-an-de-prison-contre-les-agresseurs-du-pere\/#article\",\"isPartOf\":{\"@id\":\"https:\/\/kapitalis.com\/tunisie\/2020\/01\/28\/affaire-madison-des-jugements-allant-du-non-lieu-a-1-an-de-prison-contre-les-agresseurs-du-pere\/\"},\"author\":{\"name\":\"Cherif Benyounes\",\"@id\":\"https:\/\/kapitalis.com\/tunisie\/#\/schema\/person\/b35b8d631961131107263178aeb8019e\"},\"headline\":\"Affaire Madison : Des jugements allant du non-lieu \u00e0 1 an de prison contre les agresseurs du p\u00e8re d&rsquo;Adam Boulifa\",\"datePublished\":\"2020-01-28T11:36:35+00:00\",\"dateModified\":\"2020-01-28T12:14:15+00:00\",\"mainEntityOfPage\":{\"@id\":\"https:\/\/kapitalis.com\/tunisie\/2020\/01\/28\/affaire-madison-des-jugements-allant-du-non-lieu-a-1-an-de-prison-contre-les-agresseurs-du-pere\/\"},\"wordCount\":190,\"commentCount\":0,\"publisher\":{\"@id\":\"https:\/\/kapitalis.com\/tunisie\/#organization\"},\"image\":{\"@id\":\"https:\/\/kapitalis.com\/tunisie\/2020\/01\/28\/affaire-madison-des-jugements-allant-du-non-lieu-a-1-an-de-prison-contre-les-agresseurs-du-pere\/#primaryimage\"},\"thumbnailUrl\":\"\",\"keywords\":[\"Adam Boulifa\",\"Madison\",\"Wissem Boulifa\"],\"articleSection\":[\"SOCIETE\",\"Tunisie\"],\"inLanguage\":\"fr-FR\",\"potentialAction\":[{\"@type\":\"CommentAction\",\"name\":\"Comment\",\"target\":[\"https:\/\/kapitalis.com\/tunisie\/2020\/01\/28\/affaire-madison-des-jugements-allant-du-non-lieu-a-1-an-de-prison-contre-les-agresseurs-du-pere\/#respond\"]}]},{\"@type\":\"WebPage\",\"@id\":\"https:\/\/kapitalis.com\/tunisie\/2020\/01\/28\/affaire-madison-des-jugements-allant-du-non-lieu-a-1-an-de-prison-contre-les-agresseurs-du-pere\/\",\"url\":\"https:\/\/kapitalis.com\/tunisie\/2020\/01\/28\/affaire-madison-des-jugements-allant-du-non-lieu-a-1-an-de-prison-contre-les-agresseurs-du-pere\/\",\"name\":\"Affaire Madison : Des jugements allant du non-lieu \u00e0 1 an de prison contre les agresseurs du p\u00e8re d'Adam Boulifa - Kapitalis\",\"isPartOf\":{\"@id\":\"https:\/\/kapitalis.com\/tunisie\/#website\"},\"primaryImageOfPage\":{\"@id\":\"https:\/\/kapitalis.com\/tunisie\/2020\/01\/28\/affaire-madison-des-jugements-allant-du-non-lieu-a-1-an-de-prison-contre-les-agresseurs-du-pere\/#primaryimage\"},\"image\":{\"@id\":\"https:\/\/kapitalis.com\/tunisie\/2020\/01\/28\/affaire-madison-des-jugements-allant-du-non-lieu-a-1-an-de-prison-contre-les-agresseurs-du-pere\/#primaryimage\"},\"thumbnailUrl\":\"\",\"datePublished\":\"2020-01-28T11:36:35+00:00\",\"dateModified\":\"2020-01-28T12:14:15+00:00\",\"breadcrumb\":{\"@id\":\"https:\/\/kapitalis.com\/tunisie\/2020\/01\/28\/affaire-madison-des-jugements-allant-du-non-lieu-a-1-an-de-prison-contre-les-agresseurs-du-pere\/#breadcrumb\"},\"inLanguage\":\"fr-FR\",\"potentialAction\":[{\"@type\":\"ReadAction\",\"target\":[\"https:\/\/kapitalis.com\/tunisie\/2020\/01\/28\/affaire-madison-des-jugements-allant-du-non-lieu-a-1-an-de-prison-contre-les-agresseurs-du-pere\/\"]}]},{\"@type\":\"ImageObject\",\"inLanguage\":\"fr-FR\",\"@id\":\"https:\/\/kapitalis.com\/tunisie\/2020\/01\/28\/affaire-madison-des-jugements-allant-du-non-lieu-a-1-an-de-prison-contre-les-agresseurs-du-pere\/#primaryimage\",\"url\":\"\",\"contentUrl\":\"\"},{\"@type\":\"BreadcrumbList\",\"@id\":\"https:\/\/kapitalis.com\/tunisie\/2020\/01\/28\/affaire-madison-des-jugements-allant-du-non-lieu-a-1-an-de-prison-contre-les-agresseurs-du-pere\/#breadcrumb\",\"itemListElement\":[{\"@type\":\"ListItem\",\"position\":1,\"name\":\"Accueil\",\"item\":\"https:\/\/kapitalis.com\/tunisie\/\"},{\"@type\":\"ListItem\",\"position\":2,\"name\":\"Affaire Madison : Des jugements allant du non-lieu \u00e0 1 an de prison contre les agresseurs du p\u00e8re d&rsquo;Adam Boulifa\"}]},{\"@type\":\"WebSite\",\"@id\":\"https:\/\/kapitalis.com\/tunisie\/#website\",\"url\":\"https:\/\/kapitalis.com\/tunisie\/\",\"name\":\"Kapitalis\",\"description\":\"L&#039;actualit\u00e9 en Tunisie et dans le monde\",\"publisher\":{\"@id\":\"https:\/\/kapitalis.com\/tunisie\/#organization\"},\"potentialAction\":[{\"@type\":\"SearchAction\",\"target\":{\"@type\":\"EntryPoint\",\"urlTemplate\":\"https:\/\/kapitalis.com\/tunisie\/?s={search_term_string}\"},\"query-input\":{\"@type\":\"PropertyValueSpecification\",\"valueRequired\":true,\"valueName\":\"search_term_string\"}}],\"inLanguage\":\"fr-FR\"},{\"@type\":\"Organization\",\"@id\":\"https:\/\/kapitalis.com\/tunisie\/#organization\",\"name\":\"Kapitalis\",\"url\":\"https:\/\/kapitalis.com\/tunisie\/\",\"logo\":{\"@type\":\"ImageObject\",\"inLanguage\":\"fr-FR\",\"@id\":\"https:\/\/kapitalis.com\/tunisie\/#\/schema\/logo\/image\/\",\"url\":\"https:\/\/kapitalis.com\/tunisie\/wp-content\/uploads\/2022\/05\/Kapitalis-big-size.png\",\"contentUrl\":\"https:\/\/kapitalis.com\/tunisie\/wp-content\/uploads\/2022\/05\/Kapitalis-big-size.png\",\"width\":5000,\"height\":1500,\"caption\":\"Kapitalis\"},\"image\":{\"@id\":\"https:\/\/kapitalis.com\/tunisie\/#\/schema\/logo\/image\/\"},\"sameAs\":[\"https:\/\/www.facebook.com\/KapitalisInfo\/\",\"https:\/\/x.com\/KapitalisInfo\",\"https:\/\/www.youtube.com\/channel\/UC-yDYrHyfFBWWZaOw3FPg9Q\"]},{\"@type\":\"Person\",\"@id\":\"https:\/\/kapitalis.com\/tunisie\/#\/schema\/person\/b35b8d631961131107263178aeb8019e\",\"name\":\"Cherif Benyounes\",\"url\":\"https:\/\/kapitalis.com\/tunisie\/author\/cherif\/\"}]}<\/script>\n<!-- \/ Yoast SEO plugin. -->","yoast_head_json":{"title":"Affaire Madison : Des jugements allant du non-lieu \u00e0 1 an de prison contre les agresseurs du p\u00e8re d'Adam Boulifa - Kapitalis","robots":{"index":"index","follow":"follow","max-snippet":"max-snippet:-1","max-image-preview":"max-image-preview:large","max-video-preview":"max-video-preview:-1"},"canonical":"https:\/\/kapitalis.com\/tunisie\/2020\/01\/28\/affaire-madison-des-jugements-allant-du-non-lieu-a-1-an-de-prison-contre-les-agresseurs-du-pere\/","og_locale":"fr_FR","og_type":"article","og_title":"Affaire Madison : Des jugements allant du non-lieu \u00e0 1 an de prison contre les agresseurs du p\u00e8re d'Adam Boulifa - Kapitalis","og_description":"Trois individus parmi les accus\u00e9s d&rsquo;avoir agress\u00e9 Wissem Boulifa, p\u00e8re d&rsquo;Adam Boulifa, dans le cadre de l&rsquo;affaire Madison, dont deux agents de s\u00e9curit\u00e9 du restaurant, ont \u00e9t\u00e9 condamn\u00e9s \u00e0 des peines de prison allant de 6 mois \u00e0 un an.","og_url":"https:\/\/kapitalis.com\/tunisie\/2020\/01\/28\/affaire-madison-des-jugements-allant-du-non-lieu-a-1-an-de-prison-contre-les-agresseurs-du-pere\/","og_site_name":"Kapitalis","article_publisher":"https:\/\/www.facebook.com\/KapitalisInfo\/","article_published_time":"2020-01-28T11:36:35+00:00","article_modified_time":"2020-01-28T12:14:15+00:00","og_image":[{"width":1200,"height":630,"url":"https:\/\/kapitalis.com\/tunisie\/wp-content\/uploads\/2022\/05\/kapitalis-logo-fb.png","type":"image\/png"}],"author":"Cherif Benyounes","twitter_card":"summary_large_image","twitter_creator":"@KapitalisInfo","twitter_site":"@KapitalisInfo","twitter_misc":{"\u00c9crit par":"Cherif Benyounes","Dur\u00e9e de lecture estim\u00e9e":"1 minute"},"schema":{"@context":"https:\/\/schema.org","@graph":[{"@type":"Article","@id":"https:\/\/kapitalis.com\/tunisie\/2020\/01\/28\/affaire-madison-des-jugements-allant-du-non-lieu-a-1-an-de-prison-contre-les-agresseurs-du-pere\/#article","isPartOf":{"@id":"https:\/\/kapitalis.com\/tunisie\/2020\/01\/28\/affaire-madison-des-jugements-allant-du-non-lieu-a-1-an-de-prison-contre-les-agresseurs-du-pere\/"},"author":{"name":"Cherif Benyounes","@id":"https:\/\/kapitalis.com\/tunisie\/#\/schema\/person\/b35b8d631961131107263178aeb8019e"},"headline":"Affaire Madison : Des jugements allant du non-lieu \u00e0 1 an de prison contre les agresseurs du p\u00e8re d&rsquo;Adam Boulifa","datePublished":"2020-01-28T11:36:35+00:00","dateModified":"2020-01-28T12:14:15+00:00","mainEntityOfPage":{"@id":"https:\/\/kapitalis.com\/tunisie\/2020\/01\/28\/affaire-madison-des-jugements-allant-du-non-lieu-a-1-an-de-prison-contre-les-agresseurs-du-pere\/"},"wordCount":190,"commentCount":0,"publisher":{"@id":"https:\/\/kapitalis.com\/tunisie\/#organization"},"image":{"@id":"https:\/\/kapitalis.com\/tunisie\/2020\/01\/28\/affaire-madison-des-jugements-allant-du-non-lieu-a-1-an-de-prison-contre-les-agresseurs-du-pere\/#primaryimage"},"thumbnailUrl":"","keywords":["Adam Boulifa","Madison","Wissem Boulifa"],"articleSection":["SOCIETE","Tunisie"],"inLanguage":"fr-FR","potentialAction":[{"@type":"CommentAction","name":"Comment","target":["https:\/\/kapitalis.com\/tunisie\/2020\/01\/28\/affaire-madison-des-jugements-allant-du-non-lieu-a-1-an-de-prison-contre-les-agresseurs-du-pere\/#respond"]}]},{"@type":"WebPage","@id":"https:\/\/kapitalis.com\/tunisie\/2020\/01\/28\/affaire-madison-des-jugements-allant-du-non-lieu-a-1-an-de-prison-contre-les-agresseurs-du-pere\/","url":"https:\/\/kapitalis.com\/tunisie\/2020\/01\/28\/affaire-madison-des-jugements-allant-du-non-lieu-a-1-an-de-prison-contre-les-agresseurs-du-pere\/","name":"Affaire Madison : Des jugements allant du non-lieu \u00e0 1 an de prison contre les agresseurs du p\u00e8re d'Adam Boulifa - Kapitalis","isPartOf":{"@id":"https:\/\/kapitalis.com\/tunisie\/#website"},"primaryImageOfPage":{"@id":"https:\/\/kapitalis.com\/tunisie\/2020\/01\/28\/affaire-madison-des-jugements-allant-du-non-lieu-a-1-an-de-prison-contre-les-agresseurs-du-pere\/#primaryimage"},"image":{"@id":"https:\/\/kapitalis.com\/tunisie\/2020\/01\/28\/affaire-madison-des-jugements-allant-du-non-lieu-a-1-an-de-prison-contre-les-agresseurs-du-pere\/#primaryimage"},"thumbnailUrl":"","datePublished":"2020-01-28T11:36:35+00:00","dateModified":"2020-01-28T12:14:15+00:00","breadcrumb":{"@id":"https:\/\/kapitalis.com\/tunisie\/2020\/01\/28\/affaire-madison-des-jugements-allant-du-non-lieu-a-1-an-de-prison-contre-les-agresseurs-du-pere\/#breadcrumb"},"inLanguage":"fr-FR","potentialAction":[{"@type":"ReadAction","target":["https:\/\/kapitalis.com\/tunisie\/2020\/01\/28\/affaire-madison-des-jugements-allant-du-non-lieu-a-1-an-de-prison-contre-les-agresseurs-du-pere\/"]}]},{"@type":"ImageObject","inLanguage":"fr-FR","@id":"https:\/\/kapitalis.com\/tunisie\/2020\/01\/28\/affaire-madison-des-jugements-allant-du-non-lieu-a-1-an-de-prison-contre-les-agresseurs-du-pere\/#primaryimage","url":"","contentUrl":""},{"@type":"BreadcrumbList","@id":"https:\/\/kapitalis.com\/tunisie\/2020\/01\/28\/affaire-madison-des-jugements-allant-du-non-lieu-a-1-an-de-prison-contre-les-agresseurs-du-pere\/#breadcrumb","itemListElement":[{"@type":"ListItem","position":1,"name":"Accueil","item":"https:\/\/kapitalis.com\/tunisie\/"},{"@type":"ListItem","position":2,"name":"Affaire Madison : Des jugements allant du non-lieu \u00e0 1 an de prison contre les agresseurs du p\u00e8re d&rsquo;Adam Boulifa"}]},{"@type":"WebSite","@id":"https:\/\/kapitalis.com\/tunisie\/#website","url":"https:\/\/kapitalis.com\/tunisie\/","name":"Kapitalis","description":"L&#039;actualit\u00e9 en Tunisie et dans le monde","publisher":{"@id":"https:\/\/kapitalis.com\/tunisie\/#organization"},"potentialAction":[{"@type":"SearchAction","target":{"@type":"EntryPoint","urlTemplate":"https:\/\/kapitalis.com\/tunisie\/?s={search_term_string}"},"query-input":{"@type":"PropertyValueSpecification","valueRequired":true,"valueName":"search_term_string"}}],"inLanguage":"fr-FR"},{"@type":"Organization","@id":"https:\/\/kapitalis.com\/tunisie\/#organization","name":"Kapitalis","url":"https:\/\/kapitalis.com\/tunisie\/","logo":{"@type":"ImageObject","inLanguage":"fr-FR","@id":"https:\/\/kapitalis.com\/tunisie\/#\/schema\/logo\/image\/","url":"https:\/\/kapitalis.com\/tunisie\/wp-content\/uploads\/2022\/05\/Kapitalis-big-size.png","contentUrl":"https:\/\/kapitalis.com\/tunisie\/wp-content\/uploads\/2022\/05\/Kapitalis-big-size.png","width":5000,"height":1500,"caption":"Kapitalis"},"image":{"@id":"https:\/\/kapitalis.com\/tunisie\/#\/schema\/logo\/image\/"},"sameAs":["https:\/\/www.facebook.com\/KapitalisInfo\/","https:\/\/x.com\/KapitalisInfo","https:\/\/www.youtube.com\/channel\/UC-yDYrHyfFBWWZaOw3FPg9Q"]},{"@type":"Person","@id":"https:\/\/kapitalis.com\/tunisie\/#\/schema\/person\/b35b8d631961131107263178aeb8019e","name":"Cherif Benyounes","url":"https:\/\/kapitalis.com\/tunisie\/author\/cherif\/"}]}},"_links":{"self":[{"href":"https:\/\/kapitalis.com\/tunisie\/wp-json\/wp\/v2\/posts\/276672","targetHints":{"allow":["GET"]}}],"collection":[{"href":"https:\/\/kapitalis.com\/tunisie\/wp-json\/wp\/v2\/posts"}],"about":[{"href":"https:\/\/kapitalis.com\/tunisie\/wp-json\/wp\/v2\/types\/post"}],"author":[{"embeddable":true,"href":"https:\/\/kapitalis.com\/tunisie\/wp-json\/wp\/v2\/users\/24"}],"replies":[{"embeddable":true,"href":"https:\/\/kapitalis.com\/tunisie\/wp-json\/wp\/v2\/comments?post=276672"}],"version-history":[{"count":0,"href":"https:\/\/kapitalis.com\/tunisie\/wp-json\/wp\/v2\/posts\/276672\/revisions"}],"wp:featuredmedia":[{"embeddable":true,"href":"https:\/\/kapitalis.com\/tunisie\/wp-json\/wp\/v2\/media\/276683"}],"wp:attachment":[{"href":"https:\/\/kapitalis.com\/tunisie\/wp-json\/wp\/v2\/media?parent=276672"}],"wp:term":[{"taxonomy":"category","embeddable":true,"href":"https:\/\/kapitalis.com\/tunisie\/wp-json\/wp\/v2\/categories?post=276672"},{"taxonomy":"post_tag","embeddable":true,"href":"https:\/\/kapitalis.com\/tunisie\/wp-json\/wp\/v2\/tags?post=276672"}],"curies":[{"name":"wp","href":"https:\/\/api.w.org\/{rel}","templated":true}]}}