{"id":276703,"date":"2020-01-28T13:32:48","date_gmt":"2020-01-28T12:32:48","guid":{"rendered":"http:\/\/kapitalis.com\/tunisie\/?p=276703"},"modified":"2020-01-28T13:53:25","modified_gmt":"2020-01-28T12:53:25","slug":"drame-de-amdoun-la-commission-parlementaire-empechee-de-rencontrer-le-proprietaire-de-lagence-de-voyage","status":"publish","type":"post","link":"https:\/\/kapitalis.com\/tunisie\/2020\/01\/28\/drame-de-amdoun-la-commission-parlementaire-empechee-de-rencontrer-le-proprietaire-de-lagence-de-voyage\/","title":{"rendered":"Drame de Amdoun : La commission parlementaire emp\u00each\u00e9e de rencontrer le propri\u00e9taire de l\u2019agence de voyages"},"content":{"rendered":"\n<figure class=\"wp-block-image size-large\"><img decoding=\"async\" src=\"http:\/\/kapitalis.com\/tunisie\/wp-content\/uploads\/2019\/12\/Ain-Snoussi-Amdoun-mesures-gvt.jpg\" alt=\"\" class=\"wp-image-260628\"\/><\/figure>\n\n\n\n<p><em><strong>Un communiqu\u00e9 rendu public par l&rsquo;Assembl\u00e9e des repr\u00e9sentants du peuple (ARP) aujourd&rsquo;hui, mardi 28 janvier 2020, indique que des membres de la commission d\u2019enqu\u00eate sur <a href=\"http:\/\/kapitalis.com\/tunisie\/2019\/12\/01\/au-moins-19-morts-et-22-blesses-dans-un-reversement-de-bus-entre-ain-draham-et-beja\/\">le drame de Amdoun<\/a> (B\u00e9ja) se sont rendus hier \u00e0 la prison de Jendouba pour rencontrer le propri\u00e9taire de l\u2019agence de voyages accus\u00e9 dans l\u2019affaire, mais qu&rsquo;ils en ont \u00e9t\u00e9 emp\u00each\u00e9s sans explications.<\/strong><\/em><\/p>\n\n\n\n<!--more-->\n\n\n\n<p>Regrettant cet \u00e9pisode, la commission a signal\u00e9, dans ledit communiqu\u00e9 que  \u00ab<em>son r\u00f4le n&rsquo;est pas d&rsquo;intervenir dans le syst\u00e8me judiciaire ni d&rsquo;\u00e9mettre des jugements ou des accusations mais qu&rsquo;en tant qu&rsquo;autorit\u00e9 l\u00e9gislative, il se limite \u00e0 d\u00e9finir les responsabilit\u00e9s et \u00e0 donner des recommandations et des initiatives dans le but de lutter contre de tels accidents dramatiques<\/em>\u00bb.<\/p>\n\n\n\n<p>Sayida Ounissi, pr\u00e9sidente de la commission, a, de son c\u00f4t\u00e9, d\u00e9clar\u00e9 que l\u2019accus\u00e9 a \u00e9t\u00e9 transf\u00e9r\u00e9 de la prison de B\u00e9ja \u00e0 celle de Jendouba sans en informer les membres de la commission, soulignant qu\u2019elle pr\u00e9sentera une proposition pour \u00e9largir les pr\u00e9rogatives de cette structure parlementaire. <\/p>\n\n\n\n<p class=\"has-text-align-right\"><strong>C. B. Y.<\/strong><\/p>\n\n\n\n<figure class=\"wp-block-embed-wordpress wp-block-embed is-type-wp-embed is-provider-kapitalis\"><div class=\"wp-block-embed__wrapper\">\n<blockquote class=\"wp-embedded-content\" data-secret=\"nYF5HlE2Ld\"><a href=\"https:\/\/kapitalis.com\/tunisie\/2019\/12\/06\/drame-de-amdoun-mandat-de-depot-a-lencontre-du-proprietaire-de-lagence-de-voyage\/\">Drame de Amdoun : Mandat de d\u00e9p\u00f4t \u00e0 l&rsquo;encontre du propri\u00e9taire de l&rsquo;agence de voyage<\/a><\/blockquote><iframe loading=\"lazy\" class=\"wp-embedded-content\" sandbox=\"allow-scripts\" security=\"restricted\" style=\"position: absolute; clip: rect(1px, 1px, 1px, 1px);\" title=\"\u00ab\u00a0Drame de Amdoun : Mandat de d\u00e9p\u00f4t \u00e0 l&rsquo;encontre du propri\u00e9taire de l&rsquo;agence de voyage\u00a0\u00bb &#8212; Kapitalis\" src=\"https:\/\/kapitalis.com\/tunisie\/2019\/12\/06\/drame-de-amdoun-mandat-de-depot-a-lencontre-du-proprietaire-de-lagence-de-voyage\/embed\/#?secret=sFaVqTn9jx#?secret=nYF5HlE2Ld\" data-secret=\"nYF5HlE2Ld\" width=\"600\" height=\"338\" frameborder=\"0\" marginwidth=\"0\" marginheight=\"0\" scrolling=\"no\"><\/iframe>\n<\/div><\/figure>\n\n\n\n<figure class=\"wp-block-embed-wordpress wp-block-embed is-type-wp-embed is-provider-kapitalis\"><div class=\"wp-block-embed__wrapper\">\n<blockquote class=\"wp-embedded-content\" data-secret=\"ZlVhFZzEUp\"><a href=\"https:\/\/kapitalis.com\/tunisie\/2019\/12\/01\/au-moins-19-morts-et-22-blesses-dans-un-reversement-de-bus-entre-ain-draham-et-beja\/\">Au moins 19 morts et 22 bless\u00e9s dans un reversement de bus entre A\u00efn Draham et B\u00e9ja<\/a><\/blockquote><iframe loading=\"lazy\" class=\"wp-embedded-content\" sandbox=\"allow-scripts\" security=\"restricted\" style=\"position: absolute; clip: rect(1px, 1px, 1px, 1px);\" title=\"\u00ab\u00a0Au moins 19 morts et 22 bless\u00e9s dans un reversement de bus entre A\u00efn Draham et B\u00e9ja\u00a0\u00bb &#8212; Kapitalis\" src=\"https:\/\/kapitalis.com\/tunisie\/2019\/12\/01\/au-moins-19-morts-et-22-blesses-dans-un-reversement-de-bus-entre-ain-draham-et-beja\/embed\/#?secret=Qq4rAP5sYx#?secret=ZlVhFZzEUp\" data-secret=\"ZlVhFZzEUp\" width=\"600\" height=\"338\" frameborder=\"0\" marginwidth=\"0\" marginheight=\"0\" scrolling=\"no\"><\/iframe>\n<\/div><\/figure>\n\n\n\n<figure class=\"wp-block-embed-wordpress wp-block-embed is-type-wp-embed is-provider-kapitalis\"><div class=\"wp-block-embed__wrapper\">\n<blockquote class=\"wp-embedded-content\" data-secret=\"5WbNLzxJ6M\"><a href=\"https:\/\/kapitalis.com\/tunisie\/2019\/12\/08\/il-y-a-une-semaine-le-drame-de-amdoun-encore-30-morts-pour-rien\/\">Il y a une semaine, le drame de Amdoun : Encore 30  morts pour rien ?<\/a><\/blockquote><iframe loading=\"lazy\" class=\"wp-embedded-content\" sandbox=\"allow-scripts\" security=\"restricted\" style=\"position: absolute; clip: rect(1px, 1px, 1px, 1px);\" title=\"\u00ab\u00a0Il y a une semaine, le drame de Amdoun : Encore 30  morts pour rien ?\u00a0\u00bb &#8212; Kapitalis\" src=\"https:\/\/kapitalis.com\/tunisie\/2019\/12\/08\/il-y-a-une-semaine-le-drame-de-amdoun-encore-30-morts-pour-rien\/embed\/#?secret=nAB6sNpvg9#?secret=5WbNLzxJ6M\" data-secret=\"5WbNLzxJ6M\" width=\"600\" height=\"338\" frameborder=\"0\" marginwidth=\"0\" marginheight=\"0\" scrolling=\"no\"><\/iframe>\n<\/div><\/figure>\n","protected":false},"excerpt":{"rendered":"<p>Un communiqu\u00e9 rendu public par l&rsquo;Assembl\u00e9e des repr\u00e9sentants du peuple (ARP) aujourd&rsquo;hui, mardi 28 janvier 2020, indique que des membres de la commission d\u2019enqu\u00eate sur le drame de Amdoun (B\u00e9ja) se sont rendus hier \u00e0 la prison de Jendouba pour rencontrer le propri\u00e9taire de l\u2019agence de voyages accus\u00e9 dans l\u2019affaire, mais qu&rsquo;ils en ont \u00e9t\u00e9&#8230;<\/p>\n","protected":false},"author":24,"featured_media":0,"comment_status":"open","ping_status":"open","sticky":false,"template":"","format":"standard","meta":{"footnotes":""},"categories":[997,998,2433],"tags":[],"class_list":["post-276703","post","type-post","status-publish","format-standard","hentry","category-politique","category-societe","category-tunisie"],"yoast_head":"<!-- This site is optimized with the Yoast SEO plugin v26.6 - https:\/\/yoast.com\/wordpress\/plugins\/seo\/ -->\n<title>Drame de Amdoun : La commission parlementaire emp\u00each\u00e9e de rencontrer le propri\u00e9taire de l\u2019agence de voyages - Kapitalis<\/title>\n<meta name=\"robots\" content=\"index, follow, max-snippet:-1, max-image-preview:large, max-video-preview:-1\" \/>\n<link rel=\"canonical\" href=\"https:\/\/kapitalis.com\/tunisie\/2020\/01\/28\/drame-de-amdoun-la-commission-parlementaire-empechee-de-rencontrer-le-proprietaire-de-lagence-de-voyage\/\" \/>\n<meta property=\"og:locale\" content=\"fr_FR\" \/>\n<meta property=\"og:type\" content=\"article\" \/>\n<meta property=\"og:title\" content=\"Drame de Amdoun : La commission parlementaire emp\u00each\u00e9e de rencontrer le propri\u00e9taire de l\u2019agence de voyages - Kapitalis\" \/>\n<meta property=\"og:description\" content=\"Un communiqu\u00e9 rendu public par l&rsquo;Assembl\u00e9e des repr\u00e9sentants du peuple (ARP) aujourd&rsquo;hui, mardi 28 janvier 2020, indique que des membres de la commission d\u2019enqu\u00eate sur le drame de Amdoun (B\u00e9ja) se sont rendus hier \u00e0 la prison de Jendouba pour rencontrer le propri\u00e9taire de l\u2019agence de voyages accus\u00e9 dans l\u2019affaire, mais qu&rsquo;ils en ont \u00e9t\u00e9...\" \/>\n<meta property=\"og:url\" content=\"https:\/\/kapitalis.com\/tunisie\/2020\/01\/28\/drame-de-amdoun-la-commission-parlementaire-empechee-de-rencontrer-le-proprietaire-de-lagence-de-voyage\/\" \/>\n<meta property=\"og:site_name\" content=\"Kapitalis\" \/>\n<meta property=\"article:publisher\" content=\"https:\/\/www.facebook.com\/KapitalisInfo\/\" \/>\n<meta property=\"article:published_time\" content=\"2020-01-28T12:32:48+00:00\" \/>\n<meta property=\"article:modified_time\" content=\"2020-01-28T12:53:25+00:00\" \/>\n<meta property=\"og:image\" content=\"http:\/\/kapitalis.com\/tunisie\/wp-content\/uploads\/2019\/12\/Ain-Snoussi-Amdoun-mesures-gvt.jpg\" \/>\n<meta name=\"author\" content=\"Cherif Benyounes\" \/>\n<meta name=\"twitter:card\" content=\"summary_large_image\" \/>\n<meta name=\"twitter:creator\" content=\"@KapitalisInfo\" \/>\n<meta name=\"twitter:site\" content=\"@KapitalisInfo\" \/>\n<meta name=\"twitter:label1\" content=\"\u00c9crit par\" \/>\n\t<meta name=\"twitter:data1\" content=\"Cherif Benyounes\" \/>\n\t<meta name=\"twitter:label2\" content=\"Dur\u00e9e de lecture estim\u00e9e\" \/>\n\t<meta name=\"twitter:data2\" content=\"1 minute\" \/>\n<script type=\"application\/ld+json\" class=\"yoast-schema-graph\">{\"@context\":\"https:\/\/schema.org\",\"@graph\":[{\"@type\":\"Article\",\"@id\":\"https:\/\/kapitalis.com\/tunisie\/2020\/01\/28\/drame-de-amdoun-la-commission-parlementaire-empechee-de-rencontrer-le-proprietaire-de-lagence-de-voyage\/#article\",\"isPartOf\":{\"@id\":\"https:\/\/kapitalis.com\/tunisie\/2020\/01\/28\/drame-de-amdoun-la-commission-parlementaire-empechee-de-rencontrer-le-proprietaire-de-lagence-de-voyage\/\"},\"author\":{\"name\":\"Cherif Benyounes\",\"@id\":\"https:\/\/kapitalis.com\/tunisie\/#\/schema\/person\/b35b8d631961131107263178aeb8019e\"},\"headline\":\"Drame de Amdoun : La commission parlementaire emp\u00each\u00e9e de rencontrer le propri\u00e9taire de l\u2019agence de voyages\",\"datePublished\":\"2020-01-28T12:32:48+00:00\",\"dateModified\":\"2020-01-28T12:53:25+00:00\",\"mainEntityOfPage\":{\"@id\":\"https:\/\/kapitalis.com\/tunisie\/2020\/01\/28\/drame-de-amdoun-la-commission-parlementaire-empechee-de-rencontrer-le-proprietaire-de-lagence-de-voyage\/\"},\"wordCount\":220,\"commentCount\":0,\"publisher\":{\"@id\":\"https:\/\/kapitalis.com\/tunisie\/#organization\"},\"image\":{\"@id\":\"https:\/\/kapitalis.com\/tunisie\/2020\/01\/28\/drame-de-amdoun-la-commission-parlementaire-empechee-de-rencontrer-le-proprietaire-de-lagence-de-voyage\/#primaryimage\"},\"thumbnailUrl\":\"http:\/\/kapitalis.com\/tunisie\/wp-content\/uploads\/2019\/12\/Ain-Snoussi-Amdoun-mesures-gvt.jpg\",\"articleSection\":[\"POLITIQUE\",\"SOCIETE\",\"Tunisie\"],\"inLanguage\":\"fr-FR\",\"potentialAction\":[{\"@type\":\"CommentAction\",\"name\":\"Comment\",\"target\":[\"https:\/\/kapitalis.com\/tunisie\/2020\/01\/28\/drame-de-amdoun-la-commission-parlementaire-empechee-de-rencontrer-le-proprietaire-de-lagence-de-voyage\/#respond\"]}]},{\"@type\":\"WebPage\",\"@id\":\"https:\/\/kapitalis.com\/tunisie\/2020\/01\/28\/drame-de-amdoun-la-commission-parlementaire-empechee-de-rencontrer-le-proprietaire-de-lagence-de-voyage\/\",\"url\":\"https:\/\/kapitalis.com\/tunisie\/2020\/01\/28\/drame-de-amdoun-la-commission-parlementaire-empechee-de-rencontrer-le-proprietaire-de-lagence-de-voyage\/\",\"name\":\"Drame de Amdoun : La commission parlementaire emp\u00each\u00e9e de rencontrer le propri\u00e9taire de l\u2019agence de voyages - Kapitalis\",\"isPartOf\":{\"@id\":\"https:\/\/kapitalis.com\/tunisie\/#website\"},\"primaryImageOfPage\":{\"@id\":\"https:\/\/kapitalis.com\/tunisie\/2020\/01\/28\/drame-de-amdoun-la-commission-parlementaire-empechee-de-rencontrer-le-proprietaire-de-lagence-de-voyage\/#primaryimage\"},\"image\":{\"@id\":\"https:\/\/kapitalis.com\/tunisie\/2020\/01\/28\/drame-de-amdoun-la-commission-parlementaire-empechee-de-rencontrer-le-proprietaire-de-lagence-de-voyage\/#primaryimage\"},\"thumbnailUrl\":\"http:\/\/kapitalis.com\/tunisie\/wp-content\/uploads\/2019\/12\/Ain-Snoussi-Amdoun-mesures-gvt.jpg\",\"datePublished\":\"2020-01-28T12:32:48+00:00\",\"dateModified\":\"2020-01-28T12:53:25+00:00\",\"breadcrumb\":{\"@id\":\"https:\/\/kapitalis.com\/tunisie\/2020\/01\/28\/drame-de-amdoun-la-commission-parlementaire-empechee-de-rencontrer-le-proprietaire-de-lagence-de-voyage\/#breadcrumb\"},\"inLanguage\":\"fr-FR\",\"potentialAction\":[{\"@type\":\"ReadAction\",\"target\":[\"https:\/\/kapitalis.com\/tunisie\/2020\/01\/28\/drame-de-amdoun-la-commission-parlementaire-empechee-de-rencontrer-le-proprietaire-de-lagence-de-voyage\/\"]}]},{\"@type\":\"ImageObject\",\"inLanguage\":\"fr-FR\",\"@id\":\"https:\/\/kapitalis.com\/tunisie\/2020\/01\/28\/drame-de-amdoun-la-commission-parlementaire-empechee-de-rencontrer-le-proprietaire-de-lagence-de-voyage\/#primaryimage\",\"url\":\"\",\"contentUrl\":\"\"},{\"@type\":\"BreadcrumbList\",\"@id\":\"https:\/\/kapitalis.com\/tunisie\/2020\/01\/28\/drame-de-amdoun-la-commission-parlementaire-empechee-de-rencontrer-le-proprietaire-de-lagence-de-voyage\/#breadcrumb\",\"itemListElement\":[{\"@type\":\"ListItem\",\"position\":1,\"name\":\"Accueil\",\"item\":\"https:\/\/kapitalis.com\/tunisie\/\"},{\"@type\":\"ListItem\",\"position\":2,\"name\":\"Drame de Amdoun : La commission parlementaire emp\u00each\u00e9e de rencontrer le propri\u00e9taire de l\u2019agence de voyages\"}]},{\"@type\":\"WebSite\",\"@id\":\"https:\/\/kapitalis.com\/tunisie\/#website\",\"url\":\"https:\/\/kapitalis.com\/tunisie\/\",\"name\":\"Kapitalis\",\"description\":\"L&#039;actualit\u00e9 en Tunisie et dans le monde\",\"publisher\":{\"@id\":\"https:\/\/kapitalis.com\/tunisie\/#organization\"},\"potentialAction\":[{\"@type\":\"SearchAction\",\"target\":{\"@type\":\"EntryPoint\",\"urlTemplate\":\"https:\/\/kapitalis.com\/tunisie\/?s={search_term_string}\"},\"query-input\":{\"@type\":\"PropertyValueSpecification\",\"valueRequired\":true,\"valueName\":\"search_term_string\"}}],\"inLanguage\":\"fr-FR\"},{\"@type\":\"Organization\",\"@id\":\"https:\/\/kapitalis.com\/tunisie\/#organization\",\"name\":\"Kapitalis\",\"url\":\"https:\/\/kapitalis.com\/tunisie\/\",\"logo\":{\"@type\":\"ImageObject\",\"inLanguage\":\"fr-FR\",\"@id\":\"https:\/\/kapitalis.com\/tunisie\/#\/schema\/logo\/image\/\",\"url\":\"https:\/\/kapitalis.com\/tunisie\/wp-content\/uploads\/2022\/05\/Kapitalis-big-size.png\",\"contentUrl\":\"https:\/\/kapitalis.com\/tunisie\/wp-content\/uploads\/2022\/05\/Kapitalis-big-size.png\",\"width\":5000,\"height\":1500,\"caption\":\"Kapitalis\"},\"image\":{\"@id\":\"https:\/\/kapitalis.com\/tunisie\/#\/schema\/logo\/image\/\"},\"sameAs\":[\"https:\/\/www.facebook.com\/KapitalisInfo\/\",\"https:\/\/x.com\/KapitalisInfo\",\"https:\/\/www.youtube.com\/channel\/UC-yDYrHyfFBWWZaOw3FPg9Q\"]},{\"@type\":\"Person\",\"@id\":\"https:\/\/kapitalis.com\/tunisie\/#\/schema\/person\/b35b8d631961131107263178aeb8019e\",\"name\":\"Cherif Benyounes\",\"url\":\"https:\/\/kapitalis.com\/tunisie\/author\/cherif\/\"}]}<\/script>\n<!-- \/ Yoast SEO plugin. -->","yoast_head_json":{"title":"Drame de Amdoun : La commission parlementaire emp\u00each\u00e9e de rencontrer le propri\u00e9taire de l\u2019agence de voyages - Kapitalis","robots":{"index":"index","follow":"follow","max-snippet":"max-snippet:-1","max-image-preview":"max-image-preview:large","max-video-preview":"max-video-preview:-1"},"canonical":"https:\/\/kapitalis.com\/tunisie\/2020\/01\/28\/drame-de-amdoun-la-commission-parlementaire-empechee-de-rencontrer-le-proprietaire-de-lagence-de-voyage\/","og_locale":"fr_FR","og_type":"article","og_title":"Drame de Amdoun : La commission parlementaire emp\u00each\u00e9e de rencontrer le propri\u00e9taire de l\u2019agence de voyages - Kapitalis","og_description":"Un communiqu\u00e9 rendu public par l&rsquo;Assembl\u00e9e des repr\u00e9sentants du peuple (ARP) aujourd&rsquo;hui, mardi 28 janvier 2020, indique que des membres de la commission d\u2019enqu\u00eate sur le drame de Amdoun (B\u00e9ja) se sont rendus hier \u00e0 la prison de Jendouba pour rencontrer le propri\u00e9taire de l\u2019agence de voyages accus\u00e9 dans l\u2019affaire, mais qu&rsquo;ils en ont \u00e9t\u00e9...","og_url":"https:\/\/kapitalis.com\/tunisie\/2020\/01\/28\/drame-de-amdoun-la-commission-parlementaire-empechee-de-rencontrer-le-proprietaire-de-lagence-de-voyage\/","og_site_name":"Kapitalis","article_publisher":"https:\/\/www.facebook.com\/KapitalisInfo\/","article_published_time":"2020-01-28T12:32:48+00:00","article_modified_time":"2020-01-28T12:53:25+00:00","og_image":[{"url":"http:\/\/kapitalis.com\/tunisie\/wp-content\/uploads\/2019\/12\/Ain-Snoussi-Amdoun-mesures-gvt.jpg","type":"","width":"","height":""}],"author":"Cherif Benyounes","twitter_card":"summary_large_image","twitter_creator":"@KapitalisInfo","twitter_site":"@KapitalisInfo","twitter_misc":{"\u00c9crit par":"Cherif Benyounes","Dur\u00e9e de lecture estim\u00e9e":"1 minute"},"schema":{"@context":"https:\/\/schema.org","@graph":[{"@type":"Article","@id":"https:\/\/kapitalis.com\/tunisie\/2020\/01\/28\/drame-de-amdoun-la-commission-parlementaire-empechee-de-rencontrer-le-proprietaire-de-lagence-de-voyage\/#article","isPartOf":{"@id":"https:\/\/kapitalis.com\/tunisie\/2020\/01\/28\/drame-de-amdoun-la-commission-parlementaire-empechee-de-rencontrer-le-proprietaire-de-lagence-de-voyage\/"},"author":{"name":"Cherif Benyounes","@id":"https:\/\/kapitalis.com\/tunisie\/#\/schema\/person\/b35b8d631961131107263178aeb8019e"},"headline":"Drame de Amdoun : La commission parlementaire emp\u00each\u00e9e de rencontrer le propri\u00e9taire de l\u2019agence de voyages","datePublished":"2020-01-28T12:32:48+00:00","dateModified":"2020-01-28T12:53:25+00:00","mainEntityOfPage":{"@id":"https:\/\/kapitalis.com\/tunisie\/2020\/01\/28\/drame-de-amdoun-la-commission-parlementaire-empechee-de-rencontrer-le-proprietaire-de-lagence-de-voyage\/"},"wordCount":220,"commentCount":0,"publisher":{"@id":"https:\/\/kapitalis.com\/tunisie\/#organization"},"image":{"@id":"https:\/\/kapitalis.com\/tunisie\/2020\/01\/28\/drame-de-amdoun-la-commission-parlementaire-empechee-de-rencontrer-le-proprietaire-de-lagence-de-voyage\/#primaryimage"},"thumbnailUrl":"http:\/\/kapitalis.com\/tunisie\/wp-content\/uploads\/2019\/12\/Ain-Snoussi-Amdoun-mesures-gvt.jpg","articleSection":["POLITIQUE","SOCIETE","Tunisie"],"inLanguage":"fr-FR","potentialAction":[{"@type":"CommentAction","name":"Comment","target":["https:\/\/kapitalis.com\/tunisie\/2020\/01\/28\/drame-de-amdoun-la-commission-parlementaire-empechee-de-rencontrer-le-proprietaire-de-lagence-de-voyage\/#respond"]}]},{"@type":"WebPage","@id":"https:\/\/kapitalis.com\/tunisie\/2020\/01\/28\/drame-de-amdoun-la-commission-parlementaire-empechee-de-rencontrer-le-proprietaire-de-lagence-de-voyage\/","url":"https:\/\/kapitalis.com\/tunisie\/2020\/01\/28\/drame-de-amdoun-la-commission-parlementaire-empechee-de-rencontrer-le-proprietaire-de-lagence-de-voyage\/","name":"Drame de Amdoun : La commission parlementaire emp\u00each\u00e9e de rencontrer le propri\u00e9taire de l\u2019agence de voyages - Kapitalis","isPartOf":{"@id":"https:\/\/kapitalis.com\/tunisie\/#website"},"primaryImageOfPage":{"@id":"https:\/\/kapitalis.com\/tunisie\/2020\/01\/28\/drame-de-amdoun-la-commission-parlementaire-empechee-de-rencontrer-le-proprietaire-de-lagence-de-voyage\/#primaryimage"},"image":{"@id":"https:\/\/kapitalis.com\/tunisie\/2020\/01\/28\/drame-de-amdoun-la-commission-parlementaire-empechee-de-rencontrer-le-proprietaire-de-lagence-de-voyage\/#primaryimage"},"thumbnailUrl":"http:\/\/kapitalis.com\/tunisie\/wp-content\/uploads\/2019\/12\/Ain-Snoussi-Amdoun-mesures-gvt.jpg","datePublished":"2020-01-28T12:32:48+00:00","dateModified":"2020-01-28T12:53:25+00:00","breadcrumb":{"@id":"https:\/\/kapitalis.com\/tunisie\/2020\/01\/28\/drame-de-amdoun-la-commission-parlementaire-empechee-de-rencontrer-le-proprietaire-de-lagence-de-voyage\/#breadcrumb"},"inLanguage":"fr-FR","potentialAction":[{"@type":"ReadAction","target":["https:\/\/kapitalis.com\/tunisie\/2020\/01\/28\/drame-de-amdoun-la-commission-parlementaire-empechee-de-rencontrer-le-proprietaire-de-lagence-de-voyage\/"]}]},{"@type":"ImageObject","inLanguage":"fr-FR","@id":"https:\/\/kapitalis.com\/tunisie\/2020\/01\/28\/drame-de-amdoun-la-commission-parlementaire-empechee-de-rencontrer-le-proprietaire-de-lagence-de-voyage\/#primaryimage","url":"","contentUrl":""},{"@type":"BreadcrumbList","@id":"https:\/\/kapitalis.com\/tunisie\/2020\/01\/28\/drame-de-amdoun-la-commission-parlementaire-empechee-de-rencontrer-le-proprietaire-de-lagence-de-voyage\/#breadcrumb","itemListElement":[{"@type":"ListItem","position":1,"name":"Accueil","item":"https:\/\/kapitalis.com\/tunisie\/"},{"@type":"ListItem","position":2,"name":"Drame de Amdoun : La commission parlementaire emp\u00each\u00e9e de rencontrer le propri\u00e9taire de l\u2019agence de voyages"}]},{"@type":"WebSite","@id":"https:\/\/kapitalis.com\/tunisie\/#website","url":"https:\/\/kapitalis.com\/tunisie\/","name":"Kapitalis","description":"L&#039;actualit\u00e9 en Tunisie et dans le monde","publisher":{"@id":"https:\/\/kapitalis.com\/tunisie\/#organization"},"potentialAction":[{"@type":"SearchAction","target":{"@type":"EntryPoint","urlTemplate":"https:\/\/kapitalis.com\/tunisie\/?s={search_term_string}"},"query-input":{"@type":"PropertyValueSpecification","valueRequired":true,"valueName":"search_term_string"}}],"inLanguage":"fr-FR"},{"@type":"Organization","@id":"https:\/\/kapitalis.com\/tunisie\/#organization","name":"Kapitalis","url":"https:\/\/kapitalis.com\/tunisie\/","logo":{"@type":"ImageObject","inLanguage":"fr-FR","@id":"https:\/\/kapitalis.com\/tunisie\/#\/schema\/logo\/image\/","url":"https:\/\/kapitalis.com\/tunisie\/wp-content\/uploads\/2022\/05\/Kapitalis-big-size.png","contentUrl":"https:\/\/kapitalis.com\/tunisie\/wp-content\/uploads\/2022\/05\/Kapitalis-big-size.png","width":5000,"height":1500,"caption":"Kapitalis"},"image":{"@id":"https:\/\/kapitalis.com\/tunisie\/#\/schema\/logo\/image\/"},"sameAs":["https:\/\/www.facebook.com\/KapitalisInfo\/","https:\/\/x.com\/KapitalisInfo","https:\/\/www.youtube.com\/channel\/UC-yDYrHyfFBWWZaOw3FPg9Q"]},{"@type":"Person","@id":"https:\/\/kapitalis.com\/tunisie\/#\/schema\/person\/b35b8d631961131107263178aeb8019e","name":"Cherif Benyounes","url":"https:\/\/kapitalis.com\/tunisie\/author\/cherif\/"}]}},"_links":{"self":[{"href":"https:\/\/kapitalis.com\/tunisie\/wp-json\/wp\/v2\/posts\/276703","targetHints":{"allow":["GET"]}}],"collection":[{"href":"https:\/\/kapitalis.com\/tunisie\/wp-json\/wp\/v2\/posts"}],"about":[{"href":"https:\/\/kapitalis.com\/tunisie\/wp-json\/wp\/v2\/types\/post"}],"author":[{"embeddable":true,"href":"https:\/\/kapitalis.com\/tunisie\/wp-json\/wp\/v2\/users\/24"}],"replies":[{"embeddable":true,"href":"https:\/\/kapitalis.com\/tunisie\/wp-json\/wp\/v2\/comments?post=276703"}],"version-history":[{"count":0,"href":"https:\/\/kapitalis.com\/tunisie\/wp-json\/wp\/v2\/posts\/276703\/revisions"}],"wp:attachment":[{"href":"https:\/\/kapitalis.com\/tunisie\/wp-json\/wp\/v2\/media?parent=276703"}],"wp:term":[{"taxonomy":"category","embeddable":true,"href":"https:\/\/kapitalis.com\/tunisie\/wp-json\/wp\/v2\/categories?post=276703"},{"taxonomy":"post_tag","embeddable":true,"href":"https:\/\/kapitalis.com\/tunisie\/wp-json\/wp\/v2\/tags?post=276703"}],"curies":[{"name":"wp","href":"https:\/\/api.w.org\/{rel}","templated":true}]}}