{"id":276723,"date":"2020-01-28T14:52:19","date_gmt":"2020-01-28T13:52:19","guid":{"rendered":"http:\/\/kapitalis.com\/tunisie\/?p=276723"},"modified":"2020-01-28T14:53:53","modified_gmt":"2020-01-28T13:53:53","slug":"ams-annonce-une-hausse-spectaculaire-des-exportations-224","status":"publish","type":"post","link":"https:\/\/kapitalis.com\/tunisie\/2020\/01\/28\/ams-annonce-une-hausse-spectaculaire-des-exportations-224\/","title":{"rendered":"AMS annonce une hausse spectaculaire des exportations (+224%)"},"content":{"rendered":"\n<figure class=\"wp-block-image size-large\"><img decoding=\"async\" src=\"http:\/\/kapitalis.com\/tunisie\/wp-content\/uploads\/2018\/12\/Les-AMS.jpg\" alt=\"\" class=\"wp-image-189353\"\/><\/figure>\n\n\n\n<p><strong><em>Les Ateliers m\u00e9caniques du Sahel (AMS) ont enregistr\u00e9 une baisse de leur chiffre d&rsquo;affaires en 2019 (-18%), qui s&rsquo;est \u00e9tabli \u00e0 18 millions de dinars tunisiens (MDT) contre 22,124 MDT en 2018, en d\u00e9pit d&rsquo;une hausse exceptionnelle de ses ventes \u00e0 l&rsquo;international (+224%).<\/em><\/strong><\/p>\n\n\n\n<!--more-->\n\n\n\n<p>La soci\u00e9t\u00e9 justifie cette baisse du chiffre d&rsquo;affaires essentiellement par l&rsquo;absence de facturation au titre du march\u00e9 public avec la Sonede cl\u00f4tur\u00e9 au 1er trimestre 2019, et la conjoncture \u00e9conomique du pays caract\u00e9ris\u00e9e par la r\u00e9gression de la demande du march\u00e9, l&rsquo;invasion des produits turcs et la contrefa\u00e7on en provenance de Chine.   <\/p>\n\n\n\n<p>Si le chiffre d&rsquo;affaires net des AMS a accus\u00e9 une baisse de -19% dans la part des ventes sur le march\u00e9 local (17,7 MDT en 2019 contre 22 MDT en 2018), le plus surprenant par contre ce sont les ventes \u00e0 l&rsquo;\u00e9tranger des AMS qui, de 93,3 MDT en 2018 ont grimp\u00e9 \u00e0 304 MDT en 2019 ! <\/p>\n\n\n\n<p>La soci\u00e9t\u00e9 ne donne pas d&rsquo;explication \u00e0 cette hausse, mais elle avance que de bonnes perspectives pour le march\u00e9 africain se profilent \u00e0 l&rsquo;horizon du 1er trimestre 2020.<\/p>\n\n\n\n<p>Quant \u00e0 la valeur de la production finie des AMS, elle a baiss\u00e9 (-10%) de 20,215 MDT \u00e0 18,105 MDT en 2019.<\/p>\n\n\n\n<p>Un point positif toutefois : l&rsquo;endettement des AMS aupr\u00e8s des banques a baiss\u00e9 de 3% en 2019, en passant de 47 MDT en 2018 \u00e0 45,7 MDT l&rsquo;ann\u00e9e d&rsquo;apr\u00e8s.  <\/p>\n\n\n\n<p>Les AMS d\u00e9plorent, par ailleurs, le refus de plusieurs banques de financer les exportations en direction de l\u2019Afrique. Plusieurs contrats sont ainsi rest\u00e9s bloqu\u00e9s faute de financement &#8230;  <\/p>\n\n\n\n<p class=\"has-text-align-right\"><strong>A.M. <\/strong><em>(avec<strong> <\/strong><a rel=\"noreferrer noopener\" aria-label=\"CMF (s\u2019ouvre dans un nouvel onglet)\" href=\"https:\/\/www.cmf.tn\/sites\/default\/files\/pdfs\/emetteurs\/informations\/indicateurs\/indic_4trim19_ams.pdf\" target=\"_blank\">CMF<\/a><\/em>).<\/p>\n\n\n\n<p class=\"has-text-align-right\"><strong> <\/strong><\/p>\n","protected":false},"excerpt":{"rendered":"<p>Les Ateliers m\u00e9caniques du Sahel (AMS) ont enregistr\u00e9 une baisse de leur chiffre d&rsquo;affaires en 2019 (-18%), qui s&rsquo;est \u00e9tabli \u00e0 18 millions de dinars tunisiens (MDT) contre 22,124 MDT en 2018, en d\u00e9pit d&rsquo;une hausse exceptionnelle de ses ventes \u00e0 l&rsquo;international (+224%).<\/p>\n","protected":false},"author":22,"featured_media":0,"comment_status":"open","ping_status":"open","sticky":false,"template":"","format":"standard","meta":{"footnotes":""},"categories":[995,2433],"tags":[41,1047,3843],"class_list":["post-276723","post","type-post","status-publish","format-standard","hentry","category-economie","category-tunisie","tag-afrique","tag-ateliers-mecaniques-du-sahel","tag-cmf"],"yoast_head":"<!-- This site is optimized with the Yoast SEO plugin v26.6 - https:\/\/yoast.com\/wordpress\/plugins\/seo\/ -->\n<title>AMS annonce une hausse spectaculaire des exportations (+224%) - Kapitalis<\/title>\n<meta name=\"robots\" content=\"index, follow, max-snippet:-1, max-image-preview:large, max-video-preview:-1\" \/>\n<link rel=\"canonical\" href=\"https:\/\/kapitalis.com\/tunisie\/2020\/01\/28\/ams-annonce-une-hausse-spectaculaire-des-exportations-224\/\" \/>\n<meta property=\"og:locale\" content=\"fr_FR\" \/>\n<meta property=\"og:type\" content=\"article\" \/>\n<meta property=\"og:title\" content=\"AMS annonce une hausse spectaculaire des exportations (+224%) - Kapitalis\" \/>\n<meta property=\"og:description\" content=\"Les Ateliers m\u00e9caniques du Sahel (AMS) ont enregistr\u00e9 une baisse de leur chiffre d&rsquo;affaires en 2019 (-18%), qui s&rsquo;est \u00e9tabli \u00e0 18 millions de dinars tunisiens (MDT) contre 22,124 MDT en 2018, en d\u00e9pit d&rsquo;une hausse exceptionnelle de ses ventes \u00e0 l&rsquo;international (+224%).\" \/>\n<meta property=\"og:url\" content=\"https:\/\/kapitalis.com\/tunisie\/2020\/01\/28\/ams-annonce-une-hausse-spectaculaire-des-exportations-224\/\" \/>\n<meta property=\"og:site_name\" content=\"Kapitalis\" \/>\n<meta property=\"article:publisher\" content=\"https:\/\/www.facebook.com\/KapitalisInfo\/\" \/>\n<meta property=\"article:published_time\" content=\"2020-01-28T13:52:19+00:00\" \/>\n<meta property=\"article:modified_time\" content=\"2020-01-28T13:53:53+00:00\" \/>\n<meta property=\"og:image\" content=\"http:\/\/kapitalis.com\/tunisie\/wp-content\/uploads\/2018\/12\/Les-AMS.jpg\" \/>\n<meta name=\"author\" content=\"Amina Mkada\" \/>\n<meta name=\"twitter:card\" content=\"summary_large_image\" \/>\n<meta name=\"twitter:creator\" content=\"@KapitalisInfo\" \/>\n<meta name=\"twitter:site\" content=\"@KapitalisInfo\" \/>\n<meta name=\"twitter:label1\" content=\"\u00c9crit par\" \/>\n\t<meta name=\"twitter:data1\" content=\"Amina Mkada\" \/>\n\t<meta name=\"twitter:label2\" content=\"Dur\u00e9e de lecture estim\u00e9e\" \/>\n\t<meta name=\"twitter:data2\" content=\"1 minute\" \/>\n<script type=\"application\/ld+json\" class=\"yoast-schema-graph\">{\"@context\":\"https:\/\/schema.org\",\"@graph\":[{\"@type\":\"Article\",\"@id\":\"https:\/\/kapitalis.com\/tunisie\/2020\/01\/28\/ams-annonce-une-hausse-spectaculaire-des-exportations-224\/#article\",\"isPartOf\":{\"@id\":\"https:\/\/kapitalis.com\/tunisie\/2020\/01\/28\/ams-annonce-une-hausse-spectaculaire-des-exportations-224\/\"},\"author\":{\"name\":\"Amina Mkada\",\"@id\":\"https:\/\/kapitalis.com\/tunisie\/#\/schema\/person\/093913313d3017554cb3ad077fff3fbd\"},\"headline\":\"AMS annonce une hausse spectaculaire des exportations (+224%)\",\"datePublished\":\"2020-01-28T13:52:19+00:00\",\"dateModified\":\"2020-01-28T13:53:53+00:00\",\"mainEntityOfPage\":{\"@id\":\"https:\/\/kapitalis.com\/tunisie\/2020\/01\/28\/ams-annonce-une-hausse-spectaculaire-des-exportations-224\/\"},\"wordCount\":253,\"commentCount\":0,\"publisher\":{\"@id\":\"https:\/\/kapitalis.com\/tunisie\/#organization\"},\"image\":{\"@id\":\"https:\/\/kapitalis.com\/tunisie\/2020\/01\/28\/ams-annonce-une-hausse-spectaculaire-des-exportations-224\/#primaryimage\"},\"thumbnailUrl\":\"http:\/\/kapitalis.com\/tunisie\/wp-content\/uploads\/2018\/12\/Les-AMS.jpg\",\"keywords\":[\"Afrique\",\"Ateliers m\u00e9caniques du Sahel\",\"CMF\"],\"articleSection\":[\"ECONOMIE\",\"Tunisie\"],\"inLanguage\":\"fr-FR\",\"potentialAction\":[{\"@type\":\"CommentAction\",\"name\":\"Comment\",\"target\":[\"https:\/\/kapitalis.com\/tunisie\/2020\/01\/28\/ams-annonce-une-hausse-spectaculaire-des-exportations-224\/#respond\"]}]},{\"@type\":\"WebPage\",\"@id\":\"https:\/\/kapitalis.com\/tunisie\/2020\/01\/28\/ams-annonce-une-hausse-spectaculaire-des-exportations-224\/\",\"url\":\"https:\/\/kapitalis.com\/tunisie\/2020\/01\/28\/ams-annonce-une-hausse-spectaculaire-des-exportations-224\/\",\"name\":\"AMS annonce une hausse spectaculaire des exportations (+224%) - Kapitalis\",\"isPartOf\":{\"@id\":\"https:\/\/kapitalis.com\/tunisie\/#website\"},\"primaryImageOfPage\":{\"@id\":\"https:\/\/kapitalis.com\/tunisie\/2020\/01\/28\/ams-annonce-une-hausse-spectaculaire-des-exportations-224\/#primaryimage\"},\"image\":{\"@id\":\"https:\/\/kapitalis.com\/tunisie\/2020\/01\/28\/ams-annonce-une-hausse-spectaculaire-des-exportations-224\/#primaryimage\"},\"thumbnailUrl\":\"http:\/\/kapitalis.com\/tunisie\/wp-content\/uploads\/2018\/12\/Les-AMS.jpg\",\"datePublished\":\"2020-01-28T13:52:19+00:00\",\"dateModified\":\"2020-01-28T13:53:53+00:00\",\"breadcrumb\":{\"@id\":\"https:\/\/kapitalis.com\/tunisie\/2020\/01\/28\/ams-annonce-une-hausse-spectaculaire-des-exportations-224\/#breadcrumb\"},\"inLanguage\":\"fr-FR\",\"potentialAction\":[{\"@type\":\"ReadAction\",\"target\":[\"https:\/\/kapitalis.com\/tunisie\/2020\/01\/28\/ams-annonce-une-hausse-spectaculaire-des-exportations-224\/\"]}]},{\"@type\":\"ImageObject\",\"inLanguage\":\"fr-FR\",\"@id\":\"https:\/\/kapitalis.com\/tunisie\/2020\/01\/28\/ams-annonce-une-hausse-spectaculaire-des-exportations-224\/#primaryimage\",\"url\":\"http:\/\/kapitalis.com\/tunisie\/wp-content\/uploads\/2018\/12\/Les-AMS.jpg\",\"contentUrl\":\"http:\/\/kapitalis.com\/tunisie\/wp-content\/uploads\/2018\/12\/Les-AMS.jpg\"},{\"@type\":\"BreadcrumbList\",\"@id\":\"https:\/\/kapitalis.com\/tunisie\/2020\/01\/28\/ams-annonce-une-hausse-spectaculaire-des-exportations-224\/#breadcrumb\",\"itemListElement\":[{\"@type\":\"ListItem\",\"position\":1,\"name\":\"Accueil\",\"item\":\"https:\/\/kapitalis.com\/tunisie\/\"},{\"@type\":\"ListItem\",\"position\":2,\"name\":\"AMS annonce une hausse spectaculaire des exportations (+224%)\"}]},{\"@type\":\"WebSite\",\"@id\":\"https:\/\/kapitalis.com\/tunisie\/#website\",\"url\":\"https:\/\/kapitalis.com\/tunisie\/\",\"name\":\"Kapitalis\",\"description\":\"L&#039;actualit\u00e9 en Tunisie et dans le monde\",\"publisher\":{\"@id\":\"https:\/\/kapitalis.com\/tunisie\/#organization\"},\"potentialAction\":[{\"@type\":\"SearchAction\",\"target\":{\"@type\":\"EntryPoint\",\"urlTemplate\":\"https:\/\/kapitalis.com\/tunisie\/?s={search_term_string}\"},\"query-input\":{\"@type\":\"PropertyValueSpecification\",\"valueRequired\":true,\"valueName\":\"search_term_string\"}}],\"inLanguage\":\"fr-FR\"},{\"@type\":\"Organization\",\"@id\":\"https:\/\/kapitalis.com\/tunisie\/#organization\",\"name\":\"Kapitalis\",\"url\":\"https:\/\/kapitalis.com\/tunisie\/\",\"logo\":{\"@type\":\"ImageObject\",\"inLanguage\":\"fr-FR\",\"@id\":\"https:\/\/kapitalis.com\/tunisie\/#\/schema\/logo\/image\/\",\"url\":\"https:\/\/kapitalis.com\/tunisie\/wp-content\/uploads\/2022\/05\/Kapitalis-big-size.png\",\"contentUrl\":\"https:\/\/kapitalis.com\/tunisie\/wp-content\/uploads\/2022\/05\/Kapitalis-big-size.png\",\"width\":5000,\"height\":1500,\"caption\":\"Kapitalis\"},\"image\":{\"@id\":\"https:\/\/kapitalis.com\/tunisie\/#\/schema\/logo\/image\/\"},\"sameAs\":[\"https:\/\/www.facebook.com\/KapitalisInfo\/\",\"https:\/\/x.com\/KapitalisInfo\",\"https:\/\/www.youtube.com\/channel\/UC-yDYrHyfFBWWZaOw3FPg9Q\"]},{\"@type\":\"Person\",\"@id\":\"https:\/\/kapitalis.com\/tunisie\/#\/schema\/person\/093913313d3017554cb3ad077fff3fbd\",\"name\":\"Amina Mkada\",\"url\":\"https:\/\/kapitalis.com\/tunisie\/author\/amina\/\"}]}<\/script>\n<!-- \/ Yoast SEO plugin. -->","yoast_head_json":{"title":"AMS annonce une hausse spectaculaire des exportations (+224%) - Kapitalis","robots":{"index":"index","follow":"follow","max-snippet":"max-snippet:-1","max-image-preview":"max-image-preview:large","max-video-preview":"max-video-preview:-1"},"canonical":"https:\/\/kapitalis.com\/tunisie\/2020\/01\/28\/ams-annonce-une-hausse-spectaculaire-des-exportations-224\/","og_locale":"fr_FR","og_type":"article","og_title":"AMS annonce une hausse spectaculaire des exportations (+224%) - Kapitalis","og_description":"Les Ateliers m\u00e9caniques du Sahel (AMS) ont enregistr\u00e9 une baisse de leur chiffre d&rsquo;affaires en 2019 (-18%), qui s&rsquo;est \u00e9tabli \u00e0 18 millions de dinars tunisiens (MDT) contre 22,124 MDT en 2018, en d\u00e9pit d&rsquo;une hausse exceptionnelle de ses ventes \u00e0 l&rsquo;international (+224%).","og_url":"https:\/\/kapitalis.com\/tunisie\/2020\/01\/28\/ams-annonce-une-hausse-spectaculaire-des-exportations-224\/","og_site_name":"Kapitalis","article_publisher":"https:\/\/www.facebook.com\/KapitalisInfo\/","article_published_time":"2020-01-28T13:52:19+00:00","article_modified_time":"2020-01-28T13:53:53+00:00","og_image":[{"url":"http:\/\/kapitalis.com\/tunisie\/wp-content\/uploads\/2018\/12\/Les-AMS.jpg","type":"","width":"","height":""}],"author":"Amina Mkada","twitter_card":"summary_large_image","twitter_creator":"@KapitalisInfo","twitter_site":"@KapitalisInfo","twitter_misc":{"\u00c9crit par":"Amina Mkada","Dur\u00e9e de lecture estim\u00e9e":"1 minute"},"schema":{"@context":"https:\/\/schema.org","@graph":[{"@type":"Article","@id":"https:\/\/kapitalis.com\/tunisie\/2020\/01\/28\/ams-annonce-une-hausse-spectaculaire-des-exportations-224\/#article","isPartOf":{"@id":"https:\/\/kapitalis.com\/tunisie\/2020\/01\/28\/ams-annonce-une-hausse-spectaculaire-des-exportations-224\/"},"author":{"name":"Amina Mkada","@id":"https:\/\/kapitalis.com\/tunisie\/#\/schema\/person\/093913313d3017554cb3ad077fff3fbd"},"headline":"AMS annonce une hausse spectaculaire des exportations (+224%)","datePublished":"2020-01-28T13:52:19+00:00","dateModified":"2020-01-28T13:53:53+00:00","mainEntityOfPage":{"@id":"https:\/\/kapitalis.com\/tunisie\/2020\/01\/28\/ams-annonce-une-hausse-spectaculaire-des-exportations-224\/"},"wordCount":253,"commentCount":0,"publisher":{"@id":"https:\/\/kapitalis.com\/tunisie\/#organization"},"image":{"@id":"https:\/\/kapitalis.com\/tunisie\/2020\/01\/28\/ams-annonce-une-hausse-spectaculaire-des-exportations-224\/#primaryimage"},"thumbnailUrl":"http:\/\/kapitalis.com\/tunisie\/wp-content\/uploads\/2018\/12\/Les-AMS.jpg","keywords":["Afrique","Ateliers m\u00e9caniques du Sahel","CMF"],"articleSection":["ECONOMIE","Tunisie"],"inLanguage":"fr-FR","potentialAction":[{"@type":"CommentAction","name":"Comment","target":["https:\/\/kapitalis.com\/tunisie\/2020\/01\/28\/ams-annonce-une-hausse-spectaculaire-des-exportations-224\/#respond"]}]},{"@type":"WebPage","@id":"https:\/\/kapitalis.com\/tunisie\/2020\/01\/28\/ams-annonce-une-hausse-spectaculaire-des-exportations-224\/","url":"https:\/\/kapitalis.com\/tunisie\/2020\/01\/28\/ams-annonce-une-hausse-spectaculaire-des-exportations-224\/","name":"AMS annonce une hausse spectaculaire des exportations (+224%) - Kapitalis","isPartOf":{"@id":"https:\/\/kapitalis.com\/tunisie\/#website"},"primaryImageOfPage":{"@id":"https:\/\/kapitalis.com\/tunisie\/2020\/01\/28\/ams-annonce-une-hausse-spectaculaire-des-exportations-224\/#primaryimage"},"image":{"@id":"https:\/\/kapitalis.com\/tunisie\/2020\/01\/28\/ams-annonce-une-hausse-spectaculaire-des-exportations-224\/#primaryimage"},"thumbnailUrl":"http:\/\/kapitalis.com\/tunisie\/wp-content\/uploads\/2018\/12\/Les-AMS.jpg","datePublished":"2020-01-28T13:52:19+00:00","dateModified":"2020-01-28T13:53:53+00:00","breadcrumb":{"@id":"https:\/\/kapitalis.com\/tunisie\/2020\/01\/28\/ams-annonce-une-hausse-spectaculaire-des-exportations-224\/#breadcrumb"},"inLanguage":"fr-FR","potentialAction":[{"@type":"ReadAction","target":["https:\/\/kapitalis.com\/tunisie\/2020\/01\/28\/ams-annonce-une-hausse-spectaculaire-des-exportations-224\/"]}]},{"@type":"ImageObject","inLanguage":"fr-FR","@id":"https:\/\/kapitalis.com\/tunisie\/2020\/01\/28\/ams-annonce-une-hausse-spectaculaire-des-exportations-224\/#primaryimage","url":"http:\/\/kapitalis.com\/tunisie\/wp-content\/uploads\/2018\/12\/Les-AMS.jpg","contentUrl":"http:\/\/kapitalis.com\/tunisie\/wp-content\/uploads\/2018\/12\/Les-AMS.jpg"},{"@type":"BreadcrumbList","@id":"https:\/\/kapitalis.com\/tunisie\/2020\/01\/28\/ams-annonce-une-hausse-spectaculaire-des-exportations-224\/#breadcrumb","itemListElement":[{"@type":"ListItem","position":1,"name":"Accueil","item":"https:\/\/kapitalis.com\/tunisie\/"},{"@type":"ListItem","position":2,"name":"AMS annonce une hausse spectaculaire des exportations (+224%)"}]},{"@type":"WebSite","@id":"https:\/\/kapitalis.com\/tunisie\/#website","url":"https:\/\/kapitalis.com\/tunisie\/","name":"Kapitalis","description":"L&#039;actualit\u00e9 en Tunisie et dans le monde","publisher":{"@id":"https:\/\/kapitalis.com\/tunisie\/#organization"},"potentialAction":[{"@type":"SearchAction","target":{"@type":"EntryPoint","urlTemplate":"https:\/\/kapitalis.com\/tunisie\/?s={search_term_string}"},"query-input":{"@type":"PropertyValueSpecification","valueRequired":true,"valueName":"search_term_string"}}],"inLanguage":"fr-FR"},{"@type":"Organization","@id":"https:\/\/kapitalis.com\/tunisie\/#organization","name":"Kapitalis","url":"https:\/\/kapitalis.com\/tunisie\/","logo":{"@type":"ImageObject","inLanguage":"fr-FR","@id":"https:\/\/kapitalis.com\/tunisie\/#\/schema\/logo\/image\/","url":"https:\/\/kapitalis.com\/tunisie\/wp-content\/uploads\/2022\/05\/Kapitalis-big-size.png","contentUrl":"https:\/\/kapitalis.com\/tunisie\/wp-content\/uploads\/2022\/05\/Kapitalis-big-size.png","width":5000,"height":1500,"caption":"Kapitalis"},"image":{"@id":"https:\/\/kapitalis.com\/tunisie\/#\/schema\/logo\/image\/"},"sameAs":["https:\/\/www.facebook.com\/KapitalisInfo\/","https:\/\/x.com\/KapitalisInfo","https:\/\/www.youtube.com\/channel\/UC-yDYrHyfFBWWZaOw3FPg9Q"]},{"@type":"Person","@id":"https:\/\/kapitalis.com\/tunisie\/#\/schema\/person\/093913313d3017554cb3ad077fff3fbd","name":"Amina Mkada","url":"https:\/\/kapitalis.com\/tunisie\/author\/amina\/"}]}},"_links":{"self":[{"href":"https:\/\/kapitalis.com\/tunisie\/wp-json\/wp\/v2\/posts\/276723","targetHints":{"allow":["GET"]}}],"collection":[{"href":"https:\/\/kapitalis.com\/tunisie\/wp-json\/wp\/v2\/posts"}],"about":[{"href":"https:\/\/kapitalis.com\/tunisie\/wp-json\/wp\/v2\/types\/post"}],"author":[{"embeddable":true,"href":"https:\/\/kapitalis.com\/tunisie\/wp-json\/wp\/v2\/users\/22"}],"replies":[{"embeddable":true,"href":"https:\/\/kapitalis.com\/tunisie\/wp-json\/wp\/v2\/comments?post=276723"}],"version-history":[{"count":0,"href":"https:\/\/kapitalis.com\/tunisie\/wp-json\/wp\/v2\/posts\/276723\/revisions"}],"wp:attachment":[{"href":"https:\/\/kapitalis.com\/tunisie\/wp-json\/wp\/v2\/media?parent=276723"}],"wp:term":[{"taxonomy":"category","embeddable":true,"href":"https:\/\/kapitalis.com\/tunisie\/wp-json\/wp\/v2\/categories?post=276723"},{"taxonomy":"post_tag","embeddable":true,"href":"https:\/\/kapitalis.com\/tunisie\/wp-json\/wp\/v2\/tags?post=276723"}],"curies":[{"name":"wp","href":"https:\/\/api.w.org\/{rel}","templated":true}]}}