{"id":276745,"date":"2020-01-28T15:11:36","date_gmt":"2020-01-28T14:11:36","guid":{"rendered":"http:\/\/kapitalis.com\/tunisie\/?p=276745"},"modified":"2020-01-28T15:52:32","modified_gmt":"2020-01-28T14:52:32","slug":"formation-du-gouvernement-al-karama-refuse-la-participation-de-tahya-tounes-aux-concertations","status":"publish","type":"post","link":"https:\/\/kapitalis.com\/tunisie\/2020\/01\/28\/formation-du-gouvernement-al-karama-refuse-la-participation-de-tahya-tounes-aux-concertations\/","title":{"rendered":"Formation du gouvernement : Al Karama refuse la participation de Tahya Tounes aux concertations"},"content":{"rendered":"\n<figure class=\"wp-block-image size-large\"><img decoding=\"async\" src=\"http:\/\/kapitalis.com\/tunisie\/wp-content\/uploads\/2019\/11\/Seifeddine-Makhlouf-et-Mustapha-Ben-Ahmed.jpg\" alt=\"\" class=\"wp-image-257436\"\/><\/figure>\n\n\n\n<p><em><strong>Le porte-parole d&rsquo;Al Karama, Seifeddine Makhlouf, a indiqu\u00e9, via un <a href=\"https:\/\/www.facebook.com\/permalink.php?story_fbid=533757873924748&amp;id=323675788266292&amp;__xts__[0]=68.ARCHrrR6ovA4HCuuYY2laxmvheLyqHxHWniiPiraD4VkL4xr7Fm2sbt7pRA09ZbDf-kb7dilzbrhv6yNPsWZcfiqmPeqbmlKyEIVjpyT0sJlBP0XDTmahloaWurYV5FWTebl8tSI7AZPL_WBons1iAncy0ClZWJwRtlQkWJwqqYcCU4fqdJfQv6E9LrbXAz7BqcTapt5fZtbqKVCc_KG-UxuZJg9QoaUqJkGBNZ0rfgs14dkTZSpaNQmnov6Mpfio1EsAeP99OeS1Cs5GKxPpVNPjHMScBwGSh-vhgjx-JGwhMOOrWoEFOKfydPWWud0ORaxB7kdd_o5BwAHGrY&amp;__tn__=-R\">communiqu\u00e9 <\/a>rendu public aujourd&rsquo;hui, mardi, 28 janvier 2020, sur la page facebook officielle de la coalition, que celle-ci refuse cat\u00e9goriquement la participation de Tahya Tounes aux concertations autour de la formation du prochain gouvernement.<\/strong><\/em><\/p>\n\n\n\n<!--more-->\n\n\n\n<p> \u00ab<em>La position de la Coalition Al Karama est le refus total de la relance du processus des n\u00e9gociations, qui a conduit \u00e0 l&rsquo;\u00e9chec, avec le parti de Youssef Chahed<\/em>\u00bb, lit-on dans le communiqu\u00e9, qui accuse le chef du gouvernement charg\u00e9 d&rsquo;exp\u00e9dier les affaires courantes d&rsquo;avoir \u00ab<em>instaur\u00e9 un syst\u00e8me d&rsquo;espionnage sur les Tunisiens, falsifi\u00e9 les dossiers des opposants politiques, utilis\u00e9 les moyens de l&rsquo;\u00c9tat pour servir son parti, liquid\u00e9 les dossiers de corruption de ses alli\u00e9s et noy\u00e9 l&rsquo;administration et les institutions publiques avec des nominations partisanes douteuses<\/em>\u00bb.<\/p>\n\n\n\n<p>Le communiqu\u00e9 d\u00e9plore, sur un autre plan, le renvoi du dirigeant d&rsquo;Al Karama Imed Dghij, aujourd&rsquo;hui, de Dar Dhiafa \u00e0 Carthage, lors de la session des consultations entre partis politiques sur la formation du gouvernement, et ce en raison de l&rsquo;absence de son nom de la liste des invit\u00e9s.<\/p>\n\n\n\n<p> \u00ab<em>C&rsquo;est \u00e0 la coalition Al Karama, et personne d&rsquo;autre, de d\u00e9terminer qui la repr\u00e9sente dans les n\u00e9gociations pour former le gouvernement de \u00ab\u00a0Youssef Fakhfakh\u00a0\u00bb <\/em>(sic)<em>. Nous avons d\u00e9cid\u00e9 d&rsquo;envoyer ce matin le fr\u00e8re Imed Dghij pour nous repr\u00e9senter<\/em>\u00bb, pr\u00e9cise Makhlouf.<\/p>\n\n\n\n<p>Pourtant, il suffisait seulement de respecter la proc\u00e9dure et d&rsquo;annoncer la pr\u00e9sence de M. Dghij pour que ce dernier puisse assister \u00e0 l&rsquo;entretien, puisque ce sont plut\u00f4t Yousri Dali et Abdellatif Aloui qui avaient \u00e9t\u00e9 mentionn\u00e9s par la coalition d&rsquo;extr\u00eame droite religieuse pour la repr\u00e9senter. Mais l\u00e0, on est en droit de soup\u00e7onner Seifeddine Makhlouf et ses camarades de vouloir cr\u00e9er une fausse tension en vue de saboter les concertations pour la constitution du gouvernement. Les signes avants-coureurs d&rsquo;une volont\u00e9 de faire \u00e9chouer le processus se multiplient et, dans ce jeu, Al Karama semble sur une m\u00eame longueur d&rsquo;onde que le parti islamiste Ennahdha.<\/p>\n\n\n\n<p class=\"has-text-align-right\"><strong>C. B. Y.<\/strong><\/p>\n","protected":false},"excerpt":{"rendered":"<p>Le porte-parole d&rsquo;Al Karama, Seifeddine Makhlouf, a indiqu\u00e9, via un communiqu\u00e9 rendu public aujourd&rsquo;hui, mardi, 28 janvier 2020, sur la page facebook officielle de la coalition, que celle-ci refuse cat\u00e9goriquement la participation de Tahya Tounes aux concertations autour de la formation du prochain gouvernement.<\/p>\n","protected":false},"author":24,"featured_media":0,"comment_status":"open","ping_status":"open","sticky":false,"template":"","format":"standard","meta":{"footnotes":""},"categories":[997,2433],"tags":[],"class_list":["post-276745","post","type-post","status-publish","format-standard","hentry","category-politique","category-tunisie"],"yoast_head":"<!-- This site is optimized with the Yoast SEO plugin v26.6 - https:\/\/yoast.com\/wordpress\/plugins\/seo\/ -->\n<title>Formation du gouvernement : Al Karama refuse la participation de Tahya Tounes aux concertations - Kapitalis<\/title>\n<meta name=\"robots\" content=\"index, follow, max-snippet:-1, max-image-preview:large, max-video-preview:-1\" \/>\n<link rel=\"canonical\" href=\"https:\/\/kapitalis.com\/tunisie\/2020\/01\/28\/formation-du-gouvernement-al-karama-refuse-la-participation-de-tahya-tounes-aux-concertations\/\" \/>\n<meta property=\"og:locale\" content=\"fr_FR\" \/>\n<meta property=\"og:type\" content=\"article\" \/>\n<meta property=\"og:title\" content=\"Formation du gouvernement : Al Karama refuse la participation de Tahya Tounes aux concertations - Kapitalis\" \/>\n<meta property=\"og:description\" content=\"Le porte-parole d&rsquo;Al Karama, Seifeddine Makhlouf, a indiqu\u00e9, via un communiqu\u00e9 rendu public aujourd&rsquo;hui, mardi, 28 janvier 2020, sur la page facebook officielle de la coalition, que celle-ci refuse cat\u00e9goriquement la participation de Tahya Tounes aux concertations autour de la formation du prochain gouvernement.\" \/>\n<meta property=\"og:url\" content=\"https:\/\/kapitalis.com\/tunisie\/2020\/01\/28\/formation-du-gouvernement-al-karama-refuse-la-participation-de-tahya-tounes-aux-concertations\/\" \/>\n<meta property=\"og:site_name\" content=\"Kapitalis\" \/>\n<meta property=\"article:publisher\" content=\"https:\/\/www.facebook.com\/KapitalisInfo\/\" \/>\n<meta property=\"article:published_time\" content=\"2020-01-28T14:11:36+00:00\" \/>\n<meta property=\"article:modified_time\" content=\"2020-01-28T14:52:32+00:00\" \/>\n<meta property=\"og:image\" content=\"http:\/\/kapitalis.com\/tunisie\/wp-content\/uploads\/2019\/11\/Seifeddine-Makhlouf-et-Mustapha-Ben-Ahmed.jpg\" \/>\n<meta name=\"author\" content=\"Cherif Benyounes\" \/>\n<meta name=\"twitter:card\" content=\"summary_large_image\" \/>\n<meta name=\"twitter:creator\" content=\"@KapitalisInfo\" \/>\n<meta name=\"twitter:site\" content=\"@KapitalisInfo\" \/>\n<meta name=\"twitter:label1\" content=\"\u00c9crit par\" \/>\n\t<meta name=\"twitter:data1\" content=\"Cherif Benyounes\" \/>\n\t<meta name=\"twitter:label2\" content=\"Dur\u00e9e de lecture estim\u00e9e\" \/>\n\t<meta name=\"twitter:data2\" content=\"2 minutes\" \/>\n<script type=\"application\/ld+json\" class=\"yoast-schema-graph\">{\"@context\":\"https:\/\/schema.org\",\"@graph\":[{\"@type\":\"Article\",\"@id\":\"https:\/\/kapitalis.com\/tunisie\/2020\/01\/28\/formation-du-gouvernement-al-karama-refuse-la-participation-de-tahya-tounes-aux-concertations\/#article\",\"isPartOf\":{\"@id\":\"https:\/\/kapitalis.com\/tunisie\/2020\/01\/28\/formation-du-gouvernement-al-karama-refuse-la-participation-de-tahya-tounes-aux-concertations\/\"},\"author\":{\"name\":\"Cherif Benyounes\",\"@id\":\"https:\/\/kapitalis.com\/tunisie\/#\/schema\/person\/b35b8d631961131107263178aeb8019e\"},\"headline\":\"Formation du gouvernement : Al Karama refuse la participation de Tahya Tounes aux concertations\",\"datePublished\":\"2020-01-28T14:11:36+00:00\",\"dateModified\":\"2020-01-28T14:52:32+00:00\",\"mainEntityOfPage\":{\"@id\":\"https:\/\/kapitalis.com\/tunisie\/2020\/01\/28\/formation-du-gouvernement-al-karama-refuse-la-participation-de-tahya-tounes-aux-concertations\/\"},\"wordCount\":359,\"commentCount\":6,\"publisher\":{\"@id\":\"https:\/\/kapitalis.com\/tunisie\/#organization\"},\"image\":{\"@id\":\"https:\/\/kapitalis.com\/tunisie\/2020\/01\/28\/formation-du-gouvernement-al-karama-refuse-la-participation-de-tahya-tounes-aux-concertations\/#primaryimage\"},\"thumbnailUrl\":\"http:\/\/kapitalis.com\/tunisie\/wp-content\/uploads\/2019\/11\/Seifeddine-Makhlouf-et-Mustapha-Ben-Ahmed.jpg\",\"articleSection\":[\"POLITIQUE\",\"Tunisie\"],\"inLanguage\":\"fr-FR\",\"potentialAction\":[{\"@type\":\"CommentAction\",\"name\":\"Comment\",\"target\":[\"https:\/\/kapitalis.com\/tunisie\/2020\/01\/28\/formation-du-gouvernement-al-karama-refuse-la-participation-de-tahya-tounes-aux-concertations\/#respond\"]}]},{\"@type\":\"WebPage\",\"@id\":\"https:\/\/kapitalis.com\/tunisie\/2020\/01\/28\/formation-du-gouvernement-al-karama-refuse-la-participation-de-tahya-tounes-aux-concertations\/\",\"url\":\"https:\/\/kapitalis.com\/tunisie\/2020\/01\/28\/formation-du-gouvernement-al-karama-refuse-la-participation-de-tahya-tounes-aux-concertations\/\",\"name\":\"Formation du gouvernement : Al Karama refuse la participation de Tahya Tounes aux concertations - Kapitalis\",\"isPartOf\":{\"@id\":\"https:\/\/kapitalis.com\/tunisie\/#website\"},\"primaryImageOfPage\":{\"@id\":\"https:\/\/kapitalis.com\/tunisie\/2020\/01\/28\/formation-du-gouvernement-al-karama-refuse-la-participation-de-tahya-tounes-aux-concertations\/#primaryimage\"},\"image\":{\"@id\":\"https:\/\/kapitalis.com\/tunisie\/2020\/01\/28\/formation-du-gouvernement-al-karama-refuse-la-participation-de-tahya-tounes-aux-concertations\/#primaryimage\"},\"thumbnailUrl\":\"http:\/\/kapitalis.com\/tunisie\/wp-content\/uploads\/2019\/11\/Seifeddine-Makhlouf-et-Mustapha-Ben-Ahmed.jpg\",\"datePublished\":\"2020-01-28T14:11:36+00:00\",\"dateModified\":\"2020-01-28T14:52:32+00:00\",\"breadcrumb\":{\"@id\":\"https:\/\/kapitalis.com\/tunisie\/2020\/01\/28\/formation-du-gouvernement-al-karama-refuse-la-participation-de-tahya-tounes-aux-concertations\/#breadcrumb\"},\"inLanguage\":\"fr-FR\",\"potentialAction\":[{\"@type\":\"ReadAction\",\"target\":[\"https:\/\/kapitalis.com\/tunisie\/2020\/01\/28\/formation-du-gouvernement-al-karama-refuse-la-participation-de-tahya-tounes-aux-concertations\/\"]}]},{\"@type\":\"ImageObject\",\"inLanguage\":\"fr-FR\",\"@id\":\"https:\/\/kapitalis.com\/tunisie\/2020\/01\/28\/formation-du-gouvernement-al-karama-refuse-la-participation-de-tahya-tounes-aux-concertations\/#primaryimage\",\"url\":\"\",\"contentUrl\":\"\"},{\"@type\":\"BreadcrumbList\",\"@id\":\"https:\/\/kapitalis.com\/tunisie\/2020\/01\/28\/formation-du-gouvernement-al-karama-refuse-la-participation-de-tahya-tounes-aux-concertations\/#breadcrumb\",\"itemListElement\":[{\"@type\":\"ListItem\",\"position\":1,\"name\":\"Accueil\",\"item\":\"https:\/\/kapitalis.com\/tunisie\/\"},{\"@type\":\"ListItem\",\"position\":2,\"name\":\"Formation du gouvernement : Al Karama refuse la participation de Tahya Tounes aux concertations\"}]},{\"@type\":\"WebSite\",\"@id\":\"https:\/\/kapitalis.com\/tunisie\/#website\",\"url\":\"https:\/\/kapitalis.com\/tunisie\/\",\"name\":\"Kapitalis\",\"description\":\"L&#039;actualit\u00e9 en Tunisie et dans le monde\",\"publisher\":{\"@id\":\"https:\/\/kapitalis.com\/tunisie\/#organization\"},\"potentialAction\":[{\"@type\":\"SearchAction\",\"target\":{\"@type\":\"EntryPoint\",\"urlTemplate\":\"https:\/\/kapitalis.com\/tunisie\/?s={search_term_string}\"},\"query-input\":{\"@type\":\"PropertyValueSpecification\",\"valueRequired\":true,\"valueName\":\"search_term_string\"}}],\"inLanguage\":\"fr-FR\"},{\"@type\":\"Organization\",\"@id\":\"https:\/\/kapitalis.com\/tunisie\/#organization\",\"name\":\"Kapitalis\",\"url\":\"https:\/\/kapitalis.com\/tunisie\/\",\"logo\":{\"@type\":\"ImageObject\",\"inLanguage\":\"fr-FR\",\"@id\":\"https:\/\/kapitalis.com\/tunisie\/#\/schema\/logo\/image\/\",\"url\":\"https:\/\/kapitalis.com\/tunisie\/wp-content\/uploads\/2022\/05\/Kapitalis-big-size.png\",\"contentUrl\":\"https:\/\/kapitalis.com\/tunisie\/wp-content\/uploads\/2022\/05\/Kapitalis-big-size.png\",\"width\":5000,\"height\":1500,\"caption\":\"Kapitalis\"},\"image\":{\"@id\":\"https:\/\/kapitalis.com\/tunisie\/#\/schema\/logo\/image\/\"},\"sameAs\":[\"https:\/\/www.facebook.com\/KapitalisInfo\/\",\"https:\/\/x.com\/KapitalisInfo\",\"https:\/\/www.youtube.com\/channel\/UC-yDYrHyfFBWWZaOw3FPg9Q\"]},{\"@type\":\"Person\",\"@id\":\"https:\/\/kapitalis.com\/tunisie\/#\/schema\/person\/b35b8d631961131107263178aeb8019e\",\"name\":\"Cherif Benyounes\",\"url\":\"https:\/\/kapitalis.com\/tunisie\/author\/cherif\/\"}]}<\/script>\n<!-- \/ Yoast SEO plugin. -->","yoast_head_json":{"title":"Formation du gouvernement : Al Karama refuse la participation de Tahya Tounes aux concertations - Kapitalis","robots":{"index":"index","follow":"follow","max-snippet":"max-snippet:-1","max-image-preview":"max-image-preview:large","max-video-preview":"max-video-preview:-1"},"canonical":"https:\/\/kapitalis.com\/tunisie\/2020\/01\/28\/formation-du-gouvernement-al-karama-refuse-la-participation-de-tahya-tounes-aux-concertations\/","og_locale":"fr_FR","og_type":"article","og_title":"Formation du gouvernement : Al Karama refuse la participation de Tahya Tounes aux concertations - Kapitalis","og_description":"Le porte-parole d&rsquo;Al Karama, Seifeddine Makhlouf, a indiqu\u00e9, via un communiqu\u00e9 rendu public aujourd&rsquo;hui, mardi, 28 janvier 2020, sur la page facebook officielle de la coalition, que celle-ci refuse cat\u00e9goriquement la participation de Tahya Tounes aux concertations autour de la formation du prochain gouvernement.","og_url":"https:\/\/kapitalis.com\/tunisie\/2020\/01\/28\/formation-du-gouvernement-al-karama-refuse-la-participation-de-tahya-tounes-aux-concertations\/","og_site_name":"Kapitalis","article_publisher":"https:\/\/www.facebook.com\/KapitalisInfo\/","article_published_time":"2020-01-28T14:11:36+00:00","article_modified_time":"2020-01-28T14:52:32+00:00","og_image":[{"url":"http:\/\/kapitalis.com\/tunisie\/wp-content\/uploads\/2019\/11\/Seifeddine-Makhlouf-et-Mustapha-Ben-Ahmed.jpg","type":"","width":"","height":""}],"author":"Cherif Benyounes","twitter_card":"summary_large_image","twitter_creator":"@KapitalisInfo","twitter_site":"@KapitalisInfo","twitter_misc":{"\u00c9crit par":"Cherif Benyounes","Dur\u00e9e de lecture estim\u00e9e":"2 minutes"},"schema":{"@context":"https:\/\/schema.org","@graph":[{"@type":"Article","@id":"https:\/\/kapitalis.com\/tunisie\/2020\/01\/28\/formation-du-gouvernement-al-karama-refuse-la-participation-de-tahya-tounes-aux-concertations\/#article","isPartOf":{"@id":"https:\/\/kapitalis.com\/tunisie\/2020\/01\/28\/formation-du-gouvernement-al-karama-refuse-la-participation-de-tahya-tounes-aux-concertations\/"},"author":{"name":"Cherif Benyounes","@id":"https:\/\/kapitalis.com\/tunisie\/#\/schema\/person\/b35b8d631961131107263178aeb8019e"},"headline":"Formation du gouvernement : Al Karama refuse la participation de Tahya Tounes aux concertations","datePublished":"2020-01-28T14:11:36+00:00","dateModified":"2020-01-28T14:52:32+00:00","mainEntityOfPage":{"@id":"https:\/\/kapitalis.com\/tunisie\/2020\/01\/28\/formation-du-gouvernement-al-karama-refuse-la-participation-de-tahya-tounes-aux-concertations\/"},"wordCount":359,"commentCount":6,"publisher":{"@id":"https:\/\/kapitalis.com\/tunisie\/#organization"},"image":{"@id":"https:\/\/kapitalis.com\/tunisie\/2020\/01\/28\/formation-du-gouvernement-al-karama-refuse-la-participation-de-tahya-tounes-aux-concertations\/#primaryimage"},"thumbnailUrl":"http:\/\/kapitalis.com\/tunisie\/wp-content\/uploads\/2019\/11\/Seifeddine-Makhlouf-et-Mustapha-Ben-Ahmed.jpg","articleSection":["POLITIQUE","Tunisie"],"inLanguage":"fr-FR","potentialAction":[{"@type":"CommentAction","name":"Comment","target":["https:\/\/kapitalis.com\/tunisie\/2020\/01\/28\/formation-du-gouvernement-al-karama-refuse-la-participation-de-tahya-tounes-aux-concertations\/#respond"]}]},{"@type":"WebPage","@id":"https:\/\/kapitalis.com\/tunisie\/2020\/01\/28\/formation-du-gouvernement-al-karama-refuse-la-participation-de-tahya-tounes-aux-concertations\/","url":"https:\/\/kapitalis.com\/tunisie\/2020\/01\/28\/formation-du-gouvernement-al-karama-refuse-la-participation-de-tahya-tounes-aux-concertations\/","name":"Formation du gouvernement : Al Karama refuse la participation de Tahya Tounes aux concertations - Kapitalis","isPartOf":{"@id":"https:\/\/kapitalis.com\/tunisie\/#website"},"primaryImageOfPage":{"@id":"https:\/\/kapitalis.com\/tunisie\/2020\/01\/28\/formation-du-gouvernement-al-karama-refuse-la-participation-de-tahya-tounes-aux-concertations\/#primaryimage"},"image":{"@id":"https:\/\/kapitalis.com\/tunisie\/2020\/01\/28\/formation-du-gouvernement-al-karama-refuse-la-participation-de-tahya-tounes-aux-concertations\/#primaryimage"},"thumbnailUrl":"http:\/\/kapitalis.com\/tunisie\/wp-content\/uploads\/2019\/11\/Seifeddine-Makhlouf-et-Mustapha-Ben-Ahmed.jpg","datePublished":"2020-01-28T14:11:36+00:00","dateModified":"2020-01-28T14:52:32+00:00","breadcrumb":{"@id":"https:\/\/kapitalis.com\/tunisie\/2020\/01\/28\/formation-du-gouvernement-al-karama-refuse-la-participation-de-tahya-tounes-aux-concertations\/#breadcrumb"},"inLanguage":"fr-FR","potentialAction":[{"@type":"ReadAction","target":["https:\/\/kapitalis.com\/tunisie\/2020\/01\/28\/formation-du-gouvernement-al-karama-refuse-la-participation-de-tahya-tounes-aux-concertations\/"]}]},{"@type":"ImageObject","inLanguage":"fr-FR","@id":"https:\/\/kapitalis.com\/tunisie\/2020\/01\/28\/formation-du-gouvernement-al-karama-refuse-la-participation-de-tahya-tounes-aux-concertations\/#primaryimage","url":"","contentUrl":""},{"@type":"BreadcrumbList","@id":"https:\/\/kapitalis.com\/tunisie\/2020\/01\/28\/formation-du-gouvernement-al-karama-refuse-la-participation-de-tahya-tounes-aux-concertations\/#breadcrumb","itemListElement":[{"@type":"ListItem","position":1,"name":"Accueil","item":"https:\/\/kapitalis.com\/tunisie\/"},{"@type":"ListItem","position":2,"name":"Formation du gouvernement : Al Karama refuse la participation de Tahya Tounes aux concertations"}]},{"@type":"WebSite","@id":"https:\/\/kapitalis.com\/tunisie\/#website","url":"https:\/\/kapitalis.com\/tunisie\/","name":"Kapitalis","description":"L&#039;actualit\u00e9 en Tunisie et dans le monde","publisher":{"@id":"https:\/\/kapitalis.com\/tunisie\/#organization"},"potentialAction":[{"@type":"SearchAction","target":{"@type":"EntryPoint","urlTemplate":"https:\/\/kapitalis.com\/tunisie\/?s={search_term_string}"},"query-input":{"@type":"PropertyValueSpecification","valueRequired":true,"valueName":"search_term_string"}}],"inLanguage":"fr-FR"},{"@type":"Organization","@id":"https:\/\/kapitalis.com\/tunisie\/#organization","name":"Kapitalis","url":"https:\/\/kapitalis.com\/tunisie\/","logo":{"@type":"ImageObject","inLanguage":"fr-FR","@id":"https:\/\/kapitalis.com\/tunisie\/#\/schema\/logo\/image\/","url":"https:\/\/kapitalis.com\/tunisie\/wp-content\/uploads\/2022\/05\/Kapitalis-big-size.png","contentUrl":"https:\/\/kapitalis.com\/tunisie\/wp-content\/uploads\/2022\/05\/Kapitalis-big-size.png","width":5000,"height":1500,"caption":"Kapitalis"},"image":{"@id":"https:\/\/kapitalis.com\/tunisie\/#\/schema\/logo\/image\/"},"sameAs":["https:\/\/www.facebook.com\/KapitalisInfo\/","https:\/\/x.com\/KapitalisInfo","https:\/\/www.youtube.com\/channel\/UC-yDYrHyfFBWWZaOw3FPg9Q"]},{"@type":"Person","@id":"https:\/\/kapitalis.com\/tunisie\/#\/schema\/person\/b35b8d631961131107263178aeb8019e","name":"Cherif Benyounes","url":"https:\/\/kapitalis.com\/tunisie\/author\/cherif\/"}]}},"_links":{"self":[{"href":"https:\/\/kapitalis.com\/tunisie\/wp-json\/wp\/v2\/posts\/276745","targetHints":{"allow":["GET"]}}],"collection":[{"href":"https:\/\/kapitalis.com\/tunisie\/wp-json\/wp\/v2\/posts"}],"about":[{"href":"https:\/\/kapitalis.com\/tunisie\/wp-json\/wp\/v2\/types\/post"}],"author":[{"embeddable":true,"href":"https:\/\/kapitalis.com\/tunisie\/wp-json\/wp\/v2\/users\/24"}],"replies":[{"embeddable":true,"href":"https:\/\/kapitalis.com\/tunisie\/wp-json\/wp\/v2\/comments?post=276745"}],"version-history":[{"count":0,"href":"https:\/\/kapitalis.com\/tunisie\/wp-json\/wp\/v2\/posts\/276745\/revisions"}],"wp:attachment":[{"href":"https:\/\/kapitalis.com\/tunisie\/wp-json\/wp\/v2\/media?parent=276745"}],"wp:term":[{"taxonomy":"category","embeddable":true,"href":"https:\/\/kapitalis.com\/tunisie\/wp-json\/wp\/v2\/categories?post=276745"},{"taxonomy":"post_tag","embeddable":true,"href":"https:\/\/kapitalis.com\/tunisie\/wp-json\/wp\/v2\/tags?post=276745"}],"curies":[{"name":"wp","href":"https:\/\/api.w.org\/{rel}","templated":true}]}}