{"id":276801,"date":"2020-01-28T17:57:01","date_gmt":"2020-01-28T16:57:01","guid":{"rendered":"http:\/\/kapitalis.com\/tunisie\/?p=276801"},"modified":"2020-01-29T07:30:29","modified_gmt":"2020-01-29T06:30:29","slug":"le-torchon-brule-entre-la-steg-et-ses-entreprises-contractantes","status":"publish","type":"post","link":"https:\/\/kapitalis.com\/tunisie\/2020\/01\/28\/le-torchon-brule-entre-la-steg-et-ses-entreprises-contractantes\/","title":{"rendered":"Le torchon br\u00fble entre la Steg et ses entreprises contractantes"},"content":{"rendered":"\n<figure class=\"wp-block-image size-large\"><img decoding=\"async\" src=\"http:\/\/kapitalis.com\/tunisie\/wp-content\/uploads\/2018\/01\/Steg.jpg\" alt=\"\" class=\"wp-image-131091\"\/><figcaption><em>Si\u00e8ge de la Steg \u00e0 Tunis.<\/em><\/figcaption><\/figure>\n\n\n\n<p><strong><em>Les entreprises contractantes de la Soci\u00e9t\u00e9 tunisienne de l&rsquo;\u00e9lectricit\u00e9 et du gaz (Steg) entreront en gr\u00e8ve, le lundi 3 f\u00e9vrier 2020, sur tout le territoire tunisien, si la compagnie n&rsquo;annule pas sa d\u00e9cision de suspendre les contrats tarifaires qui les lie.<\/em><\/strong><\/p>\n\n\n\n<!--more-->\n\n\n\n<p>Dans une interview accord\u00e9e \u00e0 <a rel=\"noreferrer noopener\" aria-label=\"Diwan FM (s\u2019ouvre dans un nouvel onglet)\" href=\"https:\/\/www.facebook.com\/NafdhtlySteg\/?__tn__=kC-R&amp;eid=ARAxhT1lgmOP3UH2ObXoC5q0FW1FoWzfNb9fCEM5YAYd0smru55WcQDHByhhqRaj2b1bNKpvo_CzW_vk&amp;hc_ref=ARQCCfEou_xvhwYTKl30zjhZc9a03mz2rC5XdXeYE1XHd9wbi2VcAGeRRijr2yMonPU&amp;__xts__[0]=68.ARAw00p5TGl0tFmlID4FI_W88lEjlCbhLPapDNkb34gujTGBTGNScBmxEHEXlUEonstYQTZgXmSg6FbmywTHd5LK9jm8iG3W5LGaFNkrR0OSn8v6VGuqposCPe2SHIloc2UNLvS2hT1IKd-1t7DBhUbxTNedmxjuOvbIZuvvm8hWNXm2RnZDGwdmnwZbrDNSuUDnzrQaGfWuqIIh12WAnfHxmk8q9AeY-Panb_hCsgLDA4uEPlxDv-8SzG8CNHpbVXYHg9OLtzvs5fCLeya8KWAvvubJ4ASkclHAah_G9n2ObJMgnxW-cczT_eRHSPq5JpX6mOZrasTSj_7FCFS9TyT5lhNnkupHsIm5-dyN2-b8Udz17ynDw8hDseY3WPv1kXGqE3B45YEdvuspimZdbZYpSzs0JDsi6VqW_AG5CMrmFaJawGzR_1baNzv6FosoQy0IS8lGOMMKODKP1il_YogyPnniA-dlrQIsvbtIIkEASQeVgedgJybtRuBiVv5uc1h9\" target=\"_blank\">Diwan FM<\/a>, le 27 janvier 2020, des membres de la Chambre nationale des entrepreneurs de l&rsquo;\u00e9lectricit\u00e9, notamment de la r\u00e9gion de Sfax, demandent \u00e0 un contr\u00f4leur de l&rsquo;Etat de r\u00e9viser la d\u00e9cision de la Steg qui met fortement en p\u00e9ril leur situation sociale et financi\u00e8re et celle de leurs familles, selon les concern\u00e9s.<\/p>\n\n\n\n<p>Le jeudi 30 janvier, se tiendra une r\u00e9union au si\u00e8ge de l&rsquo;Union tunisienne pour l&rsquo;industrie, le commerce et l&rsquo;artisanat (Utica), suite \u00e0 quoi des manifestants iront protester devant le si\u00e8ge du gouvernement \u00e0 la Kasbah. Ces derniers demandent \u00e0 tous les membres de la chambre de s&rsquo;unir pour  d\u00e9fendre leurs droits.<\/p>\n\n\n\n<p>Rappelons que la Steg veut remplacer les contrats tarifaires qui la lie \u00e0 ses entreprises contractantes, par un syst\u00e8me d&rsquo;appels d&rsquo;offres (A\/O) o\u00f9 les contrats dureront 6 mois au lieu des 6 ans habituels.  <\/p>\n\n\n\n<p>Les concern\u00e9s pr\u00e9cisent que la Steg a pris cette d\u00e9cision de mani\u00e8re unilat\u00e9rale, sans les aviser, ce qui serait, selon eux, contraire \u00e0 la loi. Ils d\u00e9noncent que la d\u00e9cision de la Steg favorisera les grands groupes d&rsquo;\u00e9lectricit\u00e9 au d\u00e9triment des petits entrepreneurs. Or, ceux-ci ne veulent pas renouveler ni transformer les contrats existants.<\/p>\n\n\n\n<p class=\"has-text-align-right\"><strong>A. M.<\/strong><\/p>\n\n\n\n<figure class=\"wp-block-embed-wordpress wp-block-embed is-type-wp-embed is-provider-kapitalis\"><div class=\"wp-block-embed__wrapper\">\n<blockquote class=\"wp-embedded-content\" data-secret=\"WAajpJ3Yb6\"><a href=\"https:\/\/kapitalis.com\/tunisie\/2020\/01\/27\/les-entreprises-contractantes-de-la-steg-menacent-de-suspendre-tous-les-travaux-en-cours\/\">Les entreprises contractantes de la Steg menacent de suspendre tous les travaux en cours<\/a><\/blockquote><iframe loading=\"lazy\" class=\"wp-embedded-content\" sandbox=\"allow-scripts\" security=\"restricted\" style=\"position: absolute; clip: rect(1px, 1px, 1px, 1px);\" title=\"\u00ab\u00a0Les entreprises contractantes de la Steg menacent de suspendre tous les travaux en cours\u00a0\u00bb &#8212; Kapitalis\" src=\"https:\/\/kapitalis.com\/tunisie\/2020\/01\/27\/les-entreprises-contractantes-de-la-steg-menacent-de-suspendre-tous-les-travaux-en-cours\/embed\/#?secret=8dZERcItmn#?secret=WAajpJ3Yb6\" data-secret=\"WAajpJ3Yb6\" width=\"600\" height=\"338\" frameborder=\"0\" marginwidth=\"0\" marginheight=\"0\" scrolling=\"no\"><\/iframe>\n<\/div><\/figure>\n","protected":false},"excerpt":{"rendered":"<p>Les entreprises contractantes de la Soci\u00e9t\u00e9 tunisienne de l&rsquo;\u00e9lectricit\u00e9 et du gaz (Steg) entreront en gr\u00e8ve, le lundi 3 f\u00e9vrier 2020, sur tout le territoire tunisien, si la compagnie n&rsquo;annule pas sa d\u00e9cision de suspendre les contrats tarifaires qui les lie.<\/p>\n","protected":false},"author":22,"featured_media":0,"comment_status":"open","ping_status":"open","sticky":false,"template":"","format":"standard","meta":{"footnotes":""},"categories":[995,2433],"tags":[73496,3763,940],"class_list":["post-276801","post","type-post","status-publish","format-standard","hentry","category-economie","category-tunisie","tag-chambre-nationale-des-entrepreneurs-de-lelectricite","tag-steg","tag-utica"],"yoast_head":"<!-- This site is optimized with the Yoast SEO plugin v26.6 - https:\/\/yoast.com\/wordpress\/plugins\/seo\/ -->\n<title>Le torchon br\u00fble entre la Steg et ses entreprises contractantes - Kapitalis<\/title>\n<meta name=\"robots\" content=\"index, follow, max-snippet:-1, max-image-preview:large, max-video-preview:-1\" \/>\n<link rel=\"canonical\" href=\"https:\/\/kapitalis.com\/tunisie\/2020\/01\/28\/le-torchon-brule-entre-la-steg-et-ses-entreprises-contractantes\/\" \/>\n<meta property=\"og:locale\" content=\"fr_FR\" \/>\n<meta property=\"og:type\" content=\"article\" \/>\n<meta property=\"og:title\" content=\"Le torchon br\u00fble entre la Steg et ses entreprises contractantes - Kapitalis\" \/>\n<meta property=\"og:description\" content=\"Les entreprises contractantes de la Soci\u00e9t\u00e9 tunisienne de l&rsquo;\u00e9lectricit\u00e9 et du gaz (Steg) entreront en gr\u00e8ve, le lundi 3 f\u00e9vrier 2020, sur tout le territoire tunisien, si la compagnie n&rsquo;annule pas sa d\u00e9cision de suspendre les contrats tarifaires qui les lie.\" \/>\n<meta property=\"og:url\" content=\"https:\/\/kapitalis.com\/tunisie\/2020\/01\/28\/le-torchon-brule-entre-la-steg-et-ses-entreprises-contractantes\/\" \/>\n<meta property=\"og:site_name\" content=\"Kapitalis\" \/>\n<meta property=\"article:publisher\" content=\"https:\/\/www.facebook.com\/KapitalisInfo\/\" \/>\n<meta property=\"article:published_time\" content=\"2020-01-28T16:57:01+00:00\" \/>\n<meta property=\"article:modified_time\" content=\"2020-01-29T06:30:29+00:00\" \/>\n<meta property=\"og:image\" content=\"http:\/\/kapitalis.com\/tunisie\/wp-content\/uploads\/2018\/01\/Steg.jpg\" \/>\n<meta name=\"author\" content=\"Amina Mkada\" \/>\n<meta name=\"twitter:card\" content=\"summary_large_image\" \/>\n<meta name=\"twitter:creator\" content=\"@KapitalisInfo\" \/>\n<meta name=\"twitter:site\" content=\"@KapitalisInfo\" \/>\n<meta name=\"twitter:label1\" content=\"\u00c9crit par\" \/>\n\t<meta name=\"twitter:data1\" content=\"Amina Mkada\" \/>\n\t<meta name=\"twitter:label2\" content=\"Dur\u00e9e de lecture estim\u00e9e\" \/>\n\t<meta name=\"twitter:data2\" content=\"1 minute\" \/>\n<script type=\"application\/ld+json\" class=\"yoast-schema-graph\">{\"@context\":\"https:\/\/schema.org\",\"@graph\":[{\"@type\":\"Article\",\"@id\":\"https:\/\/kapitalis.com\/tunisie\/2020\/01\/28\/le-torchon-brule-entre-la-steg-et-ses-entreprises-contractantes\/#article\",\"isPartOf\":{\"@id\":\"https:\/\/kapitalis.com\/tunisie\/2020\/01\/28\/le-torchon-brule-entre-la-steg-et-ses-entreprises-contractantes\/\"},\"author\":{\"name\":\"Amina Mkada\",\"@id\":\"https:\/\/kapitalis.com\/tunisie\/#\/schema\/person\/093913313d3017554cb3ad077fff3fbd\"},\"headline\":\"Le torchon br\u00fble entre la Steg et ses entreprises contractantes\",\"datePublished\":\"2020-01-28T16:57:01+00:00\",\"dateModified\":\"2020-01-29T06:30:29+00:00\",\"mainEntityOfPage\":{\"@id\":\"https:\/\/kapitalis.com\/tunisie\/2020\/01\/28\/le-torchon-brule-entre-la-steg-et-ses-entreprises-contractantes\/\"},\"wordCount\":277,\"commentCount\":0,\"publisher\":{\"@id\":\"https:\/\/kapitalis.com\/tunisie\/#organization\"},\"image\":{\"@id\":\"https:\/\/kapitalis.com\/tunisie\/2020\/01\/28\/le-torchon-brule-entre-la-steg-et-ses-entreprises-contractantes\/#primaryimage\"},\"thumbnailUrl\":\"http:\/\/kapitalis.com\/tunisie\/wp-content\/uploads\/2018\/01\/Steg.jpg\",\"keywords\":[\"chambre nationale des entrepreneurs de l\u00e9lectricit\u00e9\",\"Steg\",\"Utica\"],\"articleSection\":[\"ECONOMIE\",\"Tunisie\"],\"inLanguage\":\"fr-FR\",\"potentialAction\":[{\"@type\":\"CommentAction\",\"name\":\"Comment\",\"target\":[\"https:\/\/kapitalis.com\/tunisie\/2020\/01\/28\/le-torchon-brule-entre-la-steg-et-ses-entreprises-contractantes\/#respond\"]}]},{\"@type\":\"WebPage\",\"@id\":\"https:\/\/kapitalis.com\/tunisie\/2020\/01\/28\/le-torchon-brule-entre-la-steg-et-ses-entreprises-contractantes\/\",\"url\":\"https:\/\/kapitalis.com\/tunisie\/2020\/01\/28\/le-torchon-brule-entre-la-steg-et-ses-entreprises-contractantes\/\",\"name\":\"Le torchon br\u00fble entre la Steg et ses entreprises contractantes - Kapitalis\",\"isPartOf\":{\"@id\":\"https:\/\/kapitalis.com\/tunisie\/#website\"},\"primaryImageOfPage\":{\"@id\":\"https:\/\/kapitalis.com\/tunisie\/2020\/01\/28\/le-torchon-brule-entre-la-steg-et-ses-entreprises-contractantes\/#primaryimage\"},\"image\":{\"@id\":\"https:\/\/kapitalis.com\/tunisie\/2020\/01\/28\/le-torchon-brule-entre-la-steg-et-ses-entreprises-contractantes\/#primaryimage\"},\"thumbnailUrl\":\"http:\/\/kapitalis.com\/tunisie\/wp-content\/uploads\/2018\/01\/Steg.jpg\",\"datePublished\":\"2020-01-28T16:57:01+00:00\",\"dateModified\":\"2020-01-29T06:30:29+00:00\",\"breadcrumb\":{\"@id\":\"https:\/\/kapitalis.com\/tunisie\/2020\/01\/28\/le-torchon-brule-entre-la-steg-et-ses-entreprises-contractantes\/#breadcrumb\"},\"inLanguage\":\"fr-FR\",\"potentialAction\":[{\"@type\":\"ReadAction\",\"target\":[\"https:\/\/kapitalis.com\/tunisie\/2020\/01\/28\/le-torchon-brule-entre-la-steg-et-ses-entreprises-contractantes\/\"]}]},{\"@type\":\"ImageObject\",\"inLanguage\":\"fr-FR\",\"@id\":\"https:\/\/kapitalis.com\/tunisie\/2020\/01\/28\/le-torchon-brule-entre-la-steg-et-ses-entreprises-contractantes\/#primaryimage\",\"url\":\"http:\/\/kapitalis.com\/tunisie\/wp-content\/uploads\/2018\/01\/Steg.jpg\",\"contentUrl\":\"http:\/\/kapitalis.com\/tunisie\/wp-content\/uploads\/2018\/01\/Steg.jpg\"},{\"@type\":\"BreadcrumbList\",\"@id\":\"https:\/\/kapitalis.com\/tunisie\/2020\/01\/28\/le-torchon-brule-entre-la-steg-et-ses-entreprises-contractantes\/#breadcrumb\",\"itemListElement\":[{\"@type\":\"ListItem\",\"position\":1,\"name\":\"Accueil\",\"item\":\"https:\/\/kapitalis.com\/tunisie\/\"},{\"@type\":\"ListItem\",\"position\":2,\"name\":\"Le torchon br\u00fble entre la Steg et ses entreprises contractantes\"}]},{\"@type\":\"WebSite\",\"@id\":\"https:\/\/kapitalis.com\/tunisie\/#website\",\"url\":\"https:\/\/kapitalis.com\/tunisie\/\",\"name\":\"Kapitalis\",\"description\":\"L&#039;actualit\u00e9 en Tunisie et dans le monde\",\"publisher\":{\"@id\":\"https:\/\/kapitalis.com\/tunisie\/#organization\"},\"potentialAction\":[{\"@type\":\"SearchAction\",\"target\":{\"@type\":\"EntryPoint\",\"urlTemplate\":\"https:\/\/kapitalis.com\/tunisie\/?s={search_term_string}\"},\"query-input\":{\"@type\":\"PropertyValueSpecification\",\"valueRequired\":true,\"valueName\":\"search_term_string\"}}],\"inLanguage\":\"fr-FR\"},{\"@type\":\"Organization\",\"@id\":\"https:\/\/kapitalis.com\/tunisie\/#organization\",\"name\":\"Kapitalis\",\"url\":\"https:\/\/kapitalis.com\/tunisie\/\",\"logo\":{\"@type\":\"ImageObject\",\"inLanguage\":\"fr-FR\",\"@id\":\"https:\/\/kapitalis.com\/tunisie\/#\/schema\/logo\/image\/\",\"url\":\"https:\/\/kapitalis.com\/tunisie\/wp-content\/uploads\/2022\/05\/Kapitalis-big-size.png\",\"contentUrl\":\"https:\/\/kapitalis.com\/tunisie\/wp-content\/uploads\/2022\/05\/Kapitalis-big-size.png\",\"width\":5000,\"height\":1500,\"caption\":\"Kapitalis\"},\"image\":{\"@id\":\"https:\/\/kapitalis.com\/tunisie\/#\/schema\/logo\/image\/\"},\"sameAs\":[\"https:\/\/www.facebook.com\/KapitalisInfo\/\",\"https:\/\/x.com\/KapitalisInfo\",\"https:\/\/www.youtube.com\/channel\/UC-yDYrHyfFBWWZaOw3FPg9Q\"]},{\"@type\":\"Person\",\"@id\":\"https:\/\/kapitalis.com\/tunisie\/#\/schema\/person\/093913313d3017554cb3ad077fff3fbd\",\"name\":\"Amina Mkada\",\"url\":\"https:\/\/kapitalis.com\/tunisie\/author\/amina\/\"}]}<\/script>\n<!-- \/ Yoast SEO plugin. -->","yoast_head_json":{"title":"Le torchon br\u00fble entre la Steg et ses entreprises contractantes - Kapitalis","robots":{"index":"index","follow":"follow","max-snippet":"max-snippet:-1","max-image-preview":"max-image-preview:large","max-video-preview":"max-video-preview:-1"},"canonical":"https:\/\/kapitalis.com\/tunisie\/2020\/01\/28\/le-torchon-brule-entre-la-steg-et-ses-entreprises-contractantes\/","og_locale":"fr_FR","og_type":"article","og_title":"Le torchon br\u00fble entre la Steg et ses entreprises contractantes - Kapitalis","og_description":"Les entreprises contractantes de la Soci\u00e9t\u00e9 tunisienne de l&rsquo;\u00e9lectricit\u00e9 et du gaz (Steg) entreront en gr\u00e8ve, le lundi 3 f\u00e9vrier 2020, sur tout le territoire tunisien, si la compagnie n&rsquo;annule pas sa d\u00e9cision de suspendre les contrats tarifaires qui les lie.","og_url":"https:\/\/kapitalis.com\/tunisie\/2020\/01\/28\/le-torchon-brule-entre-la-steg-et-ses-entreprises-contractantes\/","og_site_name":"Kapitalis","article_publisher":"https:\/\/www.facebook.com\/KapitalisInfo\/","article_published_time":"2020-01-28T16:57:01+00:00","article_modified_time":"2020-01-29T06:30:29+00:00","og_image":[{"url":"http:\/\/kapitalis.com\/tunisie\/wp-content\/uploads\/2018\/01\/Steg.jpg","type":"","width":"","height":""}],"author":"Amina Mkada","twitter_card":"summary_large_image","twitter_creator":"@KapitalisInfo","twitter_site":"@KapitalisInfo","twitter_misc":{"\u00c9crit par":"Amina Mkada","Dur\u00e9e de lecture estim\u00e9e":"1 minute"},"schema":{"@context":"https:\/\/schema.org","@graph":[{"@type":"Article","@id":"https:\/\/kapitalis.com\/tunisie\/2020\/01\/28\/le-torchon-brule-entre-la-steg-et-ses-entreprises-contractantes\/#article","isPartOf":{"@id":"https:\/\/kapitalis.com\/tunisie\/2020\/01\/28\/le-torchon-brule-entre-la-steg-et-ses-entreprises-contractantes\/"},"author":{"name":"Amina Mkada","@id":"https:\/\/kapitalis.com\/tunisie\/#\/schema\/person\/093913313d3017554cb3ad077fff3fbd"},"headline":"Le torchon br\u00fble entre la Steg et ses entreprises contractantes","datePublished":"2020-01-28T16:57:01+00:00","dateModified":"2020-01-29T06:30:29+00:00","mainEntityOfPage":{"@id":"https:\/\/kapitalis.com\/tunisie\/2020\/01\/28\/le-torchon-brule-entre-la-steg-et-ses-entreprises-contractantes\/"},"wordCount":277,"commentCount":0,"publisher":{"@id":"https:\/\/kapitalis.com\/tunisie\/#organization"},"image":{"@id":"https:\/\/kapitalis.com\/tunisie\/2020\/01\/28\/le-torchon-brule-entre-la-steg-et-ses-entreprises-contractantes\/#primaryimage"},"thumbnailUrl":"http:\/\/kapitalis.com\/tunisie\/wp-content\/uploads\/2018\/01\/Steg.jpg","keywords":["chambre nationale des entrepreneurs de l\u00e9lectricit\u00e9","Steg","Utica"],"articleSection":["ECONOMIE","Tunisie"],"inLanguage":"fr-FR","potentialAction":[{"@type":"CommentAction","name":"Comment","target":["https:\/\/kapitalis.com\/tunisie\/2020\/01\/28\/le-torchon-brule-entre-la-steg-et-ses-entreprises-contractantes\/#respond"]}]},{"@type":"WebPage","@id":"https:\/\/kapitalis.com\/tunisie\/2020\/01\/28\/le-torchon-brule-entre-la-steg-et-ses-entreprises-contractantes\/","url":"https:\/\/kapitalis.com\/tunisie\/2020\/01\/28\/le-torchon-brule-entre-la-steg-et-ses-entreprises-contractantes\/","name":"Le torchon br\u00fble entre la Steg et ses entreprises contractantes - Kapitalis","isPartOf":{"@id":"https:\/\/kapitalis.com\/tunisie\/#website"},"primaryImageOfPage":{"@id":"https:\/\/kapitalis.com\/tunisie\/2020\/01\/28\/le-torchon-brule-entre-la-steg-et-ses-entreprises-contractantes\/#primaryimage"},"image":{"@id":"https:\/\/kapitalis.com\/tunisie\/2020\/01\/28\/le-torchon-brule-entre-la-steg-et-ses-entreprises-contractantes\/#primaryimage"},"thumbnailUrl":"http:\/\/kapitalis.com\/tunisie\/wp-content\/uploads\/2018\/01\/Steg.jpg","datePublished":"2020-01-28T16:57:01+00:00","dateModified":"2020-01-29T06:30:29+00:00","breadcrumb":{"@id":"https:\/\/kapitalis.com\/tunisie\/2020\/01\/28\/le-torchon-brule-entre-la-steg-et-ses-entreprises-contractantes\/#breadcrumb"},"inLanguage":"fr-FR","potentialAction":[{"@type":"ReadAction","target":["https:\/\/kapitalis.com\/tunisie\/2020\/01\/28\/le-torchon-brule-entre-la-steg-et-ses-entreprises-contractantes\/"]}]},{"@type":"ImageObject","inLanguage":"fr-FR","@id":"https:\/\/kapitalis.com\/tunisie\/2020\/01\/28\/le-torchon-brule-entre-la-steg-et-ses-entreprises-contractantes\/#primaryimage","url":"http:\/\/kapitalis.com\/tunisie\/wp-content\/uploads\/2018\/01\/Steg.jpg","contentUrl":"http:\/\/kapitalis.com\/tunisie\/wp-content\/uploads\/2018\/01\/Steg.jpg"},{"@type":"BreadcrumbList","@id":"https:\/\/kapitalis.com\/tunisie\/2020\/01\/28\/le-torchon-brule-entre-la-steg-et-ses-entreprises-contractantes\/#breadcrumb","itemListElement":[{"@type":"ListItem","position":1,"name":"Accueil","item":"https:\/\/kapitalis.com\/tunisie\/"},{"@type":"ListItem","position":2,"name":"Le torchon br\u00fble entre la Steg et ses entreprises contractantes"}]},{"@type":"WebSite","@id":"https:\/\/kapitalis.com\/tunisie\/#website","url":"https:\/\/kapitalis.com\/tunisie\/","name":"Kapitalis","description":"L&#039;actualit\u00e9 en Tunisie et dans le monde","publisher":{"@id":"https:\/\/kapitalis.com\/tunisie\/#organization"},"potentialAction":[{"@type":"SearchAction","target":{"@type":"EntryPoint","urlTemplate":"https:\/\/kapitalis.com\/tunisie\/?s={search_term_string}"},"query-input":{"@type":"PropertyValueSpecification","valueRequired":true,"valueName":"search_term_string"}}],"inLanguage":"fr-FR"},{"@type":"Organization","@id":"https:\/\/kapitalis.com\/tunisie\/#organization","name":"Kapitalis","url":"https:\/\/kapitalis.com\/tunisie\/","logo":{"@type":"ImageObject","inLanguage":"fr-FR","@id":"https:\/\/kapitalis.com\/tunisie\/#\/schema\/logo\/image\/","url":"https:\/\/kapitalis.com\/tunisie\/wp-content\/uploads\/2022\/05\/Kapitalis-big-size.png","contentUrl":"https:\/\/kapitalis.com\/tunisie\/wp-content\/uploads\/2022\/05\/Kapitalis-big-size.png","width":5000,"height":1500,"caption":"Kapitalis"},"image":{"@id":"https:\/\/kapitalis.com\/tunisie\/#\/schema\/logo\/image\/"},"sameAs":["https:\/\/www.facebook.com\/KapitalisInfo\/","https:\/\/x.com\/KapitalisInfo","https:\/\/www.youtube.com\/channel\/UC-yDYrHyfFBWWZaOw3FPg9Q"]},{"@type":"Person","@id":"https:\/\/kapitalis.com\/tunisie\/#\/schema\/person\/093913313d3017554cb3ad077fff3fbd","name":"Amina Mkada","url":"https:\/\/kapitalis.com\/tunisie\/author\/amina\/"}]}},"_links":{"self":[{"href":"https:\/\/kapitalis.com\/tunisie\/wp-json\/wp\/v2\/posts\/276801","targetHints":{"allow":["GET"]}}],"collection":[{"href":"https:\/\/kapitalis.com\/tunisie\/wp-json\/wp\/v2\/posts"}],"about":[{"href":"https:\/\/kapitalis.com\/tunisie\/wp-json\/wp\/v2\/types\/post"}],"author":[{"embeddable":true,"href":"https:\/\/kapitalis.com\/tunisie\/wp-json\/wp\/v2\/users\/22"}],"replies":[{"embeddable":true,"href":"https:\/\/kapitalis.com\/tunisie\/wp-json\/wp\/v2\/comments?post=276801"}],"version-history":[{"count":0,"href":"https:\/\/kapitalis.com\/tunisie\/wp-json\/wp\/v2\/posts\/276801\/revisions"}],"wp:attachment":[{"href":"https:\/\/kapitalis.com\/tunisie\/wp-json\/wp\/v2\/media?parent=276801"}],"wp:term":[{"taxonomy":"category","embeddable":true,"href":"https:\/\/kapitalis.com\/tunisie\/wp-json\/wp\/v2\/categories?post=276801"},{"taxonomy":"post_tag","embeddable":true,"href":"https:\/\/kapitalis.com\/tunisie\/wp-json\/wp\/v2\/tags?post=276801"}],"curies":[{"name":"wp","href":"https:\/\/api.w.org\/{rel}","templated":true}]}}