{"id":277034,"date":"2020-01-29T14:23:54","date_gmt":"2020-01-29T13:23:54","guid":{"rendered":"http:\/\/kapitalis.com\/tunisie\/?p=277034"},"modified":"2020-01-29T14:24:00","modified_gmt":"2020-01-29T13:24:00","slug":"le-festival-des-agrumes-de-hammamet-les-22-et-23-fevrier-2020","status":"publish","type":"post","link":"https:\/\/kapitalis.com\/tunisie\/2020\/01\/29\/le-festival-des-agrumes-de-hammamet-les-22-et-23-fevrier-2020\/","title":{"rendered":"Le Festival des agrumes de Hammamet les 22 et 23 f\u00e9vrier 2020"},"content":{"rendered":"\n<figure class=\"wp-block-image size-large\"><img decoding=\"async\" src=\"http:\/\/kapitalis.com\/tunisie\/wp-content\/uploads\/2020\/01\/Hammamet-festival-agrumes-2020.jpg\" alt=\"\" class=\"wp-image-277041\"\/><\/figure>\n\n\n\n<p><strong><em>L&rsquo;Association d&rsquo;\u00e9ducation environnementale de Hammamet (Aere) organise la 8e \u00e9dition du Festival des agrumes, les 22 et 23 f\u00e9vrier 2020, en collaboration avec la municipalit\u00e9 de cette ville baln\u00e9aire de la r\u00e9gion du Cap Bon.<\/em><\/strong><\/p>\n\n\n\n<!--more-->\n\n\n\n<p>Dr Salem Sahli, directeur du festival, a d\u00e9clar\u00e9 que le but est de faire conna\u00eetre le patrimoine local dans la culture des agrumes, et la sensibilisation quant \u00e0 l&rsquo;importance de le dynamiser aupr\u00e8s des habitants, des touristes, des jeunes et des preneurs de d\u00e9cision.<\/p>\n\n\n\n<p>Le programme du festival est vari\u00e9 et porte notamment sur l&rsquo;h\u00e9ritage culturel, social et environnemental de la culture des agrumes, sur la vente des agrumes et des produits d\u00e9riv\u00e9s, le tout pr\u00e9sent\u00e9 lors d&rsquo;ateliers et de tables-rondes au si\u00e8ge de la municipalit\u00e9 de Hammamet, sous le slogan \u00ab<em>Hammamet, ville du citron<\/em>\u00bb.<\/p>\n\n\n\n<p>La visite exploratoire d&rsquo;un verger mod\u00e8le est \u00e9galement envisag\u00e9e, ainsi que des animations folkloriques, de la musique, des jeux pour enfants, et des activit\u00e9s sportives et artistiques.<\/p>\n\n\n\n<p class=\"has-text-align-right\"><strong>Amina Mkada<\/strong> <em>(avec <a rel=\"noreferrer noopener\" aria-label=\"Flehetna (s\u2019ouvre dans un nouvel onglet)\" href=\"http:\/\/flehetna.com\/index.php\/fr\/mwd-aldwrt-althamnt-lmhrjan-alqwars-balhmamat\" target=\"_blank\">Flehetna<\/a>)<\/em>.<\/p>\n","protected":false},"excerpt":{"rendered":"<p>L&rsquo;Association d&rsquo;\u00e9ducation environnementale de Hammamet (Aere) organise la 8e \u00e9dition du Festival des agrumes, les 22 et 23 f\u00e9vrier 2020, en collaboration avec la municipalit\u00e9 de cette ville baln\u00e9aire de la r\u00e9gion du Cap Bon.<\/p>\n","protected":false},"author":22,"featured_media":277041,"comment_status":"open","ping_status":"open","sticky":false,"template":"","format":"standard","meta":{"footnotes":""},"categories":[995,2433],"tags":[73645],"class_list":["post-277034","post","type-post","status-publish","format-standard","has-post-thumbnail","hentry","category-economie","category-tunisie","tag-municipalite-de-hammamet"],"yoast_head":"<!-- This site is optimized with the Yoast SEO plugin v26.6 - https:\/\/yoast.com\/wordpress\/plugins\/seo\/ -->\n<title>Le Festival des agrumes de Hammamet les 22 et 23 f\u00e9vrier 2020 - Kapitalis<\/title>\n<meta name=\"robots\" content=\"index, follow, max-snippet:-1, max-image-preview:large, max-video-preview:-1\" \/>\n<link rel=\"canonical\" href=\"https:\/\/kapitalis.com\/tunisie\/2020\/01\/29\/le-festival-des-agrumes-de-hammamet-les-22-et-23-fevrier-2020\/\" \/>\n<meta property=\"og:locale\" content=\"fr_FR\" \/>\n<meta property=\"og:type\" content=\"article\" \/>\n<meta property=\"og:title\" content=\"Le Festival des agrumes de Hammamet les 22 et 23 f\u00e9vrier 2020 - Kapitalis\" \/>\n<meta property=\"og:description\" content=\"L&rsquo;Association d&rsquo;\u00e9ducation environnementale de Hammamet (Aere) organise la 8e \u00e9dition du Festival des agrumes, les 22 et 23 f\u00e9vrier 2020, en collaboration avec la municipalit\u00e9 de cette ville baln\u00e9aire de la r\u00e9gion du Cap Bon.\" \/>\n<meta property=\"og:url\" content=\"https:\/\/kapitalis.com\/tunisie\/2020\/01\/29\/le-festival-des-agrumes-de-hammamet-les-22-et-23-fevrier-2020\/\" \/>\n<meta property=\"og:site_name\" content=\"Kapitalis\" \/>\n<meta property=\"article:publisher\" content=\"https:\/\/www.facebook.com\/KapitalisInfo\/\" \/>\n<meta property=\"article:published_time\" content=\"2020-01-29T13:23:54+00:00\" \/>\n<meta property=\"article:modified_time\" content=\"2020-01-29T13:24:00+00:00\" \/>\n<meta property=\"og:image\" content=\"https:\/\/kapitalis.com\/tunisie\/wp-content\/uploads\/2022\/05\/kapitalis-logo-fb.png\" \/>\n\t<meta property=\"og:image:width\" content=\"1200\" \/>\n\t<meta property=\"og:image:height\" content=\"630\" \/>\n\t<meta property=\"og:image:type\" content=\"image\/png\" \/>\n<meta name=\"author\" content=\"Amina Mkada\" \/>\n<meta name=\"twitter:card\" content=\"summary_large_image\" \/>\n<meta name=\"twitter:creator\" content=\"@KapitalisInfo\" \/>\n<meta name=\"twitter:site\" content=\"@KapitalisInfo\" \/>\n<meta name=\"twitter:label1\" content=\"\u00c9crit par\" \/>\n\t<meta name=\"twitter:data1\" content=\"Amina Mkada\" \/>\n\t<meta name=\"twitter:label2\" content=\"Dur\u00e9e de lecture estim\u00e9e\" \/>\n\t<meta name=\"twitter:data2\" content=\"1 minute\" \/>\n<script type=\"application\/ld+json\" class=\"yoast-schema-graph\">{\"@context\":\"https:\/\/schema.org\",\"@graph\":[{\"@type\":\"Article\",\"@id\":\"https:\/\/kapitalis.com\/tunisie\/2020\/01\/29\/le-festival-des-agrumes-de-hammamet-les-22-et-23-fevrier-2020\/#article\",\"isPartOf\":{\"@id\":\"https:\/\/kapitalis.com\/tunisie\/2020\/01\/29\/le-festival-des-agrumes-de-hammamet-les-22-et-23-fevrier-2020\/\"},\"author\":{\"name\":\"Amina Mkada\",\"@id\":\"https:\/\/kapitalis.com\/tunisie\/#\/schema\/person\/093913313d3017554cb3ad077fff3fbd\"},\"headline\":\"Le Festival des agrumes de Hammamet les 22 et 23 f\u00e9vrier 2020\",\"datePublished\":\"2020-01-29T13:23:54+00:00\",\"dateModified\":\"2020-01-29T13:24:00+00:00\",\"mainEntityOfPage\":{\"@id\":\"https:\/\/kapitalis.com\/tunisie\/2020\/01\/29\/le-festival-des-agrumes-de-hammamet-les-22-et-23-fevrier-2020\/\"},\"wordCount\":183,\"commentCount\":0,\"publisher\":{\"@id\":\"https:\/\/kapitalis.com\/tunisie\/#organization\"},\"image\":{\"@id\":\"https:\/\/kapitalis.com\/tunisie\/2020\/01\/29\/le-festival-des-agrumes-de-hammamet-les-22-et-23-fevrier-2020\/#primaryimage\"},\"thumbnailUrl\":\"\",\"keywords\":[\"municipalit\u00e9 de Hammamet\"],\"articleSection\":[\"ECONOMIE\",\"Tunisie\"],\"inLanguage\":\"fr-FR\",\"potentialAction\":[{\"@type\":\"CommentAction\",\"name\":\"Comment\",\"target\":[\"https:\/\/kapitalis.com\/tunisie\/2020\/01\/29\/le-festival-des-agrumes-de-hammamet-les-22-et-23-fevrier-2020\/#respond\"]}]},{\"@type\":\"WebPage\",\"@id\":\"https:\/\/kapitalis.com\/tunisie\/2020\/01\/29\/le-festival-des-agrumes-de-hammamet-les-22-et-23-fevrier-2020\/\",\"url\":\"https:\/\/kapitalis.com\/tunisie\/2020\/01\/29\/le-festival-des-agrumes-de-hammamet-les-22-et-23-fevrier-2020\/\",\"name\":\"Le Festival des agrumes de Hammamet les 22 et 23 f\u00e9vrier 2020 - Kapitalis\",\"isPartOf\":{\"@id\":\"https:\/\/kapitalis.com\/tunisie\/#website\"},\"primaryImageOfPage\":{\"@id\":\"https:\/\/kapitalis.com\/tunisie\/2020\/01\/29\/le-festival-des-agrumes-de-hammamet-les-22-et-23-fevrier-2020\/#primaryimage\"},\"image\":{\"@id\":\"https:\/\/kapitalis.com\/tunisie\/2020\/01\/29\/le-festival-des-agrumes-de-hammamet-les-22-et-23-fevrier-2020\/#primaryimage\"},\"thumbnailUrl\":\"\",\"datePublished\":\"2020-01-29T13:23:54+00:00\",\"dateModified\":\"2020-01-29T13:24:00+00:00\",\"breadcrumb\":{\"@id\":\"https:\/\/kapitalis.com\/tunisie\/2020\/01\/29\/le-festival-des-agrumes-de-hammamet-les-22-et-23-fevrier-2020\/#breadcrumb\"},\"inLanguage\":\"fr-FR\",\"potentialAction\":[{\"@type\":\"ReadAction\",\"target\":[\"https:\/\/kapitalis.com\/tunisie\/2020\/01\/29\/le-festival-des-agrumes-de-hammamet-les-22-et-23-fevrier-2020\/\"]}]},{\"@type\":\"ImageObject\",\"inLanguage\":\"fr-FR\",\"@id\":\"https:\/\/kapitalis.com\/tunisie\/2020\/01\/29\/le-festival-des-agrumes-de-hammamet-les-22-et-23-fevrier-2020\/#primaryimage\",\"url\":\"\",\"contentUrl\":\"\"},{\"@type\":\"BreadcrumbList\",\"@id\":\"https:\/\/kapitalis.com\/tunisie\/2020\/01\/29\/le-festival-des-agrumes-de-hammamet-les-22-et-23-fevrier-2020\/#breadcrumb\",\"itemListElement\":[{\"@type\":\"ListItem\",\"position\":1,\"name\":\"Accueil\",\"item\":\"https:\/\/kapitalis.com\/tunisie\/\"},{\"@type\":\"ListItem\",\"position\":2,\"name\":\"Le Festival des agrumes de Hammamet les 22 et 23 f\u00e9vrier 2020\"}]},{\"@type\":\"WebSite\",\"@id\":\"https:\/\/kapitalis.com\/tunisie\/#website\",\"url\":\"https:\/\/kapitalis.com\/tunisie\/\",\"name\":\"Kapitalis\",\"description\":\"L&#039;actualit\u00e9 en Tunisie et dans le monde\",\"publisher\":{\"@id\":\"https:\/\/kapitalis.com\/tunisie\/#organization\"},\"potentialAction\":[{\"@type\":\"SearchAction\",\"target\":{\"@type\":\"EntryPoint\",\"urlTemplate\":\"https:\/\/kapitalis.com\/tunisie\/?s={search_term_string}\"},\"query-input\":{\"@type\":\"PropertyValueSpecification\",\"valueRequired\":true,\"valueName\":\"search_term_string\"}}],\"inLanguage\":\"fr-FR\"},{\"@type\":\"Organization\",\"@id\":\"https:\/\/kapitalis.com\/tunisie\/#organization\",\"name\":\"Kapitalis\",\"url\":\"https:\/\/kapitalis.com\/tunisie\/\",\"logo\":{\"@type\":\"ImageObject\",\"inLanguage\":\"fr-FR\",\"@id\":\"https:\/\/kapitalis.com\/tunisie\/#\/schema\/logo\/image\/\",\"url\":\"https:\/\/kapitalis.com\/tunisie\/wp-content\/uploads\/2022\/05\/Kapitalis-big-size.png\",\"contentUrl\":\"https:\/\/kapitalis.com\/tunisie\/wp-content\/uploads\/2022\/05\/Kapitalis-big-size.png\",\"width\":5000,\"height\":1500,\"caption\":\"Kapitalis\"},\"image\":{\"@id\":\"https:\/\/kapitalis.com\/tunisie\/#\/schema\/logo\/image\/\"},\"sameAs\":[\"https:\/\/www.facebook.com\/KapitalisInfo\/\",\"https:\/\/x.com\/KapitalisInfo\",\"https:\/\/www.youtube.com\/channel\/UC-yDYrHyfFBWWZaOw3FPg9Q\"]},{\"@type\":\"Person\",\"@id\":\"https:\/\/kapitalis.com\/tunisie\/#\/schema\/person\/093913313d3017554cb3ad077fff3fbd\",\"name\":\"Amina Mkada\",\"url\":\"https:\/\/kapitalis.com\/tunisie\/author\/amina\/\"}]}<\/script>\n<!-- \/ Yoast SEO plugin. -->","yoast_head_json":{"title":"Le Festival des agrumes de Hammamet les 22 et 23 f\u00e9vrier 2020 - Kapitalis","robots":{"index":"index","follow":"follow","max-snippet":"max-snippet:-1","max-image-preview":"max-image-preview:large","max-video-preview":"max-video-preview:-1"},"canonical":"https:\/\/kapitalis.com\/tunisie\/2020\/01\/29\/le-festival-des-agrumes-de-hammamet-les-22-et-23-fevrier-2020\/","og_locale":"fr_FR","og_type":"article","og_title":"Le Festival des agrumes de Hammamet les 22 et 23 f\u00e9vrier 2020 - Kapitalis","og_description":"L&rsquo;Association d&rsquo;\u00e9ducation environnementale de Hammamet (Aere) organise la 8e \u00e9dition du Festival des agrumes, les 22 et 23 f\u00e9vrier 2020, en collaboration avec la municipalit\u00e9 de cette ville baln\u00e9aire de la r\u00e9gion du Cap Bon.","og_url":"https:\/\/kapitalis.com\/tunisie\/2020\/01\/29\/le-festival-des-agrumes-de-hammamet-les-22-et-23-fevrier-2020\/","og_site_name":"Kapitalis","article_publisher":"https:\/\/www.facebook.com\/KapitalisInfo\/","article_published_time":"2020-01-29T13:23:54+00:00","article_modified_time":"2020-01-29T13:24:00+00:00","og_image":[{"width":1200,"height":630,"url":"https:\/\/kapitalis.com\/tunisie\/wp-content\/uploads\/2022\/05\/kapitalis-logo-fb.png","type":"image\/png"}],"author":"Amina Mkada","twitter_card":"summary_large_image","twitter_creator":"@KapitalisInfo","twitter_site":"@KapitalisInfo","twitter_misc":{"\u00c9crit par":"Amina Mkada","Dur\u00e9e de lecture estim\u00e9e":"1 minute"},"schema":{"@context":"https:\/\/schema.org","@graph":[{"@type":"Article","@id":"https:\/\/kapitalis.com\/tunisie\/2020\/01\/29\/le-festival-des-agrumes-de-hammamet-les-22-et-23-fevrier-2020\/#article","isPartOf":{"@id":"https:\/\/kapitalis.com\/tunisie\/2020\/01\/29\/le-festival-des-agrumes-de-hammamet-les-22-et-23-fevrier-2020\/"},"author":{"name":"Amina Mkada","@id":"https:\/\/kapitalis.com\/tunisie\/#\/schema\/person\/093913313d3017554cb3ad077fff3fbd"},"headline":"Le Festival des agrumes de Hammamet les 22 et 23 f\u00e9vrier 2020","datePublished":"2020-01-29T13:23:54+00:00","dateModified":"2020-01-29T13:24:00+00:00","mainEntityOfPage":{"@id":"https:\/\/kapitalis.com\/tunisie\/2020\/01\/29\/le-festival-des-agrumes-de-hammamet-les-22-et-23-fevrier-2020\/"},"wordCount":183,"commentCount":0,"publisher":{"@id":"https:\/\/kapitalis.com\/tunisie\/#organization"},"image":{"@id":"https:\/\/kapitalis.com\/tunisie\/2020\/01\/29\/le-festival-des-agrumes-de-hammamet-les-22-et-23-fevrier-2020\/#primaryimage"},"thumbnailUrl":"","keywords":["municipalit\u00e9 de Hammamet"],"articleSection":["ECONOMIE","Tunisie"],"inLanguage":"fr-FR","potentialAction":[{"@type":"CommentAction","name":"Comment","target":["https:\/\/kapitalis.com\/tunisie\/2020\/01\/29\/le-festival-des-agrumes-de-hammamet-les-22-et-23-fevrier-2020\/#respond"]}]},{"@type":"WebPage","@id":"https:\/\/kapitalis.com\/tunisie\/2020\/01\/29\/le-festival-des-agrumes-de-hammamet-les-22-et-23-fevrier-2020\/","url":"https:\/\/kapitalis.com\/tunisie\/2020\/01\/29\/le-festival-des-agrumes-de-hammamet-les-22-et-23-fevrier-2020\/","name":"Le Festival des agrumes de Hammamet les 22 et 23 f\u00e9vrier 2020 - Kapitalis","isPartOf":{"@id":"https:\/\/kapitalis.com\/tunisie\/#website"},"primaryImageOfPage":{"@id":"https:\/\/kapitalis.com\/tunisie\/2020\/01\/29\/le-festival-des-agrumes-de-hammamet-les-22-et-23-fevrier-2020\/#primaryimage"},"image":{"@id":"https:\/\/kapitalis.com\/tunisie\/2020\/01\/29\/le-festival-des-agrumes-de-hammamet-les-22-et-23-fevrier-2020\/#primaryimage"},"thumbnailUrl":"","datePublished":"2020-01-29T13:23:54+00:00","dateModified":"2020-01-29T13:24:00+00:00","breadcrumb":{"@id":"https:\/\/kapitalis.com\/tunisie\/2020\/01\/29\/le-festival-des-agrumes-de-hammamet-les-22-et-23-fevrier-2020\/#breadcrumb"},"inLanguage":"fr-FR","potentialAction":[{"@type":"ReadAction","target":["https:\/\/kapitalis.com\/tunisie\/2020\/01\/29\/le-festival-des-agrumes-de-hammamet-les-22-et-23-fevrier-2020\/"]}]},{"@type":"ImageObject","inLanguage":"fr-FR","@id":"https:\/\/kapitalis.com\/tunisie\/2020\/01\/29\/le-festival-des-agrumes-de-hammamet-les-22-et-23-fevrier-2020\/#primaryimage","url":"","contentUrl":""},{"@type":"BreadcrumbList","@id":"https:\/\/kapitalis.com\/tunisie\/2020\/01\/29\/le-festival-des-agrumes-de-hammamet-les-22-et-23-fevrier-2020\/#breadcrumb","itemListElement":[{"@type":"ListItem","position":1,"name":"Accueil","item":"https:\/\/kapitalis.com\/tunisie\/"},{"@type":"ListItem","position":2,"name":"Le Festival des agrumes de Hammamet les 22 et 23 f\u00e9vrier 2020"}]},{"@type":"WebSite","@id":"https:\/\/kapitalis.com\/tunisie\/#website","url":"https:\/\/kapitalis.com\/tunisie\/","name":"Kapitalis","description":"L&#039;actualit\u00e9 en Tunisie et dans le monde","publisher":{"@id":"https:\/\/kapitalis.com\/tunisie\/#organization"},"potentialAction":[{"@type":"SearchAction","target":{"@type":"EntryPoint","urlTemplate":"https:\/\/kapitalis.com\/tunisie\/?s={search_term_string}"},"query-input":{"@type":"PropertyValueSpecification","valueRequired":true,"valueName":"search_term_string"}}],"inLanguage":"fr-FR"},{"@type":"Organization","@id":"https:\/\/kapitalis.com\/tunisie\/#organization","name":"Kapitalis","url":"https:\/\/kapitalis.com\/tunisie\/","logo":{"@type":"ImageObject","inLanguage":"fr-FR","@id":"https:\/\/kapitalis.com\/tunisie\/#\/schema\/logo\/image\/","url":"https:\/\/kapitalis.com\/tunisie\/wp-content\/uploads\/2022\/05\/Kapitalis-big-size.png","contentUrl":"https:\/\/kapitalis.com\/tunisie\/wp-content\/uploads\/2022\/05\/Kapitalis-big-size.png","width":5000,"height":1500,"caption":"Kapitalis"},"image":{"@id":"https:\/\/kapitalis.com\/tunisie\/#\/schema\/logo\/image\/"},"sameAs":["https:\/\/www.facebook.com\/KapitalisInfo\/","https:\/\/x.com\/KapitalisInfo","https:\/\/www.youtube.com\/channel\/UC-yDYrHyfFBWWZaOw3FPg9Q"]},{"@type":"Person","@id":"https:\/\/kapitalis.com\/tunisie\/#\/schema\/person\/093913313d3017554cb3ad077fff3fbd","name":"Amina Mkada","url":"https:\/\/kapitalis.com\/tunisie\/author\/amina\/"}]}},"_links":{"self":[{"href":"https:\/\/kapitalis.com\/tunisie\/wp-json\/wp\/v2\/posts\/277034","targetHints":{"allow":["GET"]}}],"collection":[{"href":"https:\/\/kapitalis.com\/tunisie\/wp-json\/wp\/v2\/posts"}],"about":[{"href":"https:\/\/kapitalis.com\/tunisie\/wp-json\/wp\/v2\/types\/post"}],"author":[{"embeddable":true,"href":"https:\/\/kapitalis.com\/tunisie\/wp-json\/wp\/v2\/users\/22"}],"replies":[{"embeddable":true,"href":"https:\/\/kapitalis.com\/tunisie\/wp-json\/wp\/v2\/comments?post=277034"}],"version-history":[{"count":0,"href":"https:\/\/kapitalis.com\/tunisie\/wp-json\/wp\/v2\/posts\/277034\/revisions"}],"wp:featuredmedia":[{"embeddable":true,"href":"https:\/\/kapitalis.com\/tunisie\/wp-json\/wp\/v2\/media\/277041"}],"wp:attachment":[{"href":"https:\/\/kapitalis.com\/tunisie\/wp-json\/wp\/v2\/media?parent=277034"}],"wp:term":[{"taxonomy":"category","embeddable":true,"href":"https:\/\/kapitalis.com\/tunisie\/wp-json\/wp\/v2\/categories?post=277034"},{"taxonomy":"post_tag","embeddable":true,"href":"https:\/\/kapitalis.com\/tunisie\/wp-json\/wp\/v2\/tags?post=277034"}],"curies":[{"name":"wp","href":"https:\/\/api.w.org\/{rel}","templated":true}]}}