{"id":277088,"date":"2020-01-29T17:12:58","date_gmt":"2020-01-29T16:12:58","guid":{"rendered":"http:\/\/kapitalis.com\/tunisie\/?p=277088"},"modified":"2020-01-29T17:13:01","modified_gmt":"2020-01-29T16:13:01","slug":"le-qatar-recrute-des-enseignants-tunisiens-pour-2020-2021","status":"publish","type":"post","link":"https:\/\/kapitalis.com\/tunisie\/2020\/01\/29\/le-qatar-recrute-des-enseignants-tunisiens-pour-2020-2021\/","title":{"rendered":"Le Qatar recrute des enseignants tunisiens pour 2020\/2021"},"content":{"rendered":"\n<figure class=\"wp-block-image size-large\"><img decoding=\"async\" src=\"http:\/\/kapitalis.com\/tunisie\/wp-content\/uploads\/2020\/01\/ATCT-min-Education-Qatar.jpg\" alt=\"\" class=\"wp-image-277106\"\/><\/figure>\n\n\n\n<p><strong><em>L&rsquo;Agence tunisienne de coop\u00e9ration technique (<a rel=\"noreferrer noopener\" aria-label=\"ATCT (s\u2019ouvre dans un nouvel onglet)\" href=\"https:\/\/www.atct.tn\/ar\/ntdb-mdrsyn-bdwl-qtr?fbclid=IwAR3uqaEnrEYdMV7ruu8UHzYQbYIf3NL1SJmaqgdDv1sCENuIl4n8KNJLxRM#.XjGg8jJKjIV\" target=\"_blank\">ATCT<\/a>) a indiqu\u00e9, dans un communiqu\u00e9 publi\u00e9 le 28 janvier 2020, que le minist\u00e8re qatari de l&rsquo;Education va recruter des enseignants &#8211; notamment tunisiens<\/em><\/strong> &#8211;<strong><em> pour les ann\u00e9es 2020\/2021.<\/em><\/strong> <strong><em>Les candidatures sont ouvertes.<\/em><\/strong><\/p>\n\n\n\n<!--more-->\n\n\n\n<p>Le Qatar recherche 12 profils d&rsquo;enseignants tr\u00e8s vari\u00e9s en Tunisie, au Maroc, \u00e0 Oman et \u00e0 Gaza en Palestine.  \u00a0 <\/p>\n\n\n\n<p>Les profils des enseignants recherch\u00e9s sont en informatique, sciences sociales, math\u00e9matiques, \u00e9ducation, langue arabe, arts visuels, sport, sciences, physiques, ainsi que des sp\u00e9cialistes en soins naturels, en traitements fonctionnels et en orthophonie.<\/p>\n\n\n\n<p>Les candidats int\u00e9ress\u00e9s doivent s&rsquo;inscrire directement sur le <a rel=\"noreferrer noopener\" href=\"https:\/\/tawtheef.edu.gov.qa\/\" target=\"_blank\"><strong>site Internet<\/strong><\/a> du minist\u00e8re qatari de l&rsquo;Education le plus t\u00f4t possible. <\/p>\n\n\n\n<p> Il est possible que les inscriptions soient ferm\u00e9es par le minist\u00e8re concern\u00e9  si le nombre requis est atteint, pr\u00e9cise l&rsquo;ATCT. <\/p>\n\n\n\n<p class=\"has-text-align-right\"><strong>Amina Mkada<\/strong> <em>(avec <a rel=\"noreferrer noopener\" aria-label=\"ATCT (s\u2019ouvre dans un nouvel onglet)\" href=\"https:\/\/www.facebook.com\/pg\/agence.tct\/posts\/?ref=page_internal\" target=\"_blank\">ATCT<\/a>)<\/em>.<\/p>\n","protected":false},"excerpt":{"rendered":"<p>L&rsquo;Agence tunisienne de coop\u00e9ration technique (ATCT) a indiqu\u00e9, dans un communiqu\u00e9 publi\u00e9 le 28 janvier 2020, que le minist\u00e8re qatari de l&rsquo;Education va recruter des enseignants &#8211; notamment tunisiens &#8211; pour les ann\u00e9es 2020\/2021. Les candidatures sont ouvertes.<\/p>\n","protected":false},"author":22,"featured_media":277106,"comment_status":"open","ping_status":"open","sticky":false,"template":"","format":"standard","meta":{"footnotes":""},"categories":[998,2433],"tags":[3834,5134,756],"class_list":["post-277088","post","type-post","status-publish","format-standard","has-post-thumbnail","hentry","category-societe","category-tunisie","tag-atct","tag-ministere-de-leducation","tag-qatar"],"yoast_head":"<!-- This site is optimized with the Yoast SEO plugin v26.6 - https:\/\/yoast.com\/wordpress\/plugins\/seo\/ -->\n<title>Le Qatar recrute des enseignants tunisiens pour 2020\/2021 - Kapitalis<\/title>\n<meta name=\"robots\" content=\"index, follow, max-snippet:-1, max-image-preview:large, max-video-preview:-1\" \/>\n<link rel=\"canonical\" href=\"https:\/\/kapitalis.com\/tunisie\/2020\/01\/29\/le-qatar-recrute-des-enseignants-tunisiens-pour-2020-2021\/\" \/>\n<meta property=\"og:locale\" content=\"fr_FR\" \/>\n<meta property=\"og:type\" content=\"article\" \/>\n<meta property=\"og:title\" content=\"Le Qatar recrute des enseignants tunisiens pour 2020\/2021 - Kapitalis\" \/>\n<meta property=\"og:description\" content=\"L&rsquo;Agence tunisienne de coop\u00e9ration technique (ATCT) a indiqu\u00e9, dans un communiqu\u00e9 publi\u00e9 le 28 janvier 2020, que le minist\u00e8re qatari de l&rsquo;Education va recruter des enseignants &#8211; notamment tunisiens &#8211; pour les ann\u00e9es 2020\/2021. Les candidatures sont ouvertes.\" \/>\n<meta property=\"og:url\" content=\"https:\/\/kapitalis.com\/tunisie\/2020\/01\/29\/le-qatar-recrute-des-enseignants-tunisiens-pour-2020-2021\/\" \/>\n<meta property=\"og:site_name\" content=\"Kapitalis\" \/>\n<meta property=\"article:publisher\" content=\"https:\/\/www.facebook.com\/KapitalisInfo\/\" \/>\n<meta property=\"article:published_time\" content=\"2020-01-29T16:12:58+00:00\" \/>\n<meta property=\"article:modified_time\" content=\"2020-01-29T16:13:01+00:00\" \/>\n<meta property=\"og:image\" content=\"https:\/\/kapitalis.com\/tunisie\/wp-content\/uploads\/2022\/05\/kapitalis-logo-fb.png\" \/>\n\t<meta property=\"og:image:width\" content=\"1200\" \/>\n\t<meta property=\"og:image:height\" content=\"630\" \/>\n\t<meta property=\"og:image:type\" content=\"image\/png\" \/>\n<meta name=\"author\" content=\"Amina Mkada\" \/>\n<meta name=\"twitter:card\" content=\"summary_large_image\" \/>\n<meta name=\"twitter:creator\" content=\"@KapitalisInfo\" \/>\n<meta name=\"twitter:site\" content=\"@KapitalisInfo\" \/>\n<meta name=\"twitter:label1\" content=\"\u00c9crit par\" \/>\n\t<meta name=\"twitter:data1\" content=\"Amina Mkada\" \/>\n\t<meta name=\"twitter:label2\" content=\"Dur\u00e9e de lecture estim\u00e9e\" \/>\n\t<meta name=\"twitter:data2\" content=\"1 minute\" \/>\n<script type=\"application\/ld+json\" class=\"yoast-schema-graph\">{\"@context\":\"https:\/\/schema.org\",\"@graph\":[{\"@type\":\"Article\",\"@id\":\"https:\/\/kapitalis.com\/tunisie\/2020\/01\/29\/le-qatar-recrute-des-enseignants-tunisiens-pour-2020-2021\/#article\",\"isPartOf\":{\"@id\":\"https:\/\/kapitalis.com\/tunisie\/2020\/01\/29\/le-qatar-recrute-des-enseignants-tunisiens-pour-2020-2021\/\"},\"author\":{\"name\":\"Amina Mkada\",\"@id\":\"https:\/\/kapitalis.com\/tunisie\/#\/schema\/person\/093913313d3017554cb3ad077fff3fbd\"},\"headline\":\"Le Qatar recrute des enseignants tunisiens pour 2020\/2021\",\"datePublished\":\"2020-01-29T16:12:58+00:00\",\"dateModified\":\"2020-01-29T16:13:01+00:00\",\"mainEntityOfPage\":{\"@id\":\"https:\/\/kapitalis.com\/tunisie\/2020\/01\/29\/le-qatar-recrute-des-enseignants-tunisiens-pour-2020-2021\/\"},\"wordCount\":148,\"commentCount\":16,\"publisher\":{\"@id\":\"https:\/\/kapitalis.com\/tunisie\/#organization\"},\"image\":{\"@id\":\"https:\/\/kapitalis.com\/tunisie\/2020\/01\/29\/le-qatar-recrute-des-enseignants-tunisiens-pour-2020-2021\/#primaryimage\"},\"thumbnailUrl\":\"\",\"keywords\":[\"ATCT\",\"minist\u00e8re de l'Education\",\"Qatar\"],\"articleSection\":[\"SOCIETE\",\"Tunisie\"],\"inLanguage\":\"fr-FR\",\"potentialAction\":[{\"@type\":\"CommentAction\",\"name\":\"Comment\",\"target\":[\"https:\/\/kapitalis.com\/tunisie\/2020\/01\/29\/le-qatar-recrute-des-enseignants-tunisiens-pour-2020-2021\/#respond\"]}]},{\"@type\":\"WebPage\",\"@id\":\"https:\/\/kapitalis.com\/tunisie\/2020\/01\/29\/le-qatar-recrute-des-enseignants-tunisiens-pour-2020-2021\/\",\"url\":\"https:\/\/kapitalis.com\/tunisie\/2020\/01\/29\/le-qatar-recrute-des-enseignants-tunisiens-pour-2020-2021\/\",\"name\":\"Le Qatar recrute des enseignants tunisiens pour 2020\/2021 - Kapitalis\",\"isPartOf\":{\"@id\":\"https:\/\/kapitalis.com\/tunisie\/#website\"},\"primaryImageOfPage\":{\"@id\":\"https:\/\/kapitalis.com\/tunisie\/2020\/01\/29\/le-qatar-recrute-des-enseignants-tunisiens-pour-2020-2021\/#primaryimage\"},\"image\":{\"@id\":\"https:\/\/kapitalis.com\/tunisie\/2020\/01\/29\/le-qatar-recrute-des-enseignants-tunisiens-pour-2020-2021\/#primaryimage\"},\"thumbnailUrl\":\"\",\"datePublished\":\"2020-01-29T16:12:58+00:00\",\"dateModified\":\"2020-01-29T16:13:01+00:00\",\"breadcrumb\":{\"@id\":\"https:\/\/kapitalis.com\/tunisie\/2020\/01\/29\/le-qatar-recrute-des-enseignants-tunisiens-pour-2020-2021\/#breadcrumb\"},\"inLanguage\":\"fr-FR\",\"potentialAction\":[{\"@type\":\"ReadAction\",\"target\":[\"https:\/\/kapitalis.com\/tunisie\/2020\/01\/29\/le-qatar-recrute-des-enseignants-tunisiens-pour-2020-2021\/\"]}]},{\"@type\":\"ImageObject\",\"inLanguage\":\"fr-FR\",\"@id\":\"https:\/\/kapitalis.com\/tunisie\/2020\/01\/29\/le-qatar-recrute-des-enseignants-tunisiens-pour-2020-2021\/#primaryimage\",\"url\":\"\",\"contentUrl\":\"\"},{\"@type\":\"BreadcrumbList\",\"@id\":\"https:\/\/kapitalis.com\/tunisie\/2020\/01\/29\/le-qatar-recrute-des-enseignants-tunisiens-pour-2020-2021\/#breadcrumb\",\"itemListElement\":[{\"@type\":\"ListItem\",\"position\":1,\"name\":\"Accueil\",\"item\":\"https:\/\/kapitalis.com\/tunisie\/\"},{\"@type\":\"ListItem\",\"position\":2,\"name\":\"Le Qatar recrute des enseignants tunisiens pour 2020\/2021\"}]},{\"@type\":\"WebSite\",\"@id\":\"https:\/\/kapitalis.com\/tunisie\/#website\",\"url\":\"https:\/\/kapitalis.com\/tunisie\/\",\"name\":\"Kapitalis\",\"description\":\"L&#039;actualit\u00e9 en Tunisie et dans le monde\",\"publisher\":{\"@id\":\"https:\/\/kapitalis.com\/tunisie\/#organization\"},\"potentialAction\":[{\"@type\":\"SearchAction\",\"target\":{\"@type\":\"EntryPoint\",\"urlTemplate\":\"https:\/\/kapitalis.com\/tunisie\/?s={search_term_string}\"},\"query-input\":{\"@type\":\"PropertyValueSpecification\",\"valueRequired\":true,\"valueName\":\"search_term_string\"}}],\"inLanguage\":\"fr-FR\"},{\"@type\":\"Organization\",\"@id\":\"https:\/\/kapitalis.com\/tunisie\/#organization\",\"name\":\"Kapitalis\",\"url\":\"https:\/\/kapitalis.com\/tunisie\/\",\"logo\":{\"@type\":\"ImageObject\",\"inLanguage\":\"fr-FR\",\"@id\":\"https:\/\/kapitalis.com\/tunisie\/#\/schema\/logo\/image\/\",\"url\":\"https:\/\/kapitalis.com\/tunisie\/wp-content\/uploads\/2022\/05\/Kapitalis-big-size.png\",\"contentUrl\":\"https:\/\/kapitalis.com\/tunisie\/wp-content\/uploads\/2022\/05\/Kapitalis-big-size.png\",\"width\":5000,\"height\":1500,\"caption\":\"Kapitalis\"},\"image\":{\"@id\":\"https:\/\/kapitalis.com\/tunisie\/#\/schema\/logo\/image\/\"},\"sameAs\":[\"https:\/\/www.facebook.com\/KapitalisInfo\/\",\"https:\/\/x.com\/KapitalisInfo\",\"https:\/\/www.youtube.com\/channel\/UC-yDYrHyfFBWWZaOw3FPg9Q\"]},{\"@type\":\"Person\",\"@id\":\"https:\/\/kapitalis.com\/tunisie\/#\/schema\/person\/093913313d3017554cb3ad077fff3fbd\",\"name\":\"Amina Mkada\",\"url\":\"https:\/\/kapitalis.com\/tunisie\/author\/amina\/\"}]}<\/script>\n<!-- \/ Yoast SEO plugin. -->","yoast_head_json":{"title":"Le Qatar recrute des enseignants tunisiens pour 2020\/2021 - Kapitalis","robots":{"index":"index","follow":"follow","max-snippet":"max-snippet:-1","max-image-preview":"max-image-preview:large","max-video-preview":"max-video-preview:-1"},"canonical":"https:\/\/kapitalis.com\/tunisie\/2020\/01\/29\/le-qatar-recrute-des-enseignants-tunisiens-pour-2020-2021\/","og_locale":"fr_FR","og_type":"article","og_title":"Le Qatar recrute des enseignants tunisiens pour 2020\/2021 - Kapitalis","og_description":"L&rsquo;Agence tunisienne de coop\u00e9ration technique (ATCT) a indiqu\u00e9, dans un communiqu\u00e9 publi\u00e9 le 28 janvier 2020, que le minist\u00e8re qatari de l&rsquo;Education va recruter des enseignants &#8211; notamment tunisiens &#8211; pour les ann\u00e9es 2020\/2021. Les candidatures sont ouvertes.","og_url":"https:\/\/kapitalis.com\/tunisie\/2020\/01\/29\/le-qatar-recrute-des-enseignants-tunisiens-pour-2020-2021\/","og_site_name":"Kapitalis","article_publisher":"https:\/\/www.facebook.com\/KapitalisInfo\/","article_published_time":"2020-01-29T16:12:58+00:00","article_modified_time":"2020-01-29T16:13:01+00:00","og_image":[{"width":1200,"height":630,"url":"https:\/\/kapitalis.com\/tunisie\/wp-content\/uploads\/2022\/05\/kapitalis-logo-fb.png","type":"image\/png"}],"author":"Amina Mkada","twitter_card":"summary_large_image","twitter_creator":"@KapitalisInfo","twitter_site":"@KapitalisInfo","twitter_misc":{"\u00c9crit par":"Amina Mkada","Dur\u00e9e de lecture estim\u00e9e":"1 minute"},"schema":{"@context":"https:\/\/schema.org","@graph":[{"@type":"Article","@id":"https:\/\/kapitalis.com\/tunisie\/2020\/01\/29\/le-qatar-recrute-des-enseignants-tunisiens-pour-2020-2021\/#article","isPartOf":{"@id":"https:\/\/kapitalis.com\/tunisie\/2020\/01\/29\/le-qatar-recrute-des-enseignants-tunisiens-pour-2020-2021\/"},"author":{"name":"Amina Mkada","@id":"https:\/\/kapitalis.com\/tunisie\/#\/schema\/person\/093913313d3017554cb3ad077fff3fbd"},"headline":"Le Qatar recrute des enseignants tunisiens pour 2020\/2021","datePublished":"2020-01-29T16:12:58+00:00","dateModified":"2020-01-29T16:13:01+00:00","mainEntityOfPage":{"@id":"https:\/\/kapitalis.com\/tunisie\/2020\/01\/29\/le-qatar-recrute-des-enseignants-tunisiens-pour-2020-2021\/"},"wordCount":148,"commentCount":16,"publisher":{"@id":"https:\/\/kapitalis.com\/tunisie\/#organization"},"image":{"@id":"https:\/\/kapitalis.com\/tunisie\/2020\/01\/29\/le-qatar-recrute-des-enseignants-tunisiens-pour-2020-2021\/#primaryimage"},"thumbnailUrl":"","keywords":["ATCT","minist\u00e8re de l'Education","Qatar"],"articleSection":["SOCIETE","Tunisie"],"inLanguage":"fr-FR","potentialAction":[{"@type":"CommentAction","name":"Comment","target":["https:\/\/kapitalis.com\/tunisie\/2020\/01\/29\/le-qatar-recrute-des-enseignants-tunisiens-pour-2020-2021\/#respond"]}]},{"@type":"WebPage","@id":"https:\/\/kapitalis.com\/tunisie\/2020\/01\/29\/le-qatar-recrute-des-enseignants-tunisiens-pour-2020-2021\/","url":"https:\/\/kapitalis.com\/tunisie\/2020\/01\/29\/le-qatar-recrute-des-enseignants-tunisiens-pour-2020-2021\/","name":"Le Qatar recrute des enseignants tunisiens pour 2020\/2021 - Kapitalis","isPartOf":{"@id":"https:\/\/kapitalis.com\/tunisie\/#website"},"primaryImageOfPage":{"@id":"https:\/\/kapitalis.com\/tunisie\/2020\/01\/29\/le-qatar-recrute-des-enseignants-tunisiens-pour-2020-2021\/#primaryimage"},"image":{"@id":"https:\/\/kapitalis.com\/tunisie\/2020\/01\/29\/le-qatar-recrute-des-enseignants-tunisiens-pour-2020-2021\/#primaryimage"},"thumbnailUrl":"","datePublished":"2020-01-29T16:12:58+00:00","dateModified":"2020-01-29T16:13:01+00:00","breadcrumb":{"@id":"https:\/\/kapitalis.com\/tunisie\/2020\/01\/29\/le-qatar-recrute-des-enseignants-tunisiens-pour-2020-2021\/#breadcrumb"},"inLanguage":"fr-FR","potentialAction":[{"@type":"ReadAction","target":["https:\/\/kapitalis.com\/tunisie\/2020\/01\/29\/le-qatar-recrute-des-enseignants-tunisiens-pour-2020-2021\/"]}]},{"@type":"ImageObject","inLanguage":"fr-FR","@id":"https:\/\/kapitalis.com\/tunisie\/2020\/01\/29\/le-qatar-recrute-des-enseignants-tunisiens-pour-2020-2021\/#primaryimage","url":"","contentUrl":""},{"@type":"BreadcrumbList","@id":"https:\/\/kapitalis.com\/tunisie\/2020\/01\/29\/le-qatar-recrute-des-enseignants-tunisiens-pour-2020-2021\/#breadcrumb","itemListElement":[{"@type":"ListItem","position":1,"name":"Accueil","item":"https:\/\/kapitalis.com\/tunisie\/"},{"@type":"ListItem","position":2,"name":"Le Qatar recrute des enseignants tunisiens pour 2020\/2021"}]},{"@type":"WebSite","@id":"https:\/\/kapitalis.com\/tunisie\/#website","url":"https:\/\/kapitalis.com\/tunisie\/","name":"Kapitalis","description":"L&#039;actualit\u00e9 en Tunisie et dans le monde","publisher":{"@id":"https:\/\/kapitalis.com\/tunisie\/#organization"},"potentialAction":[{"@type":"SearchAction","target":{"@type":"EntryPoint","urlTemplate":"https:\/\/kapitalis.com\/tunisie\/?s={search_term_string}"},"query-input":{"@type":"PropertyValueSpecification","valueRequired":true,"valueName":"search_term_string"}}],"inLanguage":"fr-FR"},{"@type":"Organization","@id":"https:\/\/kapitalis.com\/tunisie\/#organization","name":"Kapitalis","url":"https:\/\/kapitalis.com\/tunisie\/","logo":{"@type":"ImageObject","inLanguage":"fr-FR","@id":"https:\/\/kapitalis.com\/tunisie\/#\/schema\/logo\/image\/","url":"https:\/\/kapitalis.com\/tunisie\/wp-content\/uploads\/2022\/05\/Kapitalis-big-size.png","contentUrl":"https:\/\/kapitalis.com\/tunisie\/wp-content\/uploads\/2022\/05\/Kapitalis-big-size.png","width":5000,"height":1500,"caption":"Kapitalis"},"image":{"@id":"https:\/\/kapitalis.com\/tunisie\/#\/schema\/logo\/image\/"},"sameAs":["https:\/\/www.facebook.com\/KapitalisInfo\/","https:\/\/x.com\/KapitalisInfo","https:\/\/www.youtube.com\/channel\/UC-yDYrHyfFBWWZaOw3FPg9Q"]},{"@type":"Person","@id":"https:\/\/kapitalis.com\/tunisie\/#\/schema\/person\/093913313d3017554cb3ad077fff3fbd","name":"Amina Mkada","url":"https:\/\/kapitalis.com\/tunisie\/author\/amina\/"}]}},"_links":{"self":[{"href":"https:\/\/kapitalis.com\/tunisie\/wp-json\/wp\/v2\/posts\/277088","targetHints":{"allow":["GET"]}}],"collection":[{"href":"https:\/\/kapitalis.com\/tunisie\/wp-json\/wp\/v2\/posts"}],"about":[{"href":"https:\/\/kapitalis.com\/tunisie\/wp-json\/wp\/v2\/types\/post"}],"author":[{"embeddable":true,"href":"https:\/\/kapitalis.com\/tunisie\/wp-json\/wp\/v2\/users\/22"}],"replies":[{"embeddable":true,"href":"https:\/\/kapitalis.com\/tunisie\/wp-json\/wp\/v2\/comments?post=277088"}],"version-history":[{"count":0,"href":"https:\/\/kapitalis.com\/tunisie\/wp-json\/wp\/v2\/posts\/277088\/revisions"}],"wp:featuredmedia":[{"embeddable":true,"href":"https:\/\/kapitalis.com\/tunisie\/wp-json\/wp\/v2\/media\/277106"}],"wp:attachment":[{"href":"https:\/\/kapitalis.com\/tunisie\/wp-json\/wp\/v2\/media?parent=277088"}],"wp:term":[{"taxonomy":"category","embeddable":true,"href":"https:\/\/kapitalis.com\/tunisie\/wp-json\/wp\/v2\/categories?post=277088"},{"taxonomy":"post_tag","embeddable":true,"href":"https:\/\/kapitalis.com\/tunisie\/wp-json\/wp\/v2\/tags?post=277088"}],"curies":[{"name":"wp","href":"https:\/\/api.w.org\/{rel}","templated":true}]}}