{"id":27719,"date":"2015-11-27T19:43:54","date_gmt":"2015-11-27T18:43:54","guid":{"rendered":"http:\/\/kapitalis.com\/tunisie\/?p=27719"},"modified":"2015-11-28T11:00:39","modified_gmt":"2015-11-28T10:00:39","slug":"habib-essid-moins-de-ministres-pour-plus-defficacite","status":"publish","type":"post","link":"https:\/\/kapitalis.com\/tunisie\/2015\/11\/27\/habib-essid-moins-de-ministres-pour-plus-defficacite\/","title":{"rendered":"Habib Essid : Moins de ministres pour plus d\u2019efficacit\u00e9"},"content":{"rendered":"<p><em><strong><img loading=\"lazy\" decoding=\"async\" class=\"size-full wp-image-27458 aligncenter\" src=\"http:\/\/kapitalis.com\/tunisie\/wp-content\/uploads\/2015\/11\/ESSID-HABIB.jpg\" alt=\"ESSID HABIB\" width=\"626\" height=\"380\" \/><\/strong><\/em><\/p>\n<p><em><strong>Habib Essid a annonc\u00e9, aujourd&rsquo;hui, qu\u2019il compte revoir \u00e0 la baisse le nombre des membres de son gouvernement.<\/strong><\/em><\/p>\n<p><!--more--><\/p>\n<p>L\u2019annonce a \u00e9t\u00e9 faite par le chef du gouvernement lors d\u2019une s\u00e9ance pl\u00e9ni\u00e8re \u00e0 l\u2019Assembl\u00e9e des repr\u00e9sentants du peuple (ARP). Habib Essid a indiqu\u00e9 qu\u2019il est temps d\u2019op\u00e9rer des changements au sein du gouvernement selon certains crit\u00e8res.<\/p>\n<p>Il a pr\u00e9cis\u00e9 \u00e0 cet effet que son gouvernement compte actuellement 38 membres, un nombre qu\u2019il estime excessif.<\/p>\n<p>Le remaniement aura pour but d\u2019atteindre une meilleure efficacit\u00e9 du gouvernement, a ajout\u00e9\u00a0Habib Essid, expliquant que la nouvelle formation gouvernementale sera ax\u00e9e sur la lutte contre le terrorisme et la corruption ainsi que le d\u00e9veloppement r\u00e9gional.<\/p>\n<p>Notons que la rumeur concernant un \u00e9ventuel remaniement minist\u00e9riel court depuis quelques mois. L&rsquo;attentat de Tunis, le 24 novembre, ayant fait 12 morts et 20 bless\u00e9s parmi les agents de la garde pr\u00e9sidentielle, a probablement rapproch\u00e9 l\u2019\u00e9ch\u00e9ance.<\/p>\n<p>Il faut dire aussi que certains des membres de l&rsquo;actuel gouvernement sont totalement invisibles et les Tunisiens se demandent ce qu&rsquo;ils font exactement.<\/p>\n<p style=\"text-align: right;\"><strong>H. K.<\/strong><\/p>\n","protected":false},"excerpt":{"rendered":"<p>Habib Essid a annonc\u00e9, aujourd&rsquo;hui, qu\u2019il compte revoir \u00e0 la baisse le nombre des membres de son gouvernement.<\/p>\n","protected":false},"author":13,"featured_media":0,"comment_status":"open","ping_status":"open","sticky":false,"template":"","format":"standard","meta":{"footnotes":""},"categories":[997,2433],"tags":[84,10321,5287,435,7356],"class_list":["post-27719","post","type-post","status-publish","format-standard","hentry","category-politique","category-tunisie","tag-arp","tag-attentat-de-tunis","tag-chef-du-gouvernement","tag-habib-essid","tag-remaniement-ministeriel"],"yoast_head":"<!-- This site is optimized with the Yoast SEO plugin v26.6 - https:\/\/yoast.com\/wordpress\/plugins\/seo\/ -->\n<title>Habib Essid : Moins de ministres pour plus d\u2019efficacit\u00e9 - Kapitalis<\/title>\n<meta name=\"robots\" content=\"index, follow, max-snippet:-1, max-image-preview:large, max-video-preview:-1\" \/>\n<link rel=\"canonical\" href=\"https:\/\/kapitalis.com\/tunisie\/2015\/11\/27\/habib-essid-moins-de-ministres-pour-plus-defficacite\/\" \/>\n<meta property=\"og:locale\" content=\"fr_FR\" \/>\n<meta property=\"og:type\" content=\"article\" \/>\n<meta property=\"og:title\" content=\"Habib Essid : Moins de ministres pour plus d\u2019efficacit\u00e9 - Kapitalis\" \/>\n<meta property=\"og:description\" content=\"Habib Essid a annonc\u00e9, aujourd&rsquo;hui, qu\u2019il compte revoir \u00e0 la baisse le nombre des membres de son gouvernement.\" \/>\n<meta property=\"og:url\" content=\"https:\/\/kapitalis.com\/tunisie\/2015\/11\/27\/habib-essid-moins-de-ministres-pour-plus-defficacite\/\" \/>\n<meta property=\"og:site_name\" content=\"Kapitalis\" \/>\n<meta property=\"article:publisher\" content=\"https:\/\/www.facebook.com\/KapitalisInfo\/\" \/>\n<meta property=\"article:published_time\" content=\"2015-11-27T18:43:54+00:00\" \/>\n<meta property=\"article:modified_time\" content=\"2015-11-28T10:00:39+00:00\" \/>\n<meta property=\"og:image\" content=\"http:\/\/kapitalis.com\/tunisie\/wp-content\/uploads\/2015\/11\/ESSID-HABIB.jpg\" \/>\n<meta name=\"author\" content=\"webmaster aux\" \/>\n<meta name=\"twitter:card\" content=\"summary_large_image\" \/>\n<meta name=\"twitter:creator\" content=\"@KapitalisInfo\" \/>\n<meta name=\"twitter:site\" content=\"@KapitalisInfo\" \/>\n<meta name=\"twitter:label1\" content=\"\u00c9crit par\" \/>\n\t<meta name=\"twitter:data1\" content=\"webmaster aux\" \/>\n\t<meta name=\"twitter:label2\" content=\"Dur\u00e9e de lecture estim\u00e9e\" \/>\n\t<meta name=\"twitter:data2\" content=\"1 minute\" \/>\n<script type=\"application\/ld+json\" class=\"yoast-schema-graph\">{\"@context\":\"https:\/\/schema.org\",\"@graph\":[{\"@type\":\"Article\",\"@id\":\"https:\/\/kapitalis.com\/tunisie\/2015\/11\/27\/habib-essid-moins-de-ministres-pour-plus-defficacite\/#article\",\"isPartOf\":{\"@id\":\"https:\/\/kapitalis.com\/tunisie\/2015\/11\/27\/habib-essid-moins-de-ministres-pour-plus-defficacite\/\"},\"author\":{\"name\":\"webmaster aux\",\"@id\":\"https:\/\/kapitalis.com\/tunisie\/#\/schema\/person\/aa8b4a429805c4e3f0713a3c3f95212b\"},\"headline\":\"Habib Essid : Moins de ministres pour plus d\u2019efficacit\u00e9\",\"datePublished\":\"2015-11-27T18:43:54+00:00\",\"dateModified\":\"2015-11-28T10:00:39+00:00\",\"mainEntityOfPage\":{\"@id\":\"https:\/\/kapitalis.com\/tunisie\/2015\/11\/27\/habib-essid-moins-de-ministres-pour-plus-defficacite\/\"},\"wordCount\":198,\"commentCount\":1,\"publisher\":{\"@id\":\"https:\/\/kapitalis.com\/tunisie\/#organization\"},\"image\":{\"@id\":\"https:\/\/kapitalis.com\/tunisie\/2015\/11\/27\/habib-essid-moins-de-ministres-pour-plus-defficacite\/#primaryimage\"},\"thumbnailUrl\":\"http:\/\/kapitalis.com\/tunisie\/wp-content\/uploads\/2015\/11\/ESSID-HABIB.jpg\",\"keywords\":[\"ARP\",\"attentat de Tunis\",\"chef du gouvernement\",\"Habib Essid\",\"remaniement minist\u00e9riel\"],\"articleSection\":[\"POLITIQUE\",\"Tunisie\"],\"inLanguage\":\"fr-FR\",\"potentialAction\":[{\"@type\":\"CommentAction\",\"name\":\"Comment\",\"target\":[\"https:\/\/kapitalis.com\/tunisie\/2015\/11\/27\/habib-essid-moins-de-ministres-pour-plus-defficacite\/#respond\"]}]},{\"@type\":\"WebPage\",\"@id\":\"https:\/\/kapitalis.com\/tunisie\/2015\/11\/27\/habib-essid-moins-de-ministres-pour-plus-defficacite\/\",\"url\":\"https:\/\/kapitalis.com\/tunisie\/2015\/11\/27\/habib-essid-moins-de-ministres-pour-plus-defficacite\/\",\"name\":\"Habib Essid : Moins de ministres pour plus d\u2019efficacit\u00e9 - Kapitalis\",\"isPartOf\":{\"@id\":\"https:\/\/kapitalis.com\/tunisie\/#website\"},\"primaryImageOfPage\":{\"@id\":\"https:\/\/kapitalis.com\/tunisie\/2015\/11\/27\/habib-essid-moins-de-ministres-pour-plus-defficacite\/#primaryimage\"},\"image\":{\"@id\":\"https:\/\/kapitalis.com\/tunisie\/2015\/11\/27\/habib-essid-moins-de-ministres-pour-plus-defficacite\/#primaryimage\"},\"thumbnailUrl\":\"http:\/\/kapitalis.com\/tunisie\/wp-content\/uploads\/2015\/11\/ESSID-HABIB.jpg\",\"datePublished\":\"2015-11-27T18:43:54+00:00\",\"dateModified\":\"2015-11-28T10:00:39+00:00\",\"breadcrumb\":{\"@id\":\"https:\/\/kapitalis.com\/tunisie\/2015\/11\/27\/habib-essid-moins-de-ministres-pour-plus-defficacite\/#breadcrumb\"},\"inLanguage\":\"fr-FR\",\"potentialAction\":[{\"@type\":\"ReadAction\",\"target\":[\"https:\/\/kapitalis.com\/tunisie\/2015\/11\/27\/habib-essid-moins-de-ministres-pour-plus-defficacite\/\"]}]},{\"@type\":\"ImageObject\",\"inLanguage\":\"fr-FR\",\"@id\":\"https:\/\/kapitalis.com\/tunisie\/2015\/11\/27\/habib-essid-moins-de-ministres-pour-plus-defficacite\/#primaryimage\",\"url\":\"http:\/\/kapitalis.com\/tunisie\/wp-content\/uploads\/2015\/11\/ESSID-HABIB.jpg\",\"contentUrl\":\"http:\/\/kapitalis.com\/tunisie\/wp-content\/uploads\/2015\/11\/ESSID-HABIB.jpg\"},{\"@type\":\"BreadcrumbList\",\"@id\":\"https:\/\/kapitalis.com\/tunisie\/2015\/11\/27\/habib-essid-moins-de-ministres-pour-plus-defficacite\/#breadcrumb\",\"itemListElement\":[{\"@type\":\"ListItem\",\"position\":1,\"name\":\"Accueil\",\"item\":\"https:\/\/kapitalis.com\/tunisie\/\"},{\"@type\":\"ListItem\",\"position\":2,\"name\":\"Habib Essid : Moins de ministres pour plus d\u2019efficacit\u00e9\"}]},{\"@type\":\"WebSite\",\"@id\":\"https:\/\/kapitalis.com\/tunisie\/#website\",\"url\":\"https:\/\/kapitalis.com\/tunisie\/\",\"name\":\"Kapitalis\",\"description\":\"L&#039;actualit\u00e9 en Tunisie et dans le monde\",\"publisher\":{\"@id\":\"https:\/\/kapitalis.com\/tunisie\/#organization\"},\"potentialAction\":[{\"@type\":\"SearchAction\",\"target\":{\"@type\":\"EntryPoint\",\"urlTemplate\":\"https:\/\/kapitalis.com\/tunisie\/?s={search_term_string}\"},\"query-input\":{\"@type\":\"PropertyValueSpecification\",\"valueRequired\":true,\"valueName\":\"search_term_string\"}}],\"inLanguage\":\"fr-FR\"},{\"@type\":\"Organization\",\"@id\":\"https:\/\/kapitalis.com\/tunisie\/#organization\",\"name\":\"Kapitalis\",\"url\":\"https:\/\/kapitalis.com\/tunisie\/\",\"logo\":{\"@type\":\"ImageObject\",\"inLanguage\":\"fr-FR\",\"@id\":\"https:\/\/kapitalis.com\/tunisie\/#\/schema\/logo\/image\/\",\"url\":\"https:\/\/kapitalis.com\/tunisie\/wp-content\/uploads\/2022\/05\/Kapitalis-big-size.png\",\"contentUrl\":\"https:\/\/kapitalis.com\/tunisie\/wp-content\/uploads\/2022\/05\/Kapitalis-big-size.png\",\"width\":5000,\"height\":1500,\"caption\":\"Kapitalis\"},\"image\":{\"@id\":\"https:\/\/kapitalis.com\/tunisie\/#\/schema\/logo\/image\/\"},\"sameAs\":[\"https:\/\/www.facebook.com\/KapitalisInfo\/\",\"https:\/\/x.com\/KapitalisInfo\",\"https:\/\/www.youtube.com\/channel\/UC-yDYrHyfFBWWZaOw3FPg9Q\"]},{\"@type\":\"Person\",\"@id\":\"https:\/\/kapitalis.com\/tunisie\/#\/schema\/person\/aa8b4a429805c4e3f0713a3c3f95212b\",\"name\":\"webmaster aux\",\"url\":\"https:\/\/kapitalis.com\/tunisie\/author\/webmasteraux\/\"}]}<\/script>\n<!-- \/ Yoast SEO plugin. -->","yoast_head_json":{"title":"Habib Essid : Moins de ministres pour plus d\u2019efficacit\u00e9 - Kapitalis","robots":{"index":"index","follow":"follow","max-snippet":"max-snippet:-1","max-image-preview":"max-image-preview:large","max-video-preview":"max-video-preview:-1"},"canonical":"https:\/\/kapitalis.com\/tunisie\/2015\/11\/27\/habib-essid-moins-de-ministres-pour-plus-defficacite\/","og_locale":"fr_FR","og_type":"article","og_title":"Habib Essid : Moins de ministres pour plus d\u2019efficacit\u00e9 - Kapitalis","og_description":"Habib Essid a annonc\u00e9, aujourd&rsquo;hui, qu\u2019il compte revoir \u00e0 la baisse le nombre des membres de son gouvernement.","og_url":"https:\/\/kapitalis.com\/tunisie\/2015\/11\/27\/habib-essid-moins-de-ministres-pour-plus-defficacite\/","og_site_name":"Kapitalis","article_publisher":"https:\/\/www.facebook.com\/KapitalisInfo\/","article_published_time":"2015-11-27T18:43:54+00:00","article_modified_time":"2015-11-28T10:00:39+00:00","og_image":[{"url":"http:\/\/kapitalis.com\/tunisie\/wp-content\/uploads\/2015\/11\/ESSID-HABIB.jpg","type":"","width":"","height":""}],"author":"webmaster aux","twitter_card":"summary_large_image","twitter_creator":"@KapitalisInfo","twitter_site":"@KapitalisInfo","twitter_misc":{"\u00c9crit par":"webmaster aux","Dur\u00e9e de lecture estim\u00e9e":"1 minute"},"schema":{"@context":"https:\/\/schema.org","@graph":[{"@type":"Article","@id":"https:\/\/kapitalis.com\/tunisie\/2015\/11\/27\/habib-essid-moins-de-ministres-pour-plus-defficacite\/#article","isPartOf":{"@id":"https:\/\/kapitalis.com\/tunisie\/2015\/11\/27\/habib-essid-moins-de-ministres-pour-plus-defficacite\/"},"author":{"name":"webmaster aux","@id":"https:\/\/kapitalis.com\/tunisie\/#\/schema\/person\/aa8b4a429805c4e3f0713a3c3f95212b"},"headline":"Habib Essid : Moins de ministres pour plus d\u2019efficacit\u00e9","datePublished":"2015-11-27T18:43:54+00:00","dateModified":"2015-11-28T10:00:39+00:00","mainEntityOfPage":{"@id":"https:\/\/kapitalis.com\/tunisie\/2015\/11\/27\/habib-essid-moins-de-ministres-pour-plus-defficacite\/"},"wordCount":198,"commentCount":1,"publisher":{"@id":"https:\/\/kapitalis.com\/tunisie\/#organization"},"image":{"@id":"https:\/\/kapitalis.com\/tunisie\/2015\/11\/27\/habib-essid-moins-de-ministres-pour-plus-defficacite\/#primaryimage"},"thumbnailUrl":"http:\/\/kapitalis.com\/tunisie\/wp-content\/uploads\/2015\/11\/ESSID-HABIB.jpg","keywords":["ARP","attentat de Tunis","chef du gouvernement","Habib Essid","remaniement minist\u00e9riel"],"articleSection":["POLITIQUE","Tunisie"],"inLanguage":"fr-FR","potentialAction":[{"@type":"CommentAction","name":"Comment","target":["https:\/\/kapitalis.com\/tunisie\/2015\/11\/27\/habib-essid-moins-de-ministres-pour-plus-defficacite\/#respond"]}]},{"@type":"WebPage","@id":"https:\/\/kapitalis.com\/tunisie\/2015\/11\/27\/habib-essid-moins-de-ministres-pour-plus-defficacite\/","url":"https:\/\/kapitalis.com\/tunisie\/2015\/11\/27\/habib-essid-moins-de-ministres-pour-plus-defficacite\/","name":"Habib Essid : Moins de ministres pour plus d\u2019efficacit\u00e9 - Kapitalis","isPartOf":{"@id":"https:\/\/kapitalis.com\/tunisie\/#website"},"primaryImageOfPage":{"@id":"https:\/\/kapitalis.com\/tunisie\/2015\/11\/27\/habib-essid-moins-de-ministres-pour-plus-defficacite\/#primaryimage"},"image":{"@id":"https:\/\/kapitalis.com\/tunisie\/2015\/11\/27\/habib-essid-moins-de-ministres-pour-plus-defficacite\/#primaryimage"},"thumbnailUrl":"http:\/\/kapitalis.com\/tunisie\/wp-content\/uploads\/2015\/11\/ESSID-HABIB.jpg","datePublished":"2015-11-27T18:43:54+00:00","dateModified":"2015-11-28T10:00:39+00:00","breadcrumb":{"@id":"https:\/\/kapitalis.com\/tunisie\/2015\/11\/27\/habib-essid-moins-de-ministres-pour-plus-defficacite\/#breadcrumb"},"inLanguage":"fr-FR","potentialAction":[{"@type":"ReadAction","target":["https:\/\/kapitalis.com\/tunisie\/2015\/11\/27\/habib-essid-moins-de-ministres-pour-plus-defficacite\/"]}]},{"@type":"ImageObject","inLanguage":"fr-FR","@id":"https:\/\/kapitalis.com\/tunisie\/2015\/11\/27\/habib-essid-moins-de-ministres-pour-plus-defficacite\/#primaryimage","url":"http:\/\/kapitalis.com\/tunisie\/wp-content\/uploads\/2015\/11\/ESSID-HABIB.jpg","contentUrl":"http:\/\/kapitalis.com\/tunisie\/wp-content\/uploads\/2015\/11\/ESSID-HABIB.jpg"},{"@type":"BreadcrumbList","@id":"https:\/\/kapitalis.com\/tunisie\/2015\/11\/27\/habib-essid-moins-de-ministres-pour-plus-defficacite\/#breadcrumb","itemListElement":[{"@type":"ListItem","position":1,"name":"Accueil","item":"https:\/\/kapitalis.com\/tunisie\/"},{"@type":"ListItem","position":2,"name":"Habib Essid : Moins de ministres pour plus d\u2019efficacit\u00e9"}]},{"@type":"WebSite","@id":"https:\/\/kapitalis.com\/tunisie\/#website","url":"https:\/\/kapitalis.com\/tunisie\/","name":"Kapitalis","description":"L&#039;actualit\u00e9 en Tunisie et dans le monde","publisher":{"@id":"https:\/\/kapitalis.com\/tunisie\/#organization"},"potentialAction":[{"@type":"SearchAction","target":{"@type":"EntryPoint","urlTemplate":"https:\/\/kapitalis.com\/tunisie\/?s={search_term_string}"},"query-input":{"@type":"PropertyValueSpecification","valueRequired":true,"valueName":"search_term_string"}}],"inLanguage":"fr-FR"},{"@type":"Organization","@id":"https:\/\/kapitalis.com\/tunisie\/#organization","name":"Kapitalis","url":"https:\/\/kapitalis.com\/tunisie\/","logo":{"@type":"ImageObject","inLanguage":"fr-FR","@id":"https:\/\/kapitalis.com\/tunisie\/#\/schema\/logo\/image\/","url":"https:\/\/kapitalis.com\/tunisie\/wp-content\/uploads\/2022\/05\/Kapitalis-big-size.png","contentUrl":"https:\/\/kapitalis.com\/tunisie\/wp-content\/uploads\/2022\/05\/Kapitalis-big-size.png","width":5000,"height":1500,"caption":"Kapitalis"},"image":{"@id":"https:\/\/kapitalis.com\/tunisie\/#\/schema\/logo\/image\/"},"sameAs":["https:\/\/www.facebook.com\/KapitalisInfo\/","https:\/\/x.com\/KapitalisInfo","https:\/\/www.youtube.com\/channel\/UC-yDYrHyfFBWWZaOw3FPg9Q"]},{"@type":"Person","@id":"https:\/\/kapitalis.com\/tunisie\/#\/schema\/person\/aa8b4a429805c4e3f0713a3c3f95212b","name":"webmaster aux","url":"https:\/\/kapitalis.com\/tunisie\/author\/webmasteraux\/"}]}},"_links":{"self":[{"href":"https:\/\/kapitalis.com\/tunisie\/wp-json\/wp\/v2\/posts\/27719","targetHints":{"allow":["GET"]}}],"collection":[{"href":"https:\/\/kapitalis.com\/tunisie\/wp-json\/wp\/v2\/posts"}],"about":[{"href":"https:\/\/kapitalis.com\/tunisie\/wp-json\/wp\/v2\/types\/post"}],"author":[{"embeddable":true,"href":"https:\/\/kapitalis.com\/tunisie\/wp-json\/wp\/v2\/users\/13"}],"replies":[{"embeddable":true,"href":"https:\/\/kapitalis.com\/tunisie\/wp-json\/wp\/v2\/comments?post=27719"}],"version-history":[{"count":0,"href":"https:\/\/kapitalis.com\/tunisie\/wp-json\/wp\/v2\/posts\/27719\/revisions"}],"wp:attachment":[{"href":"https:\/\/kapitalis.com\/tunisie\/wp-json\/wp\/v2\/media?parent=27719"}],"wp:term":[{"taxonomy":"category","embeddable":true,"href":"https:\/\/kapitalis.com\/tunisie\/wp-json\/wp\/v2\/categories?post=27719"},{"taxonomy":"post_tag","embeddable":true,"href":"https:\/\/kapitalis.com\/tunisie\/wp-json\/wp\/v2\/tags?post=27719"}],"curies":[{"name":"wp","href":"https:\/\/api.w.org\/{rel}","templated":true}]}}