{"id":277564,"date":"2020-01-31T08:16:56","date_gmt":"2020-01-31T07:16:56","guid":{"rendered":"http:\/\/kapitalis.com\/tunisie\/?p=277564"},"modified":"2020-01-31T08:17:03","modified_gmt":"2020-01-31T07:17:03","slug":"omerta-le-virage-de-lesperance-sportive-en-photographies","status":"publish","type":"post","link":"https:\/\/kapitalis.com\/tunisie\/2020\/01\/31\/omerta-le-virage-de-lesperance-sportive-en-photographies\/","title":{"rendered":"\u00abOmerta\u00bb : Le virage de l\u2019Esp\u00e9rance sportive en photographies"},"content":{"rendered":"\n<figure class=\"wp-block-image size-large\"><img decoding=\"async\" src=\"http:\/\/kapitalis.com\/tunisie\/wp-content\/uploads\/2020\/01\/Omerta-Exposition-Esperance.jpg\" alt=\"\" class=\"wp-image-277565\"\/><\/figure>\n\n\n\n<p><strong><em> L\u2019espace culturel El Makhzen \u00e0 Bab Souika accueillera \u00e0 partir d\u2019aujourd\u2019hui, vendredi 31 janvier et jusqu\u2019au 9 f\u00e9vrier 2020, \u2018\u2018Omerta\u2019\u2019, une exposition photographique de Bayrem Ben Mrad, offrant une immersion in\u00e9dite dans les coulisses du virage de l\u2019Esp\u00e9rance sportive de Tunis (EST).<\/em><\/strong><\/p>\n\n\n\n<!--more-->\n\n\n\n<p> \u00c0 l\u2019occasion de la c\u00e9l\u00e9bration du 101e anniversaire de l\u2019EST (fond\u00e9e le 15 janvier 1919 \u00e0 Bab Souika), une exposition r\u00e9trospective sign\u00e9e le jeune photographe Bayrem Ben Mrad donnera \u00e0 voir au public une s\u00e9rie d\u2019une quarantaine de photographies in\u00e9dites prises durant cette ann\u00e9e centenaire qui vient de s\u2019\u00e9couler et qui fut riche en victoires et en titres pour le plus ancien des clubs de football en Tunisie.<\/p>\n\n\n\n<p> Bayrem Ben Mrad a choisi d\u2019orienter son objectif non pas sur le terrain et les joueurs mais plut\u00f4t du c\u00f4t\u00e9 des gradins pour mettre la lumi\u00e8re sur la ferveur et la passion des fans esp\u00e9rantistes. L\u2019id\u00e9e est d\u2019offrir une immersion sensationnelle dans les moments d\u2019euphorie ayant marqu\u00e9 cette ann\u00e9e de f\u00eate partag\u00e9e par des milliers de fid\u00e8les supporteurs qui continuent d\u2019enflammer le virage du club aux rayures rouges et jaunes.<\/p>\n\n\n\n<p> Le vernissage aura lieu cet apr\u00e8s-midi, \u00e0 partir de 17h, \u00e0 l\u2019espace El Makhzen, \u00e0 Bab Souika.<\/p>\n\n\n\n<p class=\"has-text-align-right\"><strong> Fawz Ben Ali<\/strong><\/p>\n","protected":false},"excerpt":{"rendered":"<p>L\u2019espace culturel El Makhzen \u00e0 Bab Souika accueillera \u00e0 partir d\u2019aujourd\u2019hui, vendredi 31 janvier et jusqu\u2019au 9 f\u00e9vrier 2020, \u2018\u2018Omerta\u2019\u2019, une exposition photographique de Bayrem Ben Mrad, offrant une immersion in\u00e9dite dans les coulisses du virage de l\u2019Esp\u00e9rance sportive de Tunis (EST).<\/p>\n","protected":false},"author":8,"featured_media":277565,"comment_status":"open","ping_status":"open","sticky":false,"template":"","format":"standard","meta":{"footnotes":""},"categories":[994,999,2433],"tags":[21240,51661,1619],"class_list":["post-277564","post","type-post","status-publish","format-standard","has-post-thumbnail","hentry","category-culture","category-sport","category-tunisie","tag-bab-souika","tag-centenaire","tag-esperance-de-tunis"],"yoast_head":"<!-- This site is optimized with the Yoast SEO plugin v26.6 - https:\/\/yoast.com\/wordpress\/plugins\/seo\/ -->\n<title>\u00abOmerta\u00bb : Le virage de l\u2019Esp\u00e9rance sportive en photographies - Kapitalis<\/title>\n<meta name=\"robots\" content=\"index, follow, max-snippet:-1, max-image-preview:large, max-video-preview:-1\" \/>\n<link rel=\"canonical\" href=\"https:\/\/kapitalis.com\/tunisie\/2020\/01\/31\/omerta-le-virage-de-lesperance-sportive-en-photographies\/\" \/>\n<meta property=\"og:locale\" content=\"fr_FR\" \/>\n<meta property=\"og:type\" content=\"article\" \/>\n<meta property=\"og:title\" content=\"\u00abOmerta\u00bb : Le virage de l\u2019Esp\u00e9rance sportive en photographies - Kapitalis\" \/>\n<meta property=\"og:description\" content=\"L\u2019espace culturel El Makhzen \u00e0 Bab Souika accueillera \u00e0 partir d\u2019aujourd\u2019hui, vendredi 31 janvier et jusqu\u2019au 9 f\u00e9vrier 2020, \u2018\u2018Omerta\u2019\u2019, une exposition photographique de Bayrem Ben Mrad, offrant une immersion in\u00e9dite dans les coulisses du virage de l\u2019Esp\u00e9rance sportive de Tunis (EST).\" \/>\n<meta property=\"og:url\" content=\"https:\/\/kapitalis.com\/tunisie\/2020\/01\/31\/omerta-le-virage-de-lesperance-sportive-en-photographies\/\" \/>\n<meta property=\"og:site_name\" content=\"Kapitalis\" \/>\n<meta property=\"article:publisher\" content=\"https:\/\/www.facebook.com\/KapitalisInfo\/\" \/>\n<meta property=\"article:published_time\" content=\"2020-01-31T07:16:56+00:00\" \/>\n<meta property=\"article:modified_time\" content=\"2020-01-31T07:17:03+00:00\" \/>\n<meta property=\"og:image\" content=\"https:\/\/kapitalis.com\/tunisie\/wp-content\/uploads\/2022\/05\/kapitalis-logo-fb.png\" \/>\n\t<meta property=\"og:image:width\" content=\"1200\" \/>\n\t<meta property=\"og:image:height\" content=\"630\" \/>\n\t<meta property=\"og:image:type\" content=\"image\/png\" \/>\n<meta name=\"author\" content=\"webmaster kapitalis\" \/>\n<meta name=\"twitter:card\" content=\"summary_large_image\" \/>\n<meta name=\"twitter:creator\" content=\"@KapitalisInfo\" \/>\n<meta name=\"twitter:site\" content=\"@KapitalisInfo\" \/>\n<meta name=\"twitter:label1\" content=\"\u00c9crit par\" \/>\n\t<meta name=\"twitter:data1\" content=\"webmaster kapitalis\" \/>\n\t<meta name=\"twitter:label2\" content=\"Dur\u00e9e de lecture estim\u00e9e\" \/>\n\t<meta name=\"twitter:data2\" content=\"1 minute\" \/>\n<script type=\"application\/ld+json\" class=\"yoast-schema-graph\">{\"@context\":\"https:\/\/schema.org\",\"@graph\":[{\"@type\":\"Article\",\"@id\":\"https:\/\/kapitalis.com\/tunisie\/2020\/01\/31\/omerta-le-virage-de-lesperance-sportive-en-photographies\/#article\",\"isPartOf\":{\"@id\":\"https:\/\/kapitalis.com\/tunisie\/2020\/01\/31\/omerta-le-virage-de-lesperance-sportive-en-photographies\/\"},\"author\":{\"name\":\"webmaster kapitalis\",\"@id\":\"https:\/\/kapitalis.com\/tunisie\/#\/schema\/person\/d71f33a9ca44f7bad4698210b480c8e9\"},\"headline\":\"\u00abOmerta\u00bb : Le virage de l\u2019Esp\u00e9rance sportive en photographies\",\"datePublished\":\"2020-01-31T07:16:56+00:00\",\"dateModified\":\"2020-01-31T07:17:03+00:00\",\"mainEntityOfPage\":{\"@id\":\"https:\/\/kapitalis.com\/tunisie\/2020\/01\/31\/omerta-le-virage-de-lesperance-sportive-en-photographies\/\"},\"wordCount\":233,\"commentCount\":0,\"publisher\":{\"@id\":\"https:\/\/kapitalis.com\/tunisie\/#organization\"},\"image\":{\"@id\":\"https:\/\/kapitalis.com\/tunisie\/2020\/01\/31\/omerta-le-virage-de-lesperance-sportive-en-photographies\/#primaryimage\"},\"thumbnailUrl\":\"\",\"keywords\":[\"Bab Souika\",\"centenaire\",\"Esp\u00e9rance de Tunis\"],\"articleSection\":[\"CULTURE\",\"SPORT\",\"Tunisie\"],\"inLanguage\":\"fr-FR\",\"potentialAction\":[{\"@type\":\"CommentAction\",\"name\":\"Comment\",\"target\":[\"https:\/\/kapitalis.com\/tunisie\/2020\/01\/31\/omerta-le-virage-de-lesperance-sportive-en-photographies\/#respond\"]}]},{\"@type\":\"WebPage\",\"@id\":\"https:\/\/kapitalis.com\/tunisie\/2020\/01\/31\/omerta-le-virage-de-lesperance-sportive-en-photographies\/\",\"url\":\"https:\/\/kapitalis.com\/tunisie\/2020\/01\/31\/omerta-le-virage-de-lesperance-sportive-en-photographies\/\",\"name\":\"\u00abOmerta\u00bb : Le virage de l\u2019Esp\u00e9rance sportive en photographies - Kapitalis\",\"isPartOf\":{\"@id\":\"https:\/\/kapitalis.com\/tunisie\/#website\"},\"primaryImageOfPage\":{\"@id\":\"https:\/\/kapitalis.com\/tunisie\/2020\/01\/31\/omerta-le-virage-de-lesperance-sportive-en-photographies\/#primaryimage\"},\"image\":{\"@id\":\"https:\/\/kapitalis.com\/tunisie\/2020\/01\/31\/omerta-le-virage-de-lesperance-sportive-en-photographies\/#primaryimage\"},\"thumbnailUrl\":\"\",\"datePublished\":\"2020-01-31T07:16:56+00:00\",\"dateModified\":\"2020-01-31T07:17:03+00:00\",\"breadcrumb\":{\"@id\":\"https:\/\/kapitalis.com\/tunisie\/2020\/01\/31\/omerta-le-virage-de-lesperance-sportive-en-photographies\/#breadcrumb\"},\"inLanguage\":\"fr-FR\",\"potentialAction\":[{\"@type\":\"ReadAction\",\"target\":[\"https:\/\/kapitalis.com\/tunisie\/2020\/01\/31\/omerta-le-virage-de-lesperance-sportive-en-photographies\/\"]}]},{\"@type\":\"ImageObject\",\"inLanguage\":\"fr-FR\",\"@id\":\"https:\/\/kapitalis.com\/tunisie\/2020\/01\/31\/omerta-le-virage-de-lesperance-sportive-en-photographies\/#primaryimage\",\"url\":\"\",\"contentUrl\":\"\"},{\"@type\":\"BreadcrumbList\",\"@id\":\"https:\/\/kapitalis.com\/tunisie\/2020\/01\/31\/omerta-le-virage-de-lesperance-sportive-en-photographies\/#breadcrumb\",\"itemListElement\":[{\"@type\":\"ListItem\",\"position\":1,\"name\":\"Accueil\",\"item\":\"https:\/\/kapitalis.com\/tunisie\/\"},{\"@type\":\"ListItem\",\"position\":2,\"name\":\"\u00abOmerta\u00bb : Le virage de l\u2019Esp\u00e9rance sportive en photographies\"}]},{\"@type\":\"WebSite\",\"@id\":\"https:\/\/kapitalis.com\/tunisie\/#website\",\"url\":\"https:\/\/kapitalis.com\/tunisie\/\",\"name\":\"Kapitalis\",\"description\":\"L&#039;actualit\u00e9 en Tunisie et dans le monde\",\"publisher\":{\"@id\":\"https:\/\/kapitalis.com\/tunisie\/#organization\"},\"potentialAction\":[{\"@type\":\"SearchAction\",\"target\":{\"@type\":\"EntryPoint\",\"urlTemplate\":\"https:\/\/kapitalis.com\/tunisie\/?s={search_term_string}\"},\"query-input\":{\"@type\":\"PropertyValueSpecification\",\"valueRequired\":true,\"valueName\":\"search_term_string\"}}],\"inLanguage\":\"fr-FR\"},{\"@type\":\"Organization\",\"@id\":\"https:\/\/kapitalis.com\/tunisie\/#organization\",\"name\":\"Kapitalis\",\"url\":\"https:\/\/kapitalis.com\/tunisie\/\",\"logo\":{\"@type\":\"ImageObject\",\"inLanguage\":\"fr-FR\",\"@id\":\"https:\/\/kapitalis.com\/tunisie\/#\/schema\/logo\/image\/\",\"url\":\"https:\/\/kapitalis.com\/tunisie\/wp-content\/uploads\/2022\/05\/Kapitalis-big-size.png\",\"contentUrl\":\"https:\/\/kapitalis.com\/tunisie\/wp-content\/uploads\/2022\/05\/Kapitalis-big-size.png\",\"width\":5000,\"height\":1500,\"caption\":\"Kapitalis\"},\"image\":{\"@id\":\"https:\/\/kapitalis.com\/tunisie\/#\/schema\/logo\/image\/\"},\"sameAs\":[\"https:\/\/www.facebook.com\/KapitalisInfo\/\",\"https:\/\/x.com\/KapitalisInfo\",\"https:\/\/www.youtube.com\/channel\/UC-yDYrHyfFBWWZaOw3FPg9Q\"]},{\"@type\":\"Person\",\"@id\":\"https:\/\/kapitalis.com\/tunisie\/#\/schema\/person\/d71f33a9ca44f7bad4698210b480c8e9\",\"name\":\"webmaster kapitalis\",\"url\":\"https:\/\/kapitalis.com\/tunisie\/author\/webmaster-kapitalis\/\"}]}<\/script>\n<!-- \/ Yoast SEO plugin. -->","yoast_head_json":{"title":"\u00abOmerta\u00bb : Le virage de l\u2019Esp\u00e9rance sportive en photographies - Kapitalis","robots":{"index":"index","follow":"follow","max-snippet":"max-snippet:-1","max-image-preview":"max-image-preview:large","max-video-preview":"max-video-preview:-1"},"canonical":"https:\/\/kapitalis.com\/tunisie\/2020\/01\/31\/omerta-le-virage-de-lesperance-sportive-en-photographies\/","og_locale":"fr_FR","og_type":"article","og_title":"\u00abOmerta\u00bb : Le virage de l\u2019Esp\u00e9rance sportive en photographies - Kapitalis","og_description":"L\u2019espace culturel El Makhzen \u00e0 Bab Souika accueillera \u00e0 partir d\u2019aujourd\u2019hui, vendredi 31 janvier et jusqu\u2019au 9 f\u00e9vrier 2020, \u2018\u2018Omerta\u2019\u2019, une exposition photographique de Bayrem Ben Mrad, offrant une immersion in\u00e9dite dans les coulisses du virage de l\u2019Esp\u00e9rance sportive de Tunis (EST).","og_url":"https:\/\/kapitalis.com\/tunisie\/2020\/01\/31\/omerta-le-virage-de-lesperance-sportive-en-photographies\/","og_site_name":"Kapitalis","article_publisher":"https:\/\/www.facebook.com\/KapitalisInfo\/","article_published_time":"2020-01-31T07:16:56+00:00","article_modified_time":"2020-01-31T07:17:03+00:00","og_image":[{"width":1200,"height":630,"url":"https:\/\/kapitalis.com\/tunisie\/wp-content\/uploads\/2022\/05\/kapitalis-logo-fb.png","type":"image\/png"}],"author":"webmaster kapitalis","twitter_card":"summary_large_image","twitter_creator":"@KapitalisInfo","twitter_site":"@KapitalisInfo","twitter_misc":{"\u00c9crit par":"webmaster kapitalis","Dur\u00e9e de lecture estim\u00e9e":"1 minute"},"schema":{"@context":"https:\/\/schema.org","@graph":[{"@type":"Article","@id":"https:\/\/kapitalis.com\/tunisie\/2020\/01\/31\/omerta-le-virage-de-lesperance-sportive-en-photographies\/#article","isPartOf":{"@id":"https:\/\/kapitalis.com\/tunisie\/2020\/01\/31\/omerta-le-virage-de-lesperance-sportive-en-photographies\/"},"author":{"name":"webmaster kapitalis","@id":"https:\/\/kapitalis.com\/tunisie\/#\/schema\/person\/d71f33a9ca44f7bad4698210b480c8e9"},"headline":"\u00abOmerta\u00bb : Le virage de l\u2019Esp\u00e9rance sportive en photographies","datePublished":"2020-01-31T07:16:56+00:00","dateModified":"2020-01-31T07:17:03+00:00","mainEntityOfPage":{"@id":"https:\/\/kapitalis.com\/tunisie\/2020\/01\/31\/omerta-le-virage-de-lesperance-sportive-en-photographies\/"},"wordCount":233,"commentCount":0,"publisher":{"@id":"https:\/\/kapitalis.com\/tunisie\/#organization"},"image":{"@id":"https:\/\/kapitalis.com\/tunisie\/2020\/01\/31\/omerta-le-virage-de-lesperance-sportive-en-photographies\/#primaryimage"},"thumbnailUrl":"","keywords":["Bab Souika","centenaire","Esp\u00e9rance de Tunis"],"articleSection":["CULTURE","SPORT","Tunisie"],"inLanguage":"fr-FR","potentialAction":[{"@type":"CommentAction","name":"Comment","target":["https:\/\/kapitalis.com\/tunisie\/2020\/01\/31\/omerta-le-virage-de-lesperance-sportive-en-photographies\/#respond"]}]},{"@type":"WebPage","@id":"https:\/\/kapitalis.com\/tunisie\/2020\/01\/31\/omerta-le-virage-de-lesperance-sportive-en-photographies\/","url":"https:\/\/kapitalis.com\/tunisie\/2020\/01\/31\/omerta-le-virage-de-lesperance-sportive-en-photographies\/","name":"\u00abOmerta\u00bb : Le virage de l\u2019Esp\u00e9rance sportive en photographies - Kapitalis","isPartOf":{"@id":"https:\/\/kapitalis.com\/tunisie\/#website"},"primaryImageOfPage":{"@id":"https:\/\/kapitalis.com\/tunisie\/2020\/01\/31\/omerta-le-virage-de-lesperance-sportive-en-photographies\/#primaryimage"},"image":{"@id":"https:\/\/kapitalis.com\/tunisie\/2020\/01\/31\/omerta-le-virage-de-lesperance-sportive-en-photographies\/#primaryimage"},"thumbnailUrl":"","datePublished":"2020-01-31T07:16:56+00:00","dateModified":"2020-01-31T07:17:03+00:00","breadcrumb":{"@id":"https:\/\/kapitalis.com\/tunisie\/2020\/01\/31\/omerta-le-virage-de-lesperance-sportive-en-photographies\/#breadcrumb"},"inLanguage":"fr-FR","potentialAction":[{"@type":"ReadAction","target":["https:\/\/kapitalis.com\/tunisie\/2020\/01\/31\/omerta-le-virage-de-lesperance-sportive-en-photographies\/"]}]},{"@type":"ImageObject","inLanguage":"fr-FR","@id":"https:\/\/kapitalis.com\/tunisie\/2020\/01\/31\/omerta-le-virage-de-lesperance-sportive-en-photographies\/#primaryimage","url":"","contentUrl":""},{"@type":"BreadcrumbList","@id":"https:\/\/kapitalis.com\/tunisie\/2020\/01\/31\/omerta-le-virage-de-lesperance-sportive-en-photographies\/#breadcrumb","itemListElement":[{"@type":"ListItem","position":1,"name":"Accueil","item":"https:\/\/kapitalis.com\/tunisie\/"},{"@type":"ListItem","position":2,"name":"\u00abOmerta\u00bb : Le virage de l\u2019Esp\u00e9rance sportive en photographies"}]},{"@type":"WebSite","@id":"https:\/\/kapitalis.com\/tunisie\/#website","url":"https:\/\/kapitalis.com\/tunisie\/","name":"Kapitalis","description":"L&#039;actualit\u00e9 en Tunisie et dans le monde","publisher":{"@id":"https:\/\/kapitalis.com\/tunisie\/#organization"},"potentialAction":[{"@type":"SearchAction","target":{"@type":"EntryPoint","urlTemplate":"https:\/\/kapitalis.com\/tunisie\/?s={search_term_string}"},"query-input":{"@type":"PropertyValueSpecification","valueRequired":true,"valueName":"search_term_string"}}],"inLanguage":"fr-FR"},{"@type":"Organization","@id":"https:\/\/kapitalis.com\/tunisie\/#organization","name":"Kapitalis","url":"https:\/\/kapitalis.com\/tunisie\/","logo":{"@type":"ImageObject","inLanguage":"fr-FR","@id":"https:\/\/kapitalis.com\/tunisie\/#\/schema\/logo\/image\/","url":"https:\/\/kapitalis.com\/tunisie\/wp-content\/uploads\/2022\/05\/Kapitalis-big-size.png","contentUrl":"https:\/\/kapitalis.com\/tunisie\/wp-content\/uploads\/2022\/05\/Kapitalis-big-size.png","width":5000,"height":1500,"caption":"Kapitalis"},"image":{"@id":"https:\/\/kapitalis.com\/tunisie\/#\/schema\/logo\/image\/"},"sameAs":["https:\/\/www.facebook.com\/KapitalisInfo\/","https:\/\/x.com\/KapitalisInfo","https:\/\/www.youtube.com\/channel\/UC-yDYrHyfFBWWZaOw3FPg9Q"]},{"@type":"Person","@id":"https:\/\/kapitalis.com\/tunisie\/#\/schema\/person\/d71f33a9ca44f7bad4698210b480c8e9","name":"webmaster kapitalis","url":"https:\/\/kapitalis.com\/tunisie\/author\/webmaster-kapitalis\/"}]}},"_links":{"self":[{"href":"https:\/\/kapitalis.com\/tunisie\/wp-json\/wp\/v2\/posts\/277564","targetHints":{"allow":["GET"]}}],"collection":[{"href":"https:\/\/kapitalis.com\/tunisie\/wp-json\/wp\/v2\/posts"}],"about":[{"href":"https:\/\/kapitalis.com\/tunisie\/wp-json\/wp\/v2\/types\/post"}],"author":[{"embeddable":true,"href":"https:\/\/kapitalis.com\/tunisie\/wp-json\/wp\/v2\/users\/8"}],"replies":[{"embeddable":true,"href":"https:\/\/kapitalis.com\/tunisie\/wp-json\/wp\/v2\/comments?post=277564"}],"version-history":[{"count":0,"href":"https:\/\/kapitalis.com\/tunisie\/wp-json\/wp\/v2\/posts\/277564\/revisions"}],"wp:featuredmedia":[{"embeddable":true,"href":"https:\/\/kapitalis.com\/tunisie\/wp-json\/wp\/v2\/media\/277565"}],"wp:attachment":[{"href":"https:\/\/kapitalis.com\/tunisie\/wp-json\/wp\/v2\/media?parent=277564"}],"wp:term":[{"taxonomy":"category","embeddable":true,"href":"https:\/\/kapitalis.com\/tunisie\/wp-json\/wp\/v2\/categories?post=277564"},{"taxonomy":"post_tag","embeddable":true,"href":"https:\/\/kapitalis.com\/tunisie\/wp-json\/wp\/v2\/tags?post=277564"}],"curies":[{"name":"wp","href":"https:\/\/api.w.org\/{rel}","templated":true}]}}