{"id":277835,"date":"2020-02-01T08:27:02","date_gmt":"2020-02-01T07:27:02","guid":{"rendered":"http:\/\/kapitalis.com\/tunisie\/?p=277835"},"modified":"2020-02-01T08:27:05","modified_gmt":"2020-02-01T07:27:05","slug":"letoile-du-sahel-prete-wajdi-kechrida-a-fc-nantes-pour-6-mois","status":"publish","type":"post","link":"https:\/\/kapitalis.com\/tunisie\/2020\/02\/01\/letoile-du-sahel-prete-wajdi-kechrida-a-fc-nantes-pour-6-mois\/","title":{"rendered":"L&rsquo;Etoile du Sahel pr\u00eate Wajdi Kechrida \u00e0 FC Nantes pour 6 mois"},"content":{"rendered":"\n<figure class=\"wp-block-image size-large\"><img decoding=\"async\" src=\"http:\/\/kapitalis.com\/tunisie\/wp-content\/uploads\/2019\/12\/Wajdi-Kechrida.jpg\" alt=\"\" class=\"wp-image-266429\"\/><\/figure>\n\n\n\n<p><strong><em> Wajdi Kechrida se rapproche du FC Nantes. Le lat\u00e9ral droit de l\u2019Etoile sportive du Sahel (ESS) pourrait \u00eatre la derni\u00e8re recrue hivernale du FC Nantes. Le d\u00e9fenseur va d\u00e9barquer dans la Cit\u00e9 des Ducs, jeudi prochain 6 f\u00e9vrier 2020, pour passer sa visite m\u00e9dicale et signer son contrat.<\/em><\/strong><\/p>\n\n\n\n<!--more-->\n\n\n\n<p> Le lat\u00e9ral tunisien de l\u2019\u00c9toile (24 ans, 10 s\u00e9lections) va d\u00e9barquer chez les Canaris en pr\u00eat avec option d\u2019achat, indique <em>\u2018\u2018Ouest-France\u2019\u2019<\/em>. Le montant de l\u2019OA n\u2019a pas \u00e9t\u00e9 r\u00e9v\u00e9l\u00e9. <\/p>\n\n\n\n<p> Pour conserver (\u00e9ventuellement) le lat\u00e9ral droit \u00e0 l\u2019issue de son pr\u00eat, le FCN n\u2019aura pas \u00e0 vider la caisse. En effet, le club tunisien aurait fix\u00e9 la barre \u00e0 600.000\u20ac seulement (1,8 million de dinars tunisiens).<\/p>\n\n\n\n<p> N\u00e9 \u00e0 Nice, Kechrida \u2013 qui a fait l\u2019essentiel de sa carri\u00e8re en Tunisie \u2013 aurait d\u00e9j\u00e0 pu atterrir en Ligue 1 l\u2019\u00e9t\u00e9 dernier. Montpellier H\u00e9rault SC s\u2019\u00e9tait int\u00e9ress\u00e9 \u00e0 ses services, sans suite.<\/p>\n\n\n\n<p> Pur lat\u00e9ral droit, capable de d\u00e9panner \u00e0 la rigueur au poste de milieu d\u00e9fensif, le Tunisien devrait n\u00e9anmoins \u00eatre d\u2019un important secours \u00e0 Dennis Appiah, seul lat\u00e9ral droit de m\u00e9tier de l\u2019effectif, apr\u00e8s la grave blessure de Fabio.<\/p>\n\n\n\n<p class=\"has-text-align-right\"><strong> H. M.<\/strong><\/p>\n","protected":false},"excerpt":{"rendered":"<p>Wajdi Kechrida se rapproche du FC Nantes. Le lat\u00e9ral droit de l\u2019Etoile sportive du Sahel (ESS) pourrait \u00eatre la derni\u00e8re recrue hivernale du FC Nantes. Le d\u00e9fenseur va d\u00e9barquer dans la Cit\u00e9 des Ducs, jeudi prochain 6 f\u00e9vrier 2020, pour passer sa visite m\u00e9dicale et signer son contrat.<\/p>\n","protected":false},"author":8,"featured_media":0,"comment_status":"open","ping_status":"open","sticky":false,"template":"","format":"standard","meta":{"footnotes":""},"categories":[999,2433],"tags":[1295,73862,34000],"class_list":["post-277835","post","type-post","status-publish","format-standard","hentry","category-sport","category-tunisie","tag-etoile-du-sahel","tag-fc-nantes","tag-wajdi-kechrida"],"yoast_head":"<!-- This site is optimized with the Yoast SEO plugin v26.6 - https:\/\/yoast.com\/wordpress\/plugins\/seo\/ -->\n<title>L&#039;Etoile du Sahel pr\u00eate Wajdi Kechrida \u00e0 FC Nantes pour 6 mois - Kapitalis<\/title>\n<meta name=\"robots\" content=\"index, follow, max-snippet:-1, max-image-preview:large, max-video-preview:-1\" \/>\n<link rel=\"canonical\" href=\"https:\/\/kapitalis.com\/tunisie\/2020\/02\/01\/letoile-du-sahel-prete-wajdi-kechrida-a-fc-nantes-pour-6-mois\/\" \/>\n<meta property=\"og:locale\" content=\"fr_FR\" \/>\n<meta property=\"og:type\" content=\"article\" \/>\n<meta property=\"og:title\" content=\"L&#039;Etoile du Sahel pr\u00eate Wajdi Kechrida \u00e0 FC Nantes pour 6 mois - Kapitalis\" \/>\n<meta property=\"og:description\" content=\"Wajdi Kechrida se rapproche du FC Nantes. Le lat\u00e9ral droit de l\u2019Etoile sportive du Sahel (ESS) pourrait \u00eatre la derni\u00e8re recrue hivernale du FC Nantes. Le d\u00e9fenseur va d\u00e9barquer dans la Cit\u00e9 des Ducs, jeudi prochain 6 f\u00e9vrier 2020, pour passer sa visite m\u00e9dicale et signer son contrat.\" \/>\n<meta property=\"og:url\" content=\"https:\/\/kapitalis.com\/tunisie\/2020\/02\/01\/letoile-du-sahel-prete-wajdi-kechrida-a-fc-nantes-pour-6-mois\/\" \/>\n<meta property=\"og:site_name\" content=\"Kapitalis\" \/>\n<meta property=\"article:publisher\" content=\"https:\/\/www.facebook.com\/KapitalisInfo\/\" \/>\n<meta property=\"article:published_time\" content=\"2020-02-01T07:27:02+00:00\" \/>\n<meta property=\"article:modified_time\" content=\"2020-02-01T07:27:05+00:00\" \/>\n<meta property=\"og:image\" content=\"http:\/\/kapitalis.com\/tunisie\/wp-content\/uploads\/2019\/12\/Wajdi-Kechrida.jpg\" \/>\n<meta name=\"author\" content=\"webmaster kapitalis\" \/>\n<meta name=\"twitter:card\" content=\"summary_large_image\" \/>\n<meta name=\"twitter:creator\" content=\"@KapitalisInfo\" \/>\n<meta name=\"twitter:site\" content=\"@KapitalisInfo\" \/>\n<meta name=\"twitter:label1\" content=\"\u00c9crit par\" \/>\n\t<meta name=\"twitter:data1\" content=\"webmaster kapitalis\" \/>\n\t<meta name=\"twitter:label2\" content=\"Dur\u00e9e de lecture estim\u00e9e\" \/>\n\t<meta name=\"twitter:data2\" content=\"1 minute\" \/>\n<script type=\"application\/ld+json\" class=\"yoast-schema-graph\">{\"@context\":\"https:\/\/schema.org\",\"@graph\":[{\"@type\":\"Article\",\"@id\":\"https:\/\/kapitalis.com\/tunisie\/2020\/02\/01\/letoile-du-sahel-prete-wajdi-kechrida-a-fc-nantes-pour-6-mois\/#article\",\"isPartOf\":{\"@id\":\"https:\/\/kapitalis.com\/tunisie\/2020\/02\/01\/letoile-du-sahel-prete-wajdi-kechrida-a-fc-nantes-pour-6-mois\/\"},\"author\":{\"name\":\"webmaster kapitalis\",\"@id\":\"https:\/\/kapitalis.com\/tunisie\/#\/schema\/person\/d71f33a9ca44f7bad4698210b480c8e9\"},\"headline\":\"L&rsquo;Etoile du Sahel pr\u00eate Wajdi Kechrida \u00e0 FC Nantes pour 6 mois\",\"datePublished\":\"2020-02-01T07:27:02+00:00\",\"dateModified\":\"2020-02-01T07:27:05+00:00\",\"mainEntityOfPage\":{\"@id\":\"https:\/\/kapitalis.com\/tunisie\/2020\/02\/01\/letoile-du-sahel-prete-wajdi-kechrida-a-fc-nantes-pour-6-mois\/\"},\"wordCount\":219,\"commentCount\":0,\"publisher\":{\"@id\":\"https:\/\/kapitalis.com\/tunisie\/#organization\"},\"image\":{\"@id\":\"https:\/\/kapitalis.com\/tunisie\/2020\/02\/01\/letoile-du-sahel-prete-wajdi-kechrida-a-fc-nantes-pour-6-mois\/#primaryimage\"},\"thumbnailUrl\":\"http:\/\/kapitalis.com\/tunisie\/wp-content\/uploads\/2019\/12\/Wajdi-Kechrida.jpg\",\"keywords\":[\"Etoile du Sahel\",\"FC Nantes\",\"Wajdi Kechrida\"],\"articleSection\":[\"SPORT\",\"Tunisie\"],\"inLanguage\":\"fr-FR\",\"potentialAction\":[{\"@type\":\"CommentAction\",\"name\":\"Comment\",\"target\":[\"https:\/\/kapitalis.com\/tunisie\/2020\/02\/01\/letoile-du-sahel-prete-wajdi-kechrida-a-fc-nantes-pour-6-mois\/#respond\"]}]},{\"@type\":\"WebPage\",\"@id\":\"https:\/\/kapitalis.com\/tunisie\/2020\/02\/01\/letoile-du-sahel-prete-wajdi-kechrida-a-fc-nantes-pour-6-mois\/\",\"url\":\"https:\/\/kapitalis.com\/tunisie\/2020\/02\/01\/letoile-du-sahel-prete-wajdi-kechrida-a-fc-nantes-pour-6-mois\/\",\"name\":\"L'Etoile du Sahel pr\u00eate Wajdi Kechrida \u00e0 FC Nantes pour 6 mois - Kapitalis\",\"isPartOf\":{\"@id\":\"https:\/\/kapitalis.com\/tunisie\/#website\"},\"primaryImageOfPage\":{\"@id\":\"https:\/\/kapitalis.com\/tunisie\/2020\/02\/01\/letoile-du-sahel-prete-wajdi-kechrida-a-fc-nantes-pour-6-mois\/#primaryimage\"},\"image\":{\"@id\":\"https:\/\/kapitalis.com\/tunisie\/2020\/02\/01\/letoile-du-sahel-prete-wajdi-kechrida-a-fc-nantes-pour-6-mois\/#primaryimage\"},\"thumbnailUrl\":\"http:\/\/kapitalis.com\/tunisie\/wp-content\/uploads\/2019\/12\/Wajdi-Kechrida.jpg\",\"datePublished\":\"2020-02-01T07:27:02+00:00\",\"dateModified\":\"2020-02-01T07:27:05+00:00\",\"breadcrumb\":{\"@id\":\"https:\/\/kapitalis.com\/tunisie\/2020\/02\/01\/letoile-du-sahel-prete-wajdi-kechrida-a-fc-nantes-pour-6-mois\/#breadcrumb\"},\"inLanguage\":\"fr-FR\",\"potentialAction\":[{\"@type\":\"ReadAction\",\"target\":[\"https:\/\/kapitalis.com\/tunisie\/2020\/02\/01\/letoile-du-sahel-prete-wajdi-kechrida-a-fc-nantes-pour-6-mois\/\"]}]},{\"@type\":\"ImageObject\",\"inLanguage\":\"fr-FR\",\"@id\":\"https:\/\/kapitalis.com\/tunisie\/2020\/02\/01\/letoile-du-sahel-prete-wajdi-kechrida-a-fc-nantes-pour-6-mois\/#primaryimage\",\"url\":\"\",\"contentUrl\":\"\"},{\"@type\":\"BreadcrumbList\",\"@id\":\"https:\/\/kapitalis.com\/tunisie\/2020\/02\/01\/letoile-du-sahel-prete-wajdi-kechrida-a-fc-nantes-pour-6-mois\/#breadcrumb\",\"itemListElement\":[{\"@type\":\"ListItem\",\"position\":1,\"name\":\"Accueil\",\"item\":\"https:\/\/kapitalis.com\/tunisie\/\"},{\"@type\":\"ListItem\",\"position\":2,\"name\":\"L&rsquo;Etoile du Sahel pr\u00eate Wajdi Kechrida \u00e0 FC Nantes pour 6 mois\"}]},{\"@type\":\"WebSite\",\"@id\":\"https:\/\/kapitalis.com\/tunisie\/#website\",\"url\":\"https:\/\/kapitalis.com\/tunisie\/\",\"name\":\"Kapitalis\",\"description\":\"L&#039;actualit\u00e9 en Tunisie et dans le monde\",\"publisher\":{\"@id\":\"https:\/\/kapitalis.com\/tunisie\/#organization\"},\"potentialAction\":[{\"@type\":\"SearchAction\",\"target\":{\"@type\":\"EntryPoint\",\"urlTemplate\":\"https:\/\/kapitalis.com\/tunisie\/?s={search_term_string}\"},\"query-input\":{\"@type\":\"PropertyValueSpecification\",\"valueRequired\":true,\"valueName\":\"search_term_string\"}}],\"inLanguage\":\"fr-FR\"},{\"@type\":\"Organization\",\"@id\":\"https:\/\/kapitalis.com\/tunisie\/#organization\",\"name\":\"Kapitalis\",\"url\":\"https:\/\/kapitalis.com\/tunisie\/\",\"logo\":{\"@type\":\"ImageObject\",\"inLanguage\":\"fr-FR\",\"@id\":\"https:\/\/kapitalis.com\/tunisie\/#\/schema\/logo\/image\/\",\"url\":\"https:\/\/kapitalis.com\/tunisie\/wp-content\/uploads\/2022\/05\/Kapitalis-big-size.png\",\"contentUrl\":\"https:\/\/kapitalis.com\/tunisie\/wp-content\/uploads\/2022\/05\/Kapitalis-big-size.png\",\"width\":5000,\"height\":1500,\"caption\":\"Kapitalis\"},\"image\":{\"@id\":\"https:\/\/kapitalis.com\/tunisie\/#\/schema\/logo\/image\/\"},\"sameAs\":[\"https:\/\/www.facebook.com\/KapitalisInfo\/\",\"https:\/\/x.com\/KapitalisInfo\",\"https:\/\/www.youtube.com\/channel\/UC-yDYrHyfFBWWZaOw3FPg9Q\"]},{\"@type\":\"Person\",\"@id\":\"https:\/\/kapitalis.com\/tunisie\/#\/schema\/person\/d71f33a9ca44f7bad4698210b480c8e9\",\"name\":\"webmaster kapitalis\",\"url\":\"https:\/\/kapitalis.com\/tunisie\/author\/webmaster-kapitalis\/\"}]}<\/script>\n<!-- \/ Yoast SEO plugin. -->","yoast_head_json":{"title":"L'Etoile du Sahel pr\u00eate Wajdi Kechrida \u00e0 FC Nantes pour 6 mois - Kapitalis","robots":{"index":"index","follow":"follow","max-snippet":"max-snippet:-1","max-image-preview":"max-image-preview:large","max-video-preview":"max-video-preview:-1"},"canonical":"https:\/\/kapitalis.com\/tunisie\/2020\/02\/01\/letoile-du-sahel-prete-wajdi-kechrida-a-fc-nantes-pour-6-mois\/","og_locale":"fr_FR","og_type":"article","og_title":"L'Etoile du Sahel pr\u00eate Wajdi Kechrida \u00e0 FC Nantes pour 6 mois - Kapitalis","og_description":"Wajdi Kechrida se rapproche du FC Nantes. Le lat\u00e9ral droit de l\u2019Etoile sportive du Sahel (ESS) pourrait \u00eatre la derni\u00e8re recrue hivernale du FC Nantes. Le d\u00e9fenseur va d\u00e9barquer dans la Cit\u00e9 des Ducs, jeudi prochain 6 f\u00e9vrier 2020, pour passer sa visite m\u00e9dicale et signer son contrat.","og_url":"https:\/\/kapitalis.com\/tunisie\/2020\/02\/01\/letoile-du-sahel-prete-wajdi-kechrida-a-fc-nantes-pour-6-mois\/","og_site_name":"Kapitalis","article_publisher":"https:\/\/www.facebook.com\/KapitalisInfo\/","article_published_time":"2020-02-01T07:27:02+00:00","article_modified_time":"2020-02-01T07:27:05+00:00","og_image":[{"url":"http:\/\/kapitalis.com\/tunisie\/wp-content\/uploads\/2019\/12\/Wajdi-Kechrida.jpg","type":"","width":"","height":""}],"author":"webmaster kapitalis","twitter_card":"summary_large_image","twitter_creator":"@KapitalisInfo","twitter_site":"@KapitalisInfo","twitter_misc":{"\u00c9crit par":"webmaster kapitalis","Dur\u00e9e de lecture estim\u00e9e":"1 minute"},"schema":{"@context":"https:\/\/schema.org","@graph":[{"@type":"Article","@id":"https:\/\/kapitalis.com\/tunisie\/2020\/02\/01\/letoile-du-sahel-prete-wajdi-kechrida-a-fc-nantes-pour-6-mois\/#article","isPartOf":{"@id":"https:\/\/kapitalis.com\/tunisie\/2020\/02\/01\/letoile-du-sahel-prete-wajdi-kechrida-a-fc-nantes-pour-6-mois\/"},"author":{"name":"webmaster kapitalis","@id":"https:\/\/kapitalis.com\/tunisie\/#\/schema\/person\/d71f33a9ca44f7bad4698210b480c8e9"},"headline":"L&rsquo;Etoile du Sahel pr\u00eate Wajdi Kechrida \u00e0 FC Nantes pour 6 mois","datePublished":"2020-02-01T07:27:02+00:00","dateModified":"2020-02-01T07:27:05+00:00","mainEntityOfPage":{"@id":"https:\/\/kapitalis.com\/tunisie\/2020\/02\/01\/letoile-du-sahel-prete-wajdi-kechrida-a-fc-nantes-pour-6-mois\/"},"wordCount":219,"commentCount":0,"publisher":{"@id":"https:\/\/kapitalis.com\/tunisie\/#organization"},"image":{"@id":"https:\/\/kapitalis.com\/tunisie\/2020\/02\/01\/letoile-du-sahel-prete-wajdi-kechrida-a-fc-nantes-pour-6-mois\/#primaryimage"},"thumbnailUrl":"http:\/\/kapitalis.com\/tunisie\/wp-content\/uploads\/2019\/12\/Wajdi-Kechrida.jpg","keywords":["Etoile du Sahel","FC Nantes","Wajdi Kechrida"],"articleSection":["SPORT","Tunisie"],"inLanguage":"fr-FR","potentialAction":[{"@type":"CommentAction","name":"Comment","target":["https:\/\/kapitalis.com\/tunisie\/2020\/02\/01\/letoile-du-sahel-prete-wajdi-kechrida-a-fc-nantes-pour-6-mois\/#respond"]}]},{"@type":"WebPage","@id":"https:\/\/kapitalis.com\/tunisie\/2020\/02\/01\/letoile-du-sahel-prete-wajdi-kechrida-a-fc-nantes-pour-6-mois\/","url":"https:\/\/kapitalis.com\/tunisie\/2020\/02\/01\/letoile-du-sahel-prete-wajdi-kechrida-a-fc-nantes-pour-6-mois\/","name":"L'Etoile du Sahel pr\u00eate Wajdi Kechrida \u00e0 FC Nantes pour 6 mois - Kapitalis","isPartOf":{"@id":"https:\/\/kapitalis.com\/tunisie\/#website"},"primaryImageOfPage":{"@id":"https:\/\/kapitalis.com\/tunisie\/2020\/02\/01\/letoile-du-sahel-prete-wajdi-kechrida-a-fc-nantes-pour-6-mois\/#primaryimage"},"image":{"@id":"https:\/\/kapitalis.com\/tunisie\/2020\/02\/01\/letoile-du-sahel-prete-wajdi-kechrida-a-fc-nantes-pour-6-mois\/#primaryimage"},"thumbnailUrl":"http:\/\/kapitalis.com\/tunisie\/wp-content\/uploads\/2019\/12\/Wajdi-Kechrida.jpg","datePublished":"2020-02-01T07:27:02+00:00","dateModified":"2020-02-01T07:27:05+00:00","breadcrumb":{"@id":"https:\/\/kapitalis.com\/tunisie\/2020\/02\/01\/letoile-du-sahel-prete-wajdi-kechrida-a-fc-nantes-pour-6-mois\/#breadcrumb"},"inLanguage":"fr-FR","potentialAction":[{"@type":"ReadAction","target":["https:\/\/kapitalis.com\/tunisie\/2020\/02\/01\/letoile-du-sahel-prete-wajdi-kechrida-a-fc-nantes-pour-6-mois\/"]}]},{"@type":"ImageObject","inLanguage":"fr-FR","@id":"https:\/\/kapitalis.com\/tunisie\/2020\/02\/01\/letoile-du-sahel-prete-wajdi-kechrida-a-fc-nantes-pour-6-mois\/#primaryimage","url":"","contentUrl":""},{"@type":"BreadcrumbList","@id":"https:\/\/kapitalis.com\/tunisie\/2020\/02\/01\/letoile-du-sahel-prete-wajdi-kechrida-a-fc-nantes-pour-6-mois\/#breadcrumb","itemListElement":[{"@type":"ListItem","position":1,"name":"Accueil","item":"https:\/\/kapitalis.com\/tunisie\/"},{"@type":"ListItem","position":2,"name":"L&rsquo;Etoile du Sahel pr\u00eate Wajdi Kechrida \u00e0 FC Nantes pour 6 mois"}]},{"@type":"WebSite","@id":"https:\/\/kapitalis.com\/tunisie\/#website","url":"https:\/\/kapitalis.com\/tunisie\/","name":"Kapitalis","description":"L&#039;actualit\u00e9 en Tunisie et dans le monde","publisher":{"@id":"https:\/\/kapitalis.com\/tunisie\/#organization"},"potentialAction":[{"@type":"SearchAction","target":{"@type":"EntryPoint","urlTemplate":"https:\/\/kapitalis.com\/tunisie\/?s={search_term_string}"},"query-input":{"@type":"PropertyValueSpecification","valueRequired":true,"valueName":"search_term_string"}}],"inLanguage":"fr-FR"},{"@type":"Organization","@id":"https:\/\/kapitalis.com\/tunisie\/#organization","name":"Kapitalis","url":"https:\/\/kapitalis.com\/tunisie\/","logo":{"@type":"ImageObject","inLanguage":"fr-FR","@id":"https:\/\/kapitalis.com\/tunisie\/#\/schema\/logo\/image\/","url":"https:\/\/kapitalis.com\/tunisie\/wp-content\/uploads\/2022\/05\/Kapitalis-big-size.png","contentUrl":"https:\/\/kapitalis.com\/tunisie\/wp-content\/uploads\/2022\/05\/Kapitalis-big-size.png","width":5000,"height":1500,"caption":"Kapitalis"},"image":{"@id":"https:\/\/kapitalis.com\/tunisie\/#\/schema\/logo\/image\/"},"sameAs":["https:\/\/www.facebook.com\/KapitalisInfo\/","https:\/\/x.com\/KapitalisInfo","https:\/\/www.youtube.com\/channel\/UC-yDYrHyfFBWWZaOw3FPg9Q"]},{"@type":"Person","@id":"https:\/\/kapitalis.com\/tunisie\/#\/schema\/person\/d71f33a9ca44f7bad4698210b480c8e9","name":"webmaster kapitalis","url":"https:\/\/kapitalis.com\/tunisie\/author\/webmaster-kapitalis\/"}]}},"_links":{"self":[{"href":"https:\/\/kapitalis.com\/tunisie\/wp-json\/wp\/v2\/posts\/277835","targetHints":{"allow":["GET"]}}],"collection":[{"href":"https:\/\/kapitalis.com\/tunisie\/wp-json\/wp\/v2\/posts"}],"about":[{"href":"https:\/\/kapitalis.com\/tunisie\/wp-json\/wp\/v2\/types\/post"}],"author":[{"embeddable":true,"href":"https:\/\/kapitalis.com\/tunisie\/wp-json\/wp\/v2\/users\/8"}],"replies":[{"embeddable":true,"href":"https:\/\/kapitalis.com\/tunisie\/wp-json\/wp\/v2\/comments?post=277835"}],"version-history":[{"count":0,"href":"https:\/\/kapitalis.com\/tunisie\/wp-json\/wp\/v2\/posts\/277835\/revisions"}],"wp:attachment":[{"href":"https:\/\/kapitalis.com\/tunisie\/wp-json\/wp\/v2\/media?parent=277835"}],"wp:term":[{"taxonomy":"category","embeddable":true,"href":"https:\/\/kapitalis.com\/tunisie\/wp-json\/wp\/v2\/categories?post=277835"},{"taxonomy":"post_tag","embeddable":true,"href":"https:\/\/kapitalis.com\/tunisie\/wp-json\/wp\/v2\/tags?post=277835"}],"curies":[{"name":"wp","href":"https:\/\/api.w.org\/{rel}","templated":true}]}}